{"id":76097,"date":"2022-05-16T12:00:00","date_gmt":"2022-05-16T10:00:00","guid":{"rendered":"https:\/\/temporada-alta.com\/?p=76097"},"modified":"2022-05-12T16:58:18","modified_gmt":"2022-05-12T14:58:18","slug":"__trashed","status":"publish","type":"post","link":"https:\/\/temporada-alta.com\/es\/__trashed\/","title":{"rendered":"Abrimos las inscripciones para formar parte del equipo de voluntarios"},"content":{"rendered":"<div id=\"modal-ready\">\n<figure class=\"wp-block-image size-full\"><img loading=\"lazy\" decoding=\"async\" width=\"1000\" height=\"500\" src=\"https:\/\/temporada-alta.com\/wp-content\/uploads\/voluntaris-2022.png\" alt=\"\" class=\"wp-image-76094\" srcset=\"https:\/\/temporada-alta.com\/wp-content\/uploads\/voluntaris-2022.png 1000w, https:\/\/temporada-alta.com\/wp-content\/uploads\/voluntaris-2022-630x315.png 630w, https:\/\/temporada-alta.com\/wp-content\/uploads\/voluntaris-2022-768x384.png 768w\" sizes=\"auto, (max-width: 1000px) 100vw, 1000px\" \/><\/figure>\n\n<ul class=\"wp-block-list\"><li><p><strong>Fins al 30 de maig, si ets major de 18 anys, et pots inscriure <a href=\"https:\/\/www.temporada-alta.com\/fes-te-voluntari\/\" target=\"_blank\" rel=\"noreferrer noopener\" data-mce-href=\"https:\/\/www.temporada-alta.com\/fes-te-voluntari\/\">aqu\u00ed<\/a><\/strong><br\/><\/p><\/li><li><p><strong>Els voluntaris de Temporada Alta col\u00b7laboren en diversos \u00e0mbits del festival: producci\u00f3, comunicaci\u00f3 i mecenatge, descobrint aix\u00ed com \u00e9s Temporada Alta des de dins<\/strong><br\/><\/p><\/li><li><p><strong>Tots els voluntaris reben formaci\u00f3 i l&#8217;acompanyament dels professionals de Temporada Alta abans i\u00a0 durant tot el festival<\/strong><\/p><\/li><\/ul>\n\n<p><\/p>\n\n<p><p>Avui s&#8217;han <strong>obert les inscripcions per formar part de l&#8217;equip de voluntaris de Temporada Alta 2022<\/strong>. Des de fa anys, el festival incorpora un equip de persones que col\u00b7laboren amb el dia a dia dels departaments de <strong>comunicaci\u00f3, producci\u00f3 i mecenatge<\/strong>, oferint, a canvi, formaci\u00f3 i acompanyament durant tot el proc\u00e9s, perqu\u00e8 els voluntaris descobreixin com \u00e9s un festival per dins.<br\/><br\/>Pots inscriure&#8217;t a la crida\u00a0<strong>si ets major de 18 anys<\/strong> i tens ganes de viure les arts esc\u00e8niques des d&#8217;un punt de vista diferent al del p\u00fablic convencional. Et pots <strong>apuntar, a partir d&#8217;avui i fins al 30 de maig, <\/strong>a <a href=\"https:\/\/www.temporada-alta.com\/fes-te-voluntari\/\" target=\"_blank\" rel=\"noreferrer noopener\" data-mce-href=\"https:\/\/www.temporada-alta.com\/fes-te-voluntari\/\">la secci\u00f3 de voluntaris del web<\/a>. Un cop realitzada la inscripci\u00f3, es far\u00e0 una\u00a0<strong>reuni\u00f3 informativa\u00a0<\/strong>on es resoldran dubtes i s&#8217;explicar\u00e0 en qu\u00e8 consistir\u00e0 el programa de voluntaris de TA22.\u00a0<br\/><br\/>Els voluntaris del festival col\u00b7laboren donant suport, entre d&#8217;altres, en l&#8217;<strong>acompanyament de les companyies, ajuden en la preparaci\u00f3 de les activitats complement\u00e0ries o b\u00e9 donen un cop de m\u00e0 en l&#8217;atenci\u00f3 al p\u00fablic als espais<\/strong>. L&#8217;objectiu es donar-los l&#8217;oportunitat de con\u00e8ixer des de dins diversos departaments del festival, descobrint com treballen els departaments de comunicaci\u00f3, producci\u00f3 i mecenatge. Sempre, acompanyats per professionals de Temporada Alta i amb l&#8217;objectiu de formar-se, gaudir i con\u00e8ixer com \u00e9s un festival per dins.<\/p><\/p>\n<\/div>","protected":false},"excerpt":{"rendered":"<p>Fins al 30 de maig, si ets major de 18 anys, et pots inscriure aqu\u00ed Els voluntaris de Temporada Alta col\u00b7laboren en diversos \u00e0mbits del festival: producci\u00f3, comunicaci\u00f3 i mecenatge, descobrint aix\u00ed com \u00e9s Temporada Alta des de dins Tots els voluntaris reben formaci\u00f3 i&#8230;<\/p>\n","protected":false},"author":9998,"featured_media":0,"comment_status":"closed","ping_status":"closed","sticky":false,"template":"","format":"standard","meta":{"_acf_changed":false,"footnotes":""},"categories":[19],"tags":[],"class_list":["post-76097","post","type-post","status-publish","format-standard","hentry","category-sin-categorizar"],"acf":[],"yoast_head":"<!-- This site is optimized with the Yoast SEO plugin v27.0 - https:\/\/yoast.com\/product\/yoast-seo-wordpress\/ -->\n<title>Abrimos las inscripciones para formar parte del equipo de voluntarios - Temporada Alta<\/title>\n<meta name=\"robots\" content=\"index, follow, max-snippet:-1, max-image-preview:large, max-video-preview:-1\" \/>\n<link rel=\"canonical\" href=\"https:\/\/temporada-alta.com\/es\/__trashed\/\" \/>\n<meta property=\"og:locale\" content=\"es_ES\" \/>\n<meta property=\"og:type\" content=\"article\" \/>\n<meta property=\"og:title\" content=\"Abrimos las inscripciones para formar parte del equipo de voluntarios - Temporada Alta\" \/>\n<meta property=\"og:description\" content=\"Fins al 30 de maig, si ets major de 18 anys, et pots inscriure aqu\u00ed Els voluntaris de Temporada Alta col\u00b7laboren en diversos \u00e0mbits del festival: producci\u00f3, comunicaci\u00f3 i mecenatge, descobrint aix\u00ed com \u00e9s Temporada Alta des de dins Tots els voluntaris reben formaci\u00f3 i...\" \/>\n<meta property=\"og:url\" content=\"https:\/\/temporada-alta.com\/es\/__trashed\/\" \/>\n<meta property=\"og:site_name\" content=\"Temporada Alta\" \/>\n<meta property=\"article:published_time\" content=\"2022-05-16T10:00:00+00:00\" \/>\n<meta property=\"og:image\" content=\"https:\/\/temporada-alta.com\/wp-content\/uploads\/voluntaris-2022.png\" \/>\n<meta name=\"author\" content=\"IVAN FERNANDEZ\" \/>\n<meta name=\"twitter:card\" content=\"summary_large_image\" \/>\n<script type=\"application\/ld+json\" class=\"yoast-schema-graph\">{\"@context\":\"https:\/\/schema.org\",\"@graph\":[{\"@type\":\"Article\",\"@id\":\"https:\/\/temporada-alta.com\/es\/__trashed\/#article\",\"isPartOf\":{\"@id\":\"https:\/\/temporada-alta.com\/es\/__trashed\/\"},\"author\":{\"name\":\"IVAN FERNANDEZ\",\"@id\":\"https:\/\/temporada-alta.com\/es\/#\/schema\/person\/5b43dc50ad7e40b0079af996113b9204\"},\"headline\":\"Abrimos las inscripciones para formar parte del equipo de voluntarios\",\"datePublished\":\"2022-05-16T10:00:00+00:00\",\"mainEntityOfPage\":{\"@id\":\"https:\/\/temporada-alta.com\/es\/__trashed\/\"},\"wordCount\":298,\"publisher\":{\"@id\":\"https:\/\/temporada-alta.com\/es\/#organization\"},\"image\":{\"@id\":\"https:\/\/temporada-alta.com\/es\/__trashed\/#primaryimage\"},\"thumbnailUrl\":\"https:\/\/temporada-alta.com\/wp-content\/uploads\/voluntaris-2022.png\",\"articleSection\":[\"Sin categorizar\"],\"inLanguage\":\"es\"},{\"@type\":\"WebPage\",\"@id\":\"https:\/\/temporada-alta.com\/es\/__trashed\/\",\"url\":\"https:\/\/temporada-alta.com\/es\/__trashed\/\",\"name\":\"Abrimos las inscripciones para formar parte del equipo de voluntarios - Temporada Alta\",\"isPartOf\":{\"@id\":\"https:\/\/temporada-alta.com\/es\/#website\"},\"primaryImageOfPage\":{\"@id\":\"https:\/\/temporada-alta.com\/es\/__trashed\/#primaryimage\"},\"image\":{\"@id\":\"https:\/\/temporada-alta.com\/es\/__trashed\/#primaryimage\"},\"thumbnailUrl\":\"https:\/\/temporada-alta.com\/wp-content\/uploads\/voluntaris-2022.png\",\"datePublished\":\"2022-05-16T10:00:00+00:00\",\"breadcrumb\":{\"@id\":\"https:\/\/temporada-alta.com\/es\/__trashed\/#breadcrumb\"},\"inLanguage\":\"es\",\"potentialAction\":[{\"@type\":\"ReadAction\",\"target\":[\"https:\/\/temporada-alta.com\/es\/__trashed\/\"]}]},{\"@type\":\"ImageObject\",\"inLanguage\":\"es\",\"@id\":\"https:\/\/temporada-alta.com\/es\/__trashed\/#primaryimage\",\"url\":\"https:\/\/temporada-alta.com\/wp-content\/uploads\/voluntaris-2022.png\",\"contentUrl\":\"https:\/\/temporada-alta.com\/wp-content\/uploads\/voluntaris-2022.png\"},{\"@type\":\"BreadcrumbList\",\"@id\":\"https:\/\/temporada-alta.com\/es\/__trashed\/#breadcrumb\",\"itemListElement\":[{\"@type\":\"ListItem\",\"position\":1,\"name\":\"Inici\",\"item\":\"https:\/\/temporada-alta.com\/es\/\"},{\"@type\":\"ListItem\",\"position\":2,\"name\":\"Abrimos las inscripciones para formar parte del equipo de voluntarios\"}]},{\"@type\":\"WebSite\",\"@id\":\"https:\/\/temporada-alta.com\/es\/#website\",\"url\":\"https:\/\/temporada-alta.com\/es\/\",\"name\":\"Temporada Alta\",\"description\":\"Festival d&#039;Arts Esc\u00e8niques\",\"publisher\":{\"@id\":\"https:\/\/temporada-alta.com\/es\/#organization\"},\"potentialAction\":[{\"@type\":\"SearchAction\",\"target\":{\"@type\":\"EntryPoint\",\"urlTemplate\":\"https:\/\/temporada-alta.com\/es\/?s={search_term_string}\"},\"query-input\":{\"@type\":\"PropertyValueSpecification\",\"valueRequired\":true,\"valueName\":\"search_term_string\"}}],\"inLanguage\":\"es\"},{\"@type\":\"Organization\",\"@id\":\"https:\/\/temporada-alta.com\/es\/#organization\",\"name\":\"Temporada Alta\",\"url\":\"https:\/\/temporada-alta.com\/es\/\",\"logo\":{\"@type\":\"ImageObject\",\"inLanguage\":\"es\",\"@id\":\"https:\/\/temporada-alta.com\/es\/#\/schema\/logo\/image\/\",\"url\":\"https:\/\/temporada-alta.com\/wp-content\/uploads\/TA21-Logotip-pos.png\",\"contentUrl\":\"https:\/\/temporada-alta.com\/wp-content\/uploads\/TA21-Logotip-pos.png\",\"width\":800,\"height\":267,\"caption\":\"Temporada Alta\"},\"image\":{\"@id\":\"https:\/\/temporada-alta.com\/es\/#\/schema\/logo\/image\/\"}},{\"@type\":\"Person\",\"@id\":\"https:\/\/temporada-alta.com\/es\/#\/schema\/person\/5b43dc50ad7e40b0079af996113b9204\",\"name\":\"IVAN FERNANDEZ\",\"image\":{\"@type\":\"ImageObject\",\"inLanguage\":\"es\",\"@id\":\"https:\/\/temporada-alta.com\/es\/#\/schema\/person\/image\/\",\"url\":\"https:\/\/secure.gravatar.com\/avatar\/d8f981537d4903796ae86cb3acecab09598c1bcc86de07d222f99ab5b2787ee7?s=96&d=mm&r=g\",\"contentUrl\":\"https:\/\/secure.gravatar.com\/avatar\/d8f981537d4903796ae86cb3acecab09598c1bcc86de07d222f99ab5b2787ee7?s=96&d=mm&r=g\",\"caption\":\"IVAN FERNANDEZ\"}}]}<\/script>\n<!-- \/ Yoast SEO plugin. -->","yoast_head_json":{"title":"Abrimos las inscripciones para formar parte del equipo de voluntarios - Temporada Alta","robots":{"index":"index","follow":"follow","max-snippet":"max-snippet:-1","max-image-preview":"max-image-preview:large","max-video-preview":"max-video-preview:-1"},"canonical":"https:\/\/temporada-alta.com\/es\/__trashed\/","og_locale":"es_ES","og_type":"article","og_title":"Abrimos las inscripciones para formar parte del equipo de voluntarios - Temporada Alta","og_description":"Fins al 30 de maig, si ets major de 18 anys, et pots inscriure aqu\u00ed Els voluntaris de Temporada Alta col\u00b7laboren en diversos \u00e0mbits del festival: producci\u00f3, comunicaci\u00f3 i mecenatge, descobrint aix\u00ed com \u00e9s Temporada Alta des de dins Tots els voluntaris reben formaci\u00f3 i...","og_url":"https:\/\/temporada-alta.com\/es\/__trashed\/","og_site_name":"Temporada Alta","article_published_time":"2022-05-16T10:00:00+00:00","og_image":[{"url":"https:\/\/temporada-alta.com\/wp-content\/uploads\/voluntaris-2022.png","type":"","width":"","height":""}],"author":"IVAN FERNANDEZ","twitter_card":"summary_large_image","schema":{"@context":"https:\/\/schema.org","@graph":[{"@type":"Article","@id":"https:\/\/temporada-alta.com\/es\/__trashed\/#article","isPartOf":{"@id":"https:\/\/temporada-alta.com\/es\/__trashed\/"},"author":{"name":"IVAN FERNANDEZ","@id":"https:\/\/temporada-alta.com\/es\/#\/schema\/person\/5b43dc50ad7e40b0079af996113b9204"},"headline":"Abrimos las inscripciones para formar parte del equipo de voluntarios","datePublished":"2022-05-16T10:00:00+00:00","mainEntityOfPage":{"@id":"https:\/\/temporada-alta.com\/es\/__trashed\/"},"wordCount":298,"publisher":{"@id":"https:\/\/temporada-alta.com\/es\/#organization"},"image":{"@id":"https:\/\/temporada-alta.com\/es\/__trashed\/#primaryimage"},"thumbnailUrl":"https:\/\/temporada-alta.com\/wp-content\/uploads\/voluntaris-2022.png","articleSection":["Sin categorizar"],"inLanguage":"es"},{"@type":"WebPage","@id":"https:\/\/temporada-alta.com\/es\/__trashed\/","url":"https:\/\/temporada-alta.com\/es\/__trashed\/","name":"Abrimos las inscripciones para formar parte del equipo de voluntarios - Temporada Alta","isPartOf":{"@id":"https:\/\/temporada-alta.com\/es\/#website"},"primaryImageOfPage":{"@id":"https:\/\/temporada-alta.com\/es\/__trashed\/#primaryimage"},"image":{"@id":"https:\/\/temporada-alta.com\/es\/__trashed\/#primaryimage"},"thumbnailUrl":"https:\/\/temporada-alta.com\/wp-content\/uploads\/voluntaris-2022.png","datePublished":"2022-05-16T10:00:00+00:00","breadcrumb":{"@id":"https:\/\/temporada-alta.com\/es\/__trashed\/#breadcrumb"},"inLanguage":"es","potentialAction":[{"@type":"ReadAction","target":["https:\/\/temporada-alta.com\/es\/__trashed\/"]}]},{"@type":"ImageObject","inLanguage":"es","@id":"https:\/\/temporada-alta.com\/es\/__trashed\/#primaryimage","url":"https:\/\/temporada-alta.com\/wp-content\/uploads\/voluntaris-2022.png","contentUrl":"https:\/\/temporada-alta.com\/wp-content\/uploads\/voluntaris-2022.png"},{"@type":"BreadcrumbList","@id":"https:\/\/temporada-alta.com\/es\/__trashed\/#breadcrumb","itemListElement":[{"@type":"ListItem","position":1,"name":"Inici","item":"https:\/\/temporada-alta.com\/es\/"},{"@type":"ListItem","position":2,"name":"Abrimos las inscripciones para formar parte del equipo de voluntarios"}]},{"@type":"WebSite","@id":"https:\/\/temporada-alta.com\/es\/#website","url":"https:\/\/temporada-alta.com\/es\/","name":"Temporada Alta","description":"Festival d&#039;Arts Esc\u00e8niques","publisher":{"@id":"https:\/\/temporada-alta.com\/es\/#organization"},"potentialAction":[{"@type":"SearchAction","target":{"@type":"EntryPoint","urlTemplate":"https:\/\/temporada-alta.com\/es\/?s={search_term_string}"},"query-input":{"@type":"PropertyValueSpecification","valueRequired":true,"valueName":"search_term_string"}}],"inLanguage":"es"},{"@type":"Organization","@id":"https:\/\/temporada-alta.com\/es\/#organization","name":"Temporada Alta","url":"https:\/\/temporada-alta.com\/es\/","logo":{"@type":"ImageObject","inLanguage":"es","@id":"https:\/\/temporada-alta.com\/es\/#\/schema\/logo\/image\/","url":"https:\/\/temporada-alta.com\/wp-content\/uploads\/TA21-Logotip-pos.png","contentUrl":"https:\/\/temporada-alta.com\/wp-content\/uploads\/TA21-Logotip-pos.png","width":800,"height":267,"caption":"Temporada Alta"},"image":{"@id":"https:\/\/temporada-alta.com\/es\/#\/schema\/logo\/image\/"}},{"@type":"Person","@id":"https:\/\/temporada-alta.com\/es\/#\/schema\/person\/5b43dc50ad7e40b0079af996113b9204","name":"IVAN FERNANDEZ","image":{"@type":"ImageObject","inLanguage":"es","@id":"https:\/\/temporada-alta.com\/es\/#\/schema\/person\/image\/","url":"https:\/\/secure.gravatar.com\/avatar\/d8f981537d4903796ae86cb3acecab09598c1bcc86de07d222f99ab5b2787ee7?s=96&d=mm&r=g","contentUrl":"https:\/\/secure.gravatar.com\/avatar\/d8f981537d4903796ae86cb3acecab09598c1bcc86de07d222f99ab5b2787ee7?s=96&d=mm&r=g","caption":"IVAN FERNANDEZ"}}]}},"_links":{"self":[{"href":"https:\/\/temporada-alta.com\/es\/wp-json\/wp\/v2\/posts\/76097","targetHints":{"allow":["GET"]}}],"collection":[{"href":"https:\/\/temporada-alta.com\/es\/wp-json\/wp\/v2\/posts"}],"about":[{"href":"https:\/\/temporada-alta.com\/es\/wp-json\/wp\/v2\/types\/post"}],"author":[{"embeddable":true,"href":"https:\/\/temporada-alta.com\/es\/wp-json\/wp\/v2\/users\/9998"}],"replies":[{"embeddable":true,"href":"https:\/\/temporada-alta.com\/es\/wp-json\/wp\/v2\/comments?post=76097"}],"version-history":[{"count":4,"href":"https:\/\/temporada-alta.com\/es\/wp-json\/wp\/v2\/posts\/76097\/revisions"}],"predecessor-version":[{"id":76106,"href":"https:\/\/temporada-alta.com\/es\/wp-json\/wp\/v2\/posts\/76097\/revisions\/76106"}],"wp:attachment":[{"href":"https:\/\/temporada-alta.com\/es\/wp-json\/wp\/v2\/media?parent=76097"}],"wp:term":[{"taxonomy":"category","embeddable":true,"href":"https:\/\/temporada-alta.com\/es\/wp-json\/wp\/v2\/categories?post=76097"},{"taxonomy":"post_tag","embeddable":true,"href":"https:\/\/temporada-alta.com\/es\/wp-json\/wp\/v2\/tags?post=76097"}],"curies":[{"name":"wp","href":"https:\/\/api.w.org\/{rel}","templated":true}]}}