{"id":99208,"date":"2025-02-05T13:24:19","date_gmt":"2025-02-05T12:24:19","guid":{"rendered":"https:\/\/temporada-alta.com\/noticia\/candidaturas-abiertas-para-la-primera-formacion-de-pyrenart-ii\/"},"modified":"2025-02-10T15:19:16","modified_gmt":"2025-02-10T14:19:16","slug":"candidaturas-abiertas-para-la-primera-formacion-de-pyrenart-ii","status":"publish","type":"noticia","link":"https:\/\/temporada-alta.com\/es\/noticia\/candidaturas-abiertas-para-la-primera-formacion-de-pyrenart-ii\/","title":{"rendered":"Candidaturas abiertas para la primera formaci\u00f3n de Pyrenart II"},"content":{"rendered":"<div id=\"modal-ready\">\n<p>Desde ayer, 4 de febrero, y hasta el pr\u00f3ximo d\u00eda 23, quedan abiertas las candidaturas para el primer itinerario de formaciones del proyecto <strong><a href=\"https:\/\/temporada-alta.com\/es\/pyrenart-2\/\">Pyrenart II<\/a><\/strong>. Concretamente, se trata de un itinerario que tiene como objetivo <strong>comprender y dominar los desaf\u00edos t\u00e9cnicos del desarrollo transfronterizo<\/strong>. M\u00e1s adelante, le seguir\u00e1n tres itinerarios m\u00e1s para iniciarse en el desarrollo econ\u00f3mico (2), consolidar los conocimientos y las pr\u00e1cticas del desarrollo territorial (3) y desarrollar nuevas pr\u00e1cticas digitales y nuevas formas de circulaci\u00f3n de obras art\u00edsticas (4).<\/p>\n\n<p>Este curso de formaci\u00f3n est\u00e1 dirigido a los profesionales del sector cultural (artistas, programadores\/as, productores\/as, mediadores\/as, portadores de proyectos transfronterizos) residentes en la zona de elegibilidad del POCTEFA 2021-2027. No se requieren requisitos espec\u00edficos en t\u00e9rminos de formaci\u00f3n acad\u00e9mica o experiencia profesional, pero los candidatos tienen que estar preparados para participar en un proceso de asociaci\u00f3n y estar disponibles para todas las fechas de formaci\u00f3n (7 y 8 de abril, 28 de mayo y 6 de junio, 26 y 27 de junio de 2025). Se ofrecer\u00e1n oportunidades de financiaci\u00f3n para apoyar a los participantes en su trayectoria de formaci\u00f3n.<\/p>\n\n<p><a href=\"https:\/\/www.pyrenart.eu\/\"><strong>Pyrenart II<\/strong><\/a> es la segunda edici\u00f3n del proyecto de cooperaci\u00f3n territorial <strong>\u00a0<a href=\"https:\/\/www.poctefa.eu\/\">Interreg \/ POCTEFA<\/a><\/strong> de la Uni\u00f3n Europea, una iniciativa de la que Temporada Alta forma parte desde su primera edici\u00f3n, y que trabaja para tejer alianzas y reforzar el potencial econ\u00f3mico del sector de las artes esc\u00e9nicas a ambos lados del Pirineo. El proyecto tiene dos l\u00edneas de trabajo b\u00e1sicas: la formaci\u00f3n de agentes culturales y la creaci\u00f3n de estructuras para la creaci\u00f3n, exhibici\u00f3n y difusi\u00f3n de proyectos art\u00edsticos. Los objetivos principales son impulsar las coproducciones internacionales, formar agentes culturales y consolidar un circuito para la difusi\u00f3n de espect\u00e1culos.<\/p>\n\n<p>Haz clic en este enlace para acceder al <strong><a href=\"https:\/\/docs.google.com\/forms\/d\/e\/1FAIpQLSdeh9GoHrUWP4t9_EEvHvPoAatCMWG5wL-fJppaGH3H1Vj9zg\/viewform\">formulario de inscripci\u00f3n<\/a><\/strong>.<\/p>\n\n<h3 class=\"wp-block-heading\"><strong>Incubadora transfronteriza para promotores\/as de proyectos culturales<\/strong><\/h3>\n\n<p>Dentro de las actividades de Pyrenart II, tambi\u00e9n se ha creado una <strong>incubadora<\/strong> para reforzar proyectos culturales transfronterizos que tienen un aspecto innovador, reforzando su estructura comercial y estrat\u00e9gica. Este enfoque tiene como objetivo apoyar a proyectos o empresas que permiten al sector cultural abordar las mutaciones en curso y las nuevas utilizaciones en particular por la tecnolog\u00eda digital, al mismo tiempo que se inventa un nuevo modelo econ\u00f3mico. Los proyectos presentados podr\u00e1n, por ejemplo, tener como objetivo estimular la utilizaci\u00f3n de los recursos digitales para concentrar los accesos en la cultura o fomentar nuevas asociaciones entre operadores culturales, mundo de la investigaci\u00f3n, empresas, colectividades territoriales\u2026<\/p>\n\n<p>Esta incubadora est\u00e1 dirigida a equipos que deseen explorar sectores de actividades innovadoras relacionadas con el \u00e1mbito cultural o equipos que deseen asociar diferentes sectores y disciplinas culturales. Funcionar\u00e1 del 1 de marzo de 2025 al 30 de junio de 2026. La convocatoria de candidaturas est\u00e1 abierta del 7 al 23 de febrero de 2025.<\/p>\n<\/div>","protected":false},"excerpt":{"rendered":"<p>Desde ayer, 4 de febrero, y hasta el pr\u00f3ximo d\u00eda 23, quedan abiertas las candidaturas para el primer&#8230;<\/p>\n","protected":false},"featured_media":99206,"template":"","class_list":["post-99208","noticia","type-noticia","status-publish","has-post-thumbnail","hentry"],"acf":[],"yoast_head":"<!-- This site is optimized with the Yoast SEO plugin v27.0 - https:\/\/yoast.com\/product\/yoast-seo-wordpress\/ -->\n<title>Candidaturas abiertas para la primera formaci\u00f3n de Pyrenart II - Temporada Alta<\/title>\n<meta name=\"robots\" content=\"index, follow, max-snippet:-1, max-image-preview:large, max-video-preview:-1\" \/>\n<link rel=\"canonical\" href=\"https:\/\/temporada-alta.com\/es\/noticia\/candidaturas-abiertas-para-la-primera-formacion-de-pyrenart-ii\/\" \/>\n<meta property=\"og:locale\" content=\"es_ES\" \/>\n<meta property=\"og:type\" content=\"article\" \/>\n<meta property=\"og:title\" content=\"Candidaturas abiertas para la primera formaci\u00f3n de Pyrenart II - Temporada Alta\" \/>\n<meta property=\"og:description\" content=\"Desde ayer, 4 de febrero, y hasta el pr\u00f3ximo d\u00eda 23, quedan abiertas las candidaturas para el primer...\" \/>\n<meta property=\"og:url\" content=\"https:\/\/temporada-alta.com\/es\/noticia\/candidaturas-abiertas-para-la-primera-formacion-de-pyrenart-ii\/\" \/>\n<meta property=\"og:site_name\" content=\"Temporada Alta\" \/>\n<meta property=\"article:modified_time\" content=\"2025-02-10T14:19:16+00:00\" \/>\n<meta property=\"og:image\" content=\"https:\/\/temporada-alta.com\/wp-content\/uploads\/pyrenart-2.png\" \/>\n\t<meta property=\"og:image:width\" content=\"1920\" \/>\n\t<meta property=\"og:image:height\" content=\"1080\" \/>\n\t<meta property=\"og:image:type\" content=\"image\/png\" \/>\n<meta name=\"twitter:card\" content=\"summary_large_image\" \/>\n<script type=\"application\/ld+json\" class=\"yoast-schema-graph\">{\"@context\":\"https:\/\/schema.org\",\"@graph\":[{\"@type\":\"WebPage\",\"@id\":\"https:\/\/temporada-alta.com\/es\/noticia\/candidaturas-abiertas-para-la-primera-formacion-de-pyrenart-ii\/\",\"url\":\"https:\/\/temporada-alta.com\/es\/noticia\/candidaturas-abiertas-para-la-primera-formacion-de-pyrenart-ii\/\",\"name\":\"Candidaturas abiertas para la primera formaci\u00f3n de Pyrenart II - Temporada Alta\",\"isPartOf\":{\"@id\":\"https:\/\/temporada-alta.com\/es\/#website\"},\"primaryImageOfPage\":{\"@id\":\"https:\/\/temporada-alta.com\/es\/noticia\/candidaturas-abiertas-para-la-primera-formacion-de-pyrenart-ii\/#primaryimage\"},\"image\":{\"@id\":\"https:\/\/temporada-alta.com\/es\/noticia\/candidaturas-abiertas-para-la-primera-formacion-de-pyrenart-ii\/#primaryimage\"},\"thumbnailUrl\":\"https:\/\/temporada-alta.com\/wp-content\/uploads\/pyrenart-2.png\",\"datePublished\":\"2025-02-05T12:24:19+00:00\",\"dateModified\":\"2025-02-10T14:19:16+00:00\",\"breadcrumb\":{\"@id\":\"https:\/\/temporada-alta.com\/es\/noticia\/candidaturas-abiertas-para-la-primera-formacion-de-pyrenart-ii\/#breadcrumb\"},\"inLanguage\":\"es\",\"potentialAction\":[{\"@type\":\"ReadAction\",\"target\":[\"https:\/\/temporada-alta.com\/es\/noticia\/candidaturas-abiertas-para-la-primera-formacion-de-pyrenart-ii\/\"]}]},{\"@type\":\"ImageObject\",\"inLanguage\":\"es\",\"@id\":\"https:\/\/temporada-alta.com\/es\/noticia\/candidaturas-abiertas-para-la-primera-formacion-de-pyrenart-ii\/#primaryimage\",\"url\":\"https:\/\/temporada-alta.com\/wp-content\/uploads\/pyrenart-2.png\",\"contentUrl\":\"https:\/\/temporada-alta.com\/wp-content\/uploads\/pyrenart-2.png\",\"width\":1920,\"height\":1080},{\"@type\":\"BreadcrumbList\",\"@id\":\"https:\/\/temporada-alta.com\/es\/noticia\/candidaturas-abiertas-para-la-primera-formacion-de-pyrenart-ii\/#breadcrumb\",\"itemListElement\":[{\"@type\":\"ListItem\",\"position\":1,\"name\":\"Inici\",\"item\":\"https:\/\/temporada-alta.com\/es\/\"},{\"@type\":\"ListItem\",\"position\":2,\"name\":\"Candidaturas abiertas para la primera formaci\u00f3n de Pyrenart II\"}]},{\"@type\":\"WebSite\",\"@id\":\"https:\/\/temporada-alta.com\/es\/#website\",\"url\":\"https:\/\/temporada-alta.com\/es\/\",\"name\":\"Temporada Alta\",\"description\":\"Festival d&#039;Arts Esc\u00e8niques\",\"publisher\":{\"@id\":\"https:\/\/temporada-alta.com\/es\/#organization\"},\"potentialAction\":[{\"@type\":\"SearchAction\",\"target\":{\"@type\":\"EntryPoint\",\"urlTemplate\":\"https:\/\/temporada-alta.com\/es\/?s={search_term_string}\"},\"query-input\":{\"@type\":\"PropertyValueSpecification\",\"valueRequired\":true,\"valueName\":\"search_term_string\"}}],\"inLanguage\":\"es\"},{\"@type\":\"Organization\",\"@id\":\"https:\/\/temporada-alta.com\/es\/#organization\",\"name\":\"Temporada Alta\",\"url\":\"https:\/\/temporada-alta.com\/es\/\",\"logo\":{\"@type\":\"ImageObject\",\"inLanguage\":\"es\",\"@id\":\"https:\/\/temporada-alta.com\/es\/#\/schema\/logo\/image\/\",\"url\":\"https:\/\/temporada-alta.com\/wp-content\/uploads\/TA21-Logotip-pos.png\",\"contentUrl\":\"https:\/\/temporada-alta.com\/wp-content\/uploads\/TA21-Logotip-pos.png\",\"width\":800,\"height\":267,\"caption\":\"Temporada Alta\"},\"image\":{\"@id\":\"https:\/\/temporada-alta.com\/es\/#\/schema\/logo\/image\/\"}}]}<\/script>\n<!-- \/ Yoast SEO plugin. -->","yoast_head_json":{"title":"Candidaturas abiertas para la primera formaci\u00f3n de Pyrenart II - Temporada Alta","robots":{"index":"index","follow":"follow","max-snippet":"max-snippet:-1","max-image-preview":"max-image-preview:large","max-video-preview":"max-video-preview:-1"},"canonical":"https:\/\/temporada-alta.com\/es\/noticia\/candidaturas-abiertas-para-la-primera-formacion-de-pyrenart-ii\/","og_locale":"es_ES","og_type":"article","og_title":"Candidaturas abiertas para la primera formaci\u00f3n de Pyrenart II - Temporada Alta","og_description":"Desde ayer, 4 de febrero, y hasta el pr\u00f3ximo d\u00eda 23, quedan abiertas las candidaturas para el primer...","og_url":"https:\/\/temporada-alta.com\/es\/noticia\/candidaturas-abiertas-para-la-primera-formacion-de-pyrenart-ii\/","og_site_name":"Temporada Alta","article_modified_time":"2025-02-10T14:19:16+00:00","og_image":[{"width":1920,"height":1080,"url":"https:\/\/temporada-alta.com\/wp-content\/uploads\/pyrenart-2.png","type":"image\/png"}],"twitter_card":"summary_large_image","schema":{"@context":"https:\/\/schema.org","@graph":[{"@type":"WebPage","@id":"https:\/\/temporada-alta.com\/es\/noticia\/candidaturas-abiertas-para-la-primera-formacion-de-pyrenart-ii\/","url":"https:\/\/temporada-alta.com\/es\/noticia\/candidaturas-abiertas-para-la-primera-formacion-de-pyrenart-ii\/","name":"Candidaturas abiertas para la primera formaci\u00f3n de Pyrenart II - Temporada Alta","isPartOf":{"@id":"https:\/\/temporada-alta.com\/es\/#website"},"primaryImageOfPage":{"@id":"https:\/\/temporada-alta.com\/es\/noticia\/candidaturas-abiertas-para-la-primera-formacion-de-pyrenart-ii\/#primaryimage"},"image":{"@id":"https:\/\/temporada-alta.com\/es\/noticia\/candidaturas-abiertas-para-la-primera-formacion-de-pyrenart-ii\/#primaryimage"},"thumbnailUrl":"https:\/\/temporada-alta.com\/wp-content\/uploads\/pyrenart-2.png","datePublished":"2025-02-05T12:24:19+00:00","dateModified":"2025-02-10T14:19:16+00:00","breadcrumb":{"@id":"https:\/\/temporada-alta.com\/es\/noticia\/candidaturas-abiertas-para-la-primera-formacion-de-pyrenart-ii\/#breadcrumb"},"inLanguage":"es","potentialAction":[{"@type":"ReadAction","target":["https:\/\/temporada-alta.com\/es\/noticia\/candidaturas-abiertas-para-la-primera-formacion-de-pyrenart-ii\/"]}]},{"@type":"ImageObject","inLanguage":"es","@id":"https:\/\/temporada-alta.com\/es\/noticia\/candidaturas-abiertas-para-la-primera-formacion-de-pyrenart-ii\/#primaryimage","url":"https:\/\/temporada-alta.com\/wp-content\/uploads\/pyrenart-2.png","contentUrl":"https:\/\/temporada-alta.com\/wp-content\/uploads\/pyrenart-2.png","width":1920,"height":1080},{"@type":"BreadcrumbList","@id":"https:\/\/temporada-alta.com\/es\/noticia\/candidaturas-abiertas-para-la-primera-formacion-de-pyrenart-ii\/#breadcrumb","itemListElement":[{"@type":"ListItem","position":1,"name":"Inici","item":"https:\/\/temporada-alta.com\/es\/"},{"@type":"ListItem","position":2,"name":"Candidaturas abiertas para la primera formaci\u00f3n de Pyrenart II"}]},{"@type":"WebSite","@id":"https:\/\/temporada-alta.com\/es\/#website","url":"https:\/\/temporada-alta.com\/es\/","name":"Temporada Alta","description":"Festival d&#039;Arts Esc\u00e8niques","publisher":{"@id":"https:\/\/temporada-alta.com\/es\/#organization"},"potentialAction":[{"@type":"SearchAction","target":{"@type":"EntryPoint","urlTemplate":"https:\/\/temporada-alta.com\/es\/?s={search_term_string}"},"query-input":{"@type":"PropertyValueSpecification","valueRequired":true,"valueName":"search_term_string"}}],"inLanguage":"es"},{"@type":"Organization","@id":"https:\/\/temporada-alta.com\/es\/#organization","name":"Temporada Alta","url":"https:\/\/temporada-alta.com\/es\/","logo":{"@type":"ImageObject","inLanguage":"es","@id":"https:\/\/temporada-alta.com\/es\/#\/schema\/logo\/image\/","url":"https:\/\/temporada-alta.com\/wp-content\/uploads\/TA21-Logotip-pos.png","contentUrl":"https:\/\/temporada-alta.com\/wp-content\/uploads\/TA21-Logotip-pos.png","width":800,"height":267,"caption":"Temporada Alta"},"image":{"@id":"https:\/\/temporada-alta.com\/es\/#\/schema\/logo\/image\/"}}]}},"_links":{"self":[{"href":"https:\/\/temporada-alta.com\/es\/wp-json\/wp\/v2\/noticia\/99208","targetHints":{"allow":["GET"]}}],"collection":[{"href":"https:\/\/temporada-alta.com\/es\/wp-json\/wp\/v2\/noticia"}],"about":[{"href":"https:\/\/temporada-alta.com\/es\/wp-json\/wp\/v2\/types\/noticia"}],"wp:featuredmedia":[{"embeddable":true,"href":"https:\/\/temporada-alta.com\/es\/wp-json\/wp\/v2\/media\/99206"}],"wp:attachment":[{"href":"https:\/\/temporada-alta.com\/es\/wp-json\/wp\/v2\/media?parent=99208"}],"curies":[{"name":"wp","href":"https:\/\/api.w.org\/{rel}","templated":true}]}}