{"id":99201,"date":"2025-01-30T15:28:15","date_gmt":"2025-01-30T14:28:15","guid":{"rendered":"https:\/\/temporada-alta.com\/noticia\/acogemos-294-personas-usuarias-de-entidades-sociales-a-traves-de-apropa-cultura\/"},"modified":"2025-01-30T15:50:11","modified_gmt":"2025-01-30T14:50:11","slug":"acogemos-294-personas-usuarias-de-entidades-sociales-a-traves-de-apropa-cultura","status":"publish","type":"noticia","link":"https:\/\/temporada-alta.com\/es\/noticia\/acogemos-294-personas-usuarias-de-entidades-sociales-a-traves-de-apropa-cultura\/","title":{"rendered":"Acogemos\u00a0294 personas usuarias de entidades sociales a trav\u00e9s de Apropa Cultura"},"content":{"rendered":"<div id=\"modal-ready\">\n<p>Un a\u00f1o m\u00e1s, desde Temporada Alta hemos participado en el proyecto <strong>Apropa Cultura<\/strong>. Se trata de una iniciativa nacida en 2006 con voluntad de mejorar la vida de las personas en situaci\u00f3n de vulnerabilidad a trav\u00e9s de la cultura. Desde entonces, han trabajado para abrir puertas de teatros, museos, auditorios y festivales de toda Catalu\u00f1a para que estos colectivos tengan acceso a la programaci\u00f3n habitual.<\/p>\n\n<p>Seg\u00fan las cifras de 2024, durante el a\u00f1o pasado en Bit\u00f2 Producciones, a trav\u00e9s de <strong>Temporada Alta y el Teatro de Salt<\/strong>, acogimos <strong>294 personas<\/strong> usuarias de entidades sociales a trav\u00e9s de Apropa Cultura. Y, entre todos los miembros de la red Apropa Cultura, \u00a1hemos conseguido un total de <strong>118.000 experiencias<\/strong> culturales durante el 2024!<\/p>\n\n<p>Concretamente, la colaboraci\u00f3n consiste en ceder una parte de las localidades de Temporada Alta al precio reducido para facilitar el acceso a la cultura. La colaboraci\u00f3n con Apropa Cultura y su red de teatros, auditorios, festivales, museos y entidades del sector social ha activado sinergias entre el festival y las entidades sociales del territorio durante todo este tiempo. Los centros sociales de Girona que trabajan con personas en riesgo de exclusi\u00f3n pueden asistir a los espect\u00e1culos a un precio social. Esta iniciativa es un ejemplo del compromiso y la voluntad de invertir recursos en un modelo que promueva el acceso universal a la cultura.<\/p>\n<\/div>","protected":false},"excerpt":{"rendered":"<p>Un a\u00f1o m\u00e1s, desde Temporada Alta hemos participado en el proyecto Apropa Cultura. Se trata de una iniciativa&#8230;<\/p>\n","protected":false},"featured_media":73363,"template":"","class_list":["post-99201","noticia","type-noticia","status-publish","has-post-thumbnail","hentry"],"acf":[],"yoast_head":"<!-- This site is optimized with the Yoast SEO plugin v27.0 - https:\/\/yoast.com\/product\/yoast-seo-wordpress\/ -->\n<title>Acogemos\u00a0294 personas usuarias de entidades sociales a trav\u00e9s de Apropa Cultura - Temporada Alta<\/title>\n<meta name=\"robots\" content=\"index, follow, max-snippet:-1, max-image-preview:large, max-video-preview:-1\" \/>\n<link rel=\"canonical\" href=\"https:\/\/temporada-alta.com\/es\/noticia\/acogemos-294-personas-usuarias-de-entidades-sociales-a-traves-de-apropa-cultura\/\" \/>\n<meta property=\"og:locale\" content=\"es_ES\" \/>\n<meta property=\"og:type\" content=\"article\" \/>\n<meta property=\"og:title\" content=\"Acogemos\u00a0294 personas usuarias de entidades sociales a trav\u00e9s de Apropa Cultura - Temporada Alta\" \/>\n<meta property=\"og:description\" content=\"Un a\u00f1o m\u00e1s, desde Temporada Alta hemos participado en el proyecto Apropa Cultura. Se trata de una iniciativa...\" \/>\n<meta property=\"og:url\" content=\"https:\/\/temporada-alta.com\/es\/noticia\/acogemos-294-personas-usuarias-de-entidades-sociales-a-traves-de-apropa-cultura\/\" \/>\n<meta property=\"og:site_name\" content=\"Temporada Alta\" \/>\n<meta property=\"article:modified_time\" content=\"2025-01-30T14:50:11+00:00\" \/>\n<meta property=\"og:image\" content=\"https:\/\/temporada-alta.com\/wp-content\/uploads\/apropa-cultura-2.png\" \/>\n\t<meta property=\"og:image:width\" content=\"1000\" \/>\n\t<meta property=\"og:image:height\" content=\"500\" \/>\n\t<meta property=\"og:image:type\" content=\"image\/png\" \/>\n<meta name=\"twitter:card\" content=\"summary_large_image\" \/>\n<script type=\"application\/ld+json\" class=\"yoast-schema-graph\">{\"@context\":\"https:\/\/schema.org\",\"@graph\":[{\"@type\":\"WebPage\",\"@id\":\"https:\/\/temporada-alta.com\/es\/noticia\/acogemos-294-personas-usuarias-de-entidades-sociales-a-traves-de-apropa-cultura\/\",\"url\":\"https:\/\/temporada-alta.com\/es\/noticia\/acogemos-294-personas-usuarias-de-entidades-sociales-a-traves-de-apropa-cultura\/\",\"name\":\"Acogemos\u00a0294 personas usuarias de entidades sociales a trav\u00e9s de Apropa Cultura - Temporada Alta\",\"isPartOf\":{\"@id\":\"https:\/\/temporada-alta.com\/es\/#website\"},\"primaryImageOfPage\":{\"@id\":\"https:\/\/temporada-alta.com\/es\/noticia\/acogemos-294-personas-usuarias-de-entidades-sociales-a-traves-de-apropa-cultura\/#primaryimage\"},\"image\":{\"@id\":\"https:\/\/temporada-alta.com\/es\/noticia\/acogemos-294-personas-usuarias-de-entidades-sociales-a-traves-de-apropa-cultura\/#primaryimage\"},\"thumbnailUrl\":\"https:\/\/temporada-alta.com\/wp-content\/uploads\/apropa-cultura-2.png\",\"datePublished\":\"2025-01-30T14:28:15+00:00\",\"dateModified\":\"2025-01-30T14:50:11+00:00\",\"breadcrumb\":{\"@id\":\"https:\/\/temporada-alta.com\/es\/noticia\/acogemos-294-personas-usuarias-de-entidades-sociales-a-traves-de-apropa-cultura\/#breadcrumb\"},\"inLanguage\":\"es\",\"potentialAction\":[{\"@type\":\"ReadAction\",\"target\":[\"https:\/\/temporada-alta.com\/es\/noticia\/acogemos-294-personas-usuarias-de-entidades-sociales-a-traves-de-apropa-cultura\/\"]}]},{\"@type\":\"ImageObject\",\"inLanguage\":\"es\",\"@id\":\"https:\/\/temporada-alta.com\/es\/noticia\/acogemos-294-personas-usuarias-de-entidades-sociales-a-traves-de-apropa-cultura\/#primaryimage\",\"url\":\"https:\/\/temporada-alta.com\/wp-content\/uploads\/apropa-cultura-2.png\",\"contentUrl\":\"https:\/\/temporada-alta.com\/wp-content\/uploads\/apropa-cultura-2.png\",\"width\":1000,\"height\":500},{\"@type\":\"BreadcrumbList\",\"@id\":\"https:\/\/temporada-alta.com\/es\/noticia\/acogemos-294-personas-usuarias-de-entidades-sociales-a-traves-de-apropa-cultura\/#breadcrumb\",\"itemListElement\":[{\"@type\":\"ListItem\",\"position\":1,\"name\":\"Inici\",\"item\":\"https:\/\/temporada-alta.com\/es\/\"},{\"@type\":\"ListItem\",\"position\":2,\"name\":\"Acogemos\u00a0294 personas usuarias de entidades sociales a trav\u00e9s de Apropa Cultura\"}]},{\"@type\":\"WebSite\",\"@id\":\"https:\/\/temporada-alta.com\/es\/#website\",\"url\":\"https:\/\/temporada-alta.com\/es\/\",\"name\":\"Temporada Alta\",\"description\":\"Festival d&#039;Arts Esc\u00e8niques\",\"publisher\":{\"@id\":\"https:\/\/temporada-alta.com\/es\/#organization\"},\"potentialAction\":[{\"@type\":\"SearchAction\",\"target\":{\"@type\":\"EntryPoint\",\"urlTemplate\":\"https:\/\/temporada-alta.com\/es\/?s={search_term_string}\"},\"query-input\":{\"@type\":\"PropertyValueSpecification\",\"valueRequired\":true,\"valueName\":\"search_term_string\"}}],\"inLanguage\":\"es\"},{\"@type\":\"Organization\",\"@id\":\"https:\/\/temporada-alta.com\/es\/#organization\",\"name\":\"Temporada Alta\",\"url\":\"https:\/\/temporada-alta.com\/es\/\",\"logo\":{\"@type\":\"ImageObject\",\"inLanguage\":\"es\",\"@id\":\"https:\/\/temporada-alta.com\/es\/#\/schema\/logo\/image\/\",\"url\":\"https:\/\/temporada-alta.com\/wp-content\/uploads\/TA21-Logotip-pos.png\",\"contentUrl\":\"https:\/\/temporada-alta.com\/wp-content\/uploads\/TA21-Logotip-pos.png\",\"width\":800,\"height\":267,\"caption\":\"Temporada Alta\"},\"image\":{\"@id\":\"https:\/\/temporada-alta.com\/es\/#\/schema\/logo\/image\/\"}}]}<\/script>\n<!-- \/ Yoast SEO plugin. -->","yoast_head_json":{"title":"Acogemos\u00a0294 personas usuarias de entidades sociales a trav\u00e9s de Apropa Cultura - Temporada Alta","robots":{"index":"index","follow":"follow","max-snippet":"max-snippet:-1","max-image-preview":"max-image-preview:large","max-video-preview":"max-video-preview:-1"},"canonical":"https:\/\/temporada-alta.com\/es\/noticia\/acogemos-294-personas-usuarias-de-entidades-sociales-a-traves-de-apropa-cultura\/","og_locale":"es_ES","og_type":"article","og_title":"Acogemos\u00a0294 personas usuarias de entidades sociales a trav\u00e9s de Apropa Cultura - Temporada Alta","og_description":"Un a\u00f1o m\u00e1s, desde Temporada Alta hemos participado en el proyecto Apropa Cultura. Se trata de una iniciativa...","og_url":"https:\/\/temporada-alta.com\/es\/noticia\/acogemos-294-personas-usuarias-de-entidades-sociales-a-traves-de-apropa-cultura\/","og_site_name":"Temporada Alta","article_modified_time":"2025-01-30T14:50:11+00:00","og_image":[{"width":1000,"height":500,"url":"https:\/\/temporada-alta.com\/wp-content\/uploads\/apropa-cultura-2.png","type":"image\/png"}],"twitter_card":"summary_large_image","schema":{"@context":"https:\/\/schema.org","@graph":[{"@type":"WebPage","@id":"https:\/\/temporada-alta.com\/es\/noticia\/acogemos-294-personas-usuarias-de-entidades-sociales-a-traves-de-apropa-cultura\/","url":"https:\/\/temporada-alta.com\/es\/noticia\/acogemos-294-personas-usuarias-de-entidades-sociales-a-traves-de-apropa-cultura\/","name":"Acogemos\u00a0294 personas usuarias de entidades sociales a trav\u00e9s de Apropa Cultura - Temporada Alta","isPartOf":{"@id":"https:\/\/temporada-alta.com\/es\/#website"},"primaryImageOfPage":{"@id":"https:\/\/temporada-alta.com\/es\/noticia\/acogemos-294-personas-usuarias-de-entidades-sociales-a-traves-de-apropa-cultura\/#primaryimage"},"image":{"@id":"https:\/\/temporada-alta.com\/es\/noticia\/acogemos-294-personas-usuarias-de-entidades-sociales-a-traves-de-apropa-cultura\/#primaryimage"},"thumbnailUrl":"https:\/\/temporada-alta.com\/wp-content\/uploads\/apropa-cultura-2.png","datePublished":"2025-01-30T14:28:15+00:00","dateModified":"2025-01-30T14:50:11+00:00","breadcrumb":{"@id":"https:\/\/temporada-alta.com\/es\/noticia\/acogemos-294-personas-usuarias-de-entidades-sociales-a-traves-de-apropa-cultura\/#breadcrumb"},"inLanguage":"es","potentialAction":[{"@type":"ReadAction","target":["https:\/\/temporada-alta.com\/es\/noticia\/acogemos-294-personas-usuarias-de-entidades-sociales-a-traves-de-apropa-cultura\/"]}]},{"@type":"ImageObject","inLanguage":"es","@id":"https:\/\/temporada-alta.com\/es\/noticia\/acogemos-294-personas-usuarias-de-entidades-sociales-a-traves-de-apropa-cultura\/#primaryimage","url":"https:\/\/temporada-alta.com\/wp-content\/uploads\/apropa-cultura-2.png","contentUrl":"https:\/\/temporada-alta.com\/wp-content\/uploads\/apropa-cultura-2.png","width":1000,"height":500},{"@type":"BreadcrumbList","@id":"https:\/\/temporada-alta.com\/es\/noticia\/acogemos-294-personas-usuarias-de-entidades-sociales-a-traves-de-apropa-cultura\/#breadcrumb","itemListElement":[{"@type":"ListItem","position":1,"name":"Inici","item":"https:\/\/temporada-alta.com\/es\/"},{"@type":"ListItem","position":2,"name":"Acogemos\u00a0294 personas usuarias de entidades sociales a trav\u00e9s de Apropa Cultura"}]},{"@type":"WebSite","@id":"https:\/\/temporada-alta.com\/es\/#website","url":"https:\/\/temporada-alta.com\/es\/","name":"Temporada Alta","description":"Festival d&#039;Arts Esc\u00e8niques","publisher":{"@id":"https:\/\/temporada-alta.com\/es\/#organization"},"potentialAction":[{"@type":"SearchAction","target":{"@type":"EntryPoint","urlTemplate":"https:\/\/temporada-alta.com\/es\/?s={search_term_string}"},"query-input":{"@type":"PropertyValueSpecification","valueRequired":true,"valueName":"search_term_string"}}],"inLanguage":"es"},{"@type":"Organization","@id":"https:\/\/temporada-alta.com\/es\/#organization","name":"Temporada Alta","url":"https:\/\/temporada-alta.com\/es\/","logo":{"@type":"ImageObject","inLanguage":"es","@id":"https:\/\/temporada-alta.com\/es\/#\/schema\/logo\/image\/","url":"https:\/\/temporada-alta.com\/wp-content\/uploads\/TA21-Logotip-pos.png","contentUrl":"https:\/\/temporada-alta.com\/wp-content\/uploads\/TA21-Logotip-pos.png","width":800,"height":267,"caption":"Temporada Alta"},"image":{"@id":"https:\/\/temporada-alta.com\/es\/#\/schema\/logo\/image\/"}}]}},"_links":{"self":[{"href":"https:\/\/temporada-alta.com\/es\/wp-json\/wp\/v2\/noticia\/99201","targetHints":{"allow":["GET"]}}],"collection":[{"href":"https:\/\/temporada-alta.com\/es\/wp-json\/wp\/v2\/noticia"}],"about":[{"href":"https:\/\/temporada-alta.com\/es\/wp-json\/wp\/v2\/types\/noticia"}],"wp:featuredmedia":[{"embeddable":true,"href":"https:\/\/temporada-alta.com\/es\/wp-json\/wp\/v2\/media\/73363"}],"wp:attachment":[{"href":"https:\/\/temporada-alta.com\/es\/wp-json\/wp\/v2\/media?parent=99201"}],"curies":[{"name":"wp","href":"https:\/\/api.w.org\/{rel}","templated":true}]}}