{"id":99163,"date":"2025-01-23T10:35:45","date_gmt":"2025-01-23T09:35:45","guid":{"rendered":"https:\/\/temporada-alta.com\/noticia\/temporada-alta-iberoamerica-2025-presenta-mas-de-30-espectaculos-de-10-paises-diferentes\/"},"modified":"2025-01-23T10:56:15","modified_gmt":"2025-01-23T09:56:15","slug":"temporada-alta-iberoamerica-2025-presenta-mas-de-30-espectaculos-de-10-paises-diferentes","status":"publish","type":"noticia","link":"https:\/\/temporada-alta.com\/es\/noticia\/temporada-alta-iberoamerica-2025-presenta-mas-de-30-espectaculos-de-10-paises-diferentes\/","title":{"rendered":"Temporada Alta Iberoam\u00e8rica 2025 presenta m\u00e1s de 30 espect\u00e1culos de 10 pa\u00edses diferentes"},"content":{"rendered":"<div id=\"modal-ready\">\n<p>Empieza la <strong>XIII edici\u00f3n de Temporada Alta en Iberoam\u00e8rica<\/strong>, una nueva edici\u00f3n que sigue apostando para presentar la escena catalana al otro lado del Atl\u00e1ntico, actuando como plataforma de intercambio creativo y de proyecci\u00f3n de los artistas y compa\u00f1\u00edas del pa\u00eds. El festival presenta una programaci\u00f3n de m\u00e1s de 30 espect\u00e1culos de hasta 10 pa\u00edses diferentes que <strong>se alargar\u00e1 hasta el 16 de marzo<\/strong>. En concreto, la programaci\u00f3n de Lima (Per\u00fa) ser\u00e1 del 13 de febrero al 16 de marzo, en Buenos Aires (Argentina) las fechas son del 13 al 23 de febrero y, en el caso de Montevideo (Uruguay), las funciones se realizar\u00e1n del 2 al 23 de febrero.<\/p>\n\n<p>El festival, con la colaboraci\u00f3n del Institut Ramon Llull, mantiene el papel de exportador presentando este a\u00f1o dos propuestas, que se podr\u00e1n ver en los tres pa\u00edses participantes:\u00a0<strong><em><a href=\"https:\/\/temporada-alta.com\/es\/shows\/las-palabras-de-los-otros\/\">Las palabras de los otros<\/a><\/em><\/strong>, de Roger Torns i\u00a0<em><strong><a href=\"https:\/\/temporada-alta.com\/es\/shows\/no-sabemos-nada-del-campo\/\">No sabemos nada del campo<\/a><\/strong><\/em>, de Cl\u00e0udia Serrahima Urgell.<\/p>\n\n<p>Por \u00faltimo, Temporada Alta Iberoam\u00e8rica acoger\u00e1 tambi\u00e9n el <strong>Torneo de Dramaturgia Transatl\u00e1ntico<\/strong> en Buenos Aires, donde se enfrentar\u00e1n autores de ambos lados del Atl\u00e1ntico. Los representantes catalanes ser\u00e1n: Jaume Vi\u00f1as i Martina Cabanas.<\/p>\n\n<p>M\u00e1s informaci\u00f3n sobre Temporada Alta Iberoam\u00e8rica <strong><a href=\"https:\/\/temporada-alta.com\/es\/edicions\/iberoamerica-2025-es\/\">en este enlace.<\/a><\/strong><\/p>\n<\/div>","protected":false},"excerpt":{"rendered":"<p>Empieza la XIII edici\u00f3n de Temporada Alta en Iberoam\u00e8rica, una nueva edici\u00f3n que sigue apostando para presentar la&#8230;<\/p>\n","protected":false},"featured_media":99153,"template":"","class_list":["post-99163","noticia","type-noticia","status-publish","has-post-thumbnail","hentry"],"acf":[],"yoast_head":"<!-- This site is optimized with the Yoast SEO plugin v27.0 - https:\/\/yoast.com\/product\/yoast-seo-wordpress\/ -->\n<title>Temporada Alta Iberoam\u00e8rica 2025 presenta m\u00e1s de 30 espect\u00e1culos de 10 pa\u00edses diferentes - Temporada Alta<\/title>\n<meta name=\"robots\" content=\"index, follow, max-snippet:-1, max-image-preview:large, max-video-preview:-1\" \/>\n<link rel=\"canonical\" href=\"https:\/\/temporada-alta.com\/es\/noticia\/temporada-alta-iberoamerica-2025-presenta-mas-de-30-espectaculos-de-10-paises-diferentes\/\" \/>\n<meta property=\"og:locale\" content=\"es_ES\" \/>\n<meta property=\"og:type\" content=\"article\" \/>\n<meta property=\"og:title\" content=\"Temporada Alta Iberoam\u00e8rica 2025 presenta m\u00e1s de 30 espect\u00e1culos de 10 pa\u00edses diferentes - Temporada Alta\" \/>\n<meta property=\"og:description\" content=\"Empieza la XIII edici\u00f3n de Temporada Alta en Iberoam\u00e8rica, una nueva edici\u00f3n que sigue apostando para presentar la...\" \/>\n<meta property=\"og:url\" content=\"https:\/\/temporada-alta.com\/es\/noticia\/temporada-alta-iberoamerica-2025-presenta-mas-de-30-espectaculos-de-10-paises-diferentes\/\" \/>\n<meta property=\"og:site_name\" content=\"Temporada Alta\" \/>\n<meta property=\"article:modified_time\" content=\"2025-01-23T09:56:15+00:00\" \/>\n<meta property=\"og:image\" content=\"https:\/\/temporada-alta.com\/wp-content\/uploads\/temporada-alta-iberoamerica-2025.png\" \/>\n\t<meta property=\"og:image:width\" content=\"1920\" \/>\n\t<meta property=\"og:image:height\" content=\"1080\" \/>\n\t<meta property=\"og:image:type\" content=\"image\/png\" \/>\n<meta name=\"twitter:card\" content=\"summary_large_image\" \/>\n<script type=\"application\/ld+json\" class=\"yoast-schema-graph\">{\"@context\":\"https:\/\/schema.org\",\"@graph\":[{\"@type\":\"WebPage\",\"@id\":\"https:\/\/temporada-alta.com\/es\/noticia\/temporada-alta-iberoamerica-2025-presenta-mas-de-30-espectaculos-de-10-paises-diferentes\/\",\"url\":\"https:\/\/temporada-alta.com\/es\/noticia\/temporada-alta-iberoamerica-2025-presenta-mas-de-30-espectaculos-de-10-paises-diferentes\/\",\"name\":\"Temporada Alta Iberoam\u00e8rica 2025 presenta m\u00e1s de 30 espect\u00e1culos de 10 pa\u00edses diferentes - Temporada Alta\",\"isPartOf\":{\"@id\":\"https:\/\/temporada-alta.com\/es\/#website\"},\"primaryImageOfPage\":{\"@id\":\"https:\/\/temporada-alta.com\/es\/noticia\/temporada-alta-iberoamerica-2025-presenta-mas-de-30-espectaculos-de-10-paises-diferentes\/#primaryimage\"},\"image\":{\"@id\":\"https:\/\/temporada-alta.com\/es\/noticia\/temporada-alta-iberoamerica-2025-presenta-mas-de-30-espectaculos-de-10-paises-diferentes\/#primaryimage\"},\"thumbnailUrl\":\"https:\/\/temporada-alta.com\/wp-content\/uploads\/temporada-alta-iberoamerica-2025.png\",\"datePublished\":\"2025-01-23T09:35:45+00:00\",\"dateModified\":\"2025-01-23T09:56:15+00:00\",\"breadcrumb\":{\"@id\":\"https:\/\/temporada-alta.com\/es\/noticia\/temporada-alta-iberoamerica-2025-presenta-mas-de-30-espectaculos-de-10-paises-diferentes\/#breadcrumb\"},\"inLanguage\":\"es\",\"potentialAction\":[{\"@type\":\"ReadAction\",\"target\":[\"https:\/\/temporada-alta.com\/es\/noticia\/temporada-alta-iberoamerica-2025-presenta-mas-de-30-espectaculos-de-10-paises-diferentes\/\"]}]},{\"@type\":\"ImageObject\",\"inLanguage\":\"es\",\"@id\":\"https:\/\/temporada-alta.com\/es\/noticia\/temporada-alta-iberoamerica-2025-presenta-mas-de-30-espectaculos-de-10-paises-diferentes\/#primaryimage\",\"url\":\"https:\/\/temporada-alta.com\/wp-content\/uploads\/temporada-alta-iberoamerica-2025.png\",\"contentUrl\":\"https:\/\/temporada-alta.com\/wp-content\/uploads\/temporada-alta-iberoamerica-2025.png\",\"width\":1920,\"height\":1080},{\"@type\":\"BreadcrumbList\",\"@id\":\"https:\/\/temporada-alta.com\/es\/noticia\/temporada-alta-iberoamerica-2025-presenta-mas-de-30-espectaculos-de-10-paises-diferentes\/#breadcrumb\",\"itemListElement\":[{\"@type\":\"ListItem\",\"position\":1,\"name\":\"Inici\",\"item\":\"https:\/\/temporada-alta.com\/es\/\"},{\"@type\":\"ListItem\",\"position\":2,\"name\":\"Temporada Alta Iberoam\u00e8rica 2025 presenta m\u00e1s de 30 espect\u00e1culos de 10 pa\u00edses diferentes\"}]},{\"@type\":\"WebSite\",\"@id\":\"https:\/\/temporada-alta.com\/es\/#website\",\"url\":\"https:\/\/temporada-alta.com\/es\/\",\"name\":\"Temporada Alta\",\"description\":\"Festival d&#039;Arts Esc\u00e8niques\",\"publisher\":{\"@id\":\"https:\/\/temporada-alta.com\/es\/#organization\"},\"potentialAction\":[{\"@type\":\"SearchAction\",\"target\":{\"@type\":\"EntryPoint\",\"urlTemplate\":\"https:\/\/temporada-alta.com\/es\/?s={search_term_string}\"},\"query-input\":{\"@type\":\"PropertyValueSpecification\",\"valueRequired\":true,\"valueName\":\"search_term_string\"}}],\"inLanguage\":\"es\"},{\"@type\":\"Organization\",\"@id\":\"https:\/\/temporada-alta.com\/es\/#organization\",\"name\":\"Temporada Alta\",\"url\":\"https:\/\/temporada-alta.com\/es\/\",\"logo\":{\"@type\":\"ImageObject\",\"inLanguage\":\"es\",\"@id\":\"https:\/\/temporada-alta.com\/es\/#\/schema\/logo\/image\/\",\"url\":\"https:\/\/temporada-alta.com\/wp-content\/uploads\/TA21-Logotip-pos.png\",\"contentUrl\":\"https:\/\/temporada-alta.com\/wp-content\/uploads\/TA21-Logotip-pos.png\",\"width\":800,\"height\":267,\"caption\":\"Temporada Alta\"},\"image\":{\"@id\":\"https:\/\/temporada-alta.com\/es\/#\/schema\/logo\/image\/\"}}]}<\/script>\n<!-- \/ Yoast SEO plugin. -->","yoast_head_json":{"title":"Temporada Alta Iberoam\u00e8rica 2025 presenta m\u00e1s de 30 espect\u00e1culos de 10 pa\u00edses diferentes - Temporada Alta","robots":{"index":"index","follow":"follow","max-snippet":"max-snippet:-1","max-image-preview":"max-image-preview:large","max-video-preview":"max-video-preview:-1"},"canonical":"https:\/\/temporada-alta.com\/es\/noticia\/temporada-alta-iberoamerica-2025-presenta-mas-de-30-espectaculos-de-10-paises-diferentes\/","og_locale":"es_ES","og_type":"article","og_title":"Temporada Alta Iberoam\u00e8rica 2025 presenta m\u00e1s de 30 espect\u00e1culos de 10 pa\u00edses diferentes - Temporada Alta","og_description":"Empieza la XIII edici\u00f3n de Temporada Alta en Iberoam\u00e8rica, una nueva edici\u00f3n que sigue apostando para presentar la...","og_url":"https:\/\/temporada-alta.com\/es\/noticia\/temporada-alta-iberoamerica-2025-presenta-mas-de-30-espectaculos-de-10-paises-diferentes\/","og_site_name":"Temporada Alta","article_modified_time":"2025-01-23T09:56:15+00:00","og_image":[{"width":1920,"height":1080,"url":"https:\/\/temporada-alta.com\/wp-content\/uploads\/temporada-alta-iberoamerica-2025.png","type":"image\/png"}],"twitter_card":"summary_large_image","schema":{"@context":"https:\/\/schema.org","@graph":[{"@type":"WebPage","@id":"https:\/\/temporada-alta.com\/es\/noticia\/temporada-alta-iberoamerica-2025-presenta-mas-de-30-espectaculos-de-10-paises-diferentes\/","url":"https:\/\/temporada-alta.com\/es\/noticia\/temporada-alta-iberoamerica-2025-presenta-mas-de-30-espectaculos-de-10-paises-diferentes\/","name":"Temporada Alta Iberoam\u00e8rica 2025 presenta m\u00e1s de 30 espect\u00e1culos de 10 pa\u00edses diferentes - Temporada Alta","isPartOf":{"@id":"https:\/\/temporada-alta.com\/es\/#website"},"primaryImageOfPage":{"@id":"https:\/\/temporada-alta.com\/es\/noticia\/temporada-alta-iberoamerica-2025-presenta-mas-de-30-espectaculos-de-10-paises-diferentes\/#primaryimage"},"image":{"@id":"https:\/\/temporada-alta.com\/es\/noticia\/temporada-alta-iberoamerica-2025-presenta-mas-de-30-espectaculos-de-10-paises-diferentes\/#primaryimage"},"thumbnailUrl":"https:\/\/temporada-alta.com\/wp-content\/uploads\/temporada-alta-iberoamerica-2025.png","datePublished":"2025-01-23T09:35:45+00:00","dateModified":"2025-01-23T09:56:15+00:00","breadcrumb":{"@id":"https:\/\/temporada-alta.com\/es\/noticia\/temporada-alta-iberoamerica-2025-presenta-mas-de-30-espectaculos-de-10-paises-diferentes\/#breadcrumb"},"inLanguage":"es","potentialAction":[{"@type":"ReadAction","target":["https:\/\/temporada-alta.com\/es\/noticia\/temporada-alta-iberoamerica-2025-presenta-mas-de-30-espectaculos-de-10-paises-diferentes\/"]}]},{"@type":"ImageObject","inLanguage":"es","@id":"https:\/\/temporada-alta.com\/es\/noticia\/temporada-alta-iberoamerica-2025-presenta-mas-de-30-espectaculos-de-10-paises-diferentes\/#primaryimage","url":"https:\/\/temporada-alta.com\/wp-content\/uploads\/temporada-alta-iberoamerica-2025.png","contentUrl":"https:\/\/temporada-alta.com\/wp-content\/uploads\/temporada-alta-iberoamerica-2025.png","width":1920,"height":1080},{"@type":"BreadcrumbList","@id":"https:\/\/temporada-alta.com\/es\/noticia\/temporada-alta-iberoamerica-2025-presenta-mas-de-30-espectaculos-de-10-paises-diferentes\/#breadcrumb","itemListElement":[{"@type":"ListItem","position":1,"name":"Inici","item":"https:\/\/temporada-alta.com\/es\/"},{"@type":"ListItem","position":2,"name":"Temporada Alta Iberoam\u00e8rica 2025 presenta m\u00e1s de 30 espect\u00e1culos de 10 pa\u00edses diferentes"}]},{"@type":"WebSite","@id":"https:\/\/temporada-alta.com\/es\/#website","url":"https:\/\/temporada-alta.com\/es\/","name":"Temporada Alta","description":"Festival d&#039;Arts Esc\u00e8niques","publisher":{"@id":"https:\/\/temporada-alta.com\/es\/#organization"},"potentialAction":[{"@type":"SearchAction","target":{"@type":"EntryPoint","urlTemplate":"https:\/\/temporada-alta.com\/es\/?s={search_term_string}"},"query-input":{"@type":"PropertyValueSpecification","valueRequired":true,"valueName":"search_term_string"}}],"inLanguage":"es"},{"@type":"Organization","@id":"https:\/\/temporada-alta.com\/es\/#organization","name":"Temporada Alta","url":"https:\/\/temporada-alta.com\/es\/","logo":{"@type":"ImageObject","inLanguage":"es","@id":"https:\/\/temporada-alta.com\/es\/#\/schema\/logo\/image\/","url":"https:\/\/temporada-alta.com\/wp-content\/uploads\/TA21-Logotip-pos.png","contentUrl":"https:\/\/temporada-alta.com\/wp-content\/uploads\/TA21-Logotip-pos.png","width":800,"height":267,"caption":"Temporada Alta"},"image":{"@id":"https:\/\/temporada-alta.com\/es\/#\/schema\/logo\/image\/"}}]}},"_links":{"self":[{"href":"https:\/\/temporada-alta.com\/es\/wp-json\/wp\/v2\/noticia\/99163","targetHints":{"allow":["GET"]}}],"collection":[{"href":"https:\/\/temporada-alta.com\/es\/wp-json\/wp\/v2\/noticia"}],"about":[{"href":"https:\/\/temporada-alta.com\/es\/wp-json\/wp\/v2\/types\/noticia"}],"wp:featuredmedia":[{"embeddable":true,"href":"https:\/\/temporada-alta.com\/es\/wp-json\/wp\/v2\/media\/99153"}],"wp:attachment":[{"href":"https:\/\/temporada-alta.com\/es\/wp-json\/wp\/v2\/media?parent=99163"}],"curies":[{"name":"wp","href":"https:\/\/api.w.org\/{rel}","templated":true}]}}