{"id":99110,"date":"2025-01-14T12:51:12","date_gmt":"2025-01-14T11:51:12","guid":{"rendered":"https:\/\/temporada-alta.com\/?post_type=noticia&#038;p=99110"},"modified":"2025-09-18T19:00:41","modified_gmt":"2025-09-18T17:00:41","slug":"las-segundas-temporadas-de-la-caverna-y-aixo-no-es-un-casting-se-consolidan-con-cifras-lideres-en-el-sector-de-las-artes-escenicas","status":"publish","type":"noticia","link":"https:\/\/temporada-alta.com\/es\/noticia\/las-segundas-temporadas-de-la-caverna-y-aixo-no-es-un-casting-se-consolidan-con-cifras-lideres-en-el-sector-de-las-artes-escenicas\/","title":{"rendered":"Las segundas temporadas de \u2018La Caverna\u2019 y \u2018Aix\u00f2 no \u00e9s un casting\u2019, se consolidan con cifras l\u00edderes en el sector de las artes esc\u00e9nicas"},"content":{"rendered":"<div id=\"modal-ready\">\n<p>En 2023, desde Temporada Alta impulsamos dos proyectos audiovisuales: <em>La Caverna<\/em> y <em>Aix\u00f2 no \u00e9s un c\u00e0sting<\/em>, que lograron cifras l\u00edderes en el sector y, en esta segunda temporada (2024), se han consolidado como referentes dentro del mundo de las artes esc\u00e9nicas.<\/p>\n\n\n\n<p>Por un lado, <em><strong><a href=\"https:\/\/www.youtube.com\/playlist?list=PLvWy5_y38U6z9fivpLqat8_kttZRtn2MT\" target=\"_blank\" rel=\"noreferrer noopener\">Aix\u00f2 n<\/a><a href=\"https:\/\/temporada-alta.com\/es\/podcast-aixo-no-es-un-casting\/\" target=\"_blank\" rel=\"noreferrer noopener\">o \u00e9s un c\u00e0sting<\/a><\/strong><\/em>, un proyecto de Temporada Alta con Radio Primavera Sound, acaba su segunda temporada, consolidado como el podcast de artes esc\u00e9nicas m\u00e1s escuchado de Catalu\u00f1a. Presentado por Paula Carreras i Marc Tarrida Aribau, en conjunto de todos los episodios, se ha llegado a superar las 38.000 reproducciones. Con un total de 12 cap\u00edtulos nuevos, en esta segunda temporada, se han tratado temas como el relevo generacional, clown, dirigir teatro, escribir teatro, g\u00e9neros humor\u00edsticos, terror y teatro, escenograf\u00eda, cabar\u00e9, teatro documental o segundas partes teatrales, entre otros, con invitados como Guillem Clua, Las Glorias Cabareteras, Enric Cambray, Cristina Clemente, Joan Yago, Rosa G\u00e1miz, Roberto G. Alonso, Mamen Duch, Jordi Casanovas, Charlie Pee, Pere Arquillu\u00e9, Oriol Pla, S\u00edlvia Munt, Lucia del Greco, entre otros.<\/p>\n\n\n\n<figure class=\"wp-block-embed is-type-video is-provider-youtube wp-block-embed-youtube wp-embed-aspect-16-9 wp-has-aspect-ratio\"><div class=\"wp-block-embed__wrapper\">\n<iframe loading=\"lazy\" title=\"Aix\u00f2 no \u00e9s un c\u00e0sting #24 - Relleu generacional - Amb Pere Arquillu\u00e9 i Emma Arquillu\u00e9\" width=\"500\" height=\"281\" src=\"https:\/\/www.youtube.com\/embed\/yVXSa3SgpL8?feature=oembed&#038;enablejsapi=1&#038;origin=https:\/\/temporada-alta.com\" frameborder=\"0\" allow=\"accelerometer; autoplay; clipboard-write; encrypted-media; gyroscope; picture-in-picture; web-share\" referrerpolicy=\"strict-origin-when-cross-origin\" allowfullscreen><\/iframe>\n<\/div><\/figure>\n\n\n\n<p>Estas cifras se suman a las de &nbsp;<strong><em><a href=\"https:\/\/www.youtube.com\/playlist?list=PLvWy5_y38U6zlztYIFF7kHK1wI9_wOwi4\" target=\"_blank\" rel=\"noreferrer noopener\">La Caverna<\/a><\/em><\/strong>, la serie audiovisual que ha llegado a las 20.000 visualizaciones. Se trata de un conjunto de entrevistas relacionadas con las artes esc\u00e9nicas donde directores y creadores de escena conversan con periodistas y personalidades del mundo de la cultura. En esta segunda temporada, han participado: cabosanroque, Llu\u00eds Pasqual, El Conde de Torrefiel y Anne Teresa de Keersmaeker.<\/p>\n\n\n\n<figure class=\"wp-block-embed is-type-video is-provider-youtube wp-block-embed-youtube wp-embed-aspect-16-9 wp-has-aspect-ratio\"><div class=\"wp-block-embed__wrapper\">\n<iframe loading=\"lazy\" title=\"La Caverna #1 - ANG\u00c9LICA LIDDELL conversa amb Ren\u00e9 Solis\" width=\"500\" height=\"281\" src=\"https:\/\/www.youtube.com\/embed\/5DJIb6X5vU0?feature=oembed&#038;enablejsapi=1&#038;origin=https:\/\/temporada-alta.com\" frameborder=\"0\" allow=\"accelerometer; autoplay; clipboard-write; encrypted-media; gyroscope; picture-in-picture; web-share\" referrerpolicy=\"strict-origin-when-cross-origin\" allowfullscreen><\/iframe>\n<\/div><\/figure>\n<\/div>","protected":false},"excerpt":{"rendered":"<p>En 2023, desde Temporada Alta impulsamos dos proyectos audiovisuales: La Caverna y Aix\u00f2 no \u00e9s un c\u00e0sting, que&#8230;<\/p>\n","protected":false},"featured_media":93649,"template":"","class_list":["post-99110","noticia","type-noticia","status-publish","has-post-thumbnail","hentry"],"acf":[],"yoast_head":"<!-- This site is optimized with the Yoast SEO plugin v27.0 - https:\/\/yoast.com\/product\/yoast-seo-wordpress\/ -->\n<title>Las segundas temporadas de \u2018La Caverna\u2019 y \u2018Aix\u00f2 no \u00e9s un casting\u2019, se consolidan con cifras l\u00edderes en el sector de las artes esc\u00e9nicas - Temporada Alta<\/title>\n<meta name=\"robots\" content=\"index, follow, max-snippet:-1, max-image-preview:large, max-video-preview:-1\" \/>\n<link rel=\"canonical\" href=\"https:\/\/temporada-alta.com\/es\/noticia\/las-segundas-temporadas-de-la-caverna-y-aixo-no-es-un-casting-se-consolidan-con-cifras-lideres-en-el-sector-de-las-artes-escenicas\/\" \/>\n<meta property=\"og:locale\" content=\"es_ES\" \/>\n<meta property=\"og:type\" content=\"article\" \/>\n<meta property=\"og:title\" content=\"Las segundas temporadas de \u2018La Caverna\u2019 y \u2018Aix\u00f2 no \u00e9s un casting\u2019, se consolidan con cifras l\u00edderes en el sector de las artes esc\u00e9nicas - Temporada Alta\" \/>\n<meta property=\"og:description\" content=\"En 2023, desde Temporada Alta impulsamos dos proyectos audiovisuales: La Caverna y Aix\u00f2 no \u00e9s un c\u00e0sting, que...\" \/>\n<meta property=\"og:url\" content=\"https:\/\/temporada-alta.com\/es\/noticia\/las-segundas-temporadas-de-la-caverna-y-aixo-no-es-un-casting-se-consolidan-con-cifras-lideres-en-el-sector-de-las-artes-escenicas\/\" \/>\n<meta property=\"og:site_name\" content=\"Temporada Alta\" \/>\n<meta property=\"article:modified_time\" content=\"2025-09-18T17:00:41+00:00\" \/>\n<meta property=\"og:image\" content=\"https:\/\/temporada-alta.com\/wp-content\/uploads\/La-caverna-aixo-no-es-un-casting-ta24.jpg\" \/>\n\t<meta property=\"og:image:width\" content=\"1000\" \/>\n\t<meta property=\"og:image:height\" content=\"500\" \/>\n\t<meta property=\"og:image:type\" content=\"image\/jpeg\" \/>\n<meta name=\"twitter:card\" content=\"summary_large_image\" \/>\n<script type=\"application\/ld+json\" class=\"yoast-schema-graph\">{\"@context\":\"https:\/\/schema.org\",\"@graph\":[{\"@type\":\"WebPage\",\"@id\":\"https:\/\/temporada-alta.com\/es\/noticia\/las-segundas-temporadas-de-la-caverna-y-aixo-no-es-un-casting-se-consolidan-con-cifras-lideres-en-el-sector-de-las-artes-escenicas\/\",\"url\":\"https:\/\/temporada-alta.com\/es\/noticia\/las-segundas-temporadas-de-la-caverna-y-aixo-no-es-un-casting-se-consolidan-con-cifras-lideres-en-el-sector-de-las-artes-escenicas\/\",\"name\":\"Las segundas temporadas de \u2018La Caverna\u2019 y \u2018Aix\u00f2 no \u00e9s un casting\u2019, se consolidan con cifras l\u00edderes en el sector de las artes esc\u00e9nicas - Temporada Alta\",\"isPartOf\":{\"@id\":\"https:\/\/temporada-alta.com\/es\/#website\"},\"primaryImageOfPage\":{\"@id\":\"https:\/\/temporada-alta.com\/es\/noticia\/las-segundas-temporadas-de-la-caverna-y-aixo-no-es-un-casting-se-consolidan-con-cifras-lideres-en-el-sector-de-las-artes-escenicas\/#primaryimage\"},\"image\":{\"@id\":\"https:\/\/temporada-alta.com\/es\/noticia\/las-segundas-temporadas-de-la-caverna-y-aixo-no-es-un-casting-se-consolidan-con-cifras-lideres-en-el-sector-de-las-artes-escenicas\/#primaryimage\"},\"thumbnailUrl\":\"https:\/\/temporada-alta.com\/wp-content\/uploads\/La-caverna-aixo-no-es-un-casting-ta24.jpg\",\"datePublished\":\"2025-01-14T11:51:12+00:00\",\"dateModified\":\"2025-09-18T17:00:41+00:00\",\"breadcrumb\":{\"@id\":\"https:\/\/temporada-alta.com\/es\/noticia\/las-segundas-temporadas-de-la-caverna-y-aixo-no-es-un-casting-se-consolidan-con-cifras-lideres-en-el-sector-de-las-artes-escenicas\/#breadcrumb\"},\"inLanguage\":\"es\",\"potentialAction\":[{\"@type\":\"ReadAction\",\"target\":[\"https:\/\/temporada-alta.com\/es\/noticia\/las-segundas-temporadas-de-la-caverna-y-aixo-no-es-un-casting-se-consolidan-con-cifras-lideres-en-el-sector-de-las-artes-escenicas\/\"]}]},{\"@type\":\"ImageObject\",\"inLanguage\":\"es\",\"@id\":\"https:\/\/temporada-alta.com\/es\/noticia\/las-segundas-temporadas-de-la-caverna-y-aixo-no-es-un-casting-se-consolidan-con-cifras-lideres-en-el-sector-de-las-artes-escenicas\/#primaryimage\",\"url\":\"https:\/\/temporada-alta.com\/wp-content\/uploads\/La-caverna-aixo-no-es-un-casting-ta24.jpg\",\"contentUrl\":\"https:\/\/temporada-alta.com\/wp-content\/uploads\/La-caverna-aixo-no-es-un-casting-ta24.jpg\",\"width\":1000,\"height\":500},{\"@type\":\"BreadcrumbList\",\"@id\":\"https:\/\/temporada-alta.com\/es\/noticia\/las-segundas-temporadas-de-la-caverna-y-aixo-no-es-un-casting-se-consolidan-con-cifras-lideres-en-el-sector-de-las-artes-escenicas\/#breadcrumb\",\"itemListElement\":[{\"@type\":\"ListItem\",\"position\":1,\"name\":\"Inici\",\"item\":\"https:\/\/temporada-alta.com\/es\/\"},{\"@type\":\"ListItem\",\"position\":2,\"name\":\"Las segundas temporadas de \u2018La Caverna\u2019 y \u2018Aix\u00f2 no \u00e9s un casting\u2019, se consolidan con cifras l\u00edderes en el sector de las artes esc\u00e9nicas\"}]},{\"@type\":\"WebSite\",\"@id\":\"https:\/\/temporada-alta.com\/es\/#website\",\"url\":\"https:\/\/temporada-alta.com\/es\/\",\"name\":\"Temporada Alta\",\"description\":\"Festival d&#039;Arts Esc\u00e8niques\",\"publisher\":{\"@id\":\"https:\/\/temporada-alta.com\/es\/#organization\"},\"potentialAction\":[{\"@type\":\"SearchAction\",\"target\":{\"@type\":\"EntryPoint\",\"urlTemplate\":\"https:\/\/temporada-alta.com\/es\/?s={search_term_string}\"},\"query-input\":{\"@type\":\"PropertyValueSpecification\",\"valueRequired\":true,\"valueName\":\"search_term_string\"}}],\"inLanguage\":\"es\"},{\"@type\":\"Organization\",\"@id\":\"https:\/\/temporada-alta.com\/es\/#organization\",\"name\":\"Temporada Alta\",\"url\":\"https:\/\/temporada-alta.com\/es\/\",\"logo\":{\"@type\":\"ImageObject\",\"inLanguage\":\"es\",\"@id\":\"https:\/\/temporada-alta.com\/es\/#\/schema\/logo\/image\/\",\"url\":\"https:\/\/temporada-alta.com\/wp-content\/uploads\/TA21-Logotip-pos.png\",\"contentUrl\":\"https:\/\/temporada-alta.com\/wp-content\/uploads\/TA21-Logotip-pos.png\",\"width\":800,\"height\":267,\"caption\":\"Temporada Alta\"},\"image\":{\"@id\":\"https:\/\/temporada-alta.com\/es\/#\/schema\/logo\/image\/\"}}]}<\/script>\n<!-- \/ Yoast SEO plugin. -->","yoast_head_json":{"title":"Las segundas temporadas de \u2018La Caverna\u2019 y \u2018Aix\u00f2 no \u00e9s un casting\u2019, se consolidan con cifras l\u00edderes en el sector de las artes esc\u00e9nicas - Temporada Alta","robots":{"index":"index","follow":"follow","max-snippet":"max-snippet:-1","max-image-preview":"max-image-preview:large","max-video-preview":"max-video-preview:-1"},"canonical":"https:\/\/temporada-alta.com\/es\/noticia\/las-segundas-temporadas-de-la-caverna-y-aixo-no-es-un-casting-se-consolidan-con-cifras-lideres-en-el-sector-de-las-artes-escenicas\/","og_locale":"es_ES","og_type":"article","og_title":"Las segundas temporadas de \u2018La Caverna\u2019 y \u2018Aix\u00f2 no \u00e9s un casting\u2019, se consolidan con cifras l\u00edderes en el sector de las artes esc\u00e9nicas - Temporada Alta","og_description":"En 2023, desde Temporada Alta impulsamos dos proyectos audiovisuales: La Caverna y Aix\u00f2 no \u00e9s un c\u00e0sting, que...","og_url":"https:\/\/temporada-alta.com\/es\/noticia\/las-segundas-temporadas-de-la-caverna-y-aixo-no-es-un-casting-se-consolidan-con-cifras-lideres-en-el-sector-de-las-artes-escenicas\/","og_site_name":"Temporada Alta","article_modified_time":"2025-09-18T17:00:41+00:00","og_image":[{"width":1000,"height":500,"url":"https:\/\/temporada-alta.com\/wp-content\/uploads\/La-caverna-aixo-no-es-un-casting-ta24.jpg","type":"image\/jpeg"}],"twitter_card":"summary_large_image","schema":{"@context":"https:\/\/schema.org","@graph":[{"@type":"WebPage","@id":"https:\/\/temporada-alta.com\/es\/noticia\/las-segundas-temporadas-de-la-caverna-y-aixo-no-es-un-casting-se-consolidan-con-cifras-lideres-en-el-sector-de-las-artes-escenicas\/","url":"https:\/\/temporada-alta.com\/es\/noticia\/las-segundas-temporadas-de-la-caverna-y-aixo-no-es-un-casting-se-consolidan-con-cifras-lideres-en-el-sector-de-las-artes-escenicas\/","name":"Las segundas temporadas de \u2018La Caverna\u2019 y \u2018Aix\u00f2 no \u00e9s un casting\u2019, se consolidan con cifras l\u00edderes en el sector de las artes esc\u00e9nicas - Temporada Alta","isPartOf":{"@id":"https:\/\/temporada-alta.com\/es\/#website"},"primaryImageOfPage":{"@id":"https:\/\/temporada-alta.com\/es\/noticia\/las-segundas-temporadas-de-la-caverna-y-aixo-no-es-un-casting-se-consolidan-con-cifras-lideres-en-el-sector-de-las-artes-escenicas\/#primaryimage"},"image":{"@id":"https:\/\/temporada-alta.com\/es\/noticia\/las-segundas-temporadas-de-la-caverna-y-aixo-no-es-un-casting-se-consolidan-con-cifras-lideres-en-el-sector-de-las-artes-escenicas\/#primaryimage"},"thumbnailUrl":"https:\/\/temporada-alta.com\/wp-content\/uploads\/La-caverna-aixo-no-es-un-casting-ta24.jpg","datePublished":"2025-01-14T11:51:12+00:00","dateModified":"2025-09-18T17:00:41+00:00","breadcrumb":{"@id":"https:\/\/temporada-alta.com\/es\/noticia\/las-segundas-temporadas-de-la-caverna-y-aixo-no-es-un-casting-se-consolidan-con-cifras-lideres-en-el-sector-de-las-artes-escenicas\/#breadcrumb"},"inLanguage":"es","potentialAction":[{"@type":"ReadAction","target":["https:\/\/temporada-alta.com\/es\/noticia\/las-segundas-temporadas-de-la-caverna-y-aixo-no-es-un-casting-se-consolidan-con-cifras-lideres-en-el-sector-de-las-artes-escenicas\/"]}]},{"@type":"ImageObject","inLanguage":"es","@id":"https:\/\/temporada-alta.com\/es\/noticia\/las-segundas-temporadas-de-la-caverna-y-aixo-no-es-un-casting-se-consolidan-con-cifras-lideres-en-el-sector-de-las-artes-escenicas\/#primaryimage","url":"https:\/\/temporada-alta.com\/wp-content\/uploads\/La-caverna-aixo-no-es-un-casting-ta24.jpg","contentUrl":"https:\/\/temporada-alta.com\/wp-content\/uploads\/La-caverna-aixo-no-es-un-casting-ta24.jpg","width":1000,"height":500},{"@type":"BreadcrumbList","@id":"https:\/\/temporada-alta.com\/es\/noticia\/las-segundas-temporadas-de-la-caverna-y-aixo-no-es-un-casting-se-consolidan-con-cifras-lideres-en-el-sector-de-las-artes-escenicas\/#breadcrumb","itemListElement":[{"@type":"ListItem","position":1,"name":"Inici","item":"https:\/\/temporada-alta.com\/es\/"},{"@type":"ListItem","position":2,"name":"Las segundas temporadas de \u2018La Caverna\u2019 y \u2018Aix\u00f2 no \u00e9s un casting\u2019, se consolidan con cifras l\u00edderes en el sector de las artes esc\u00e9nicas"}]},{"@type":"WebSite","@id":"https:\/\/temporada-alta.com\/es\/#website","url":"https:\/\/temporada-alta.com\/es\/","name":"Temporada Alta","description":"Festival d&#039;Arts Esc\u00e8niques","publisher":{"@id":"https:\/\/temporada-alta.com\/es\/#organization"},"potentialAction":[{"@type":"SearchAction","target":{"@type":"EntryPoint","urlTemplate":"https:\/\/temporada-alta.com\/es\/?s={search_term_string}"},"query-input":{"@type":"PropertyValueSpecification","valueRequired":true,"valueName":"search_term_string"}}],"inLanguage":"es"},{"@type":"Organization","@id":"https:\/\/temporada-alta.com\/es\/#organization","name":"Temporada Alta","url":"https:\/\/temporada-alta.com\/es\/","logo":{"@type":"ImageObject","inLanguage":"es","@id":"https:\/\/temporada-alta.com\/es\/#\/schema\/logo\/image\/","url":"https:\/\/temporada-alta.com\/wp-content\/uploads\/TA21-Logotip-pos.png","contentUrl":"https:\/\/temporada-alta.com\/wp-content\/uploads\/TA21-Logotip-pos.png","width":800,"height":267,"caption":"Temporada Alta"},"image":{"@id":"https:\/\/temporada-alta.com\/es\/#\/schema\/logo\/image\/"}}]}},"_links":{"self":[{"href":"https:\/\/temporada-alta.com\/es\/wp-json\/wp\/v2\/noticia\/99110","targetHints":{"allow":["GET"]}}],"collection":[{"href":"https:\/\/temporada-alta.com\/es\/wp-json\/wp\/v2\/noticia"}],"about":[{"href":"https:\/\/temporada-alta.com\/es\/wp-json\/wp\/v2\/types\/noticia"}],"wp:featuredmedia":[{"embeddable":true,"href":"https:\/\/temporada-alta.com\/es\/wp-json\/wp\/v2\/media\/93649"}],"wp:attachment":[{"href":"https:\/\/temporada-alta.com\/es\/wp-json\/wp\/v2\/media?parent=99110"}],"curies":[{"name":"wp","href":"https:\/\/api.w.org\/{rel}","templated":true}]}}