{"id":99098,"date":"2024-12-16T11:52:10","date_gmt":"2024-12-16T10:52:10","guid":{"rendered":"https:\/\/temporada-alta.com\/?post_type=noticia&#038;p=99098"},"modified":"2024-12-16T12:09:12","modified_gmt":"2024-12-16T11:09:12","slug":"celebramos-el-acto-de-agradecimiento-a-los-mecenas-del-festival-esta-ano-en-el-museo-picasso","status":"publish","type":"noticia","link":"https:\/\/temporada-alta.com\/es\/noticia\/celebramos-el-acto-de-agradecimiento-a-los-mecenas-del-festival-esta-ano-en-el-museo-picasso\/","title":{"rendered":"Celebramos el acto de agradecimiento a los mecenas del festival, esta a\u00f1o, en el Museo Picasso"},"content":{"rendered":"<div id=\"modal-ready\">\n<p>El tradicional acto de agradecimiento a los mecenas que celebramos cada a\u00f1o al final del festival, ha consistido, en esta ocasi\u00f3n, en una visita al<strong> Museo Picasso<\/strong>. De esta forma, un total de 66 personas participaron de esta salida a Barcelona para visitar la equipaci\u00f3n cultural y centro de referencia para el conocimiento de los a\u00f1os de formaci\u00f3n de Pablo Picasso. Despu\u00e9s, como hemos hecho otros a\u00f1os, se ha ido a ver una obra de teatro. La producci\u00f3n de Bit\u00f2 escogida este a\u00f1o ha sido la comedia <strong><em>Turisme rural<\/em><\/strong> a Teatro Borr\u00e0s.<\/p>\n\n\n\n<p>Despu\u00e9s de celebrar este acto de agradecimiento a lo largo de varios a\u00f1os, visitando el Centro de Artes Digitales IDEAL, El Liceo, CCBA, la Fundaci\u00f3n T\u00e0pies, La Pedrera o la Sagrada Familia, en esta ocasi\u00f3n los patrocinadoras del festival han vuelto a disfrutar de esta jornada cultural.<\/p>\n\n\n\n<p>Estas empresas que apoyan a Temporada Alta son de dimensiones y sectores muy variados. Sus aportaciones altruistas resultan imprescindibles por el mantenimiento de la vitalidad del festival como referencia en el panorama nacional e internacional.<\/p>\n<\/div>","protected":false},"excerpt":{"rendered":"<p>El tradicional acto de agradecimiento a los mecenas que celebramos cada a\u00f1o al final del festival, ha consistido,&#8230;<\/p>\n","protected":false},"featured_media":99101,"template":"","class_list":["post-99098","noticia","type-noticia","status-publish","has-post-thumbnail","hentry"],"acf":[],"yoast_head":"<!-- This site is optimized with the Yoast SEO plugin v27.0 - https:\/\/yoast.com\/product\/yoast-seo-wordpress\/ -->\n<title>Celebramos el acto de agradecimiento a los mecenas del festival, esta a\u00f1o, en el Museo Picasso - Temporada Alta<\/title>\n<meta name=\"robots\" content=\"index, follow, max-snippet:-1, max-image-preview:large, max-video-preview:-1\" \/>\n<link rel=\"canonical\" href=\"https:\/\/temporada-alta.com\/es\/noticia\/celebramos-el-acto-de-agradecimiento-a-los-mecenas-del-festival-esta-ano-en-el-museo-picasso\/\" \/>\n<meta property=\"og:locale\" content=\"es_ES\" \/>\n<meta property=\"og:type\" content=\"article\" \/>\n<meta property=\"og:title\" content=\"Celebramos el acto de agradecimiento a los mecenas del festival, esta a\u00f1o, en el Museo Picasso - Temporada Alta\" \/>\n<meta property=\"og:description\" content=\"El tradicional acto de agradecimiento a los mecenas que celebramos cada a\u00f1o al final del festival, ha consistido,...\" \/>\n<meta property=\"og:url\" content=\"https:\/\/temporada-alta.com\/es\/noticia\/celebramos-el-acto-de-agradecimiento-a-los-mecenas-del-festival-esta-ano-en-el-museo-picasso\/\" \/>\n<meta property=\"og:site_name\" content=\"Temporada Alta\" \/>\n<meta property=\"article:modified_time\" content=\"2024-12-16T11:09:12+00:00\" \/>\n<meta property=\"og:image\" content=\"https:\/\/temporada-alta.com\/wp-content\/uploads\/museu-picasso.png\" \/>\n\t<meta property=\"og:image:width\" content=\"1000\" \/>\n\t<meta property=\"og:image:height\" content=\"500\" \/>\n\t<meta property=\"og:image:type\" content=\"image\/png\" \/>\n<meta name=\"twitter:card\" content=\"summary_large_image\" \/>\n<script type=\"application\/ld+json\" class=\"yoast-schema-graph\">{\"@context\":\"https:\/\/schema.org\",\"@graph\":[{\"@type\":\"WebPage\",\"@id\":\"https:\/\/temporada-alta.com\/es\/noticia\/celebramos-el-acto-de-agradecimiento-a-los-mecenas-del-festival-esta-ano-en-el-museo-picasso\/\",\"url\":\"https:\/\/temporada-alta.com\/es\/noticia\/celebramos-el-acto-de-agradecimiento-a-los-mecenas-del-festival-esta-ano-en-el-museo-picasso\/\",\"name\":\"Celebramos el acto de agradecimiento a los mecenas del festival, esta a\u00f1o, en el Museo Picasso - Temporada Alta\",\"isPartOf\":{\"@id\":\"https:\/\/temporada-alta.com\/es\/#website\"},\"primaryImageOfPage\":{\"@id\":\"https:\/\/temporada-alta.com\/es\/noticia\/celebramos-el-acto-de-agradecimiento-a-los-mecenas-del-festival-esta-ano-en-el-museo-picasso\/#primaryimage\"},\"image\":{\"@id\":\"https:\/\/temporada-alta.com\/es\/noticia\/celebramos-el-acto-de-agradecimiento-a-los-mecenas-del-festival-esta-ano-en-el-museo-picasso\/#primaryimage\"},\"thumbnailUrl\":\"https:\/\/temporada-alta.com\/wp-content\/uploads\/museu-picasso.png\",\"datePublished\":\"2024-12-16T10:52:10+00:00\",\"dateModified\":\"2024-12-16T11:09:12+00:00\",\"breadcrumb\":{\"@id\":\"https:\/\/temporada-alta.com\/es\/noticia\/celebramos-el-acto-de-agradecimiento-a-los-mecenas-del-festival-esta-ano-en-el-museo-picasso\/#breadcrumb\"},\"inLanguage\":\"es\",\"potentialAction\":[{\"@type\":\"ReadAction\",\"target\":[\"https:\/\/temporada-alta.com\/es\/noticia\/celebramos-el-acto-de-agradecimiento-a-los-mecenas-del-festival-esta-ano-en-el-museo-picasso\/\"]}]},{\"@type\":\"ImageObject\",\"inLanguage\":\"es\",\"@id\":\"https:\/\/temporada-alta.com\/es\/noticia\/celebramos-el-acto-de-agradecimiento-a-los-mecenas-del-festival-esta-ano-en-el-museo-picasso\/#primaryimage\",\"url\":\"https:\/\/temporada-alta.com\/wp-content\/uploads\/museu-picasso.png\",\"contentUrl\":\"https:\/\/temporada-alta.com\/wp-content\/uploads\/museu-picasso.png\",\"width\":1000,\"height\":500},{\"@type\":\"BreadcrumbList\",\"@id\":\"https:\/\/temporada-alta.com\/es\/noticia\/celebramos-el-acto-de-agradecimiento-a-los-mecenas-del-festival-esta-ano-en-el-museo-picasso\/#breadcrumb\",\"itemListElement\":[{\"@type\":\"ListItem\",\"position\":1,\"name\":\"Inici\",\"item\":\"https:\/\/temporada-alta.com\/es\/\"},{\"@type\":\"ListItem\",\"position\":2,\"name\":\"Celebramos el acto de agradecimiento a los mecenas del festival, esta a\u00f1o, en el Museo Picasso\"}]},{\"@type\":\"WebSite\",\"@id\":\"https:\/\/temporada-alta.com\/es\/#website\",\"url\":\"https:\/\/temporada-alta.com\/es\/\",\"name\":\"Temporada Alta\",\"description\":\"Festival d&#039;Arts Esc\u00e8niques\",\"publisher\":{\"@id\":\"https:\/\/temporada-alta.com\/es\/#organization\"},\"potentialAction\":[{\"@type\":\"SearchAction\",\"target\":{\"@type\":\"EntryPoint\",\"urlTemplate\":\"https:\/\/temporada-alta.com\/es\/?s={search_term_string}\"},\"query-input\":{\"@type\":\"PropertyValueSpecification\",\"valueRequired\":true,\"valueName\":\"search_term_string\"}}],\"inLanguage\":\"es\"},{\"@type\":\"Organization\",\"@id\":\"https:\/\/temporada-alta.com\/es\/#organization\",\"name\":\"Temporada Alta\",\"url\":\"https:\/\/temporada-alta.com\/es\/\",\"logo\":{\"@type\":\"ImageObject\",\"inLanguage\":\"es\",\"@id\":\"https:\/\/temporada-alta.com\/es\/#\/schema\/logo\/image\/\",\"url\":\"https:\/\/temporada-alta.com\/wp-content\/uploads\/TA21-Logotip-pos.png\",\"contentUrl\":\"https:\/\/temporada-alta.com\/wp-content\/uploads\/TA21-Logotip-pos.png\",\"width\":800,\"height\":267,\"caption\":\"Temporada Alta\"},\"image\":{\"@id\":\"https:\/\/temporada-alta.com\/es\/#\/schema\/logo\/image\/\"}}]}<\/script>\n<!-- \/ Yoast SEO plugin. -->","yoast_head_json":{"title":"Celebramos el acto de agradecimiento a los mecenas del festival, esta a\u00f1o, en el Museo Picasso - Temporada Alta","robots":{"index":"index","follow":"follow","max-snippet":"max-snippet:-1","max-image-preview":"max-image-preview:large","max-video-preview":"max-video-preview:-1"},"canonical":"https:\/\/temporada-alta.com\/es\/noticia\/celebramos-el-acto-de-agradecimiento-a-los-mecenas-del-festival-esta-ano-en-el-museo-picasso\/","og_locale":"es_ES","og_type":"article","og_title":"Celebramos el acto de agradecimiento a los mecenas del festival, esta a\u00f1o, en el Museo Picasso - Temporada Alta","og_description":"El tradicional acto de agradecimiento a los mecenas que celebramos cada a\u00f1o al final del festival, ha consistido,...","og_url":"https:\/\/temporada-alta.com\/es\/noticia\/celebramos-el-acto-de-agradecimiento-a-los-mecenas-del-festival-esta-ano-en-el-museo-picasso\/","og_site_name":"Temporada Alta","article_modified_time":"2024-12-16T11:09:12+00:00","og_image":[{"width":1000,"height":500,"url":"https:\/\/temporada-alta.com\/wp-content\/uploads\/museu-picasso.png","type":"image\/png"}],"twitter_card":"summary_large_image","schema":{"@context":"https:\/\/schema.org","@graph":[{"@type":"WebPage","@id":"https:\/\/temporada-alta.com\/es\/noticia\/celebramos-el-acto-de-agradecimiento-a-los-mecenas-del-festival-esta-ano-en-el-museo-picasso\/","url":"https:\/\/temporada-alta.com\/es\/noticia\/celebramos-el-acto-de-agradecimiento-a-los-mecenas-del-festival-esta-ano-en-el-museo-picasso\/","name":"Celebramos el acto de agradecimiento a los mecenas del festival, esta a\u00f1o, en el Museo Picasso - Temporada Alta","isPartOf":{"@id":"https:\/\/temporada-alta.com\/es\/#website"},"primaryImageOfPage":{"@id":"https:\/\/temporada-alta.com\/es\/noticia\/celebramos-el-acto-de-agradecimiento-a-los-mecenas-del-festival-esta-ano-en-el-museo-picasso\/#primaryimage"},"image":{"@id":"https:\/\/temporada-alta.com\/es\/noticia\/celebramos-el-acto-de-agradecimiento-a-los-mecenas-del-festival-esta-ano-en-el-museo-picasso\/#primaryimage"},"thumbnailUrl":"https:\/\/temporada-alta.com\/wp-content\/uploads\/museu-picasso.png","datePublished":"2024-12-16T10:52:10+00:00","dateModified":"2024-12-16T11:09:12+00:00","breadcrumb":{"@id":"https:\/\/temporada-alta.com\/es\/noticia\/celebramos-el-acto-de-agradecimiento-a-los-mecenas-del-festival-esta-ano-en-el-museo-picasso\/#breadcrumb"},"inLanguage":"es","potentialAction":[{"@type":"ReadAction","target":["https:\/\/temporada-alta.com\/es\/noticia\/celebramos-el-acto-de-agradecimiento-a-los-mecenas-del-festival-esta-ano-en-el-museo-picasso\/"]}]},{"@type":"ImageObject","inLanguage":"es","@id":"https:\/\/temporada-alta.com\/es\/noticia\/celebramos-el-acto-de-agradecimiento-a-los-mecenas-del-festival-esta-ano-en-el-museo-picasso\/#primaryimage","url":"https:\/\/temporada-alta.com\/wp-content\/uploads\/museu-picasso.png","contentUrl":"https:\/\/temporada-alta.com\/wp-content\/uploads\/museu-picasso.png","width":1000,"height":500},{"@type":"BreadcrumbList","@id":"https:\/\/temporada-alta.com\/es\/noticia\/celebramos-el-acto-de-agradecimiento-a-los-mecenas-del-festival-esta-ano-en-el-museo-picasso\/#breadcrumb","itemListElement":[{"@type":"ListItem","position":1,"name":"Inici","item":"https:\/\/temporada-alta.com\/es\/"},{"@type":"ListItem","position":2,"name":"Celebramos el acto de agradecimiento a los mecenas del festival, esta a\u00f1o, en el Museo Picasso"}]},{"@type":"WebSite","@id":"https:\/\/temporada-alta.com\/es\/#website","url":"https:\/\/temporada-alta.com\/es\/","name":"Temporada Alta","description":"Festival d&#039;Arts Esc\u00e8niques","publisher":{"@id":"https:\/\/temporada-alta.com\/es\/#organization"},"potentialAction":[{"@type":"SearchAction","target":{"@type":"EntryPoint","urlTemplate":"https:\/\/temporada-alta.com\/es\/?s={search_term_string}"},"query-input":{"@type":"PropertyValueSpecification","valueRequired":true,"valueName":"search_term_string"}}],"inLanguage":"es"},{"@type":"Organization","@id":"https:\/\/temporada-alta.com\/es\/#organization","name":"Temporada Alta","url":"https:\/\/temporada-alta.com\/es\/","logo":{"@type":"ImageObject","inLanguage":"es","@id":"https:\/\/temporada-alta.com\/es\/#\/schema\/logo\/image\/","url":"https:\/\/temporada-alta.com\/wp-content\/uploads\/TA21-Logotip-pos.png","contentUrl":"https:\/\/temporada-alta.com\/wp-content\/uploads\/TA21-Logotip-pos.png","width":800,"height":267,"caption":"Temporada Alta"},"image":{"@id":"https:\/\/temporada-alta.com\/es\/#\/schema\/logo\/image\/"}}]}},"_links":{"self":[{"href":"https:\/\/temporada-alta.com\/es\/wp-json\/wp\/v2\/noticia\/99098","targetHints":{"allow":["GET"]}}],"collection":[{"href":"https:\/\/temporada-alta.com\/es\/wp-json\/wp\/v2\/noticia"}],"about":[{"href":"https:\/\/temporada-alta.com\/es\/wp-json\/wp\/v2\/types\/noticia"}],"wp:featuredmedia":[{"embeddable":true,"href":"https:\/\/temporada-alta.com\/es\/wp-json\/wp\/v2\/media\/99101"}],"wp:attachment":[{"href":"https:\/\/temporada-alta.com\/es\/wp-json\/wp\/v2\/media?parent=99098"}],"curies":[{"name":"wp","href":"https:\/\/api.w.org\/{rel}","templated":true}]}}