{"id":98968,"date":"2024-12-09T08:07:00","date_gmt":"2024-12-09T07:07:00","guid":{"rendered":"https:\/\/temporada-alta.com\/noticia\/abrimos-inscripciones-para-la-4a-edicion-del-seminario-de-artes-y-educacion-de-la-fundacio-la-ciutat-invisible-en-sevilla\/"},"modified":"2024-12-09T17:21:46","modified_gmt":"2024-12-09T16:21:46","slug":"abrimos-inscripciones-para-la-4a-edicion-del-seminario-de-artes-y-educacion-de-la-fundacio-la-ciutat-invisible-en-sevilla","status":"publish","type":"noticia","link":"https:\/\/temporada-alta.com\/es\/noticia\/abrimos-inscripciones-para-la-4a-edicion-del-seminario-de-artes-y-educacion-de-la-fundacio-la-ciutat-invisible-en-sevilla\/","title":{"rendered":"Abrimos inscripciones para la 4a edici\u00f3n del Seminario de artes y educaci\u00f3n de La Fundaci\u00f3 La Ciutat Invisible en Sevilla"},"content":{"rendered":"<div id=\"modal-ready\">\n<p>A inicios de febrero, desde La Fundaci\u00f3 La Ciutat Invisible, impulsamos <strong>\u00abArtes esc\u00e9nicas para la construcci\u00f3n de comunidades\u00bb<\/strong>, la 4.\u00aa edici\u00f3n del Seminario artes y educaci\u00f3n, que tiene lugar cada invierno en la ciudad de Sevilla. Este a\u00f1o, la edici\u00f3n gira alrededor de c\u00f3mo podemos construir comunidades y reforzar los v\u00ednculos a trav\u00e9s de las artes vivas.<\/p>\n\n<p>El seminario se desarrollar\u00e1 del <strong>31 de Enero al 2 de Febrero en el Teatro Alameda (Sevilla)<\/strong>, cuenta con 80 plazas disponibles y se organizar\u00e1n grupos de trabajo de m\u00e1ximo 20 personas. La formaci\u00f3n incluye principalmente tres talleres art\u00edsticos multidisciplinarios: con Marta Gal\u00e1n y Montserrat Iranzo, crearemos un espacio de descubrimiento y observaci\u00f3n de los cuerpos; con Checho Tamayo y Andrea Carri\u00f3n Garc\u00eda, desarrollaremos un taller de danza y movimiento a modo de calentamiento para cultivar la presencia y la atenci\u00f3n; y, finalmente, con la compa\u00f1\u00eda Hermanos Ibarra Roa, compartiremos un taller te\u00f3rico y pr\u00e1ctico sobre la acci\u00f3n perform\u00e1tica coral con todos los grupos de trabajo.<\/p>\n\n<p>Al finalizar cada taller, habr\u00e1 <strong>espacios de trabajo y reflexi\u00f3n<\/strong>, donde hablaremos junto con <strong>mediadoras culturales<\/strong> sobre la aplicabilidad de los aprendizajes adquiridos en cada taller en los contextos profesionales de los participantes. Este a\u00f1o contaremos con el asesoramiento y acompa\u00f1amiento del artista y educadora <strong>Elo\u00edsa Cant\u00f3n<\/strong>; la actriz y docente <strong>Edi Carrascal<\/strong>; el investigador, creador y <em>performer<\/em> <strong>Jorge Horno<\/strong>; y la mediadora cultural de ConArte Internacional <strong>Marcela Ot\u00e1rola<\/strong>.<\/p>\n\n<p>En conjunto, el seminario consiste en tres d\u00edas de formaci\u00f3n que suman un total de 15 horas. Previamente a la formaci\u00f3n espec\u00edfica, inauguraremos el seminario en una jornada inaugural gratuita que estar\u00e1 abierta a toda la ciudadan\u00eda interesada en los v\u00ednculos entre el arte y la educaci\u00f3n. Luc\u00eda Miranda, directora de escena, dramaturga, arteducadora y fundadora de Cross Border Project ser\u00e1 la encargada de dar el pistoletazo de salida que tendr\u00e1 lugar el viernes 31 de enero. Pod\u00e9is consultar el programa y las inscripciones clicando <a href=\"https:\/\/www.ciutatinvisible.org\/educacio\/atempo\/formacio\/seminaris\/sevilla\/\" target=\"_blank\" rel=\"noreferrer noopener\"><strong>aqu\u00ed<\/strong><\/a> .<\/p>\n\n<p>Este seminario cuenta con la colaboraci\u00f3n principal de la <strong>Fundaci\u00f3 Banc Sabadell<\/strong>, el apoyo principal del ICAS-Ayuntamiento de Sevilla, adem\u00e1s de la colaboraci\u00f3n de <strong>ConArte Internacional, Zemos98, Teatro Alameda, Red Planea.<\/strong><\/p>\n<\/div>","protected":false},"excerpt":{"rendered":"<p>A inicios de febrero, desde La Fundaci\u00f3 La Ciutat Invisible, impulsamos \u00abArtes esc\u00e9nicas para la construcci\u00f3n de comunidades\u00bb,&#8230;<\/p>\n","protected":false},"featured_media":98957,"template":"","class_list":["post-98968","noticia","type-noticia","status-publish","has-post-thumbnail","hentry"],"acf":[],"yoast_head":"<!-- This site is optimized with the Yoast SEO plugin v27.0 - https:\/\/yoast.com\/product\/yoast-seo-wordpress\/ -->\n<title>Abrimos inscripciones para la 4a edici\u00f3n del Seminario de artes y educaci\u00f3n de La Fundaci\u00f3 La Ciutat Invisible en Sevilla - Temporada Alta<\/title>\n<meta name=\"robots\" content=\"index, follow, max-snippet:-1, max-image-preview:large, max-video-preview:-1\" \/>\n<link rel=\"canonical\" href=\"https:\/\/temporada-alta.com\/es\/noticia\/abrimos-inscripciones-para-la-4a-edicion-del-seminario-de-artes-y-educacion-de-la-fundacio-la-ciutat-invisible-en-sevilla\/\" \/>\n<meta property=\"og:locale\" content=\"es_ES\" \/>\n<meta property=\"og:type\" content=\"article\" \/>\n<meta property=\"og:title\" content=\"Abrimos inscripciones para la 4a edici\u00f3n del Seminario de artes y educaci\u00f3n de La Fundaci\u00f3 La Ciutat Invisible en Sevilla - Temporada Alta\" \/>\n<meta property=\"og:description\" content=\"A inicios de febrero, desde La Fundaci\u00f3 La Ciutat Invisible, impulsamos \u00abArtes esc\u00e9nicas para la construcci\u00f3n de comunidades\u00bb,...\" \/>\n<meta property=\"og:url\" content=\"https:\/\/temporada-alta.com\/es\/noticia\/abrimos-inscripciones-para-la-4a-edicion-del-seminario-de-artes-y-educacion-de-la-fundacio-la-ciutat-invisible-en-sevilla\/\" \/>\n<meta property=\"og:site_name\" content=\"Temporada Alta\" \/>\n<meta property=\"article:modified_time\" content=\"2024-12-09T16:21:46+00:00\" \/>\n<meta property=\"og:image\" content=\"https:\/\/temporada-alta.com\/wp-content\/uploads\/Foto-Sevilla-destacada.jpg\" \/>\n\t<meta property=\"og:image:width\" content=\"1000\" \/>\n\t<meta property=\"og:image:height\" content=\"600\" \/>\n\t<meta property=\"og:image:type\" content=\"image\/jpeg\" \/>\n<meta name=\"twitter:card\" content=\"summary_large_image\" \/>\n<script type=\"application\/ld+json\" class=\"yoast-schema-graph\">{\"@context\":\"https:\/\/schema.org\",\"@graph\":[{\"@type\":\"WebPage\",\"@id\":\"https:\/\/temporada-alta.com\/es\/noticia\/abrimos-inscripciones-para-la-4a-edicion-del-seminario-de-artes-y-educacion-de-la-fundacio-la-ciutat-invisible-en-sevilla\/\",\"url\":\"https:\/\/temporada-alta.com\/es\/noticia\/abrimos-inscripciones-para-la-4a-edicion-del-seminario-de-artes-y-educacion-de-la-fundacio-la-ciutat-invisible-en-sevilla\/\",\"name\":\"Abrimos inscripciones para la 4a edici\u00f3n del Seminario de artes y educaci\u00f3n de La Fundaci\u00f3 La Ciutat Invisible en Sevilla - Temporada Alta\",\"isPartOf\":{\"@id\":\"https:\/\/temporada-alta.com\/es\/#website\"},\"primaryImageOfPage\":{\"@id\":\"https:\/\/temporada-alta.com\/es\/noticia\/abrimos-inscripciones-para-la-4a-edicion-del-seminario-de-artes-y-educacion-de-la-fundacio-la-ciutat-invisible-en-sevilla\/#primaryimage\"},\"image\":{\"@id\":\"https:\/\/temporada-alta.com\/es\/noticia\/abrimos-inscripciones-para-la-4a-edicion-del-seminario-de-artes-y-educacion-de-la-fundacio-la-ciutat-invisible-en-sevilla\/#primaryimage\"},\"thumbnailUrl\":\"https:\/\/temporada-alta.com\/wp-content\/uploads\/Foto-Sevilla-destacada.jpg\",\"datePublished\":\"2024-12-09T07:07:00+00:00\",\"dateModified\":\"2024-12-09T16:21:46+00:00\",\"breadcrumb\":{\"@id\":\"https:\/\/temporada-alta.com\/es\/noticia\/abrimos-inscripciones-para-la-4a-edicion-del-seminario-de-artes-y-educacion-de-la-fundacio-la-ciutat-invisible-en-sevilla\/#breadcrumb\"},\"inLanguage\":\"es\",\"potentialAction\":[{\"@type\":\"ReadAction\",\"target\":[\"https:\/\/temporada-alta.com\/es\/noticia\/abrimos-inscripciones-para-la-4a-edicion-del-seminario-de-artes-y-educacion-de-la-fundacio-la-ciutat-invisible-en-sevilla\/\"]}]},{\"@type\":\"ImageObject\",\"inLanguage\":\"es\",\"@id\":\"https:\/\/temporada-alta.com\/es\/noticia\/abrimos-inscripciones-para-la-4a-edicion-del-seminario-de-artes-y-educacion-de-la-fundacio-la-ciutat-invisible-en-sevilla\/#primaryimage\",\"url\":\"https:\/\/temporada-alta.com\/wp-content\/uploads\/Foto-Sevilla-destacada.jpg\",\"contentUrl\":\"https:\/\/temporada-alta.com\/wp-content\/uploads\/Foto-Sevilla-destacada.jpg\",\"width\":1000,\"height\":600},{\"@type\":\"BreadcrumbList\",\"@id\":\"https:\/\/temporada-alta.com\/es\/noticia\/abrimos-inscripciones-para-la-4a-edicion-del-seminario-de-artes-y-educacion-de-la-fundacio-la-ciutat-invisible-en-sevilla\/#breadcrumb\",\"itemListElement\":[{\"@type\":\"ListItem\",\"position\":1,\"name\":\"Inici\",\"item\":\"https:\/\/temporada-alta.com\/es\/\"},{\"@type\":\"ListItem\",\"position\":2,\"name\":\"Abrimos inscripciones para la 4a edici\u00f3n del Seminario de artes y educaci\u00f3n de La Fundaci\u00f3 La Ciutat Invisible en Sevilla\"}]},{\"@type\":\"WebSite\",\"@id\":\"https:\/\/temporada-alta.com\/es\/#website\",\"url\":\"https:\/\/temporada-alta.com\/es\/\",\"name\":\"Temporada Alta\",\"description\":\"Festival d&#039;Arts Esc\u00e8niques\",\"publisher\":{\"@id\":\"https:\/\/temporada-alta.com\/es\/#organization\"},\"potentialAction\":[{\"@type\":\"SearchAction\",\"target\":{\"@type\":\"EntryPoint\",\"urlTemplate\":\"https:\/\/temporada-alta.com\/es\/?s={search_term_string}\"},\"query-input\":{\"@type\":\"PropertyValueSpecification\",\"valueRequired\":true,\"valueName\":\"search_term_string\"}}],\"inLanguage\":\"es\"},{\"@type\":\"Organization\",\"@id\":\"https:\/\/temporada-alta.com\/es\/#organization\",\"name\":\"Temporada Alta\",\"url\":\"https:\/\/temporada-alta.com\/es\/\",\"logo\":{\"@type\":\"ImageObject\",\"inLanguage\":\"es\",\"@id\":\"https:\/\/temporada-alta.com\/es\/#\/schema\/logo\/image\/\",\"url\":\"https:\/\/temporada-alta.com\/wp-content\/uploads\/TA21-Logotip-pos.png\",\"contentUrl\":\"https:\/\/temporada-alta.com\/wp-content\/uploads\/TA21-Logotip-pos.png\",\"width\":800,\"height\":267,\"caption\":\"Temporada Alta\"},\"image\":{\"@id\":\"https:\/\/temporada-alta.com\/es\/#\/schema\/logo\/image\/\"}}]}<\/script>\n<!-- \/ Yoast SEO plugin. -->","yoast_head_json":{"title":"Abrimos inscripciones para la 4a edici\u00f3n del Seminario de artes y educaci\u00f3n de La Fundaci\u00f3 La Ciutat Invisible en Sevilla - Temporada Alta","robots":{"index":"index","follow":"follow","max-snippet":"max-snippet:-1","max-image-preview":"max-image-preview:large","max-video-preview":"max-video-preview:-1"},"canonical":"https:\/\/temporada-alta.com\/es\/noticia\/abrimos-inscripciones-para-la-4a-edicion-del-seminario-de-artes-y-educacion-de-la-fundacio-la-ciutat-invisible-en-sevilla\/","og_locale":"es_ES","og_type":"article","og_title":"Abrimos inscripciones para la 4a edici\u00f3n del Seminario de artes y educaci\u00f3n de La Fundaci\u00f3 La Ciutat Invisible en Sevilla - Temporada Alta","og_description":"A inicios de febrero, desde La Fundaci\u00f3 La Ciutat Invisible, impulsamos \u00abArtes esc\u00e9nicas para la construcci\u00f3n de comunidades\u00bb,...","og_url":"https:\/\/temporada-alta.com\/es\/noticia\/abrimos-inscripciones-para-la-4a-edicion-del-seminario-de-artes-y-educacion-de-la-fundacio-la-ciutat-invisible-en-sevilla\/","og_site_name":"Temporada Alta","article_modified_time":"2024-12-09T16:21:46+00:00","og_image":[{"width":1000,"height":600,"url":"https:\/\/temporada-alta.com\/wp-content\/uploads\/Foto-Sevilla-destacada.jpg","type":"image\/jpeg"}],"twitter_card":"summary_large_image","schema":{"@context":"https:\/\/schema.org","@graph":[{"@type":"WebPage","@id":"https:\/\/temporada-alta.com\/es\/noticia\/abrimos-inscripciones-para-la-4a-edicion-del-seminario-de-artes-y-educacion-de-la-fundacio-la-ciutat-invisible-en-sevilla\/","url":"https:\/\/temporada-alta.com\/es\/noticia\/abrimos-inscripciones-para-la-4a-edicion-del-seminario-de-artes-y-educacion-de-la-fundacio-la-ciutat-invisible-en-sevilla\/","name":"Abrimos inscripciones para la 4a edici\u00f3n del Seminario de artes y educaci\u00f3n de La Fundaci\u00f3 La Ciutat Invisible en Sevilla - Temporada Alta","isPartOf":{"@id":"https:\/\/temporada-alta.com\/es\/#website"},"primaryImageOfPage":{"@id":"https:\/\/temporada-alta.com\/es\/noticia\/abrimos-inscripciones-para-la-4a-edicion-del-seminario-de-artes-y-educacion-de-la-fundacio-la-ciutat-invisible-en-sevilla\/#primaryimage"},"image":{"@id":"https:\/\/temporada-alta.com\/es\/noticia\/abrimos-inscripciones-para-la-4a-edicion-del-seminario-de-artes-y-educacion-de-la-fundacio-la-ciutat-invisible-en-sevilla\/#primaryimage"},"thumbnailUrl":"https:\/\/temporada-alta.com\/wp-content\/uploads\/Foto-Sevilla-destacada.jpg","datePublished":"2024-12-09T07:07:00+00:00","dateModified":"2024-12-09T16:21:46+00:00","breadcrumb":{"@id":"https:\/\/temporada-alta.com\/es\/noticia\/abrimos-inscripciones-para-la-4a-edicion-del-seminario-de-artes-y-educacion-de-la-fundacio-la-ciutat-invisible-en-sevilla\/#breadcrumb"},"inLanguage":"es","potentialAction":[{"@type":"ReadAction","target":["https:\/\/temporada-alta.com\/es\/noticia\/abrimos-inscripciones-para-la-4a-edicion-del-seminario-de-artes-y-educacion-de-la-fundacio-la-ciutat-invisible-en-sevilla\/"]}]},{"@type":"ImageObject","inLanguage":"es","@id":"https:\/\/temporada-alta.com\/es\/noticia\/abrimos-inscripciones-para-la-4a-edicion-del-seminario-de-artes-y-educacion-de-la-fundacio-la-ciutat-invisible-en-sevilla\/#primaryimage","url":"https:\/\/temporada-alta.com\/wp-content\/uploads\/Foto-Sevilla-destacada.jpg","contentUrl":"https:\/\/temporada-alta.com\/wp-content\/uploads\/Foto-Sevilla-destacada.jpg","width":1000,"height":600},{"@type":"BreadcrumbList","@id":"https:\/\/temporada-alta.com\/es\/noticia\/abrimos-inscripciones-para-la-4a-edicion-del-seminario-de-artes-y-educacion-de-la-fundacio-la-ciutat-invisible-en-sevilla\/#breadcrumb","itemListElement":[{"@type":"ListItem","position":1,"name":"Inici","item":"https:\/\/temporada-alta.com\/es\/"},{"@type":"ListItem","position":2,"name":"Abrimos inscripciones para la 4a edici\u00f3n del Seminario de artes y educaci\u00f3n de La Fundaci\u00f3 La Ciutat Invisible en Sevilla"}]},{"@type":"WebSite","@id":"https:\/\/temporada-alta.com\/es\/#website","url":"https:\/\/temporada-alta.com\/es\/","name":"Temporada Alta","description":"Festival d&#039;Arts Esc\u00e8niques","publisher":{"@id":"https:\/\/temporada-alta.com\/es\/#organization"},"potentialAction":[{"@type":"SearchAction","target":{"@type":"EntryPoint","urlTemplate":"https:\/\/temporada-alta.com\/es\/?s={search_term_string}"},"query-input":{"@type":"PropertyValueSpecification","valueRequired":true,"valueName":"search_term_string"}}],"inLanguage":"es"},{"@type":"Organization","@id":"https:\/\/temporada-alta.com\/es\/#organization","name":"Temporada Alta","url":"https:\/\/temporada-alta.com\/es\/","logo":{"@type":"ImageObject","inLanguage":"es","@id":"https:\/\/temporada-alta.com\/es\/#\/schema\/logo\/image\/","url":"https:\/\/temporada-alta.com\/wp-content\/uploads\/TA21-Logotip-pos.png","contentUrl":"https:\/\/temporada-alta.com\/wp-content\/uploads\/TA21-Logotip-pos.png","width":800,"height":267,"caption":"Temporada Alta"},"image":{"@id":"https:\/\/temporada-alta.com\/es\/#\/schema\/logo\/image\/"}}]}},"_links":{"self":[{"href":"https:\/\/temporada-alta.com\/es\/wp-json\/wp\/v2\/noticia\/98968","targetHints":{"allow":["GET"]}}],"collection":[{"href":"https:\/\/temporada-alta.com\/es\/wp-json\/wp\/v2\/noticia"}],"about":[{"href":"https:\/\/temporada-alta.com\/es\/wp-json\/wp\/v2\/types\/noticia"}],"wp:featuredmedia":[{"embeddable":true,"href":"https:\/\/temporada-alta.com\/es\/wp-json\/wp\/v2\/media\/98957"}],"wp:attachment":[{"href":"https:\/\/temporada-alta.com\/es\/wp-json\/wp\/v2\/media?parent=98968"}],"curies":[{"name":"wp","href":"https:\/\/api.w.org\/{rel}","templated":true}]}}