{"id":97380,"date":"2024-10-22T13:09:55","date_gmt":"2024-10-22T11:09:55","guid":{"rendered":"https:\/\/temporada-alta.com\/noticia\/descubre-la-programacion-de-cine-de-temporada-alta-2024\/"},"modified":"2024-10-22T13:59:08","modified_gmt":"2024-10-22T11:59:08","slug":"descubre-la-programacion-de-cine-de-temporada-alta-2024","status":"publish","type":"noticia","link":"https:\/\/temporada-alta.com\/es\/noticia\/descubre-la-programacion-de-cine-de-temporada-alta-2024\/","title":{"rendered":"Descubre la programaci\u00f3n de cine de Temporada Alta 2024"},"content":{"rendered":"<div id=\"modal-ready\">\n<p>Desde Temporada Alta, ofrecemos un abanico muy amplio de historias, propuestas y formatos para todos los gustos. Adem\u00e1s de teatro, danza, circo, m\u00fasica o instalaciones, tenemos una programaci\u00f3n de cine con pel\u00edculas de gran calidad que te presentamos en este art\u00edculo para que puedas elegir cu\u00e1l prefieres ver:<\/p>\n\n\n\n<ol class=\"wp-block-list\">\n<li><strong><a href=\"https:\/\/temporada-alta.com\/es\/shows\/la-estafa-del-amor\/\">La estafa del amor<\/a><\/strong>, de Virg\u00ednia Garc\u00eda de Pino<br>Invitamos a un grupo de gente a la lectura del guion de una pel\u00edcula sobre un hombre que enamoraba mujeres para estafarlas. A medida que la lectura del guion avanzaba, la gente empez\u00f3 a hurgar en sus propias historias. Se grab\u00f3 todo en riguroso directo. El resultado es un tipo de congreso sobre el ideal de amor rom\u00e1ntico y sobre la extraordinaria (y no necesariamente positiva) influencia que ejerce sobre hombres y mujeres.<br><br><\/li>\n\n\n\n<li><strong><a href=\"https:\/\/temporada-alta.com\/es\/shows\/polvo-seran-de-carlos-marques-marcet\/\">Polvo ser\u00e1n<\/a><\/strong>, de Carlos Marqu\u00e9s-Marcet<br>Despu\u00e9s de ser diagnosticada con una enfermedad terminal, Claudia decide emprender su \u00faltimo viaje en Suiza. All\u00e1 podr\u00e9is decidir c\u00f3mo y cu\u00e1ndo acabar vuestra vida gracias a la ayuda de una asociaci\u00f3n de suicidio asistido. Flavio, que no se ha separado en m\u00e1s de cuarenta a\u00f1os, decide unirse a este viaje sin retorno. Violeta, mientras tanto, se convierte en mediadora involuntaria entre sus padres y todo aquello que dejan atr\u00e1s, a la vez que intenta encontrar su lugar en esta historia. Este musical de Carlos Marqu\u00e9s-Marcet con canciones de Maria Arnal y coreograf\u00edas de Marcos Morau, estuvo nominado como mejor pel\u00edcula del Festival de Valladolid.\u00a0<strong>La presentaci\u00f3n de la pel\u00edcula contar\u00e1 con la presencia de su director Carlos Marqu\u00e9s<em>&#8211;<\/em>Marcet.<\/strong><br><br><\/li>\n\n\n\n<li><strong><em><a href=\"https:\/\/temporada-alta.com\/es\/shows\/tardes-de-soledad-dalbert-serra\/\">Tardes de soledad<\/a><\/em><\/strong>, d&#8217;Albert Serra<br>Estreno de la pel\u00edcula de Albert Serra, ganadora de Concha de Oro a mejor pel\u00edcula del Festival de San Sebasti\u00e0. La vida del torero Andr\u00e9s Roca Rey durante un d\u00eda de corrida, desde que se viste de luces hasta que se desviste.<br><br><\/li>\n\n\n\n<li><strong><a href=\"https:\/\/temporada-alta.com\/es\/shows\/un-lloc-per-viure\/\">Un lloc per viure<\/a><\/strong>, d&#8217;Adri\u00e0 Exp\u00f2sit<br>Un documental que retrata como los vecinos y vecinas de Salt crean v\u00ednculos de convivencia y apoyo mutuo para enfrentarse a la estigmatizaci\u00f3n hacia personas\u00a0migradas\u00a0que rae en sectores de la sociedad.<br><br><\/li>\n\n\n\n<li><strong><a href=\"https:\/\/temporada-alta.com\/es\/shows\/madrid-1987-de-david-trueba-homenatge-a-david-trueba\/\">Madrid 1987<\/a><\/strong>, de David Trueba<br>Miguel (Jos\u00e9 Sacrist\u00e1n), un veterano articulista, temido y respetado, y \u00c1ngela (Mar\u00eda Valverde), una joven estudiante universitaria, se quedan cerrados en un ba\u00f1o, situaci\u00f3n que da pie a un enfrentamiento generacional. Ella se encontr\u00f3, en los ochenta, con una democracia ya consolidada, mientras que \u00e9l forma parte de los privilegiados que lo hab\u00edan conseguido todo.<br><br><\/li>\n\n\n\n<li><strong><a href=\"https:\/\/temporada-alta.com\/es\/shows\/orandi-de-serafin-teja\/\">Orandi<\/a><\/strong>, de Seraf\u00edn Teja<br>Un artista retirado en una casa de campo. Una voz femenina que explica una historia, quiz\u00e1s su pasado. Y el fantasma de un amigo que se resiste a marchar. Una pel\u00edcula que habla de la vejez y sus espectros, pero tambi\u00e9n del arte como lucha inacabable. La pel\u00edcula tensiona la narraci\u00f3n del g\u00e9nero fant\u00e1stico, casi hasta el rid\u00edculo, para el \u00faltimo tramo de la pel\u00edcula virar hacia un tono documental que desconcierta el espectador.<br><br><\/li>\n\n\n\n<li><strong><a href=\"https:\/\/temporada-alta.com\/es\/shows\/la-ceremonia\/\">La cerim\u00f2nia<\/a><\/strong>, de Claude Chabrol<br>Sophie, una mujer eficiente pero fr\u00eda y calculadora, entra a trabajar como mayordoma para la exigente se\u00f1ora Leli\u00e8vre. Un d\u00eda, conoce Jeanne, una\u00a0empleada muy cotilla del servicio de correos de Saint-Mal\u00f3, y entre ambas se establece una relaci\u00f3n muy especial.<br><br><\/li>\n\n\n\n<li><strong><a href=\"https:\/\/temporada-alta.com\/es\/shows\/reas\/\">Reas<\/a><\/strong>, de Lola Arias<br>La directora de teatro argentina Lola Arias presenta esta pel\u00edcula documental que protagonizan mujeres y personas trans que estuvieron cerradas en varias prisiones de Argentina. En la antigua\u00a0prisi\u00f3n de Caseros, ahora abandonada, las protagonistas reconstruyen escenas de su pasado e imaginan un futuro en forma\u00a0de musical en que cantan, bailan y act\u00faan. Entre ellas, hay la *Yoseli, detenida por tr\u00e1fico de drogas, y Nacho, un chico trans encarcelado por estafa, que no se conocieron hasta filmar la pel\u00edcula. Vidas singulares que, a pesar de la adversidad, no renuncian a los sue\u00f1os.<br><br><\/li>\n\n\n\n<li><strong><a href=\"https:\/\/temporada-alta.com\/es\/shows\/la-gran-belleza-de-paolo-sorrentino-homenatge-a-toni-servillo\/\">La gran belleza<\/a><\/strong>, de Paolo Sorrentino<br>En Roma, durante el verano, nobles decadentes, arribistas, pol\u00edticos, criminales de altos vuelos, periodistas, actores, prelados, artistas e intelectuales tejen una trama de relaciones inconsistentes que se desarrollan en fastuosos palacios y villas. El centro de todas las reuniones es Jep Gambardella (Toni Servillo), un escritor de 65 a\u00f1os que escribi\u00f3 un solo libro y practica el periodismo. Dominado por la indolencia y el tedio, asiste a este desfile de personajes poderosos pero insustanciales, vac\u00edos y deprimentes.<\/li>\n<\/ol>\n<\/div>","protected":false},"excerpt":{"rendered":"<p>Desde Temporada Alta, ofrecemos un abanico muy amplio de historias, propuestas y formatos para todos los gustos. Adem\u00e1s&#8230;<\/p>\n","protected":false},"featured_media":97375,"template":"","class_list":["post-97380","noticia","type-noticia","status-publish","has-post-thumbnail","hentry"],"acf":[],"yoast_head":"<!-- This site is optimized with the Yoast SEO plugin v27.0 - https:\/\/yoast.com\/product\/yoast-seo-wordpress\/ -->\n<title>Descubre la programaci\u00f3n de cine de Temporada Alta 2024 - Temporada Alta<\/title>\n<meta name=\"robots\" content=\"index, follow, max-snippet:-1, max-image-preview:large, max-video-preview:-1\" \/>\n<link rel=\"canonical\" href=\"https:\/\/temporada-alta.com\/es\/noticia\/descubre-la-programacion-de-cine-de-temporada-alta-2024\/\" \/>\n<meta property=\"og:locale\" content=\"es_ES\" \/>\n<meta property=\"og:type\" content=\"article\" \/>\n<meta property=\"og:title\" content=\"Descubre la programaci\u00f3n de cine de Temporada Alta 2024 - Temporada Alta\" \/>\n<meta property=\"og:description\" content=\"Desde Temporada Alta, ofrecemos un abanico muy amplio de historias, propuestas y formatos para todos los gustos. Adem\u00e1s...\" \/>\n<meta property=\"og:url\" content=\"https:\/\/temporada-alta.com\/es\/noticia\/descubre-la-programacion-de-cine-de-temporada-alta-2024\/\" \/>\n<meta property=\"og:site_name\" content=\"Temporada Alta\" \/>\n<meta property=\"article:modified_time\" content=\"2024-10-22T11:59:08+00:00\" \/>\n<meta property=\"og:image\" content=\"https:\/\/temporada-alta.com\/wp-content\/uploads\/cinema-temporada-alta-2024.png\" \/>\n\t<meta property=\"og:image:width\" content=\"1000\" \/>\n\t<meta property=\"og:image:height\" content=\"600\" \/>\n\t<meta property=\"og:image:type\" content=\"image\/png\" \/>\n<meta name=\"twitter:card\" content=\"summary_large_image\" \/>\n<script type=\"application\/ld+json\" class=\"yoast-schema-graph\">{\"@context\":\"https:\/\/schema.org\",\"@graph\":[{\"@type\":\"WebPage\",\"@id\":\"https:\/\/temporada-alta.com\/es\/noticia\/descubre-la-programacion-de-cine-de-temporada-alta-2024\/\",\"url\":\"https:\/\/temporada-alta.com\/es\/noticia\/descubre-la-programacion-de-cine-de-temporada-alta-2024\/\",\"name\":\"Descubre la programaci\u00f3n de cine de Temporada Alta 2024 - Temporada Alta\",\"isPartOf\":{\"@id\":\"https:\/\/temporada-alta.com\/es\/#website\"},\"primaryImageOfPage\":{\"@id\":\"https:\/\/temporada-alta.com\/es\/noticia\/descubre-la-programacion-de-cine-de-temporada-alta-2024\/#primaryimage\"},\"image\":{\"@id\":\"https:\/\/temporada-alta.com\/es\/noticia\/descubre-la-programacion-de-cine-de-temporada-alta-2024\/#primaryimage\"},\"thumbnailUrl\":\"https:\/\/temporada-alta.com\/wp-content\/uploads\/cinema-temporada-alta-2024.png\",\"datePublished\":\"2024-10-22T11:09:55+00:00\",\"dateModified\":\"2024-10-22T11:59:08+00:00\",\"breadcrumb\":{\"@id\":\"https:\/\/temporada-alta.com\/es\/noticia\/descubre-la-programacion-de-cine-de-temporada-alta-2024\/#breadcrumb\"},\"inLanguage\":\"es\",\"potentialAction\":[{\"@type\":\"ReadAction\",\"target\":[\"https:\/\/temporada-alta.com\/es\/noticia\/descubre-la-programacion-de-cine-de-temporada-alta-2024\/\"]}]},{\"@type\":\"ImageObject\",\"inLanguage\":\"es\",\"@id\":\"https:\/\/temporada-alta.com\/es\/noticia\/descubre-la-programacion-de-cine-de-temporada-alta-2024\/#primaryimage\",\"url\":\"https:\/\/temporada-alta.com\/wp-content\/uploads\/cinema-temporada-alta-2024.png\",\"contentUrl\":\"https:\/\/temporada-alta.com\/wp-content\/uploads\/cinema-temporada-alta-2024.png\",\"width\":1000,\"height\":600},{\"@type\":\"BreadcrumbList\",\"@id\":\"https:\/\/temporada-alta.com\/es\/noticia\/descubre-la-programacion-de-cine-de-temporada-alta-2024\/#breadcrumb\",\"itemListElement\":[{\"@type\":\"ListItem\",\"position\":1,\"name\":\"Inici\",\"item\":\"https:\/\/temporada-alta.com\/es\/\"},{\"@type\":\"ListItem\",\"position\":2,\"name\":\"Descubre la programaci\u00f3n de cine de Temporada Alta 2024\"}]},{\"@type\":\"WebSite\",\"@id\":\"https:\/\/temporada-alta.com\/es\/#website\",\"url\":\"https:\/\/temporada-alta.com\/es\/\",\"name\":\"Temporada Alta\",\"description\":\"Festival d&#039;Arts Esc\u00e8niques\",\"publisher\":{\"@id\":\"https:\/\/temporada-alta.com\/es\/#organization\"},\"potentialAction\":[{\"@type\":\"SearchAction\",\"target\":{\"@type\":\"EntryPoint\",\"urlTemplate\":\"https:\/\/temporada-alta.com\/es\/?s={search_term_string}\"},\"query-input\":{\"@type\":\"PropertyValueSpecification\",\"valueRequired\":true,\"valueName\":\"search_term_string\"}}],\"inLanguage\":\"es\"},{\"@type\":\"Organization\",\"@id\":\"https:\/\/temporada-alta.com\/es\/#organization\",\"name\":\"Temporada Alta\",\"url\":\"https:\/\/temporada-alta.com\/es\/\",\"logo\":{\"@type\":\"ImageObject\",\"inLanguage\":\"es\",\"@id\":\"https:\/\/temporada-alta.com\/es\/#\/schema\/logo\/image\/\",\"url\":\"https:\/\/temporada-alta.com\/wp-content\/uploads\/TA21-Logotip-pos.png\",\"contentUrl\":\"https:\/\/temporada-alta.com\/wp-content\/uploads\/TA21-Logotip-pos.png\",\"width\":800,\"height\":267,\"caption\":\"Temporada Alta\"},\"image\":{\"@id\":\"https:\/\/temporada-alta.com\/es\/#\/schema\/logo\/image\/\"}}]}<\/script>\n<!-- \/ Yoast SEO plugin. -->","yoast_head_json":{"title":"Descubre la programaci\u00f3n de cine de Temporada Alta 2024 - Temporada Alta","robots":{"index":"index","follow":"follow","max-snippet":"max-snippet:-1","max-image-preview":"max-image-preview:large","max-video-preview":"max-video-preview:-1"},"canonical":"https:\/\/temporada-alta.com\/es\/noticia\/descubre-la-programacion-de-cine-de-temporada-alta-2024\/","og_locale":"es_ES","og_type":"article","og_title":"Descubre la programaci\u00f3n de cine de Temporada Alta 2024 - Temporada Alta","og_description":"Desde Temporada Alta, ofrecemos un abanico muy amplio de historias, propuestas y formatos para todos los gustos. Adem\u00e1s...","og_url":"https:\/\/temporada-alta.com\/es\/noticia\/descubre-la-programacion-de-cine-de-temporada-alta-2024\/","og_site_name":"Temporada Alta","article_modified_time":"2024-10-22T11:59:08+00:00","og_image":[{"width":1000,"height":600,"url":"https:\/\/temporada-alta.com\/wp-content\/uploads\/cinema-temporada-alta-2024.png","type":"image\/png"}],"twitter_card":"summary_large_image","schema":{"@context":"https:\/\/schema.org","@graph":[{"@type":"WebPage","@id":"https:\/\/temporada-alta.com\/es\/noticia\/descubre-la-programacion-de-cine-de-temporada-alta-2024\/","url":"https:\/\/temporada-alta.com\/es\/noticia\/descubre-la-programacion-de-cine-de-temporada-alta-2024\/","name":"Descubre la programaci\u00f3n de cine de Temporada Alta 2024 - Temporada Alta","isPartOf":{"@id":"https:\/\/temporada-alta.com\/es\/#website"},"primaryImageOfPage":{"@id":"https:\/\/temporada-alta.com\/es\/noticia\/descubre-la-programacion-de-cine-de-temporada-alta-2024\/#primaryimage"},"image":{"@id":"https:\/\/temporada-alta.com\/es\/noticia\/descubre-la-programacion-de-cine-de-temporada-alta-2024\/#primaryimage"},"thumbnailUrl":"https:\/\/temporada-alta.com\/wp-content\/uploads\/cinema-temporada-alta-2024.png","datePublished":"2024-10-22T11:09:55+00:00","dateModified":"2024-10-22T11:59:08+00:00","breadcrumb":{"@id":"https:\/\/temporada-alta.com\/es\/noticia\/descubre-la-programacion-de-cine-de-temporada-alta-2024\/#breadcrumb"},"inLanguage":"es","potentialAction":[{"@type":"ReadAction","target":["https:\/\/temporada-alta.com\/es\/noticia\/descubre-la-programacion-de-cine-de-temporada-alta-2024\/"]}]},{"@type":"ImageObject","inLanguage":"es","@id":"https:\/\/temporada-alta.com\/es\/noticia\/descubre-la-programacion-de-cine-de-temporada-alta-2024\/#primaryimage","url":"https:\/\/temporada-alta.com\/wp-content\/uploads\/cinema-temporada-alta-2024.png","contentUrl":"https:\/\/temporada-alta.com\/wp-content\/uploads\/cinema-temporada-alta-2024.png","width":1000,"height":600},{"@type":"BreadcrumbList","@id":"https:\/\/temporada-alta.com\/es\/noticia\/descubre-la-programacion-de-cine-de-temporada-alta-2024\/#breadcrumb","itemListElement":[{"@type":"ListItem","position":1,"name":"Inici","item":"https:\/\/temporada-alta.com\/es\/"},{"@type":"ListItem","position":2,"name":"Descubre la programaci\u00f3n de cine de Temporada Alta 2024"}]},{"@type":"WebSite","@id":"https:\/\/temporada-alta.com\/es\/#website","url":"https:\/\/temporada-alta.com\/es\/","name":"Temporada Alta","description":"Festival d&#039;Arts Esc\u00e8niques","publisher":{"@id":"https:\/\/temporada-alta.com\/es\/#organization"},"potentialAction":[{"@type":"SearchAction","target":{"@type":"EntryPoint","urlTemplate":"https:\/\/temporada-alta.com\/es\/?s={search_term_string}"},"query-input":{"@type":"PropertyValueSpecification","valueRequired":true,"valueName":"search_term_string"}}],"inLanguage":"es"},{"@type":"Organization","@id":"https:\/\/temporada-alta.com\/es\/#organization","name":"Temporada Alta","url":"https:\/\/temporada-alta.com\/es\/","logo":{"@type":"ImageObject","inLanguage":"es","@id":"https:\/\/temporada-alta.com\/es\/#\/schema\/logo\/image\/","url":"https:\/\/temporada-alta.com\/wp-content\/uploads\/TA21-Logotip-pos.png","contentUrl":"https:\/\/temporada-alta.com\/wp-content\/uploads\/TA21-Logotip-pos.png","width":800,"height":267,"caption":"Temporada Alta"},"image":{"@id":"https:\/\/temporada-alta.com\/es\/#\/schema\/logo\/image\/"}}]}},"_links":{"self":[{"href":"https:\/\/temporada-alta.com\/es\/wp-json\/wp\/v2\/noticia\/97380","targetHints":{"allow":["GET"]}}],"collection":[{"href":"https:\/\/temporada-alta.com\/es\/wp-json\/wp\/v2\/noticia"}],"about":[{"href":"https:\/\/temporada-alta.com\/es\/wp-json\/wp\/v2\/types\/noticia"}],"wp:featuredmedia":[{"embeddable":true,"href":"https:\/\/temporada-alta.com\/es\/wp-json\/wp\/v2\/media\/97375"}],"wp:attachment":[{"href":"https:\/\/temporada-alta.com\/es\/wp-json\/wp\/v2\/media?parent=97380"}],"curies":[{"name":"wp","href":"https:\/\/api.w.org\/{rel}","templated":true}]}}