{"id":97148,"date":"2024-10-16T11:54:15","date_gmt":"2024-10-16T09:54:15","guid":{"rendered":"https:\/\/temporada-alta.com\/noticia\/el-proyecto-de-la-sala-trono-el-monstre-de-josep-maria-miro-gana-el-xviii-premi-quim-maso\/"},"modified":"2024-10-17T09:36:16","modified_gmt":"2024-10-17T07:36:16","slug":"el-proyecto-de-la-sala-trono-el-monstre-de-josep-maria-miro-gana-el-xviii-premi-quim-maso","status":"publish","type":"noticia","link":"https:\/\/temporada-alta.com\/es\/noticia\/el-proyecto-de-la-sala-trono-el-monstre-de-josep-maria-miro-gana-el-xviii-premi-quim-maso\/","title":{"rendered":"El proyecto de la Sala Trono &#8216;El monstre&#8217;, de Josep Maria Mir\u00f3, gana el XVIII Premi Quim Mas\u00f3"},"content":{"rendered":"<div id=\"modal-ready\">\n<p>Ayer al atardecer, otorgamos el <strong>XVIII Premi Quim Mas\u00f3<\/strong> al proyecto <strong><em>El monstre<\/em><\/strong>, producido por la Sala Trono y creado y dirigido por <strong>Josep Maria Mir\u00f3<\/strong>. El montaje, que ser\u00e1 interpretado por Joan Negri\u00e9, Albert Prat y Laura Conejero, habla de los monstruos que cada cual lleva dentro, con los cuales se convive, y la necesidad social de generar monstruos y peligros de los cuales protegerse y atacar.<\/p>\n\n\n\n<p>La proclamaci\u00f3n del proyecto ganador se ha hecho en el marco de las actividades de Temporada Alta 2024, en un acto abierto al p\u00fablico en la Sala La Planeta de Girona, presentado por el escritor Josep Maria Fonalleras y con la actuaci\u00f3n musical y po\u00e9tica de Rosa Pou.<\/p>\n\n\n\n<p>El jurado de la decimoctava edici\u00f3n del Premi Quim Mas\u00f3 2024, el primer galard\u00f3n en Catalu\u00f1a que finanza e impulsa la producci\u00f3n y la exhibici\u00f3n de montajes de texto en lengua catalana, ha seleccionado 3 proyectos finalistas entre las 8 propuestas presentadas. El ganador recibir\u00e1 una dotaci\u00f3n de 40.000 \u20ac, se estrenar\u00e1 en el Grec Festival 2025 y se podr\u00e1 ver en Temporada Alta 2025.<\/p>\n\n\n\n<p>Junto con la propuesta ganadora, las dos obras finalistas han sido <strong><em>Burpees<\/em> <\/strong>de Miquel Mas Fiol con la Cia. Mea culpa y <strong><em>Xapades en or sobre pedra vertical<\/em><\/strong>\u00a0 de Gaia Bautista de la Fundaci\u00f3n Agrupaci\u00f3n Colectiva.<\/p>\n<\/div>","protected":false},"excerpt":{"rendered":"<p>Ayer al atardecer, otorgamos el XVIII Premi Quim Mas\u00f3 al proyecto El monstre, producido por la Sala Trono&#8230;<\/p>\n","protected":false},"featured_media":97139,"template":"","class_list":["post-97148","noticia","type-noticia","status-publish","has-post-thumbnail","hentry"],"acf":[],"yoast_head":"<!-- This site is optimized with the Yoast SEO plugin v27.0 - https:\/\/yoast.com\/product\/yoast-seo-wordpress\/ -->\n<title>El proyecto de la Sala Trono &#039;El monstre&#039;, de Josep Maria Mir\u00f3, gana el XVIII Premi Quim Mas\u00f3 - Temporada Alta<\/title>\n<meta name=\"robots\" content=\"index, follow, max-snippet:-1, max-image-preview:large, max-video-preview:-1\" \/>\n<link rel=\"canonical\" href=\"https:\/\/temporada-alta.com\/es\/noticia\/el-proyecto-de-la-sala-trono-el-monstre-de-josep-maria-miro-gana-el-xviii-premi-quim-maso\/\" \/>\n<meta property=\"og:locale\" content=\"es_ES\" \/>\n<meta property=\"og:type\" content=\"article\" \/>\n<meta property=\"og:title\" content=\"El proyecto de la Sala Trono &#039;El monstre&#039;, de Josep Maria Mir\u00f3, gana el XVIII Premi Quim Mas\u00f3 - Temporada Alta\" \/>\n<meta property=\"og:description\" content=\"Ayer al atardecer, otorgamos el XVIII Premi Quim Mas\u00f3 al proyecto El monstre, producido por la Sala Trono...\" \/>\n<meta property=\"og:url\" content=\"https:\/\/temporada-alta.com\/es\/noticia\/el-proyecto-de-la-sala-trono-el-monstre-de-josep-maria-miro-gana-el-xviii-premi-quim-maso\/\" \/>\n<meta property=\"og:site_name\" content=\"Temporada Alta\" \/>\n<meta property=\"article:modified_time\" content=\"2024-10-17T07:36:16+00:00\" \/>\n<meta property=\"og:image\" content=\"https:\/\/temporada-alta.com\/wp-content\/uploads\/el-monstre-premi-quim-maso.png\" \/>\n\t<meta property=\"og:image:width\" content=\"1000\" \/>\n\t<meta property=\"og:image:height\" content=\"500\" \/>\n\t<meta property=\"og:image:type\" content=\"image\/png\" \/>\n<meta name=\"twitter:card\" content=\"summary_large_image\" \/>\n<script type=\"application\/ld+json\" class=\"yoast-schema-graph\">{\"@context\":\"https:\/\/schema.org\",\"@graph\":[{\"@type\":\"WebPage\",\"@id\":\"https:\/\/temporada-alta.com\/es\/noticia\/el-proyecto-de-la-sala-trono-el-monstre-de-josep-maria-miro-gana-el-xviii-premi-quim-maso\/\",\"url\":\"https:\/\/temporada-alta.com\/es\/noticia\/el-proyecto-de-la-sala-trono-el-monstre-de-josep-maria-miro-gana-el-xviii-premi-quim-maso\/\",\"name\":\"El proyecto de la Sala Trono 'El monstre', de Josep Maria Mir\u00f3, gana el XVIII Premi Quim Mas\u00f3 - Temporada Alta\",\"isPartOf\":{\"@id\":\"https:\/\/temporada-alta.com\/es\/#website\"},\"primaryImageOfPage\":{\"@id\":\"https:\/\/temporada-alta.com\/es\/noticia\/el-proyecto-de-la-sala-trono-el-monstre-de-josep-maria-miro-gana-el-xviii-premi-quim-maso\/#primaryimage\"},\"image\":{\"@id\":\"https:\/\/temporada-alta.com\/es\/noticia\/el-proyecto-de-la-sala-trono-el-monstre-de-josep-maria-miro-gana-el-xviii-premi-quim-maso\/#primaryimage\"},\"thumbnailUrl\":\"https:\/\/temporada-alta.com\/wp-content\/uploads\/el-monstre-premi-quim-maso.png\",\"datePublished\":\"2024-10-16T09:54:15+00:00\",\"dateModified\":\"2024-10-17T07:36:16+00:00\",\"breadcrumb\":{\"@id\":\"https:\/\/temporada-alta.com\/es\/noticia\/el-proyecto-de-la-sala-trono-el-monstre-de-josep-maria-miro-gana-el-xviii-premi-quim-maso\/#breadcrumb\"},\"inLanguage\":\"es\",\"potentialAction\":[{\"@type\":\"ReadAction\",\"target\":[\"https:\/\/temporada-alta.com\/es\/noticia\/el-proyecto-de-la-sala-trono-el-monstre-de-josep-maria-miro-gana-el-xviii-premi-quim-maso\/\"]}]},{\"@type\":\"ImageObject\",\"inLanguage\":\"es\",\"@id\":\"https:\/\/temporada-alta.com\/es\/noticia\/el-proyecto-de-la-sala-trono-el-monstre-de-josep-maria-miro-gana-el-xviii-premi-quim-maso\/#primaryimage\",\"url\":\"https:\/\/temporada-alta.com\/wp-content\/uploads\/el-monstre-premi-quim-maso.png\",\"contentUrl\":\"https:\/\/temporada-alta.com\/wp-content\/uploads\/el-monstre-premi-quim-maso.png\",\"width\":1000,\"height\":500},{\"@type\":\"BreadcrumbList\",\"@id\":\"https:\/\/temporada-alta.com\/es\/noticia\/el-proyecto-de-la-sala-trono-el-monstre-de-josep-maria-miro-gana-el-xviii-premi-quim-maso\/#breadcrumb\",\"itemListElement\":[{\"@type\":\"ListItem\",\"position\":1,\"name\":\"Inici\",\"item\":\"https:\/\/temporada-alta.com\/es\/\"},{\"@type\":\"ListItem\",\"position\":2,\"name\":\"El proyecto de la Sala Trono &#8216;El monstre&#8217;, de Josep Maria Mir\u00f3, gana el XVIII Premi Quim Mas\u00f3\"}]},{\"@type\":\"WebSite\",\"@id\":\"https:\/\/temporada-alta.com\/es\/#website\",\"url\":\"https:\/\/temporada-alta.com\/es\/\",\"name\":\"Temporada Alta\",\"description\":\"Festival d&#039;Arts Esc\u00e8niques\",\"publisher\":{\"@id\":\"https:\/\/temporada-alta.com\/es\/#organization\"},\"potentialAction\":[{\"@type\":\"SearchAction\",\"target\":{\"@type\":\"EntryPoint\",\"urlTemplate\":\"https:\/\/temporada-alta.com\/es\/?s={search_term_string}\"},\"query-input\":{\"@type\":\"PropertyValueSpecification\",\"valueRequired\":true,\"valueName\":\"search_term_string\"}}],\"inLanguage\":\"es\"},{\"@type\":\"Organization\",\"@id\":\"https:\/\/temporada-alta.com\/es\/#organization\",\"name\":\"Temporada Alta\",\"url\":\"https:\/\/temporada-alta.com\/es\/\",\"logo\":{\"@type\":\"ImageObject\",\"inLanguage\":\"es\",\"@id\":\"https:\/\/temporada-alta.com\/es\/#\/schema\/logo\/image\/\",\"url\":\"https:\/\/temporada-alta.com\/wp-content\/uploads\/TA21-Logotip-pos.png\",\"contentUrl\":\"https:\/\/temporada-alta.com\/wp-content\/uploads\/TA21-Logotip-pos.png\",\"width\":800,\"height\":267,\"caption\":\"Temporada Alta\"},\"image\":{\"@id\":\"https:\/\/temporada-alta.com\/es\/#\/schema\/logo\/image\/\"}}]}<\/script>\n<!-- \/ Yoast SEO plugin. -->","yoast_head_json":{"title":"El proyecto de la Sala Trono 'El monstre', de Josep Maria Mir\u00f3, gana el XVIII Premi Quim Mas\u00f3 - Temporada Alta","robots":{"index":"index","follow":"follow","max-snippet":"max-snippet:-1","max-image-preview":"max-image-preview:large","max-video-preview":"max-video-preview:-1"},"canonical":"https:\/\/temporada-alta.com\/es\/noticia\/el-proyecto-de-la-sala-trono-el-monstre-de-josep-maria-miro-gana-el-xviii-premi-quim-maso\/","og_locale":"es_ES","og_type":"article","og_title":"El proyecto de la Sala Trono 'El monstre', de Josep Maria Mir\u00f3, gana el XVIII Premi Quim Mas\u00f3 - Temporada Alta","og_description":"Ayer al atardecer, otorgamos el XVIII Premi Quim Mas\u00f3 al proyecto El monstre, producido por la Sala Trono...","og_url":"https:\/\/temporada-alta.com\/es\/noticia\/el-proyecto-de-la-sala-trono-el-monstre-de-josep-maria-miro-gana-el-xviii-premi-quim-maso\/","og_site_name":"Temporada Alta","article_modified_time":"2024-10-17T07:36:16+00:00","og_image":[{"width":1000,"height":500,"url":"https:\/\/temporada-alta.com\/wp-content\/uploads\/el-monstre-premi-quim-maso.png","type":"image\/png"}],"twitter_card":"summary_large_image","schema":{"@context":"https:\/\/schema.org","@graph":[{"@type":"WebPage","@id":"https:\/\/temporada-alta.com\/es\/noticia\/el-proyecto-de-la-sala-trono-el-monstre-de-josep-maria-miro-gana-el-xviii-premi-quim-maso\/","url":"https:\/\/temporada-alta.com\/es\/noticia\/el-proyecto-de-la-sala-trono-el-monstre-de-josep-maria-miro-gana-el-xviii-premi-quim-maso\/","name":"El proyecto de la Sala Trono 'El monstre', de Josep Maria Mir\u00f3, gana el XVIII Premi Quim Mas\u00f3 - Temporada Alta","isPartOf":{"@id":"https:\/\/temporada-alta.com\/es\/#website"},"primaryImageOfPage":{"@id":"https:\/\/temporada-alta.com\/es\/noticia\/el-proyecto-de-la-sala-trono-el-monstre-de-josep-maria-miro-gana-el-xviii-premi-quim-maso\/#primaryimage"},"image":{"@id":"https:\/\/temporada-alta.com\/es\/noticia\/el-proyecto-de-la-sala-trono-el-monstre-de-josep-maria-miro-gana-el-xviii-premi-quim-maso\/#primaryimage"},"thumbnailUrl":"https:\/\/temporada-alta.com\/wp-content\/uploads\/el-monstre-premi-quim-maso.png","datePublished":"2024-10-16T09:54:15+00:00","dateModified":"2024-10-17T07:36:16+00:00","breadcrumb":{"@id":"https:\/\/temporada-alta.com\/es\/noticia\/el-proyecto-de-la-sala-trono-el-monstre-de-josep-maria-miro-gana-el-xviii-premi-quim-maso\/#breadcrumb"},"inLanguage":"es","potentialAction":[{"@type":"ReadAction","target":["https:\/\/temporada-alta.com\/es\/noticia\/el-proyecto-de-la-sala-trono-el-monstre-de-josep-maria-miro-gana-el-xviii-premi-quim-maso\/"]}]},{"@type":"ImageObject","inLanguage":"es","@id":"https:\/\/temporada-alta.com\/es\/noticia\/el-proyecto-de-la-sala-trono-el-monstre-de-josep-maria-miro-gana-el-xviii-premi-quim-maso\/#primaryimage","url":"https:\/\/temporada-alta.com\/wp-content\/uploads\/el-monstre-premi-quim-maso.png","contentUrl":"https:\/\/temporada-alta.com\/wp-content\/uploads\/el-monstre-premi-quim-maso.png","width":1000,"height":500},{"@type":"BreadcrumbList","@id":"https:\/\/temporada-alta.com\/es\/noticia\/el-proyecto-de-la-sala-trono-el-monstre-de-josep-maria-miro-gana-el-xviii-premi-quim-maso\/#breadcrumb","itemListElement":[{"@type":"ListItem","position":1,"name":"Inici","item":"https:\/\/temporada-alta.com\/es\/"},{"@type":"ListItem","position":2,"name":"El proyecto de la Sala Trono &#8216;El monstre&#8217;, de Josep Maria Mir\u00f3, gana el XVIII Premi Quim Mas\u00f3"}]},{"@type":"WebSite","@id":"https:\/\/temporada-alta.com\/es\/#website","url":"https:\/\/temporada-alta.com\/es\/","name":"Temporada Alta","description":"Festival d&#039;Arts Esc\u00e8niques","publisher":{"@id":"https:\/\/temporada-alta.com\/es\/#organization"},"potentialAction":[{"@type":"SearchAction","target":{"@type":"EntryPoint","urlTemplate":"https:\/\/temporada-alta.com\/es\/?s={search_term_string}"},"query-input":{"@type":"PropertyValueSpecification","valueRequired":true,"valueName":"search_term_string"}}],"inLanguage":"es"},{"@type":"Organization","@id":"https:\/\/temporada-alta.com\/es\/#organization","name":"Temporada Alta","url":"https:\/\/temporada-alta.com\/es\/","logo":{"@type":"ImageObject","inLanguage":"es","@id":"https:\/\/temporada-alta.com\/es\/#\/schema\/logo\/image\/","url":"https:\/\/temporada-alta.com\/wp-content\/uploads\/TA21-Logotip-pos.png","contentUrl":"https:\/\/temporada-alta.com\/wp-content\/uploads\/TA21-Logotip-pos.png","width":800,"height":267,"caption":"Temporada Alta"},"image":{"@id":"https:\/\/temporada-alta.com\/es\/#\/schema\/logo\/image\/"}}]}},"_links":{"self":[{"href":"https:\/\/temporada-alta.com\/es\/wp-json\/wp\/v2\/noticia\/97148","targetHints":{"allow":["GET"]}}],"collection":[{"href":"https:\/\/temporada-alta.com\/es\/wp-json\/wp\/v2\/noticia"}],"about":[{"href":"https:\/\/temporada-alta.com\/es\/wp-json\/wp\/v2\/types\/noticia"}],"wp:featuredmedia":[{"embeddable":true,"href":"https:\/\/temporada-alta.com\/es\/wp-json\/wp\/v2\/media\/97139"}],"wp:attachment":[{"href":"https:\/\/temporada-alta.com\/es\/wp-json\/wp\/v2\/media?parent=97148"}],"curies":[{"name":"wp","href":"https:\/\/api.w.org\/{rel}","templated":true}]}}