{"id":96267,"date":"2024-09-10T13:09:04","date_gmt":"2024-09-10T11:09:04","guid":{"rendered":"https:\/\/temporada-alta.com\/noticia\/inscribete-en-la-incubadora-de-pyrenart-ii\/"},"modified":"2024-09-17T14:05:35","modified_gmt":"2024-09-17T12:05:35","slug":"inscribete-en-la-incubadora-de-pyrenart-ii","status":"publish","type":"noticia","link":"https:\/\/temporada-alta.com\/es\/noticia\/inscribete-en-la-incubadora-de-pyrenart-ii\/","title":{"rendered":"Inscr\u00edbete en la incubadora de Pyrenart II"},"content":{"rendered":"<div id=\"modal-ready\">\n<p>En el marco del programa POCTEFA Interreg, <strong>Pyrenart II<\/strong> se presenta como una continuaci\u00f3n de una iniciativa europea que ya hab\u00edamos acogido en Temporada Alta y que tiene como objetivo fomentar la cooperaci\u00f3n cultural a ambos lados de los Pirineos. El programa apoya a la promoci\u00f3n de la oferta cultural regional y el apoyo a equipos art\u00edsticos.<\/p>\n\n\n\n<p>De este modo, presentamos <strong>la incubadora Pyrenart II<\/strong>, que est\u00e1 dise\u00f1ada para impulsar la empleabilidad de <strong>8 artistas o colectivos de artistas<\/strong> ayud\u00e1ndolos a estructurar sus proyectos art\u00edsticos en el \u00e1mbito del espect\u00e1culo vive (danza, performance, teatro, etc.). Durante un periodo de 2 a\u00f1os, los beneficiarios recibir\u00e1n un apoyo integral, que incluye asesoramiento jur\u00eddico, administrativo y financiero, as\u00ed como apoyo en la producci\u00f3n y distribuci\u00f3n, proporcionado por dos organizaciones socias del programa en Espa\u00f1a y Francia.<\/p>\n\n\n\n<p>Si formas parte de un equipo art\u00edstico que desea desplegar su proyecto a escala internacional, un equipo emergente que necesita ayuda por el despliegue de vuestro espect\u00e1culo, el acompa\u00f1amiento para verificar su potencial y definir su futuro o quer\u00e9is modificar profundamente la est\u00e9tica y\/o vuestra disciplina aplicando un enfoque digital innovador, inscr\u00edbete<strong> antes del 22 de septiembre<\/strong> de 2024 a medianoche a trav\u00e9s de <strong><a href=\"https:\/\/roef7y4j107.typeform.com\/to\/u8hGU9Yd?typeform-source=temporada-alta.com\">este formulario<\/a><\/strong>.<\/p>\n\n\n\n<p>Tambi\u00e9n puedes consultar <strong><a href=\"https:\/\/drive.google.com\/file\/d\/12qefgURJq1PM4Pju15b6tHeV6gX-ayNi\/view\">toda la explicaci\u00f3n detallada<\/a><\/strong> de la convocatoria i encontrar\u00e1s el resto de la informaci\u00f3n en este <strong><a href=\"https:\/\/drive.google.com\/file\/d\/1dRt8-Wx3dVxuexyK194VaZjw0PL2slUv\/view\">annexo<\/a><\/strong>.<\/p>\n<\/div>","protected":false},"excerpt":{"rendered":"<p>En el marco del programa POCTEFA Interreg, Pyrenart II se presenta como una continuaci\u00f3n de una iniciativa europea&#8230;<\/p>\n","protected":false},"featured_media":95671,"template":"","class_list":["post-96267","noticia","type-noticia","status-publish","has-post-thumbnail","hentry"],"acf":[],"yoast_head":"<!-- This site is optimized with the Yoast SEO plugin v27.0 - https:\/\/yoast.com\/product\/yoast-seo-wordpress\/ -->\n<title>Inscr\u00edbete en la incubadora de Pyrenart II - Temporada Alta<\/title>\n<meta name=\"robots\" content=\"index, follow, max-snippet:-1, max-image-preview:large, max-video-preview:-1\" \/>\n<link rel=\"canonical\" href=\"https:\/\/temporada-alta.com\/es\/noticia\/inscribete-en-la-incubadora-de-pyrenart-ii\/\" \/>\n<meta property=\"og:locale\" content=\"es_ES\" \/>\n<meta property=\"og:type\" content=\"article\" \/>\n<meta property=\"og:title\" content=\"Inscr\u00edbete en la incubadora de Pyrenart II - Temporada Alta\" \/>\n<meta property=\"og:description\" content=\"En el marco del programa POCTEFA Interreg, Pyrenart II se presenta como una continuaci\u00f3n de una iniciativa europea...\" \/>\n<meta property=\"og:url\" content=\"https:\/\/temporada-alta.com\/es\/noticia\/inscribete-en-la-incubadora-de-pyrenart-ii\/\" \/>\n<meta property=\"og:site_name\" content=\"Temporada Alta\" \/>\n<meta property=\"article:modified_time\" content=\"2024-09-17T12:05:35+00:00\" \/>\n<meta property=\"og:image\" content=\"https:\/\/temporada-alta.com\/wp-content\/uploads\/totentanz-1.jpg\" \/>\n\t<meta property=\"og:image:width\" content=\"1920\" \/>\n\t<meta property=\"og:image:height\" content=\"1080\" \/>\n\t<meta property=\"og:image:type\" content=\"image\/jpeg\" \/>\n<meta name=\"twitter:card\" content=\"summary_large_image\" \/>\n<script type=\"application\/ld+json\" class=\"yoast-schema-graph\">{\"@context\":\"https:\/\/schema.org\",\"@graph\":[{\"@type\":\"WebPage\",\"@id\":\"https:\/\/temporada-alta.com\/es\/noticia\/inscribete-en-la-incubadora-de-pyrenart-ii\/\",\"url\":\"https:\/\/temporada-alta.com\/es\/noticia\/inscribete-en-la-incubadora-de-pyrenart-ii\/\",\"name\":\"Inscr\u00edbete en la incubadora de Pyrenart II - Temporada Alta\",\"isPartOf\":{\"@id\":\"https:\/\/temporada-alta.com\/es\/#website\"},\"primaryImageOfPage\":{\"@id\":\"https:\/\/temporada-alta.com\/es\/noticia\/inscribete-en-la-incubadora-de-pyrenart-ii\/#primaryimage\"},\"image\":{\"@id\":\"https:\/\/temporada-alta.com\/es\/noticia\/inscribete-en-la-incubadora-de-pyrenart-ii\/#primaryimage\"},\"thumbnailUrl\":\"https:\/\/temporada-alta.com\/wp-content\/uploads\/totentanz-1.jpg\",\"datePublished\":\"2024-09-10T11:09:04+00:00\",\"dateModified\":\"2024-09-17T12:05:35+00:00\",\"breadcrumb\":{\"@id\":\"https:\/\/temporada-alta.com\/es\/noticia\/inscribete-en-la-incubadora-de-pyrenart-ii\/#breadcrumb\"},\"inLanguage\":\"es\",\"potentialAction\":[{\"@type\":\"ReadAction\",\"target\":[\"https:\/\/temporada-alta.com\/es\/noticia\/inscribete-en-la-incubadora-de-pyrenart-ii\/\"]}]},{\"@type\":\"ImageObject\",\"inLanguage\":\"es\",\"@id\":\"https:\/\/temporada-alta.com\/es\/noticia\/inscribete-en-la-incubadora-de-pyrenart-ii\/#primaryimage\",\"url\":\"https:\/\/temporada-alta.com\/wp-content\/uploads\/totentanz-1.jpg\",\"contentUrl\":\"https:\/\/temporada-alta.com\/wp-content\/uploads\/totentanz-1.jpg\",\"width\":1920,\"height\":1080,\"caption\":\"\u00a9 Tanit Plana\"},{\"@type\":\"BreadcrumbList\",\"@id\":\"https:\/\/temporada-alta.com\/es\/noticia\/inscribete-en-la-incubadora-de-pyrenart-ii\/#breadcrumb\",\"itemListElement\":[{\"@type\":\"ListItem\",\"position\":1,\"name\":\"Inici\",\"item\":\"https:\/\/temporada-alta.com\/es\/\"},{\"@type\":\"ListItem\",\"position\":2,\"name\":\"Inscr\u00edbete en la incubadora de Pyrenart II\"}]},{\"@type\":\"WebSite\",\"@id\":\"https:\/\/temporada-alta.com\/es\/#website\",\"url\":\"https:\/\/temporada-alta.com\/es\/\",\"name\":\"Temporada Alta\",\"description\":\"Festival d&#039;Arts Esc\u00e8niques\",\"publisher\":{\"@id\":\"https:\/\/temporada-alta.com\/es\/#organization\"},\"potentialAction\":[{\"@type\":\"SearchAction\",\"target\":{\"@type\":\"EntryPoint\",\"urlTemplate\":\"https:\/\/temporada-alta.com\/es\/?s={search_term_string}\"},\"query-input\":{\"@type\":\"PropertyValueSpecification\",\"valueRequired\":true,\"valueName\":\"search_term_string\"}}],\"inLanguage\":\"es\"},{\"@type\":\"Organization\",\"@id\":\"https:\/\/temporada-alta.com\/es\/#organization\",\"name\":\"Temporada Alta\",\"url\":\"https:\/\/temporada-alta.com\/es\/\",\"logo\":{\"@type\":\"ImageObject\",\"inLanguage\":\"es\",\"@id\":\"https:\/\/temporada-alta.com\/es\/#\/schema\/logo\/image\/\",\"url\":\"https:\/\/temporada-alta.com\/wp-content\/uploads\/TA21-Logotip-pos.png\",\"contentUrl\":\"https:\/\/temporada-alta.com\/wp-content\/uploads\/TA21-Logotip-pos.png\",\"width\":800,\"height\":267,\"caption\":\"Temporada Alta\"},\"image\":{\"@id\":\"https:\/\/temporada-alta.com\/es\/#\/schema\/logo\/image\/\"}}]}<\/script>\n<!-- \/ Yoast SEO plugin. -->","yoast_head_json":{"title":"Inscr\u00edbete en la incubadora de Pyrenart II - Temporada Alta","robots":{"index":"index","follow":"follow","max-snippet":"max-snippet:-1","max-image-preview":"max-image-preview:large","max-video-preview":"max-video-preview:-1"},"canonical":"https:\/\/temporada-alta.com\/es\/noticia\/inscribete-en-la-incubadora-de-pyrenart-ii\/","og_locale":"es_ES","og_type":"article","og_title":"Inscr\u00edbete en la incubadora de Pyrenart II - Temporada Alta","og_description":"En el marco del programa POCTEFA Interreg, Pyrenart II se presenta como una continuaci\u00f3n de una iniciativa europea...","og_url":"https:\/\/temporada-alta.com\/es\/noticia\/inscribete-en-la-incubadora-de-pyrenart-ii\/","og_site_name":"Temporada Alta","article_modified_time":"2024-09-17T12:05:35+00:00","og_image":[{"width":1920,"height":1080,"url":"https:\/\/temporada-alta.com\/wp-content\/uploads\/totentanz-1.jpg","type":"image\/jpeg"}],"twitter_card":"summary_large_image","schema":{"@context":"https:\/\/schema.org","@graph":[{"@type":"WebPage","@id":"https:\/\/temporada-alta.com\/es\/noticia\/inscribete-en-la-incubadora-de-pyrenart-ii\/","url":"https:\/\/temporada-alta.com\/es\/noticia\/inscribete-en-la-incubadora-de-pyrenart-ii\/","name":"Inscr\u00edbete en la incubadora de Pyrenart II - Temporada Alta","isPartOf":{"@id":"https:\/\/temporada-alta.com\/es\/#website"},"primaryImageOfPage":{"@id":"https:\/\/temporada-alta.com\/es\/noticia\/inscribete-en-la-incubadora-de-pyrenart-ii\/#primaryimage"},"image":{"@id":"https:\/\/temporada-alta.com\/es\/noticia\/inscribete-en-la-incubadora-de-pyrenart-ii\/#primaryimage"},"thumbnailUrl":"https:\/\/temporada-alta.com\/wp-content\/uploads\/totentanz-1.jpg","datePublished":"2024-09-10T11:09:04+00:00","dateModified":"2024-09-17T12:05:35+00:00","breadcrumb":{"@id":"https:\/\/temporada-alta.com\/es\/noticia\/inscribete-en-la-incubadora-de-pyrenart-ii\/#breadcrumb"},"inLanguage":"es","potentialAction":[{"@type":"ReadAction","target":["https:\/\/temporada-alta.com\/es\/noticia\/inscribete-en-la-incubadora-de-pyrenart-ii\/"]}]},{"@type":"ImageObject","inLanguage":"es","@id":"https:\/\/temporada-alta.com\/es\/noticia\/inscribete-en-la-incubadora-de-pyrenart-ii\/#primaryimage","url":"https:\/\/temporada-alta.com\/wp-content\/uploads\/totentanz-1.jpg","contentUrl":"https:\/\/temporada-alta.com\/wp-content\/uploads\/totentanz-1.jpg","width":1920,"height":1080,"caption":"\u00a9 Tanit Plana"},{"@type":"BreadcrumbList","@id":"https:\/\/temporada-alta.com\/es\/noticia\/inscribete-en-la-incubadora-de-pyrenart-ii\/#breadcrumb","itemListElement":[{"@type":"ListItem","position":1,"name":"Inici","item":"https:\/\/temporada-alta.com\/es\/"},{"@type":"ListItem","position":2,"name":"Inscr\u00edbete en la incubadora de Pyrenart II"}]},{"@type":"WebSite","@id":"https:\/\/temporada-alta.com\/es\/#website","url":"https:\/\/temporada-alta.com\/es\/","name":"Temporada Alta","description":"Festival d&#039;Arts Esc\u00e8niques","publisher":{"@id":"https:\/\/temporada-alta.com\/es\/#organization"},"potentialAction":[{"@type":"SearchAction","target":{"@type":"EntryPoint","urlTemplate":"https:\/\/temporada-alta.com\/es\/?s={search_term_string}"},"query-input":{"@type":"PropertyValueSpecification","valueRequired":true,"valueName":"search_term_string"}}],"inLanguage":"es"},{"@type":"Organization","@id":"https:\/\/temporada-alta.com\/es\/#organization","name":"Temporada Alta","url":"https:\/\/temporada-alta.com\/es\/","logo":{"@type":"ImageObject","inLanguage":"es","@id":"https:\/\/temporada-alta.com\/es\/#\/schema\/logo\/image\/","url":"https:\/\/temporada-alta.com\/wp-content\/uploads\/TA21-Logotip-pos.png","contentUrl":"https:\/\/temporada-alta.com\/wp-content\/uploads\/TA21-Logotip-pos.png","width":800,"height":267,"caption":"Temporada Alta"},"image":{"@id":"https:\/\/temporada-alta.com\/es\/#\/schema\/logo\/image\/"}}]}},"_links":{"self":[{"href":"https:\/\/temporada-alta.com\/es\/wp-json\/wp\/v2\/noticia\/96267","targetHints":{"allow":["GET"]}}],"collection":[{"href":"https:\/\/temporada-alta.com\/es\/wp-json\/wp\/v2\/noticia"}],"about":[{"href":"https:\/\/temporada-alta.com\/es\/wp-json\/wp\/v2\/types\/noticia"}],"wp:featuredmedia":[{"embeddable":true,"href":"https:\/\/temporada-alta.com\/es\/wp-json\/wp\/v2\/media\/95671"}],"wp:attachment":[{"href":"https:\/\/temporada-alta.com\/es\/wp-json\/wp\/v2\/media?parent=96267"}],"curies":[{"name":"wp","href":"https:\/\/api.w.org\/{rel}","templated":true}]}}