{"id":95583,"date":"2024-08-29T11:27:40","date_gmt":"2024-08-29T09:27:40","guid":{"rendered":"https:\/\/temporada-alta.com\/?post_type=noticia&#038;p=95583"},"modified":"2024-08-29T11:28:23","modified_gmt":"2024-08-29T09:28:23","slug":"temporada-alta-2024-descubre-las-claves-de-la-33a-edicion","status":"publish","type":"noticia","link":"https:\/\/temporada-alta.com\/es\/noticia\/temporada-alta-2024-descubre-las-claves-de-la-33a-edicion\/","title":{"rendered":"Temporada Alta 2024: descubre las claves de la 33\u00aa edici\u00f3n"},"content":{"rendered":"<div id=\"modal-ready\">\n<p>Llega la 33.\u00aa edici\u00f3n de Temporada Alta, que se celebrar\u00e1 del 12 de septiembre al 8 de diciembre, y queremos explicarte en que consistir\u00e1, esencialmente, el festival de este a\u00f1o a trav\u00e9s de sus claves. Tendr\u00e1 un total de 110 espect\u00e1culos, 21 estrenos absolutos, 23 espect\u00e1culos internacionales de 17 pa\u00edses, con cerca de 185 representaciones iniciales y 58.647 entradas a la venta.<\/p>\n\n<p>Aqu\u00ed os explicamos las claves del festival de este a\u00f1o:<\/p>\n\n<ul class=\"wp-block-list\">\n<li>Miramos hacia Europa coproduciendo obras como <em>B\u00e9renice<\/em>, de Romeo Castellucci con Isabelle Huppert, <em>Paisatges compartits<\/em>, liderada por Caroline Barneaud y Stefan Kaegi, <em>Un sublime error<\/em> de la compa\u00f1\u00eda belga Needcompany o <em>Totentanz. Morgen ist die frage<\/em>, la nueva apuesta de La Veronal.<\/li>\n<\/ul>\n\n<ul class=\"wp-block-list\">\n<li><em>Tre modi por non morire<\/em> con la direcci\u00f3n e interpretaci\u00f3n de Toni Servillo, <em>Dans la mesure de l\u2019impossible<\/em> de Tiago Rodrigues, o <em>Age of content<\/em> de la compa\u00f1\u00eda (La)Horde, que lidera el Ballet Nacional de Marseille, son algunos de los espect\u00e1culos internacionales que, junto con las coproducciones y las propuestas de Conexi\u00f3n Iberoam\u00e9rica, configuran el cartel de este a\u00f1o.<\/li>\n<\/ul>\n\n<ul class=\"wp-block-list\">\n<li>Como p\u00f3rtico de la edici\u00f3n 2024, antes de la inauguraci\u00f3n oficial, se podr\u00e1n ver cinco funciones de <em>Carmina Burana<\/em>, el espect\u00e1culo de la Fura dels Baus que llega al festival despu\u00e9s de cautivar a m\u00e1s de 400.000 espectadores en Europa, Asia y Am\u00e9rica.<\/li>\n<\/ul>\n\n<ul class=\"wp-block-list\">\n<li>A continuaci\u00f3n, tendremos un fin de semana inaugural rellenado de estrenos: la apuesta del director y dramaturgo Jordi Casanovas (<em>All\u00e0 lluny hi ha una caseta<\/em>), la versi\u00f3n libre de <em>Gaviota<\/em> del director argentino Guillermo Cacace, el estreno absoluto de David Mamet con Emma Vilarasau, Marta Marco i Emma Arquillu\u00e9 en escena (<em>Un matrimoni en Boston<\/em>) y el proyecto europeo <em>Paisatges compartits<\/em>, entre otros de otras propuestas.<\/li>\n<\/ul>\n\n<ul class=\"wp-block-list\">\n<li>Nos mantenemos fieles al impulso de la creaci\u00f3n esc\u00e9nica catalana y este a\u00f1o coproducimos 11 espect\u00e1culos de creaci\u00f3n catalana de artistas como Oriol Pla (<em>Gola<\/em>), Lucia del Greco (<em>Pura passi\u00f3<\/em>), Jordi Casanovas (<em>All\u00e0 lluny hi ha una caseta<\/em>), cabosanroque (<em>El castor que plorava<\/em>), Aina Tur (<em>Sis hect\u00e0rees d&#8217;oliveres<\/em>), Ll\u00e0tzer Garcia (<em>Bartleby<\/em>), Les impuxibles (<em>Caramel<\/em>) y Jos\u00e9 y sus hermanas (<em>Morir lo hace todo el mundo<\/em>).<\/li>\n<\/ul>\n\n<ul class=\"wp-block-list\">\n<li>El ciclo Conexi\u00f3n Iberoam\u00e9rica vuelve con fuerza presentando 8 espect\u00e1culos y varios estrenos en Catalu\u00f1a: <em>Centroam\u00e9rica<\/em> de Lagartijas tiradas al sol, <em>Kill me<\/em> de Marina Otero, <em>Tierra<\/em> de Sergio Blanco y <em>Temis<\/em> de la Compa\u00f1\u00eda Bonobo son algunas de las obras m\u00e1s destacadas.<\/li>\n<\/ul>\n\n<ul class=\"wp-block-list\">\n<li>La Semana de Programadores recibe un nuevo impulso y pasa a denominarse Big bang para mostrar una explosi\u00f3n de talento aprovechando la presencia de programadores internacionales. Aquellos d\u00edas se podr\u00e1n ver artistas como Romeo Castellucci con Isabelle Huppert, La Veronal, cabosanroque, Azkona-Toloza, El Conde de Torrefiel, Atresbandes o Marina Otero.<\/li>\n<\/ul>\n\n<ul class=\"wp-block-list\">\n<li>En esta 33.\u00aa edici\u00f3n destacan las lecturas dramatizadas con grandes nombres de la escena catalana como Jordi Boixaderas (<em>Rousseau<\/em>), Pere Arquillu\u00e9 y Josep Maria Fonalleras (<em>Fe, fidelitat i saviesa<\/em>), Carme Elias i Ramon Madaula (<em>Cartes d&#8217;amor<\/em>) y Carlos Cuevas (<em>Thoreau \u2013 Walden<\/em>).<\/li>\n<\/ul>\n\n<ul class=\"wp-block-list\">\n<li>La Fundaci\u00f3 La Ciutat Invisible, con el proyecto A Tempo, vuelve a las aulas con 11 propuestas dirigidas a educaci\u00f3n infantil, primaria, secundaria y especial y organiza de nuevo el Torneo de Dramaturgia en los Institutos.<\/li>\n<\/ul>\n<\/div>","protected":false},"excerpt":{"rendered":"<p>Llega la 33.\u00aa edici\u00f3n de Temporada Alta, que se celebrar\u00e1 del 12 de septiembre al 8 de diciembre,&#8230;<\/p>\n","protected":false},"featured_media":92983,"template":"","class_list":["post-95583","noticia","type-noticia","status-publish","has-post-thumbnail","hentry"],"acf":[],"yoast_head":"<!-- This site is optimized with the Yoast SEO plugin v27.0 - https:\/\/yoast.com\/product\/yoast-seo-wordpress\/ -->\n<title>Temporada Alta 2024: descubre las claves de la 33\u00aa edici\u00f3n - Temporada Alta<\/title>\n<meta name=\"robots\" content=\"index, follow, max-snippet:-1, max-image-preview:large, max-video-preview:-1\" \/>\n<link rel=\"canonical\" href=\"https:\/\/temporada-alta.com\/es\/noticia\/temporada-alta-2024-descubre-las-claves-de-la-33a-edicion\/\" \/>\n<meta property=\"og:locale\" content=\"es_ES\" \/>\n<meta property=\"og:type\" content=\"article\" \/>\n<meta property=\"og:title\" content=\"Temporada Alta 2024: descubre las claves de la 33\u00aa edici\u00f3n - Temporada Alta\" \/>\n<meta property=\"og:description\" content=\"Llega la 33.\u00aa edici\u00f3n de Temporada Alta, que se celebrar\u00e1 del 12 de septiembre al 8 de diciembre,...\" \/>\n<meta property=\"og:url\" content=\"https:\/\/temporada-alta.com\/es\/noticia\/temporada-alta-2024-descubre-las-claves-de-la-33a-edicion\/\" \/>\n<meta property=\"og:site_name\" content=\"Temporada Alta\" \/>\n<meta property=\"article:modified_time\" content=\"2024-08-29T09:28:23+00:00\" \/>\n<meta property=\"og:image\" content=\"https:\/\/temporada-alta.com\/wp-content\/uploads\/lahorde_alt.jpg\" \/>\n\t<meta property=\"og:image:width\" content=\"1920\" \/>\n\t<meta property=\"og:image:height\" content=\"1080\" \/>\n\t<meta property=\"og:image:type\" content=\"image\/jpeg\" \/>\n<meta name=\"twitter:card\" content=\"summary_large_image\" \/>\n<script type=\"application\/ld+json\" class=\"yoast-schema-graph\">{\"@context\":\"https:\/\/schema.org\",\"@graph\":[{\"@type\":\"WebPage\",\"@id\":\"https:\/\/temporada-alta.com\/es\/noticia\/temporada-alta-2024-descubre-las-claves-de-la-33a-edicion\/\",\"url\":\"https:\/\/temporada-alta.com\/es\/noticia\/temporada-alta-2024-descubre-las-claves-de-la-33a-edicion\/\",\"name\":\"Temporada Alta 2024: descubre las claves de la 33\u00aa edici\u00f3n - Temporada Alta\",\"isPartOf\":{\"@id\":\"https:\/\/temporada-alta.com\/es\/#website\"},\"primaryImageOfPage\":{\"@id\":\"https:\/\/temporada-alta.com\/es\/noticia\/temporada-alta-2024-descubre-las-claves-de-la-33a-edicion\/#primaryimage\"},\"image\":{\"@id\":\"https:\/\/temporada-alta.com\/es\/noticia\/temporada-alta-2024-descubre-las-claves-de-la-33a-edicion\/#primaryimage\"},\"thumbnailUrl\":\"https:\/\/temporada-alta.com\/wp-content\/uploads\/lahorde_alt.jpg\",\"datePublished\":\"2024-08-29T09:27:40+00:00\",\"dateModified\":\"2024-08-29T09:28:23+00:00\",\"breadcrumb\":{\"@id\":\"https:\/\/temporada-alta.com\/es\/noticia\/temporada-alta-2024-descubre-las-claves-de-la-33a-edicion\/#breadcrumb\"},\"inLanguage\":\"es\",\"potentialAction\":[{\"@type\":\"ReadAction\",\"target\":[\"https:\/\/temporada-alta.com\/es\/noticia\/temporada-alta-2024-descubre-las-claves-de-la-33a-edicion\/\"]}]},{\"@type\":\"ImageObject\",\"inLanguage\":\"es\",\"@id\":\"https:\/\/temporada-alta.com\/es\/noticia\/temporada-alta-2024-descubre-las-claves-de-la-33a-edicion\/#primaryimage\",\"url\":\"https:\/\/temporada-alta.com\/wp-content\/uploads\/lahorde_alt.jpg\",\"contentUrl\":\"https:\/\/temporada-alta.com\/wp-content\/uploads\/lahorde_alt.jpg\",\"width\":1920,\"height\":1080,\"caption\":\"Age of Content \u00a9 Blandine Soulage\"},{\"@type\":\"BreadcrumbList\",\"@id\":\"https:\/\/temporada-alta.com\/es\/noticia\/temporada-alta-2024-descubre-las-claves-de-la-33a-edicion\/#breadcrumb\",\"itemListElement\":[{\"@type\":\"ListItem\",\"position\":1,\"name\":\"Inici\",\"item\":\"https:\/\/temporada-alta.com\/es\/\"},{\"@type\":\"ListItem\",\"position\":2,\"name\":\"Temporada Alta 2024: descubre las claves de la 33\u00aa edici\u00f3n\"}]},{\"@type\":\"WebSite\",\"@id\":\"https:\/\/temporada-alta.com\/es\/#website\",\"url\":\"https:\/\/temporada-alta.com\/es\/\",\"name\":\"Temporada Alta\",\"description\":\"Festival d&#039;Arts Esc\u00e8niques\",\"publisher\":{\"@id\":\"https:\/\/temporada-alta.com\/es\/#organization\"},\"potentialAction\":[{\"@type\":\"SearchAction\",\"target\":{\"@type\":\"EntryPoint\",\"urlTemplate\":\"https:\/\/temporada-alta.com\/es\/?s={search_term_string}\"},\"query-input\":{\"@type\":\"PropertyValueSpecification\",\"valueRequired\":true,\"valueName\":\"search_term_string\"}}],\"inLanguage\":\"es\"},{\"@type\":\"Organization\",\"@id\":\"https:\/\/temporada-alta.com\/es\/#organization\",\"name\":\"Temporada Alta\",\"url\":\"https:\/\/temporada-alta.com\/es\/\",\"logo\":{\"@type\":\"ImageObject\",\"inLanguage\":\"es\",\"@id\":\"https:\/\/temporada-alta.com\/es\/#\/schema\/logo\/image\/\",\"url\":\"https:\/\/temporada-alta.com\/wp-content\/uploads\/TA21-Logotip-pos.png\",\"contentUrl\":\"https:\/\/temporada-alta.com\/wp-content\/uploads\/TA21-Logotip-pos.png\",\"width\":800,\"height\":267,\"caption\":\"Temporada Alta\"},\"image\":{\"@id\":\"https:\/\/temporada-alta.com\/es\/#\/schema\/logo\/image\/\"}}]}<\/script>\n<!-- \/ Yoast SEO plugin. -->","yoast_head_json":{"title":"Temporada Alta 2024: descubre las claves de la 33\u00aa edici\u00f3n - Temporada Alta","robots":{"index":"index","follow":"follow","max-snippet":"max-snippet:-1","max-image-preview":"max-image-preview:large","max-video-preview":"max-video-preview:-1"},"canonical":"https:\/\/temporada-alta.com\/es\/noticia\/temporada-alta-2024-descubre-las-claves-de-la-33a-edicion\/","og_locale":"es_ES","og_type":"article","og_title":"Temporada Alta 2024: descubre las claves de la 33\u00aa edici\u00f3n - Temporada Alta","og_description":"Llega la 33.\u00aa edici\u00f3n de Temporada Alta, que se celebrar\u00e1 del 12 de septiembre al 8 de diciembre,...","og_url":"https:\/\/temporada-alta.com\/es\/noticia\/temporada-alta-2024-descubre-las-claves-de-la-33a-edicion\/","og_site_name":"Temporada Alta","article_modified_time":"2024-08-29T09:28:23+00:00","og_image":[{"width":1920,"height":1080,"url":"https:\/\/temporada-alta.com\/wp-content\/uploads\/lahorde_alt.jpg","type":"image\/jpeg"}],"twitter_card":"summary_large_image","schema":{"@context":"https:\/\/schema.org","@graph":[{"@type":"WebPage","@id":"https:\/\/temporada-alta.com\/es\/noticia\/temporada-alta-2024-descubre-las-claves-de-la-33a-edicion\/","url":"https:\/\/temporada-alta.com\/es\/noticia\/temporada-alta-2024-descubre-las-claves-de-la-33a-edicion\/","name":"Temporada Alta 2024: descubre las claves de la 33\u00aa edici\u00f3n - Temporada Alta","isPartOf":{"@id":"https:\/\/temporada-alta.com\/es\/#website"},"primaryImageOfPage":{"@id":"https:\/\/temporada-alta.com\/es\/noticia\/temporada-alta-2024-descubre-las-claves-de-la-33a-edicion\/#primaryimage"},"image":{"@id":"https:\/\/temporada-alta.com\/es\/noticia\/temporada-alta-2024-descubre-las-claves-de-la-33a-edicion\/#primaryimage"},"thumbnailUrl":"https:\/\/temporada-alta.com\/wp-content\/uploads\/lahorde_alt.jpg","datePublished":"2024-08-29T09:27:40+00:00","dateModified":"2024-08-29T09:28:23+00:00","breadcrumb":{"@id":"https:\/\/temporada-alta.com\/es\/noticia\/temporada-alta-2024-descubre-las-claves-de-la-33a-edicion\/#breadcrumb"},"inLanguage":"es","potentialAction":[{"@type":"ReadAction","target":["https:\/\/temporada-alta.com\/es\/noticia\/temporada-alta-2024-descubre-las-claves-de-la-33a-edicion\/"]}]},{"@type":"ImageObject","inLanguage":"es","@id":"https:\/\/temporada-alta.com\/es\/noticia\/temporada-alta-2024-descubre-las-claves-de-la-33a-edicion\/#primaryimage","url":"https:\/\/temporada-alta.com\/wp-content\/uploads\/lahorde_alt.jpg","contentUrl":"https:\/\/temporada-alta.com\/wp-content\/uploads\/lahorde_alt.jpg","width":1920,"height":1080,"caption":"Age of Content \u00a9 Blandine Soulage"},{"@type":"BreadcrumbList","@id":"https:\/\/temporada-alta.com\/es\/noticia\/temporada-alta-2024-descubre-las-claves-de-la-33a-edicion\/#breadcrumb","itemListElement":[{"@type":"ListItem","position":1,"name":"Inici","item":"https:\/\/temporada-alta.com\/es\/"},{"@type":"ListItem","position":2,"name":"Temporada Alta 2024: descubre las claves de la 33\u00aa edici\u00f3n"}]},{"@type":"WebSite","@id":"https:\/\/temporada-alta.com\/es\/#website","url":"https:\/\/temporada-alta.com\/es\/","name":"Temporada Alta","description":"Festival d&#039;Arts Esc\u00e8niques","publisher":{"@id":"https:\/\/temporada-alta.com\/es\/#organization"},"potentialAction":[{"@type":"SearchAction","target":{"@type":"EntryPoint","urlTemplate":"https:\/\/temporada-alta.com\/es\/?s={search_term_string}"},"query-input":{"@type":"PropertyValueSpecification","valueRequired":true,"valueName":"search_term_string"}}],"inLanguage":"es"},{"@type":"Organization","@id":"https:\/\/temporada-alta.com\/es\/#organization","name":"Temporada Alta","url":"https:\/\/temporada-alta.com\/es\/","logo":{"@type":"ImageObject","inLanguage":"es","@id":"https:\/\/temporada-alta.com\/es\/#\/schema\/logo\/image\/","url":"https:\/\/temporada-alta.com\/wp-content\/uploads\/TA21-Logotip-pos.png","contentUrl":"https:\/\/temporada-alta.com\/wp-content\/uploads\/TA21-Logotip-pos.png","width":800,"height":267,"caption":"Temporada Alta"},"image":{"@id":"https:\/\/temporada-alta.com\/es\/#\/schema\/logo\/image\/"}}]}},"_links":{"self":[{"href":"https:\/\/temporada-alta.com\/es\/wp-json\/wp\/v2\/noticia\/95583","targetHints":{"allow":["GET"]}}],"collection":[{"href":"https:\/\/temporada-alta.com\/es\/wp-json\/wp\/v2\/noticia"}],"about":[{"href":"https:\/\/temporada-alta.com\/es\/wp-json\/wp\/v2\/types\/noticia"}],"wp:featuredmedia":[{"embeddable":true,"href":"https:\/\/temporada-alta.com\/es\/wp-json\/wp\/v2\/media\/92983"}],"wp:attachment":[{"href":"https:\/\/temporada-alta.com\/es\/wp-json\/wp\/v2\/media?parent=95583"}],"curies":[{"name":"wp","href":"https:\/\/api.w.org\/{rel}","templated":true}]}}