{"id":92103,"date":"2024-06-13T09:42:40","date_gmt":"2024-06-13T07:42:40","guid":{"rendered":"https:\/\/temporada-alta.com\/?post_type=noticia&#038;p=92103"},"modified":"2024-06-13T16:46:53","modified_gmt":"2024-06-13T14:46:53","slug":"presentamos-el-cartel-y-el-protagonista-del-corto-de-ta24","status":"publish","type":"noticia","link":"https:\/\/temporada-alta.com\/es\/noticia\/presentamos-el-cartel-y-el-protagonista-del-corto-de-ta24\/","title":{"rendered":"Presentamos el cartel y el protagonista del corto de TA24"},"content":{"rendered":"<div id=\"modal-ready\">\n<p>Siguiendo la l\u00ednea de colaborar con reconocidos artistas pl\u00e1sticos para dise\u00f1ar el cartel del festival, este a\u00f1o, desde Temporada Alta hemos contado con <strong>Isabel Banal<\/strong> (Castellfollit de la Roca, 1963) para la edici\u00f3n de 2024. Su obra deriva de una serie de trabajos fotogr\u00e1ficos donde la artista pone en relaci\u00f3n elementos de la naturaleza y la vida cotidiana con su cuerpo. En este caso, coloca a la altura de la cabeza, a manera de m\u00e1scara un bid\u00f3n de agua para interpelar, consciente de los momentos que estamos viviendo de cambio clim\u00e1tico y sequ\u00eda, sobre la p\u00e9rdida del valor sagrado del agua y de c\u00f3mo ha pasado a ser un art\u00edculo de consumo m\u00e1s.<\/p>\n\n\n\n<p>De esta forma, Isabel Banal se suma a una extensa lista de personalidades que han colaborado con el festival en la creaci\u00f3n del cartel, como Antoni T\u00e0pies, Cristina de Middel, Carles Santos, Carmen Calvo, Joan Fontcuberta, Eul\u00e0lia Valldosera, Narc\u00eds Comadira, Eug\u00e8nia Balcells, Frederic Amat, Carme Sanglas, Enric Pladevall o Ferran Adri\u00e0, entre otros.<\/p>\n\n\n\n<p>Por otro lado, el corto de presentaci\u00f3n del festival ser\u00e1 protagonizado por <strong>Oriol Pla<\/strong>, que tambi\u00e9n presentar\u00e1, en esta edici\u00f3n, su nuevo espect\u00e1culo como creador: <em>Gola<\/em>. Bajo la direcci\u00f3n audiovisual de Salvador Sunyer i Vidal, autor de los primeros cortos del festival, este in\u00e9dito equipo art\u00edstico toma el relevo de Albert Serra e Isaki Lacuesta, directores de los cortos de las \u00faltimas ediciones.<\/p>\n\n\n\n<figure class=\"wp-block-embed is-type-video is-provider-youtube wp-block-embed-youtube wp-embed-aspect-16-9 wp-has-aspect-ratio\"><div class=\"wp-block-embed__wrapper\">\n<iframe loading=\"lazy\" title=\"Isabel Banal, artista del cartell de Temporada Alta 2024\" width=\"500\" height=\"281\" src=\"https:\/\/www.youtube.com\/embed\/bjVLeRUZZ0c?feature=oembed&#038;enablejsapi=1&#038;origin=https:\/\/temporada-alta.com\" frameborder=\"0\" allow=\"accelerometer; autoplay; clipboard-write; encrypted-media; gyroscope; picture-in-picture; web-share\" referrerpolicy=\"strict-origin-when-cross-origin\" allowfullscreen><\/iframe>\n<\/div><\/figure>\n<\/div>","protected":false},"excerpt":{"rendered":"<p>Siguiendo la l\u00ednea de colaborar con reconocidos artistas pl\u00e1sticos para dise\u00f1ar el cartel del festival, este a\u00f1o, desde&#8230;<\/p>\n","protected":false},"featured_media":92101,"template":"","class_list":["post-92103","noticia","type-noticia","status-publish","has-post-thumbnail","hentry"],"acf":[],"yoast_head":"<!-- This site is optimized with the Yoast SEO plugin v27.0 - https:\/\/yoast.com\/product\/yoast-seo-wordpress\/ -->\n<title>Presentamos el cartel y el protagonista del corto de TA24 - Temporada Alta<\/title>\n<meta name=\"robots\" content=\"index, follow, max-snippet:-1, max-image-preview:large, max-video-preview:-1\" \/>\n<link rel=\"canonical\" href=\"https:\/\/temporada-alta.com\/es\/noticia\/presentamos-el-cartel-y-el-protagonista-del-corto-de-ta24\/\" \/>\n<meta property=\"og:locale\" content=\"es_ES\" \/>\n<meta property=\"og:type\" content=\"article\" \/>\n<meta property=\"og:title\" content=\"Presentamos el cartel y el protagonista del corto de TA24 - Temporada Alta\" \/>\n<meta property=\"og:description\" content=\"Siguiendo la l\u00ednea de colaborar con reconocidos artistas pl\u00e1sticos para dise\u00f1ar el cartel del festival, este a\u00f1o, desde...\" \/>\n<meta property=\"og:url\" content=\"https:\/\/temporada-alta.com\/es\/noticia\/presentamos-el-cartel-y-el-protagonista-del-corto-de-ta24\/\" \/>\n<meta property=\"og:site_name\" content=\"Temporada Alta\" \/>\n<meta property=\"article:modified_time\" content=\"2024-06-13T14:46:53+00:00\" \/>\n<meta property=\"og:image\" content=\"https:\/\/temporada-alta.com\/wp-content\/uploads\/el-cartell-ta24.jpg\" \/>\n\t<meta property=\"og:image:width\" content=\"1000\" \/>\n\t<meta property=\"og:image:height\" content=\"500\" \/>\n\t<meta property=\"og:image:type\" content=\"image\/jpeg\" \/>\n<meta name=\"twitter:card\" content=\"summary_large_image\" \/>\n<script type=\"application\/ld+json\" class=\"yoast-schema-graph\">{\"@context\":\"https:\/\/schema.org\",\"@graph\":[{\"@type\":\"WebPage\",\"@id\":\"https:\/\/temporada-alta.com\/es\/noticia\/presentamos-el-cartel-y-el-protagonista-del-corto-de-ta24\/\",\"url\":\"https:\/\/temporada-alta.com\/es\/noticia\/presentamos-el-cartel-y-el-protagonista-del-corto-de-ta24\/\",\"name\":\"Presentamos el cartel y el protagonista del corto de TA24 - Temporada Alta\",\"isPartOf\":{\"@id\":\"https:\/\/temporada-alta.com\/es\/#website\"},\"primaryImageOfPage\":{\"@id\":\"https:\/\/temporada-alta.com\/es\/noticia\/presentamos-el-cartel-y-el-protagonista-del-corto-de-ta24\/#primaryimage\"},\"image\":{\"@id\":\"https:\/\/temporada-alta.com\/es\/noticia\/presentamos-el-cartel-y-el-protagonista-del-corto-de-ta24\/#primaryimage\"},\"thumbnailUrl\":\"https:\/\/temporada-alta.com\/wp-content\/uploads\/el-cartell-ta24.jpg\",\"datePublished\":\"2024-06-13T07:42:40+00:00\",\"dateModified\":\"2024-06-13T14:46:53+00:00\",\"breadcrumb\":{\"@id\":\"https:\/\/temporada-alta.com\/es\/noticia\/presentamos-el-cartel-y-el-protagonista-del-corto-de-ta24\/#breadcrumb\"},\"inLanguage\":\"es\",\"potentialAction\":[{\"@type\":\"ReadAction\",\"target\":[\"https:\/\/temporada-alta.com\/es\/noticia\/presentamos-el-cartel-y-el-protagonista-del-corto-de-ta24\/\"]}]},{\"@type\":\"ImageObject\",\"inLanguage\":\"es\",\"@id\":\"https:\/\/temporada-alta.com\/es\/noticia\/presentamos-el-cartel-y-el-protagonista-del-corto-de-ta24\/#primaryimage\",\"url\":\"https:\/\/temporada-alta.com\/wp-content\/uploads\/el-cartell-ta24.jpg\",\"contentUrl\":\"https:\/\/temporada-alta.com\/wp-content\/uploads\/el-cartell-ta24.jpg\",\"width\":1000,\"height\":500},{\"@type\":\"BreadcrumbList\",\"@id\":\"https:\/\/temporada-alta.com\/es\/noticia\/presentamos-el-cartel-y-el-protagonista-del-corto-de-ta24\/#breadcrumb\",\"itemListElement\":[{\"@type\":\"ListItem\",\"position\":1,\"name\":\"Inici\",\"item\":\"https:\/\/temporada-alta.com\/es\/\"},{\"@type\":\"ListItem\",\"position\":2,\"name\":\"Presentamos el cartel y el protagonista del corto de TA24\"}]},{\"@type\":\"WebSite\",\"@id\":\"https:\/\/temporada-alta.com\/es\/#website\",\"url\":\"https:\/\/temporada-alta.com\/es\/\",\"name\":\"Temporada Alta\",\"description\":\"Festival d&#039;Arts Esc\u00e8niques\",\"publisher\":{\"@id\":\"https:\/\/temporada-alta.com\/es\/#organization\"},\"potentialAction\":[{\"@type\":\"SearchAction\",\"target\":{\"@type\":\"EntryPoint\",\"urlTemplate\":\"https:\/\/temporada-alta.com\/es\/?s={search_term_string}\"},\"query-input\":{\"@type\":\"PropertyValueSpecification\",\"valueRequired\":true,\"valueName\":\"search_term_string\"}}],\"inLanguage\":\"es\"},{\"@type\":\"Organization\",\"@id\":\"https:\/\/temporada-alta.com\/es\/#organization\",\"name\":\"Temporada Alta\",\"url\":\"https:\/\/temporada-alta.com\/es\/\",\"logo\":{\"@type\":\"ImageObject\",\"inLanguage\":\"es\",\"@id\":\"https:\/\/temporada-alta.com\/es\/#\/schema\/logo\/image\/\",\"url\":\"https:\/\/temporada-alta.com\/wp-content\/uploads\/TA21-Logotip-pos.png\",\"contentUrl\":\"https:\/\/temporada-alta.com\/wp-content\/uploads\/TA21-Logotip-pos.png\",\"width\":800,\"height\":267,\"caption\":\"Temporada Alta\"},\"image\":{\"@id\":\"https:\/\/temporada-alta.com\/es\/#\/schema\/logo\/image\/\"}}]}<\/script>\n<!-- \/ Yoast SEO plugin. -->","yoast_head_json":{"title":"Presentamos el cartel y el protagonista del corto de TA24 - Temporada Alta","robots":{"index":"index","follow":"follow","max-snippet":"max-snippet:-1","max-image-preview":"max-image-preview:large","max-video-preview":"max-video-preview:-1"},"canonical":"https:\/\/temporada-alta.com\/es\/noticia\/presentamos-el-cartel-y-el-protagonista-del-corto-de-ta24\/","og_locale":"es_ES","og_type":"article","og_title":"Presentamos el cartel y el protagonista del corto de TA24 - Temporada Alta","og_description":"Siguiendo la l\u00ednea de colaborar con reconocidos artistas pl\u00e1sticos para dise\u00f1ar el cartel del festival, este a\u00f1o, desde...","og_url":"https:\/\/temporada-alta.com\/es\/noticia\/presentamos-el-cartel-y-el-protagonista-del-corto-de-ta24\/","og_site_name":"Temporada Alta","article_modified_time":"2024-06-13T14:46:53+00:00","og_image":[{"width":1000,"height":500,"url":"https:\/\/temporada-alta.com\/wp-content\/uploads\/el-cartell-ta24.jpg","type":"image\/jpeg"}],"twitter_card":"summary_large_image","schema":{"@context":"https:\/\/schema.org","@graph":[{"@type":"WebPage","@id":"https:\/\/temporada-alta.com\/es\/noticia\/presentamos-el-cartel-y-el-protagonista-del-corto-de-ta24\/","url":"https:\/\/temporada-alta.com\/es\/noticia\/presentamos-el-cartel-y-el-protagonista-del-corto-de-ta24\/","name":"Presentamos el cartel y el protagonista del corto de TA24 - Temporada Alta","isPartOf":{"@id":"https:\/\/temporada-alta.com\/es\/#website"},"primaryImageOfPage":{"@id":"https:\/\/temporada-alta.com\/es\/noticia\/presentamos-el-cartel-y-el-protagonista-del-corto-de-ta24\/#primaryimage"},"image":{"@id":"https:\/\/temporada-alta.com\/es\/noticia\/presentamos-el-cartel-y-el-protagonista-del-corto-de-ta24\/#primaryimage"},"thumbnailUrl":"https:\/\/temporada-alta.com\/wp-content\/uploads\/el-cartell-ta24.jpg","datePublished":"2024-06-13T07:42:40+00:00","dateModified":"2024-06-13T14:46:53+00:00","breadcrumb":{"@id":"https:\/\/temporada-alta.com\/es\/noticia\/presentamos-el-cartel-y-el-protagonista-del-corto-de-ta24\/#breadcrumb"},"inLanguage":"es","potentialAction":[{"@type":"ReadAction","target":["https:\/\/temporada-alta.com\/es\/noticia\/presentamos-el-cartel-y-el-protagonista-del-corto-de-ta24\/"]}]},{"@type":"ImageObject","inLanguage":"es","@id":"https:\/\/temporada-alta.com\/es\/noticia\/presentamos-el-cartel-y-el-protagonista-del-corto-de-ta24\/#primaryimage","url":"https:\/\/temporada-alta.com\/wp-content\/uploads\/el-cartell-ta24.jpg","contentUrl":"https:\/\/temporada-alta.com\/wp-content\/uploads\/el-cartell-ta24.jpg","width":1000,"height":500},{"@type":"BreadcrumbList","@id":"https:\/\/temporada-alta.com\/es\/noticia\/presentamos-el-cartel-y-el-protagonista-del-corto-de-ta24\/#breadcrumb","itemListElement":[{"@type":"ListItem","position":1,"name":"Inici","item":"https:\/\/temporada-alta.com\/es\/"},{"@type":"ListItem","position":2,"name":"Presentamos el cartel y el protagonista del corto de TA24"}]},{"@type":"WebSite","@id":"https:\/\/temporada-alta.com\/es\/#website","url":"https:\/\/temporada-alta.com\/es\/","name":"Temporada Alta","description":"Festival d&#039;Arts Esc\u00e8niques","publisher":{"@id":"https:\/\/temporada-alta.com\/es\/#organization"},"potentialAction":[{"@type":"SearchAction","target":{"@type":"EntryPoint","urlTemplate":"https:\/\/temporada-alta.com\/es\/?s={search_term_string}"},"query-input":{"@type":"PropertyValueSpecification","valueRequired":true,"valueName":"search_term_string"}}],"inLanguage":"es"},{"@type":"Organization","@id":"https:\/\/temporada-alta.com\/es\/#organization","name":"Temporada Alta","url":"https:\/\/temporada-alta.com\/es\/","logo":{"@type":"ImageObject","inLanguage":"es","@id":"https:\/\/temporada-alta.com\/es\/#\/schema\/logo\/image\/","url":"https:\/\/temporada-alta.com\/wp-content\/uploads\/TA21-Logotip-pos.png","contentUrl":"https:\/\/temporada-alta.com\/wp-content\/uploads\/TA21-Logotip-pos.png","width":800,"height":267,"caption":"Temporada Alta"},"image":{"@id":"https:\/\/temporada-alta.com\/es\/#\/schema\/logo\/image\/"}}]}},"_links":{"self":[{"href":"https:\/\/temporada-alta.com\/es\/wp-json\/wp\/v2\/noticia\/92103","targetHints":{"allow":["GET"]}}],"collection":[{"href":"https:\/\/temporada-alta.com\/es\/wp-json\/wp\/v2\/noticia"}],"about":[{"href":"https:\/\/temporada-alta.com\/es\/wp-json\/wp\/v2\/types\/noticia"}],"wp:featuredmedia":[{"embeddable":true,"href":"https:\/\/temporada-alta.com\/es\/wp-json\/wp\/v2\/media\/92101"}],"wp:attachment":[{"href":"https:\/\/temporada-alta.com\/es\/wp-json\/wp\/v2\/media?parent=92103"}],"curies":[{"name":"wp","href":"https:\/\/api.w.org\/{rel}","templated":true}]}}