{"id":91364,"date":"2024-04-15T12:03:45","date_gmt":"2024-04-15T10:03:45","guid":{"rendered":"https:\/\/temporada-alta.com\/noticia\/el-cercle-se-reune-en-la-fundacio-josep-pla-para-hacer-balance-de-las-actividades-de-2023-de-la-fundacio-la-ciutat-inivisible\/"},"modified":"2024-04-17T16:39:01","modified_gmt":"2024-04-17T14:39:01","slug":"el-cercle-se-reune-en-la-fundacio-josep-pla-para-hacer-balance-de-las-actividades-de-2023-de-la-fundacio-la-ciutat-inivisible","status":"publish","type":"noticia","link":"https:\/\/temporada-alta.com\/es\/noticia\/el-cercle-se-reune-en-la-fundacio-josep-pla-para-hacer-balance-de-las-actividades-de-2023-de-la-fundacio-la-ciutat-inivisible\/","title":{"rendered":"El Cercle se re\u00fane en la Fundaci\u00f3 Josep Pla para hacer balance de las actividades de 2023 de la Fundaci\u00f3 La Ciutat Inivisible"},"content":{"rendered":"<div id=\"modal-ready\">\n<p><p>El pasado 12 de abril, se ha reunido <strong>El Cercle de la Fundaci\u00f3 La Ciutat Invisible<\/strong> para valorar las actividades de la fundaci\u00f3n durante 2023 y conocer los nuevos proyectos de este 2024. En el encuentro, se ha hecho especial \u00e9nfasis en las acciones del proyecto educativo A Tempo, el cierre de Temporada Alta 2023 y TA Iberoam\u00e9rica 2024.<\/p><\/p>\n\n\n\n<p>El encuentro, el primero de las dos que se celebrar\u00e1n este a\u00f1o, se ha llevado a cabo en la\u00a0<strong>Fundaci\u00f3 Josep Pla<\/strong>, aprovechando la publicaci\u00f3n de la nueva biograf\u00eda del escritor:\u00a0<em>Un cor furtiu. Vida de Josep Pla<\/em>, de Xavier Pla. En la reuni\u00f3n, que cont\u00f3 con la presencia del mismo autor y de Francesc Montero, director de la Fundaci\u00f3n Pla, se hizo un repaso de la vida de Pla, explicando an\u00e9cdotas interesantes y repasando pasajes de la biograf\u00eda poco conocidos hasta ahora.<\/p>\n\n\n\n<p>El Cercle busca ser un punto de contacto entre los sectores cultural y empresarial con el objetivo de potenciar las relaciones de patrocinio y mecenazgo de la Fundaci\u00f3 La Ciutat Invisible y Temporada Alta, a trav\u00e9s de diferentes acciones, de las cuales destacan la financiaci\u00f3n de una obra en el festival y la colaboraci\u00f3n con un programa social que consiste en ceder butacas a ni\u00f1os y colectivos vulnerables para que puedan ir a ver teatro de manera gratuita.<\/p>\n\n\n\n<p>Actualmente, los miembos que forman parte son: Agust\u00ed Codina\u202f(Med Playa Management), Manel Xifra\u202f(Comexi), Elisabet Ca\u00f1igueral (Costa Brava Foods), Xevi Montoya (Playbrand), Marcel Prunera\u202f(Guinot Prunera), Jan Andreu\u202f(Grup Andreu), Maria Del Mar Nogareda\u202f(Hipra), Jaume Nadal\u202f(Bit\u00f2), Marta Montalban\u202f(Bit\u00f2), Josep Dom\u00e8nech\u202f(Bit\u00f2), S\u00edlvia Roche\u202f(Dolmi 2000), Josep Roca (El Celler de Can Roca), Pau Mas\u00f3\u202f(Pmf Advocats), Josep Maria Teixidor\u202f(Sixtemia), Salvador Sunyer\u202f(Bit\u00f2), Manel Puig\u202f(Dispuig) y Vanesa P\u00e9rez (Cuatrecasas).\u202f&nbsp;<\/p>\n<\/div>","protected":false},"excerpt":{"rendered":"<p>El pasado 12 de abril, se ha reunido El Cercle de la Fundaci\u00f3 La Ciutat Invisible para valorar&#8230;<\/p>\n","protected":false},"featured_media":91363,"template":"","class_list":["post-91364","noticia","type-noticia","status-publish","has-post-thumbnail","hentry"],"acf":[],"yoast_head":"<!-- This site is optimized with the Yoast SEO plugin v27.0 - https:\/\/yoast.com\/product\/yoast-seo-wordpress\/ -->\n<title>El Cercle se re\u00fane en la Fundaci\u00f3 Josep Pla para hacer balance de las actividades de 2023 de la Fundaci\u00f3 La Ciutat Inivisible - Temporada Alta<\/title>\n<meta name=\"robots\" content=\"index, follow, max-snippet:-1, max-image-preview:large, max-video-preview:-1\" \/>\n<link rel=\"canonical\" href=\"https:\/\/temporada-alta.com\/es\/noticia\/el-cercle-se-reune-en-la-fundacio-josep-pla-para-hacer-balance-de-las-actividades-de-2023-de-la-fundacio-la-ciutat-inivisible\/\" \/>\n<meta property=\"og:locale\" content=\"es_ES\" \/>\n<meta property=\"og:type\" content=\"article\" \/>\n<meta property=\"og:title\" content=\"El Cercle se re\u00fane en la Fundaci\u00f3 Josep Pla para hacer balance de las actividades de 2023 de la Fundaci\u00f3 La Ciutat Inivisible - Temporada Alta\" \/>\n<meta property=\"og:description\" content=\"El pasado 12 de abril, se ha reunido El Cercle de la Fundaci\u00f3 La Ciutat Invisible para valorar...\" \/>\n<meta property=\"og:url\" content=\"https:\/\/temporada-alta.com\/es\/noticia\/el-cercle-se-reune-en-la-fundacio-josep-pla-para-hacer-balance-de-las-actividades-de-2023-de-la-fundacio-la-ciutat-inivisible\/\" \/>\n<meta property=\"og:site_name\" content=\"Temporada Alta\" \/>\n<meta property=\"article:modified_time\" content=\"2024-04-17T14:39:01+00:00\" \/>\n<meta property=\"og:image\" content=\"https:\/\/temporada-alta.com\/wp-content\/uploads\/Image-1-1-scaled.jpg\" \/>\n\t<meta property=\"og:image:width\" content=\"2560\" \/>\n\t<meta property=\"og:image:height\" content=\"1920\" \/>\n\t<meta property=\"og:image:type\" content=\"image\/jpeg\" \/>\n<meta name=\"twitter:card\" content=\"summary_large_image\" \/>\n<script type=\"application\/ld+json\" class=\"yoast-schema-graph\">{\"@context\":\"https:\/\/schema.org\",\"@graph\":[{\"@type\":\"WebPage\",\"@id\":\"https:\/\/temporada-alta.com\/es\/noticia\/el-cercle-se-reune-en-la-fundacio-josep-pla-para-hacer-balance-de-las-actividades-de-2023-de-la-fundacio-la-ciutat-inivisible\/\",\"url\":\"https:\/\/temporada-alta.com\/es\/noticia\/el-cercle-se-reune-en-la-fundacio-josep-pla-para-hacer-balance-de-las-actividades-de-2023-de-la-fundacio-la-ciutat-inivisible\/\",\"name\":\"El Cercle se re\u00fane en la Fundaci\u00f3 Josep Pla para hacer balance de las actividades de 2023 de la Fundaci\u00f3 La Ciutat Inivisible - Temporada Alta\",\"isPartOf\":{\"@id\":\"https:\/\/temporada-alta.com\/es\/#website\"},\"primaryImageOfPage\":{\"@id\":\"https:\/\/temporada-alta.com\/es\/noticia\/el-cercle-se-reune-en-la-fundacio-josep-pla-para-hacer-balance-de-las-actividades-de-2023-de-la-fundacio-la-ciutat-inivisible\/#primaryimage\"},\"image\":{\"@id\":\"https:\/\/temporada-alta.com\/es\/noticia\/el-cercle-se-reune-en-la-fundacio-josep-pla-para-hacer-balance-de-las-actividades-de-2023-de-la-fundacio-la-ciutat-inivisible\/#primaryimage\"},\"thumbnailUrl\":\"https:\/\/temporada-alta.com\/wp-content\/uploads\/Image-1-1-scaled.jpg\",\"datePublished\":\"2024-04-15T10:03:45+00:00\",\"dateModified\":\"2024-04-17T14:39:01+00:00\",\"breadcrumb\":{\"@id\":\"https:\/\/temporada-alta.com\/es\/noticia\/el-cercle-se-reune-en-la-fundacio-josep-pla-para-hacer-balance-de-las-actividades-de-2023-de-la-fundacio-la-ciutat-inivisible\/#breadcrumb\"},\"inLanguage\":\"es\",\"potentialAction\":[{\"@type\":\"ReadAction\",\"target\":[\"https:\/\/temporada-alta.com\/es\/noticia\/el-cercle-se-reune-en-la-fundacio-josep-pla-para-hacer-balance-de-las-actividades-de-2023-de-la-fundacio-la-ciutat-inivisible\/\"]}]},{\"@type\":\"ImageObject\",\"inLanguage\":\"es\",\"@id\":\"https:\/\/temporada-alta.com\/es\/noticia\/el-cercle-se-reune-en-la-fundacio-josep-pla-para-hacer-balance-de-las-actividades-de-2023-de-la-fundacio-la-ciutat-inivisible\/#primaryimage\",\"url\":\"https:\/\/temporada-alta.com\/wp-content\/uploads\/Image-1-1-scaled.jpg\",\"contentUrl\":\"https:\/\/temporada-alta.com\/wp-content\/uploads\/Image-1-1-scaled.jpg\",\"width\":2560,\"height\":1920},{\"@type\":\"BreadcrumbList\",\"@id\":\"https:\/\/temporada-alta.com\/es\/noticia\/el-cercle-se-reune-en-la-fundacio-josep-pla-para-hacer-balance-de-las-actividades-de-2023-de-la-fundacio-la-ciutat-inivisible\/#breadcrumb\",\"itemListElement\":[{\"@type\":\"ListItem\",\"position\":1,\"name\":\"Inici\",\"item\":\"https:\/\/temporada-alta.com\/es\/\"},{\"@type\":\"ListItem\",\"position\":2,\"name\":\"El Cercle se re\u00fane en la Fundaci\u00f3 Josep Pla para hacer balance de las actividades de 2023 de la Fundaci\u00f3 La Ciutat Inivisible\"}]},{\"@type\":\"WebSite\",\"@id\":\"https:\/\/temporada-alta.com\/es\/#website\",\"url\":\"https:\/\/temporada-alta.com\/es\/\",\"name\":\"Temporada Alta\",\"description\":\"Festival d&#039;Arts Esc\u00e8niques\",\"publisher\":{\"@id\":\"https:\/\/temporada-alta.com\/es\/#organization\"},\"potentialAction\":[{\"@type\":\"SearchAction\",\"target\":{\"@type\":\"EntryPoint\",\"urlTemplate\":\"https:\/\/temporada-alta.com\/es\/?s={search_term_string}\"},\"query-input\":{\"@type\":\"PropertyValueSpecification\",\"valueRequired\":true,\"valueName\":\"search_term_string\"}}],\"inLanguage\":\"es\"},{\"@type\":\"Organization\",\"@id\":\"https:\/\/temporada-alta.com\/es\/#organization\",\"name\":\"Temporada Alta\",\"url\":\"https:\/\/temporada-alta.com\/es\/\",\"logo\":{\"@type\":\"ImageObject\",\"inLanguage\":\"es\",\"@id\":\"https:\/\/temporada-alta.com\/es\/#\/schema\/logo\/image\/\",\"url\":\"https:\/\/temporada-alta.com\/wp-content\/uploads\/TA21-Logotip-pos.png\",\"contentUrl\":\"https:\/\/temporada-alta.com\/wp-content\/uploads\/TA21-Logotip-pos.png\",\"width\":800,\"height\":267,\"caption\":\"Temporada Alta\"},\"image\":{\"@id\":\"https:\/\/temporada-alta.com\/es\/#\/schema\/logo\/image\/\"}}]}<\/script>\n<!-- \/ Yoast SEO plugin. -->","yoast_head_json":{"title":"El Cercle se re\u00fane en la Fundaci\u00f3 Josep Pla para hacer balance de las actividades de 2023 de la Fundaci\u00f3 La Ciutat Inivisible - Temporada Alta","robots":{"index":"index","follow":"follow","max-snippet":"max-snippet:-1","max-image-preview":"max-image-preview:large","max-video-preview":"max-video-preview:-1"},"canonical":"https:\/\/temporada-alta.com\/es\/noticia\/el-cercle-se-reune-en-la-fundacio-josep-pla-para-hacer-balance-de-las-actividades-de-2023-de-la-fundacio-la-ciutat-inivisible\/","og_locale":"es_ES","og_type":"article","og_title":"El Cercle se re\u00fane en la Fundaci\u00f3 Josep Pla para hacer balance de las actividades de 2023 de la Fundaci\u00f3 La Ciutat Inivisible - Temporada Alta","og_description":"El pasado 12 de abril, se ha reunido El Cercle de la Fundaci\u00f3 La Ciutat Invisible para valorar...","og_url":"https:\/\/temporada-alta.com\/es\/noticia\/el-cercle-se-reune-en-la-fundacio-josep-pla-para-hacer-balance-de-las-actividades-de-2023-de-la-fundacio-la-ciutat-inivisible\/","og_site_name":"Temporada Alta","article_modified_time":"2024-04-17T14:39:01+00:00","og_image":[{"width":2560,"height":1920,"url":"https:\/\/temporada-alta.com\/wp-content\/uploads\/Image-1-1-scaled.jpg","type":"image\/jpeg"}],"twitter_card":"summary_large_image","schema":{"@context":"https:\/\/schema.org","@graph":[{"@type":"WebPage","@id":"https:\/\/temporada-alta.com\/es\/noticia\/el-cercle-se-reune-en-la-fundacio-josep-pla-para-hacer-balance-de-las-actividades-de-2023-de-la-fundacio-la-ciutat-inivisible\/","url":"https:\/\/temporada-alta.com\/es\/noticia\/el-cercle-se-reune-en-la-fundacio-josep-pla-para-hacer-balance-de-las-actividades-de-2023-de-la-fundacio-la-ciutat-inivisible\/","name":"El Cercle se re\u00fane en la Fundaci\u00f3 Josep Pla para hacer balance de las actividades de 2023 de la Fundaci\u00f3 La Ciutat Inivisible - Temporada Alta","isPartOf":{"@id":"https:\/\/temporada-alta.com\/es\/#website"},"primaryImageOfPage":{"@id":"https:\/\/temporada-alta.com\/es\/noticia\/el-cercle-se-reune-en-la-fundacio-josep-pla-para-hacer-balance-de-las-actividades-de-2023-de-la-fundacio-la-ciutat-inivisible\/#primaryimage"},"image":{"@id":"https:\/\/temporada-alta.com\/es\/noticia\/el-cercle-se-reune-en-la-fundacio-josep-pla-para-hacer-balance-de-las-actividades-de-2023-de-la-fundacio-la-ciutat-inivisible\/#primaryimage"},"thumbnailUrl":"https:\/\/temporada-alta.com\/wp-content\/uploads\/Image-1-1-scaled.jpg","datePublished":"2024-04-15T10:03:45+00:00","dateModified":"2024-04-17T14:39:01+00:00","breadcrumb":{"@id":"https:\/\/temporada-alta.com\/es\/noticia\/el-cercle-se-reune-en-la-fundacio-josep-pla-para-hacer-balance-de-las-actividades-de-2023-de-la-fundacio-la-ciutat-inivisible\/#breadcrumb"},"inLanguage":"es","potentialAction":[{"@type":"ReadAction","target":["https:\/\/temporada-alta.com\/es\/noticia\/el-cercle-se-reune-en-la-fundacio-josep-pla-para-hacer-balance-de-las-actividades-de-2023-de-la-fundacio-la-ciutat-inivisible\/"]}]},{"@type":"ImageObject","inLanguage":"es","@id":"https:\/\/temporada-alta.com\/es\/noticia\/el-cercle-se-reune-en-la-fundacio-josep-pla-para-hacer-balance-de-las-actividades-de-2023-de-la-fundacio-la-ciutat-inivisible\/#primaryimage","url":"https:\/\/temporada-alta.com\/wp-content\/uploads\/Image-1-1-scaled.jpg","contentUrl":"https:\/\/temporada-alta.com\/wp-content\/uploads\/Image-1-1-scaled.jpg","width":2560,"height":1920},{"@type":"BreadcrumbList","@id":"https:\/\/temporada-alta.com\/es\/noticia\/el-cercle-se-reune-en-la-fundacio-josep-pla-para-hacer-balance-de-las-actividades-de-2023-de-la-fundacio-la-ciutat-inivisible\/#breadcrumb","itemListElement":[{"@type":"ListItem","position":1,"name":"Inici","item":"https:\/\/temporada-alta.com\/es\/"},{"@type":"ListItem","position":2,"name":"El Cercle se re\u00fane en la Fundaci\u00f3 Josep Pla para hacer balance de las actividades de 2023 de la Fundaci\u00f3 La Ciutat Inivisible"}]},{"@type":"WebSite","@id":"https:\/\/temporada-alta.com\/es\/#website","url":"https:\/\/temporada-alta.com\/es\/","name":"Temporada Alta","description":"Festival d&#039;Arts Esc\u00e8niques","publisher":{"@id":"https:\/\/temporada-alta.com\/es\/#organization"},"potentialAction":[{"@type":"SearchAction","target":{"@type":"EntryPoint","urlTemplate":"https:\/\/temporada-alta.com\/es\/?s={search_term_string}"},"query-input":{"@type":"PropertyValueSpecification","valueRequired":true,"valueName":"search_term_string"}}],"inLanguage":"es"},{"@type":"Organization","@id":"https:\/\/temporada-alta.com\/es\/#organization","name":"Temporada Alta","url":"https:\/\/temporada-alta.com\/es\/","logo":{"@type":"ImageObject","inLanguage":"es","@id":"https:\/\/temporada-alta.com\/es\/#\/schema\/logo\/image\/","url":"https:\/\/temporada-alta.com\/wp-content\/uploads\/TA21-Logotip-pos.png","contentUrl":"https:\/\/temporada-alta.com\/wp-content\/uploads\/TA21-Logotip-pos.png","width":800,"height":267,"caption":"Temporada Alta"},"image":{"@id":"https:\/\/temporada-alta.com\/es\/#\/schema\/logo\/image\/"}}]}},"_links":{"self":[{"href":"https:\/\/temporada-alta.com\/es\/wp-json\/wp\/v2\/noticia\/91364","targetHints":{"allow":["GET"]}}],"collection":[{"href":"https:\/\/temporada-alta.com\/es\/wp-json\/wp\/v2\/noticia"}],"about":[{"href":"https:\/\/temporada-alta.com\/es\/wp-json\/wp\/v2\/types\/noticia"}],"wp:featuredmedia":[{"embeddable":true,"href":"https:\/\/temporada-alta.com\/es\/wp-json\/wp\/v2\/media\/91363"}],"wp:attachment":[{"href":"https:\/\/temporada-alta.com\/es\/wp-json\/wp\/v2\/media?parent=91364"}],"curies":[{"name":"wp","href":"https:\/\/api.w.org\/{rel}","templated":true}]}}