{"id":91204,"date":"2024-04-04T12:13:17","date_gmt":"2024-04-04T10:13:17","guid":{"rendered":"https:\/\/temporada-alta.com\/noticia\/historia-dun-senglar-o-alguna-cosa-de-ricard-se-representara-este-ano-en-el-festival-de-avino\/"},"modified":"2024-04-04T12:59:23","modified_gmt":"2024-04-04T10:59:23","slug":"historia-dun-senglar-o-alguna-cosa-de-ricard-se-representara-este-ano-en-el-festival-de-avino","status":"publish","type":"noticia","link":"https:\/\/temporada-alta.com\/es\/noticia\/historia-dun-senglar-o-alguna-cosa-de-ricard-se-representara-este-ano-en-el-festival-de-avino\/","title":{"rendered":"&#8216;Hist\u00f2ria d\u2019un senglar (o alguna cosa de Ricard)&#8217; se representar\u00e1 este a\u00f1o en el Festival de Avi\u00f1\u00f3"},"content":{"rendered":"<div id=\"modal-ready\">\n<p>Desde el a\u00f1o 2016, desde Temporada Alta hemos apostado por una nueva l\u00ednea de producci\u00f3n basada al invitar a grandes artistas internacionales para trabajar con equipos catalanes que, en varias ocasiones, ha contado con la coproducci\u00f3n del Teatre Lliure. As\u00ed, se han ido presentando espect\u00e1culos como <em>Davant la jubilaci\u00f3<\/em>, de Thomas Bernhard, dirigido por Krystian Lupa,<em> L&#8217;omissi\u00f3 de la fam\u00edlia Coleman<\/em>, con direcci\u00f3n de Claudio Tolcachir, <em>La n\u00e9ta del senyor Linh<\/em>, con direcci\u00f3n de Guy Cassiers, <em>L&#8217;oncle V\u00e0nia<\/em>, con direcci\u00f3n de Oskaras Korsunovas, o <strong><em>Hist\u00f2ria d&#8217;un senglar (o alguna cosa de Ricard)<\/em> <\/strong>que este a\u00f1o se podr\u00e1 ver en el Festival de Avi\u00f1\u00f3n, convirti\u00e9ndose en la primera obra \u00edntegramente en catal\u00e1n al hacerlo.<\/p>\n\n\n\n<p>Este hito llega despu\u00e9s de haberse estrenado en el Teatre de Salt en 2020 en el marco de Temporada Alta, representarse en centenares de funciones, pasar por el Grec Festival de Barcelona, Madrid y toda una gira por Catalu\u00f1a. En todo este tiempo, adem\u00e1s, la obra se ha llevado varios premios y reconocimientos como: el premio Max y el premio de la Cr\u00edtica Catalana al mejor actor principal, el premio Ciudad de Barcelona para Joan Carreras y dos premios Butaca (mejor actor y mejor espect\u00e1culo de peque\u00f1o formato).<\/p>\n\n\n\n<p>As\u00ed, este julio, el espect\u00e1culo dirigido por <strong>Gabriel Calder\u00f3n <\/strong>y protagonizado por <strong>Joan Carreras<\/strong> se representar\u00e1 en el Teatro Beno\u00eet XII, todo un hito para el teatro de nuestro pa\u00eds y su proyecci\u00f3n internacional.<\/p>\n<\/div>","protected":false},"excerpt":{"rendered":"<p>Desde el a\u00f1o 2016, desde Temporada Alta hemos apostado por una nueva l\u00ednea de producci\u00f3n basada al invitar&#8230;<\/p>\n","protected":false},"featured_media":86155,"template":"","class_list":["post-91204","noticia","type-noticia","status-publish","has-post-thumbnail","hentry"],"acf":[],"yoast_head":"<!-- This site is optimized with the Yoast SEO plugin v27.0 - https:\/\/yoast.com\/product\/yoast-seo-wordpress\/ -->\n<title>&#039;Hist\u00f2ria d\u2019un senglar (o alguna cosa de Ricard)&#039; se representar\u00e1 este a\u00f1o en el Festival de Avi\u00f1\u00f3 - Temporada Alta<\/title>\n<meta name=\"robots\" content=\"index, follow, max-snippet:-1, max-image-preview:large, max-video-preview:-1\" \/>\n<link rel=\"canonical\" href=\"https:\/\/temporada-alta.com\/es\/noticia\/historia-dun-senglar-o-alguna-cosa-de-ricard-se-representara-este-ano-en-el-festival-de-avino\/\" \/>\n<meta property=\"og:locale\" content=\"es_ES\" \/>\n<meta property=\"og:type\" content=\"article\" \/>\n<meta property=\"og:title\" content=\"&#039;Hist\u00f2ria d\u2019un senglar (o alguna cosa de Ricard)&#039; se representar\u00e1 este a\u00f1o en el Festival de Avi\u00f1\u00f3 - Temporada Alta\" \/>\n<meta property=\"og:description\" content=\"Desde el a\u00f1o 2016, desde Temporada Alta hemos apostado por una nueva l\u00ednea de producci\u00f3n basada al invitar...\" \/>\n<meta property=\"og:url\" content=\"https:\/\/temporada-alta.com\/es\/noticia\/historia-dun-senglar-o-alguna-cosa-de-ricard-se-representara-este-ano-en-el-festival-de-avino\/\" \/>\n<meta property=\"og:site_name\" content=\"Temporada Alta\" \/>\n<meta property=\"article:modified_time\" content=\"2024-04-04T10:59:23+00:00\" \/>\n<meta property=\"og:image\" content=\"https:\/\/temporada-alta.com\/wp-content\/uploads\/c_Felipe_Mena_HISTORIA_SENGLAR.jpg\" \/>\n\t<meta property=\"og:image:width\" content=\"1920\" \/>\n\t<meta property=\"og:image:height\" content=\"1080\" \/>\n\t<meta property=\"og:image:type\" content=\"image\/jpeg\" \/>\n<meta name=\"twitter:card\" content=\"summary_large_image\" \/>\n<script type=\"application\/ld+json\" class=\"yoast-schema-graph\">{\"@context\":\"https:\/\/schema.org\",\"@graph\":[{\"@type\":\"WebPage\",\"@id\":\"https:\/\/temporada-alta.com\/es\/noticia\/historia-dun-senglar-o-alguna-cosa-de-ricard-se-representara-este-ano-en-el-festival-de-avino\/\",\"url\":\"https:\/\/temporada-alta.com\/es\/noticia\/historia-dun-senglar-o-alguna-cosa-de-ricard-se-representara-este-ano-en-el-festival-de-avino\/\",\"name\":\"'Hist\u00f2ria d\u2019un senglar (o alguna cosa de Ricard)' se representar\u00e1 este a\u00f1o en el Festival de Avi\u00f1\u00f3 - Temporada Alta\",\"isPartOf\":{\"@id\":\"https:\/\/temporada-alta.com\/es\/#website\"},\"primaryImageOfPage\":{\"@id\":\"https:\/\/temporada-alta.com\/es\/noticia\/historia-dun-senglar-o-alguna-cosa-de-ricard-se-representara-este-ano-en-el-festival-de-avino\/#primaryimage\"},\"image\":{\"@id\":\"https:\/\/temporada-alta.com\/es\/noticia\/historia-dun-senglar-o-alguna-cosa-de-ricard-se-representara-este-ano-en-el-festival-de-avino\/#primaryimage\"},\"thumbnailUrl\":\"https:\/\/temporada-alta.com\/wp-content\/uploads\/c_Felipe_Mena_HISTORIA_SENGLAR.jpg\",\"datePublished\":\"2024-04-04T10:13:17+00:00\",\"dateModified\":\"2024-04-04T10:59:23+00:00\",\"breadcrumb\":{\"@id\":\"https:\/\/temporada-alta.com\/es\/noticia\/historia-dun-senglar-o-alguna-cosa-de-ricard-se-representara-este-ano-en-el-festival-de-avino\/#breadcrumb\"},\"inLanguage\":\"es\",\"potentialAction\":[{\"@type\":\"ReadAction\",\"target\":[\"https:\/\/temporada-alta.com\/es\/noticia\/historia-dun-senglar-o-alguna-cosa-de-ricard-se-representara-este-ano-en-el-festival-de-avino\/\"]}]},{\"@type\":\"ImageObject\",\"inLanguage\":\"es\",\"@id\":\"https:\/\/temporada-alta.com\/es\/noticia\/historia-dun-senglar-o-alguna-cosa-de-ricard-se-representara-este-ano-en-el-festival-de-avino\/#primaryimage\",\"url\":\"https:\/\/temporada-alta.com\/wp-content\/uploads\/c_Felipe_Mena_HISTORIA_SENGLAR.jpg\",\"contentUrl\":\"https:\/\/temporada-alta.com\/wp-content\/uploads\/c_Felipe_Mena_HISTORIA_SENGLAR.jpg\",\"width\":1920,\"height\":1080},{\"@type\":\"BreadcrumbList\",\"@id\":\"https:\/\/temporada-alta.com\/es\/noticia\/historia-dun-senglar-o-alguna-cosa-de-ricard-se-representara-este-ano-en-el-festival-de-avino\/#breadcrumb\",\"itemListElement\":[{\"@type\":\"ListItem\",\"position\":1,\"name\":\"Inici\",\"item\":\"https:\/\/temporada-alta.com\/es\/\"},{\"@type\":\"ListItem\",\"position\":2,\"name\":\"&#8216;Hist\u00f2ria d\u2019un senglar (o alguna cosa de Ricard)&#8217; se representar\u00e1 este a\u00f1o en el Festival de Avi\u00f1\u00f3\"}]},{\"@type\":\"WebSite\",\"@id\":\"https:\/\/temporada-alta.com\/es\/#website\",\"url\":\"https:\/\/temporada-alta.com\/es\/\",\"name\":\"Temporada Alta\",\"description\":\"Festival d&#039;Arts Esc\u00e8niques\",\"publisher\":{\"@id\":\"https:\/\/temporada-alta.com\/es\/#organization\"},\"potentialAction\":[{\"@type\":\"SearchAction\",\"target\":{\"@type\":\"EntryPoint\",\"urlTemplate\":\"https:\/\/temporada-alta.com\/es\/?s={search_term_string}\"},\"query-input\":{\"@type\":\"PropertyValueSpecification\",\"valueRequired\":true,\"valueName\":\"search_term_string\"}}],\"inLanguage\":\"es\"},{\"@type\":\"Organization\",\"@id\":\"https:\/\/temporada-alta.com\/es\/#organization\",\"name\":\"Temporada Alta\",\"url\":\"https:\/\/temporada-alta.com\/es\/\",\"logo\":{\"@type\":\"ImageObject\",\"inLanguage\":\"es\",\"@id\":\"https:\/\/temporada-alta.com\/es\/#\/schema\/logo\/image\/\",\"url\":\"https:\/\/temporada-alta.com\/wp-content\/uploads\/TA21-Logotip-pos.png\",\"contentUrl\":\"https:\/\/temporada-alta.com\/wp-content\/uploads\/TA21-Logotip-pos.png\",\"width\":800,\"height\":267,\"caption\":\"Temporada Alta\"},\"image\":{\"@id\":\"https:\/\/temporada-alta.com\/es\/#\/schema\/logo\/image\/\"}}]}<\/script>\n<!-- \/ Yoast SEO plugin. -->","yoast_head_json":{"title":"'Hist\u00f2ria d\u2019un senglar (o alguna cosa de Ricard)' se representar\u00e1 este a\u00f1o en el Festival de Avi\u00f1\u00f3 - Temporada Alta","robots":{"index":"index","follow":"follow","max-snippet":"max-snippet:-1","max-image-preview":"max-image-preview:large","max-video-preview":"max-video-preview:-1"},"canonical":"https:\/\/temporada-alta.com\/es\/noticia\/historia-dun-senglar-o-alguna-cosa-de-ricard-se-representara-este-ano-en-el-festival-de-avino\/","og_locale":"es_ES","og_type":"article","og_title":"'Hist\u00f2ria d\u2019un senglar (o alguna cosa de Ricard)' se representar\u00e1 este a\u00f1o en el Festival de Avi\u00f1\u00f3 - Temporada Alta","og_description":"Desde el a\u00f1o 2016, desde Temporada Alta hemos apostado por una nueva l\u00ednea de producci\u00f3n basada al invitar...","og_url":"https:\/\/temporada-alta.com\/es\/noticia\/historia-dun-senglar-o-alguna-cosa-de-ricard-se-representara-este-ano-en-el-festival-de-avino\/","og_site_name":"Temporada Alta","article_modified_time":"2024-04-04T10:59:23+00:00","og_image":[{"width":1920,"height":1080,"url":"https:\/\/temporada-alta.com\/wp-content\/uploads\/c_Felipe_Mena_HISTORIA_SENGLAR.jpg","type":"image\/jpeg"}],"twitter_card":"summary_large_image","schema":{"@context":"https:\/\/schema.org","@graph":[{"@type":"WebPage","@id":"https:\/\/temporada-alta.com\/es\/noticia\/historia-dun-senglar-o-alguna-cosa-de-ricard-se-representara-este-ano-en-el-festival-de-avino\/","url":"https:\/\/temporada-alta.com\/es\/noticia\/historia-dun-senglar-o-alguna-cosa-de-ricard-se-representara-este-ano-en-el-festival-de-avino\/","name":"'Hist\u00f2ria d\u2019un senglar (o alguna cosa de Ricard)' se representar\u00e1 este a\u00f1o en el Festival de Avi\u00f1\u00f3 - Temporada Alta","isPartOf":{"@id":"https:\/\/temporada-alta.com\/es\/#website"},"primaryImageOfPage":{"@id":"https:\/\/temporada-alta.com\/es\/noticia\/historia-dun-senglar-o-alguna-cosa-de-ricard-se-representara-este-ano-en-el-festival-de-avino\/#primaryimage"},"image":{"@id":"https:\/\/temporada-alta.com\/es\/noticia\/historia-dun-senglar-o-alguna-cosa-de-ricard-se-representara-este-ano-en-el-festival-de-avino\/#primaryimage"},"thumbnailUrl":"https:\/\/temporada-alta.com\/wp-content\/uploads\/c_Felipe_Mena_HISTORIA_SENGLAR.jpg","datePublished":"2024-04-04T10:13:17+00:00","dateModified":"2024-04-04T10:59:23+00:00","breadcrumb":{"@id":"https:\/\/temporada-alta.com\/es\/noticia\/historia-dun-senglar-o-alguna-cosa-de-ricard-se-representara-este-ano-en-el-festival-de-avino\/#breadcrumb"},"inLanguage":"es","potentialAction":[{"@type":"ReadAction","target":["https:\/\/temporada-alta.com\/es\/noticia\/historia-dun-senglar-o-alguna-cosa-de-ricard-se-representara-este-ano-en-el-festival-de-avino\/"]}]},{"@type":"ImageObject","inLanguage":"es","@id":"https:\/\/temporada-alta.com\/es\/noticia\/historia-dun-senglar-o-alguna-cosa-de-ricard-se-representara-este-ano-en-el-festival-de-avino\/#primaryimage","url":"https:\/\/temporada-alta.com\/wp-content\/uploads\/c_Felipe_Mena_HISTORIA_SENGLAR.jpg","contentUrl":"https:\/\/temporada-alta.com\/wp-content\/uploads\/c_Felipe_Mena_HISTORIA_SENGLAR.jpg","width":1920,"height":1080},{"@type":"BreadcrumbList","@id":"https:\/\/temporada-alta.com\/es\/noticia\/historia-dun-senglar-o-alguna-cosa-de-ricard-se-representara-este-ano-en-el-festival-de-avino\/#breadcrumb","itemListElement":[{"@type":"ListItem","position":1,"name":"Inici","item":"https:\/\/temporada-alta.com\/es\/"},{"@type":"ListItem","position":2,"name":"&#8216;Hist\u00f2ria d\u2019un senglar (o alguna cosa de Ricard)&#8217; se representar\u00e1 este a\u00f1o en el Festival de Avi\u00f1\u00f3"}]},{"@type":"WebSite","@id":"https:\/\/temporada-alta.com\/es\/#website","url":"https:\/\/temporada-alta.com\/es\/","name":"Temporada Alta","description":"Festival d&#039;Arts Esc\u00e8niques","publisher":{"@id":"https:\/\/temporada-alta.com\/es\/#organization"},"potentialAction":[{"@type":"SearchAction","target":{"@type":"EntryPoint","urlTemplate":"https:\/\/temporada-alta.com\/es\/?s={search_term_string}"},"query-input":{"@type":"PropertyValueSpecification","valueRequired":true,"valueName":"search_term_string"}}],"inLanguage":"es"},{"@type":"Organization","@id":"https:\/\/temporada-alta.com\/es\/#organization","name":"Temporada Alta","url":"https:\/\/temporada-alta.com\/es\/","logo":{"@type":"ImageObject","inLanguage":"es","@id":"https:\/\/temporada-alta.com\/es\/#\/schema\/logo\/image\/","url":"https:\/\/temporada-alta.com\/wp-content\/uploads\/TA21-Logotip-pos.png","contentUrl":"https:\/\/temporada-alta.com\/wp-content\/uploads\/TA21-Logotip-pos.png","width":800,"height":267,"caption":"Temporada Alta"},"image":{"@id":"https:\/\/temporada-alta.com\/es\/#\/schema\/logo\/image\/"}}]}},"_links":{"self":[{"href":"https:\/\/temporada-alta.com\/es\/wp-json\/wp\/v2\/noticia\/91204","targetHints":{"allow":["GET"]}}],"collection":[{"href":"https:\/\/temporada-alta.com\/es\/wp-json\/wp\/v2\/noticia"}],"about":[{"href":"https:\/\/temporada-alta.com\/es\/wp-json\/wp\/v2\/types\/noticia"}],"wp:featuredmedia":[{"embeddable":true,"href":"https:\/\/temporada-alta.com\/es\/wp-json\/wp\/v2\/media\/86155"}],"wp:attachment":[{"href":"https:\/\/temporada-alta.com\/es\/wp-json\/wp\/v2\/media?parent=91204"}],"curies":[{"name":"wp","href":"https:\/\/api.w.org\/{rel}","templated":true}]}}