{"id":90527,"date":"2023-12-14T11:13:14","date_gmt":"2023-12-14T10:13:14","guid":{"rendered":"https:\/\/temporada-alta.com\/?post_type=noticia&#038;p=90527"},"modified":"2023-12-14T13:16:05","modified_gmt":"2023-12-14T12:16:05","slug":"ta23-logra-un-publico-total-de-63-940-la-mejor-cifra-de-los-ultimos-anos","status":"publish","type":"noticia","link":"https:\/\/temporada-alta.com\/es\/noticia\/ta23-logra-un-publico-total-de-63-940-la-mejor-cifra-de-los-ultimos-anos\/","title":{"rendered":"TA23 logra un p\u00fablico total de 63.940, la mejor cifra de los \u00faltimos a\u00f1os"},"content":{"rendered":"<div id=\"modal-ready\">\n<p>Ya hemos cerrado Temporada Alta 2023, finalmente, logrando <strong>un p\u00fablico total de 63.940 personas, la mejor cifra de los \u00faltimos a\u00f1os<\/strong>, en esta 32.\u00aa edici\u00f3n. De esta forma, hemos llegado al 91% de ocupaci\u00f3n en las 171 funciones (de los 97 espect\u00e1culos) y actividades programadas en una edici\u00f3n en la cual hemos exhibido personalidad propia en la apuesta por coproduccions (25 espect\u00e1culos) y por 32 estrenos de las cuales 21 han sido absolutos, repartidas por Salt, Girona y las 7 subsedes.<\/p>\n\n\n\n<p>Desde el festival, este a\u00f1o hemos batido r\u00e9cord hist\u00f3rico de espectadores de sala (51.800) y hemos conseguido atraer a una parte significativa de nuevos compradores, un 52,5%, respecto a la edici\u00f3n anterior. Adem\u00e1s, despu\u00e9s de pasar por Girona, 17 de los espect\u00e1culos producidos o coproducidos por el festival este a\u00f1o tienen garantizada una gira o temporada en teatros catalanes o del Estado y 6 de ellos en el extranjero.<\/p>\n\n\n\n<p>Con el objetivo de actuar como espacio de exhibici\u00f3n de lo m\u00e1s interesante de la escena internacional, hemos programado este a\u00f1o 20 propuestas de fuera del pa\u00eds y hemos llevado por primera vez la compa\u00f1\u00eda brit\u00e1nica Complicit\u00e9 a Girona. 7.523 personas se han beneficiado de los programas sociales y educativos del festival y 3.246 estudiantes de 52 centros han participado en las 98 actividades organizadas en el marco de A Tempo, Arts i Formaci\u00f3.<\/p>\n\n\n\n<p>Finalmente,\u00a0<em><a href=\"https:\/\/www.youtube.com\/playlist?list=PLvWy5_y38U6z9fivpLqat8_kttZRtn2MT\" target=\"_blank\" rel=\"noreferrer noopener\">Aix\u00f2 no \u00e9s un c\u00e0sting<\/a><\/em>, un proyecto impulsado con la colaboraci\u00f3n de Radio Primavera Sound y presentado por Paula Carreras y Marc Tarrida Aribau, se ha convertido, en su primera temporada, en el p\u00f3dcast de artes esc\u00e9nicas m\u00e1s escuchado de Catalu\u00f1a, con 19.722 reproducciones, que se suman a las 17.103 visualizaciones que acumula <em><a href=\"https:\/\/www.youtube.com\/playlist?list=PLvWy5_y38U6zlztYIFF7kHK1wI9_wOwi4\" target=\"_blank\" rel=\"noreferrer noopener\">La Caverna<\/a><\/em>, la serie audiovisual de Temporada Alta en la que conversan grandes directores y creadores de escena y personalidades del mundo de la cultura.<\/p>\n\n\n\n<p>Consulta aqu\u00ed la <strong><a href=\"https:\/\/drive.google.com\/file\/d\/179380JCd39HJT0vMScmnnB1SEL0Sx5Tw\/view?usp=sharing\" target=\"_blank\" rel=\"noreferrer noopener\">infograf\u00eda 2023<\/a><\/strong>.<\/p>\n\n\n\n<figure class=\"wp-block-embed is-type-video is-provider-youtube wp-block-embed-youtube wp-embed-aspect-16-9 wp-has-aspect-ratio\" style=\"margin-top:var(--wp--preset--spacing--50);margin-bottom:var(--wp--preset--spacing--50)\"><div class=\"wp-block-embed__wrapper\">\n<iframe loading=\"lazy\" title=\"Tanquem el festival Temporada Alta 2023 amb xifra r\u00e8cord!\" width=\"500\" height=\"281\" src=\"https:\/\/www.youtube.com\/embed\/4626K5f2an4?feature=oembed\" frameborder=\"0\" allow=\"accelerometer; autoplay; clipboard-write; encrypted-media; gyroscope; picture-in-picture; web-share\" referrerpolicy=\"strict-origin-when-cross-origin\" allowfullscreen><\/iframe>\n<\/div><\/figure>\n<\/div>","protected":false},"excerpt":{"rendered":"<p>Ya hemos cerrado Temporada Alta 2023, finalmente, logrando un p\u00fablico total de 63.940 personas, la mejor cifra de&#8230;<\/p>\n","protected":false},"featured_media":87706,"template":"","class_list":["post-90527","noticia","type-noticia","status-publish","has-post-thumbnail","hentry"],"acf":[],"yoast_head":"<!-- This site is optimized with the Yoast SEO plugin v27.0 - https:\/\/yoast.com\/product\/yoast-seo-wordpress\/ -->\n<title>TA23 logra un p\u00fablico total de 63.940, la mejor cifra de los \u00faltimos a\u00f1os - Temporada Alta<\/title>\n<meta name=\"robots\" content=\"index, follow, max-snippet:-1, max-image-preview:large, max-video-preview:-1\" \/>\n<link rel=\"canonical\" href=\"https:\/\/temporada-alta.com\/es\/noticia\/ta23-logra-un-publico-total-de-63-940-la-mejor-cifra-de-los-ultimos-anos\/\" \/>\n<meta property=\"og:locale\" content=\"es_ES\" \/>\n<meta property=\"og:type\" content=\"article\" \/>\n<meta property=\"og:title\" content=\"TA23 logra un p\u00fablico total de 63.940, la mejor cifra de los \u00faltimos a\u00f1os - Temporada Alta\" \/>\n<meta property=\"og:description\" content=\"Ya hemos cerrado Temporada Alta 2023, finalmente, logrando un p\u00fablico total de 63.940 personas, la mejor cifra de...\" \/>\n<meta property=\"og:url\" content=\"https:\/\/temporada-alta.com\/es\/noticia\/ta23-logra-un-publico-total-de-63-940-la-mejor-cifra-de-los-ultimos-anos\/\" \/>\n<meta property=\"og:site_name\" content=\"Temporada Alta\" \/>\n<meta property=\"article:modified_time\" content=\"2023-12-14T12:16:05+00:00\" \/>\n<meta property=\"og:image\" content=\"https:\/\/temporada-alta.com\/wp-content\/uploads\/QuiATueMonPere\u00a9JeanLouisFernandez-Theatre-de-la-Ville-Paris-4-web.jpg\" \/>\n\t<meta property=\"og:image:width\" content=\"1920\" \/>\n\t<meta property=\"og:image:height\" content=\"1080\" \/>\n\t<meta property=\"og:image:type\" content=\"image\/jpeg\" \/>\n<meta name=\"twitter:card\" content=\"summary_large_image\" \/>\n<script type=\"application\/ld+json\" class=\"yoast-schema-graph\">{\"@context\":\"https:\/\/schema.org\",\"@graph\":[{\"@type\":\"WebPage\",\"@id\":\"https:\/\/temporada-alta.com\/es\/noticia\/ta23-logra-un-publico-total-de-63-940-la-mejor-cifra-de-los-ultimos-anos\/\",\"url\":\"https:\/\/temporada-alta.com\/es\/noticia\/ta23-logra-un-publico-total-de-63-940-la-mejor-cifra-de-los-ultimos-anos\/\",\"name\":\"TA23 logra un p\u00fablico total de 63.940, la mejor cifra de los \u00faltimos a\u00f1os - Temporada Alta\",\"isPartOf\":{\"@id\":\"https:\/\/temporada-alta.com\/es\/#website\"},\"primaryImageOfPage\":{\"@id\":\"https:\/\/temporada-alta.com\/es\/noticia\/ta23-logra-un-publico-total-de-63-940-la-mejor-cifra-de-los-ultimos-anos\/#primaryimage\"},\"image\":{\"@id\":\"https:\/\/temporada-alta.com\/es\/noticia\/ta23-logra-un-publico-total-de-63-940-la-mejor-cifra-de-los-ultimos-anos\/#primaryimage\"},\"thumbnailUrl\":\"https:\/\/temporada-alta.com\/wp-content\/uploads\/QuiATueMonPere\u00a9JeanLouisFernandez-Theatre-de-la-Ville-Paris-4-web.jpg\",\"datePublished\":\"2023-12-14T10:13:14+00:00\",\"dateModified\":\"2023-12-14T12:16:05+00:00\",\"breadcrumb\":{\"@id\":\"https:\/\/temporada-alta.com\/es\/noticia\/ta23-logra-un-publico-total-de-63-940-la-mejor-cifra-de-los-ultimos-anos\/#breadcrumb\"},\"inLanguage\":\"es\",\"potentialAction\":[{\"@type\":\"ReadAction\",\"target\":[\"https:\/\/temporada-alta.com\/es\/noticia\/ta23-logra-un-publico-total-de-63-940-la-mejor-cifra-de-los-ultimos-anos\/\"]}]},{\"@type\":\"ImageObject\",\"inLanguage\":\"es\",\"@id\":\"https:\/\/temporada-alta.com\/es\/noticia\/ta23-logra-un-publico-total-de-63-940-la-mejor-cifra-de-los-ultimos-anos\/#primaryimage\",\"url\":\"https:\/\/temporada-alta.com\/wp-content\/uploads\/QuiATueMonPere\u00a9JeanLouisFernandez-Theatre-de-la-Ville-Paris-4-web.jpg\",\"contentUrl\":\"https:\/\/temporada-alta.com\/wp-content\/uploads\/QuiATueMonPere\u00a9JeanLouisFernandez-Theatre-de-la-Ville-Paris-4-web.jpg\",\"width\":1920,\"height\":1080},{\"@type\":\"BreadcrumbList\",\"@id\":\"https:\/\/temporada-alta.com\/es\/noticia\/ta23-logra-un-publico-total-de-63-940-la-mejor-cifra-de-los-ultimos-anos\/#breadcrumb\",\"itemListElement\":[{\"@type\":\"ListItem\",\"position\":1,\"name\":\"Inici\",\"item\":\"https:\/\/temporada-alta.com\/es\/\"},{\"@type\":\"ListItem\",\"position\":2,\"name\":\"TA23 logra un p\u00fablico total de 63.940, la mejor cifra de los \u00faltimos a\u00f1os\"}]},{\"@type\":\"WebSite\",\"@id\":\"https:\/\/temporada-alta.com\/es\/#website\",\"url\":\"https:\/\/temporada-alta.com\/es\/\",\"name\":\"Temporada Alta\",\"description\":\"Festival d&#039;Arts Esc\u00e8niques\",\"publisher\":{\"@id\":\"https:\/\/temporada-alta.com\/es\/#organization\"},\"potentialAction\":[{\"@type\":\"SearchAction\",\"target\":{\"@type\":\"EntryPoint\",\"urlTemplate\":\"https:\/\/temporada-alta.com\/es\/?s={search_term_string}\"},\"query-input\":{\"@type\":\"PropertyValueSpecification\",\"valueRequired\":true,\"valueName\":\"search_term_string\"}}],\"inLanguage\":\"es\"},{\"@type\":\"Organization\",\"@id\":\"https:\/\/temporada-alta.com\/es\/#organization\",\"name\":\"Temporada Alta\",\"url\":\"https:\/\/temporada-alta.com\/es\/\",\"logo\":{\"@type\":\"ImageObject\",\"inLanguage\":\"es\",\"@id\":\"https:\/\/temporada-alta.com\/es\/#\/schema\/logo\/image\/\",\"url\":\"https:\/\/temporada-alta.com\/wp-content\/uploads\/TA21-Logotip-pos.png\",\"contentUrl\":\"https:\/\/temporada-alta.com\/wp-content\/uploads\/TA21-Logotip-pos.png\",\"width\":800,\"height\":267,\"caption\":\"Temporada Alta\"},\"image\":{\"@id\":\"https:\/\/temporada-alta.com\/es\/#\/schema\/logo\/image\/\"}}]}<\/script>\n<!-- \/ Yoast SEO plugin. -->","yoast_head_json":{"title":"TA23 logra un p\u00fablico total de 63.940, la mejor cifra de los \u00faltimos a\u00f1os - Temporada Alta","robots":{"index":"index","follow":"follow","max-snippet":"max-snippet:-1","max-image-preview":"max-image-preview:large","max-video-preview":"max-video-preview:-1"},"canonical":"https:\/\/temporada-alta.com\/es\/noticia\/ta23-logra-un-publico-total-de-63-940-la-mejor-cifra-de-los-ultimos-anos\/","og_locale":"es_ES","og_type":"article","og_title":"TA23 logra un p\u00fablico total de 63.940, la mejor cifra de los \u00faltimos a\u00f1os - Temporada Alta","og_description":"Ya hemos cerrado Temporada Alta 2023, finalmente, logrando un p\u00fablico total de 63.940 personas, la mejor cifra de...","og_url":"https:\/\/temporada-alta.com\/es\/noticia\/ta23-logra-un-publico-total-de-63-940-la-mejor-cifra-de-los-ultimos-anos\/","og_site_name":"Temporada Alta","article_modified_time":"2023-12-14T12:16:05+00:00","og_image":[{"width":1920,"height":1080,"url":"https:\/\/temporada-alta.com\/wp-content\/uploads\/QuiATueMonPere\u00a9JeanLouisFernandez-Theatre-de-la-Ville-Paris-4-web.jpg","type":"image\/jpeg"}],"twitter_card":"summary_large_image","schema":{"@context":"https:\/\/schema.org","@graph":[{"@type":"WebPage","@id":"https:\/\/temporada-alta.com\/es\/noticia\/ta23-logra-un-publico-total-de-63-940-la-mejor-cifra-de-los-ultimos-anos\/","url":"https:\/\/temporada-alta.com\/es\/noticia\/ta23-logra-un-publico-total-de-63-940-la-mejor-cifra-de-los-ultimos-anos\/","name":"TA23 logra un p\u00fablico total de 63.940, la mejor cifra de los \u00faltimos a\u00f1os - Temporada Alta","isPartOf":{"@id":"https:\/\/temporada-alta.com\/es\/#website"},"primaryImageOfPage":{"@id":"https:\/\/temporada-alta.com\/es\/noticia\/ta23-logra-un-publico-total-de-63-940-la-mejor-cifra-de-los-ultimos-anos\/#primaryimage"},"image":{"@id":"https:\/\/temporada-alta.com\/es\/noticia\/ta23-logra-un-publico-total-de-63-940-la-mejor-cifra-de-los-ultimos-anos\/#primaryimage"},"thumbnailUrl":"https:\/\/temporada-alta.com\/wp-content\/uploads\/QuiATueMonPere\u00a9JeanLouisFernandez-Theatre-de-la-Ville-Paris-4-web.jpg","datePublished":"2023-12-14T10:13:14+00:00","dateModified":"2023-12-14T12:16:05+00:00","breadcrumb":{"@id":"https:\/\/temporada-alta.com\/es\/noticia\/ta23-logra-un-publico-total-de-63-940-la-mejor-cifra-de-los-ultimos-anos\/#breadcrumb"},"inLanguage":"es","potentialAction":[{"@type":"ReadAction","target":["https:\/\/temporada-alta.com\/es\/noticia\/ta23-logra-un-publico-total-de-63-940-la-mejor-cifra-de-los-ultimos-anos\/"]}]},{"@type":"ImageObject","inLanguage":"es","@id":"https:\/\/temporada-alta.com\/es\/noticia\/ta23-logra-un-publico-total-de-63-940-la-mejor-cifra-de-los-ultimos-anos\/#primaryimage","url":"https:\/\/temporada-alta.com\/wp-content\/uploads\/QuiATueMonPere\u00a9JeanLouisFernandez-Theatre-de-la-Ville-Paris-4-web.jpg","contentUrl":"https:\/\/temporada-alta.com\/wp-content\/uploads\/QuiATueMonPere\u00a9JeanLouisFernandez-Theatre-de-la-Ville-Paris-4-web.jpg","width":1920,"height":1080},{"@type":"BreadcrumbList","@id":"https:\/\/temporada-alta.com\/es\/noticia\/ta23-logra-un-publico-total-de-63-940-la-mejor-cifra-de-los-ultimos-anos\/#breadcrumb","itemListElement":[{"@type":"ListItem","position":1,"name":"Inici","item":"https:\/\/temporada-alta.com\/es\/"},{"@type":"ListItem","position":2,"name":"TA23 logra un p\u00fablico total de 63.940, la mejor cifra de los \u00faltimos a\u00f1os"}]},{"@type":"WebSite","@id":"https:\/\/temporada-alta.com\/es\/#website","url":"https:\/\/temporada-alta.com\/es\/","name":"Temporada Alta","description":"Festival d&#039;Arts Esc\u00e8niques","publisher":{"@id":"https:\/\/temporada-alta.com\/es\/#organization"},"potentialAction":[{"@type":"SearchAction","target":{"@type":"EntryPoint","urlTemplate":"https:\/\/temporada-alta.com\/es\/?s={search_term_string}"},"query-input":{"@type":"PropertyValueSpecification","valueRequired":true,"valueName":"search_term_string"}}],"inLanguage":"es"},{"@type":"Organization","@id":"https:\/\/temporada-alta.com\/es\/#organization","name":"Temporada Alta","url":"https:\/\/temporada-alta.com\/es\/","logo":{"@type":"ImageObject","inLanguage":"es","@id":"https:\/\/temporada-alta.com\/es\/#\/schema\/logo\/image\/","url":"https:\/\/temporada-alta.com\/wp-content\/uploads\/TA21-Logotip-pos.png","contentUrl":"https:\/\/temporada-alta.com\/wp-content\/uploads\/TA21-Logotip-pos.png","width":800,"height":267,"caption":"Temporada Alta"},"image":{"@id":"https:\/\/temporada-alta.com\/es\/#\/schema\/logo\/image\/"}}]}},"_links":{"self":[{"href":"https:\/\/temporada-alta.com\/es\/wp-json\/wp\/v2\/noticia\/90527","targetHints":{"allow":["GET"]}}],"collection":[{"href":"https:\/\/temporada-alta.com\/es\/wp-json\/wp\/v2\/noticia"}],"about":[{"href":"https:\/\/temporada-alta.com\/es\/wp-json\/wp\/v2\/types\/noticia"}],"wp:featuredmedia":[{"embeddable":true,"href":"https:\/\/temporada-alta.com\/es\/wp-json\/wp\/v2\/media\/87706"}],"wp:attachment":[{"href":"https:\/\/temporada-alta.com\/es\/wp-json\/wp\/v2\/media?parent=90527"}],"curies":[{"name":"wp","href":"https:\/\/api.w.org\/{rel}","templated":true}]}}