{"id":90429,"date":"2023-12-01T16:21:44","date_gmt":"2023-12-01T15:21:44","guid":{"rendered":"https:\/\/temporada-alta.com\/noticia\/llega-la-iii-edicion-del-seminario-de-sevilla-organizado-por-la-fundacion-la-ciutat-invisible\/"},"modified":"2023-12-01T16:50:51","modified_gmt":"2023-12-01T15:50:51","slug":"llega-la-iii-edicion-del-seminario-de-sevilla-organizado-por-la-fundacion-la-ciutat-invisible","status":"publish","type":"noticia","link":"https:\/\/temporada-alta.com\/es\/noticia\/llega-la-iii-edicion-del-seminario-de-sevilla-organizado-por-la-fundacion-la-ciutat-invisible\/","title":{"rendered":"Llega la III edici\u00f3n del seminario de Sevilla organizado por la Fundaci\u00f3n La Ciutat Invisible"},"content":{"rendered":"<div id=\"modal-ready\">\n<p><strong>Del 2 al 4 de febrero de 2024<\/strong>, la Fundaci\u00f3n La Ciutat Invisible organiza la tercera edici\u00f3n del seminario de formaci\u00f3n en artes y educaci\u00f3n, fruto del encargo de la Fundaci\u00f3n Banco Sabadell. Bajo el t\u00edtulo <strong><em>Arte, educaci\u00f3n y bienestar: recursos por un futuro compartido<\/em><\/strong>, proponen innovadoras formas de repensar la educaci\u00f3n actual explorando los v\u00ednculos entre el arte, la salud y el bienestar.<\/p>\n\n\n\n<p>El seminario tiene una duraci\u00f3n de tres d\u00edas con un total de <strong>15 horas de formaci\u00f3n<\/strong> presencial. Se inaugurar\u00e1 con la <strong>ponencia <em>Arte, cerebro y bienestar: \u00bfde d\u00f3nde surge esta alianza?<\/em> a cargo de David Bueno<\/strong>, reconocido bi\u00f3logo genetista con un amplio trabajo en el campo de la neurociencia de la infancia y la adolescencia, donde se debatir\u00e1 sobre el papel clave de las artes en la formaci\u00f3n y la construcci\u00f3n del cerebro, y su implicaci\u00f3n con su gran potencial educativo.<\/p>\n\n\n\n<p>Adem\u00e1s, la formaci\u00f3n renueva ligeramente el formato de las \u00faltimas dos ediciones y constar\u00e1 de <strong>dos talleres basados en diferentes disciplinas art\u00edsticas y diferentes espacios de trabajo conjunto<\/strong>. En el primero de los talleres, centrado en el lenguaje teatral, el colectivo <strong>La Rara<\/strong> trabajar\u00e1 la creaci\u00f3n esc\u00e9nica a partir de las experiencias vividas por los mismos participantes; y en el taller de danza y expresi\u00f3n corporal, las bailarinas <strong>\u00c0ngela Peris i Vera Livia Garc\u00eda<\/strong> propondr\u00e1n trabajar la conciencia del cuerpo como lugar de experiencia dentro del aula. Durante las jornadas tambi\u00e9n tendr\u00e1 lugar el taller \u00bfQu\u00e9 nos explica la ciudad?, del colectivo <strong>La Liminal<\/strong>, donde los 4 grupos trabajar\u00e1n conjuntamente cuestiones alrededor de lo que nos explica la ciudad, como la leemos y experimentamos en nuestros recorridos diarios, como podemos reescribirla y como andar es una manera de pensar la ciudad donde el cuerpo, el movimiento y el espacio se creen como una manera de habla con nuestro entorno, de hacerle preguntas y de escribir nuevas historias.<\/p>\n\n\n\n<p>La formaci\u00f3n tambi\u00e9n incluye un <strong>espacio de trabajo en grupo<\/strong>, en que las <strong>mediadoras culturales Ester Bonal, Elo\u00eds Cant\u00f3n, Edi Carrascal y Marcela Ot\u00e1rola<\/strong> orientar\u00e1n las persones participantes para incorporar las metodolog\u00edas aprendidas en sus contextos profesionales. El <strong>periodo de inscripci\u00f3n<\/strong> ya est\u00e1 abierto y durar\u00e1 <strong>hasta agotar el l\u00edmite de 80 plazas<\/strong>.<\/p>\n\n\n\n<p><strong><a href=\"https:\/\/www.ciutatinvisible.org\/educacio\/atempo\/formacio\/seminaris-de-formacio-2\/sevilla\/\">M\u00e1s informaci\u00f3n sobre el programa e inscripciones, <\/a><a href=\"https:\/\/www.ciutatinvisible.org\/educacio\/atempo\/formacio\/seminaris-de-formacio-2\/sevilla\/\" target=\"_blank\" rel=\"noreferrer noopener\">aqu\u00ed<\/a><\/strong>.<\/p>\n\n\n\n<p>Este seminario cuenta con la <strong>Fundaci\u00f3n Banco Sabadell<\/strong> como colaborador principal, <strong>Temporada Alta<\/strong> y el apoyo del <strong>Ayuntamiento de Sevilla (ICAS)<\/strong> y la colaboraci\u00f3n de <strong>ZEMOS98, Red Planea, Teatro Alameda y ConArte Internacional.<\/strong><\/p>\n<\/div>","protected":false},"excerpt":{"rendered":"<p>Del 2 al 4 de febrero de 2024, la Fundaci\u00f3n La Ciutat Invisible organiza la tercera edici\u00f3n del&#8230;<\/p>\n","protected":false},"featured_media":90428,"template":"","class_list":["post-90429","noticia","type-noticia","status-publish","has-post-thumbnail","hentry"],"acf":[],"yoast_head":"<!-- This site is optimized with the Yoast SEO plugin v27.0 - https:\/\/yoast.com\/product\/yoast-seo-wordpress\/ -->\n<title>Llega la III edici\u00f3n del seminario de Sevilla organizado por la Fundaci\u00f3n La Ciutat Invisible - Temporada Alta<\/title>\n<meta name=\"robots\" content=\"index, follow, max-snippet:-1, max-image-preview:large, max-video-preview:-1\" \/>\n<link rel=\"canonical\" href=\"https:\/\/temporada-alta.com\/es\/noticia\/llega-la-iii-edicion-del-seminario-de-sevilla-organizado-por-la-fundacion-la-ciutat-invisible\/\" \/>\n<meta property=\"og:locale\" content=\"es_ES\" \/>\n<meta property=\"og:type\" content=\"article\" \/>\n<meta property=\"og:title\" content=\"Llega la III edici\u00f3n del seminario de Sevilla organizado por la Fundaci\u00f3n La Ciutat Invisible - Temporada Alta\" \/>\n<meta property=\"og:description\" content=\"Del 2 al 4 de febrero de 2024, la Fundaci\u00f3n La Ciutat Invisible organiza la tercera edici\u00f3n del...\" \/>\n<meta property=\"og:url\" content=\"https:\/\/temporada-alta.com\/es\/noticia\/llega-la-iii-edicion-del-seminario-de-sevilla-organizado-por-la-fundacion-la-ciutat-invisible\/\" \/>\n<meta property=\"og:site_name\" content=\"Temporada Alta\" \/>\n<meta property=\"article:modified_time\" content=\"2023-12-01T15:50:51+00:00\" \/>\n<meta property=\"og:image\" content=\"https:\/\/temporada-alta.com\/wp-content\/uploads\/Koobin-Seminario-1.png\" \/>\n\t<meta property=\"og:image:width\" content=\"1200\" \/>\n\t<meta property=\"og:image:height\" content=\"800\" \/>\n\t<meta property=\"og:image:type\" content=\"image\/png\" \/>\n<meta name=\"twitter:card\" content=\"summary_large_image\" \/>\n<script type=\"application\/ld+json\" class=\"yoast-schema-graph\">{\"@context\":\"https:\/\/schema.org\",\"@graph\":[{\"@type\":\"WebPage\",\"@id\":\"https:\/\/temporada-alta.com\/es\/noticia\/llega-la-iii-edicion-del-seminario-de-sevilla-organizado-por-la-fundacion-la-ciutat-invisible\/\",\"url\":\"https:\/\/temporada-alta.com\/es\/noticia\/llega-la-iii-edicion-del-seminario-de-sevilla-organizado-por-la-fundacion-la-ciutat-invisible\/\",\"name\":\"Llega la III edici\u00f3n del seminario de Sevilla organizado por la Fundaci\u00f3n La Ciutat Invisible - Temporada Alta\",\"isPartOf\":{\"@id\":\"https:\/\/temporada-alta.com\/es\/#website\"},\"primaryImageOfPage\":{\"@id\":\"https:\/\/temporada-alta.com\/es\/noticia\/llega-la-iii-edicion-del-seminario-de-sevilla-organizado-por-la-fundacion-la-ciutat-invisible\/#primaryimage\"},\"image\":{\"@id\":\"https:\/\/temporada-alta.com\/es\/noticia\/llega-la-iii-edicion-del-seminario-de-sevilla-organizado-por-la-fundacion-la-ciutat-invisible\/#primaryimage\"},\"thumbnailUrl\":\"https:\/\/temporada-alta.com\/wp-content\/uploads\/Koobin-Seminario-1.png\",\"datePublished\":\"2023-12-01T15:21:44+00:00\",\"dateModified\":\"2023-12-01T15:50:51+00:00\",\"breadcrumb\":{\"@id\":\"https:\/\/temporada-alta.com\/es\/noticia\/llega-la-iii-edicion-del-seminario-de-sevilla-organizado-por-la-fundacion-la-ciutat-invisible\/#breadcrumb\"},\"inLanguage\":\"es\",\"potentialAction\":[{\"@type\":\"ReadAction\",\"target\":[\"https:\/\/temporada-alta.com\/es\/noticia\/llega-la-iii-edicion-del-seminario-de-sevilla-organizado-por-la-fundacion-la-ciutat-invisible\/\"]}]},{\"@type\":\"ImageObject\",\"inLanguage\":\"es\",\"@id\":\"https:\/\/temporada-alta.com\/es\/noticia\/llega-la-iii-edicion-del-seminario-de-sevilla-organizado-por-la-fundacion-la-ciutat-invisible\/#primaryimage\",\"url\":\"https:\/\/temporada-alta.com\/wp-content\/uploads\/Koobin-Seminario-1.png\",\"contentUrl\":\"https:\/\/temporada-alta.com\/wp-content\/uploads\/Koobin-Seminario-1.png\",\"width\":1200,\"height\":800},{\"@type\":\"BreadcrumbList\",\"@id\":\"https:\/\/temporada-alta.com\/es\/noticia\/llega-la-iii-edicion-del-seminario-de-sevilla-organizado-por-la-fundacion-la-ciutat-invisible\/#breadcrumb\",\"itemListElement\":[{\"@type\":\"ListItem\",\"position\":1,\"name\":\"Inici\",\"item\":\"https:\/\/temporada-alta.com\/es\/\"},{\"@type\":\"ListItem\",\"position\":2,\"name\":\"Llega la III edici\u00f3n del seminario de Sevilla organizado por la Fundaci\u00f3n La Ciutat Invisible\"}]},{\"@type\":\"WebSite\",\"@id\":\"https:\/\/temporada-alta.com\/es\/#website\",\"url\":\"https:\/\/temporada-alta.com\/es\/\",\"name\":\"Temporada Alta\",\"description\":\"Festival d&#039;Arts Esc\u00e8niques\",\"publisher\":{\"@id\":\"https:\/\/temporada-alta.com\/es\/#organization\"},\"potentialAction\":[{\"@type\":\"SearchAction\",\"target\":{\"@type\":\"EntryPoint\",\"urlTemplate\":\"https:\/\/temporada-alta.com\/es\/?s={search_term_string}\"},\"query-input\":{\"@type\":\"PropertyValueSpecification\",\"valueRequired\":true,\"valueName\":\"search_term_string\"}}],\"inLanguage\":\"es\"},{\"@type\":\"Organization\",\"@id\":\"https:\/\/temporada-alta.com\/es\/#organization\",\"name\":\"Temporada Alta\",\"url\":\"https:\/\/temporada-alta.com\/es\/\",\"logo\":{\"@type\":\"ImageObject\",\"inLanguage\":\"es\",\"@id\":\"https:\/\/temporada-alta.com\/es\/#\/schema\/logo\/image\/\",\"url\":\"https:\/\/temporada-alta.com\/wp-content\/uploads\/TA21-Logotip-pos.png\",\"contentUrl\":\"https:\/\/temporada-alta.com\/wp-content\/uploads\/TA21-Logotip-pos.png\",\"width\":800,\"height\":267,\"caption\":\"Temporada Alta\"},\"image\":{\"@id\":\"https:\/\/temporada-alta.com\/es\/#\/schema\/logo\/image\/\"}}]}<\/script>\n<!-- \/ Yoast SEO plugin. -->","yoast_head_json":{"title":"Llega la III edici\u00f3n del seminario de Sevilla organizado por la Fundaci\u00f3n La Ciutat Invisible - Temporada Alta","robots":{"index":"index","follow":"follow","max-snippet":"max-snippet:-1","max-image-preview":"max-image-preview:large","max-video-preview":"max-video-preview:-1"},"canonical":"https:\/\/temporada-alta.com\/es\/noticia\/llega-la-iii-edicion-del-seminario-de-sevilla-organizado-por-la-fundacion-la-ciutat-invisible\/","og_locale":"es_ES","og_type":"article","og_title":"Llega la III edici\u00f3n del seminario de Sevilla organizado por la Fundaci\u00f3n La Ciutat Invisible - Temporada Alta","og_description":"Del 2 al 4 de febrero de 2024, la Fundaci\u00f3n La Ciutat Invisible organiza la tercera edici\u00f3n del...","og_url":"https:\/\/temporada-alta.com\/es\/noticia\/llega-la-iii-edicion-del-seminario-de-sevilla-organizado-por-la-fundacion-la-ciutat-invisible\/","og_site_name":"Temporada Alta","article_modified_time":"2023-12-01T15:50:51+00:00","og_image":[{"width":1200,"height":800,"url":"https:\/\/temporada-alta.com\/wp-content\/uploads\/Koobin-Seminario-1.png","type":"image\/png"}],"twitter_card":"summary_large_image","schema":{"@context":"https:\/\/schema.org","@graph":[{"@type":"WebPage","@id":"https:\/\/temporada-alta.com\/es\/noticia\/llega-la-iii-edicion-del-seminario-de-sevilla-organizado-por-la-fundacion-la-ciutat-invisible\/","url":"https:\/\/temporada-alta.com\/es\/noticia\/llega-la-iii-edicion-del-seminario-de-sevilla-organizado-por-la-fundacion-la-ciutat-invisible\/","name":"Llega la III edici\u00f3n del seminario de Sevilla organizado por la Fundaci\u00f3n La Ciutat Invisible - Temporada Alta","isPartOf":{"@id":"https:\/\/temporada-alta.com\/es\/#website"},"primaryImageOfPage":{"@id":"https:\/\/temporada-alta.com\/es\/noticia\/llega-la-iii-edicion-del-seminario-de-sevilla-organizado-por-la-fundacion-la-ciutat-invisible\/#primaryimage"},"image":{"@id":"https:\/\/temporada-alta.com\/es\/noticia\/llega-la-iii-edicion-del-seminario-de-sevilla-organizado-por-la-fundacion-la-ciutat-invisible\/#primaryimage"},"thumbnailUrl":"https:\/\/temporada-alta.com\/wp-content\/uploads\/Koobin-Seminario-1.png","datePublished":"2023-12-01T15:21:44+00:00","dateModified":"2023-12-01T15:50:51+00:00","breadcrumb":{"@id":"https:\/\/temporada-alta.com\/es\/noticia\/llega-la-iii-edicion-del-seminario-de-sevilla-organizado-por-la-fundacion-la-ciutat-invisible\/#breadcrumb"},"inLanguage":"es","potentialAction":[{"@type":"ReadAction","target":["https:\/\/temporada-alta.com\/es\/noticia\/llega-la-iii-edicion-del-seminario-de-sevilla-organizado-por-la-fundacion-la-ciutat-invisible\/"]}]},{"@type":"ImageObject","inLanguage":"es","@id":"https:\/\/temporada-alta.com\/es\/noticia\/llega-la-iii-edicion-del-seminario-de-sevilla-organizado-por-la-fundacion-la-ciutat-invisible\/#primaryimage","url":"https:\/\/temporada-alta.com\/wp-content\/uploads\/Koobin-Seminario-1.png","contentUrl":"https:\/\/temporada-alta.com\/wp-content\/uploads\/Koobin-Seminario-1.png","width":1200,"height":800},{"@type":"BreadcrumbList","@id":"https:\/\/temporada-alta.com\/es\/noticia\/llega-la-iii-edicion-del-seminario-de-sevilla-organizado-por-la-fundacion-la-ciutat-invisible\/#breadcrumb","itemListElement":[{"@type":"ListItem","position":1,"name":"Inici","item":"https:\/\/temporada-alta.com\/es\/"},{"@type":"ListItem","position":2,"name":"Llega la III edici\u00f3n del seminario de Sevilla organizado por la Fundaci\u00f3n La Ciutat Invisible"}]},{"@type":"WebSite","@id":"https:\/\/temporada-alta.com\/es\/#website","url":"https:\/\/temporada-alta.com\/es\/","name":"Temporada Alta","description":"Festival d&#039;Arts Esc\u00e8niques","publisher":{"@id":"https:\/\/temporada-alta.com\/es\/#organization"},"potentialAction":[{"@type":"SearchAction","target":{"@type":"EntryPoint","urlTemplate":"https:\/\/temporada-alta.com\/es\/?s={search_term_string}"},"query-input":{"@type":"PropertyValueSpecification","valueRequired":true,"valueName":"search_term_string"}}],"inLanguage":"es"},{"@type":"Organization","@id":"https:\/\/temporada-alta.com\/es\/#organization","name":"Temporada Alta","url":"https:\/\/temporada-alta.com\/es\/","logo":{"@type":"ImageObject","inLanguage":"es","@id":"https:\/\/temporada-alta.com\/es\/#\/schema\/logo\/image\/","url":"https:\/\/temporada-alta.com\/wp-content\/uploads\/TA21-Logotip-pos.png","contentUrl":"https:\/\/temporada-alta.com\/wp-content\/uploads\/TA21-Logotip-pos.png","width":800,"height":267,"caption":"Temporada Alta"},"image":{"@id":"https:\/\/temporada-alta.com\/es\/#\/schema\/logo\/image\/"}}]}},"_links":{"self":[{"href":"https:\/\/temporada-alta.com\/es\/wp-json\/wp\/v2\/noticia\/90429","targetHints":{"allow":["GET"]}}],"collection":[{"href":"https:\/\/temporada-alta.com\/es\/wp-json\/wp\/v2\/noticia"}],"about":[{"href":"https:\/\/temporada-alta.com\/es\/wp-json\/wp\/v2\/types\/noticia"}],"wp:featuredmedia":[{"embeddable":true,"href":"https:\/\/temporada-alta.com\/es\/wp-json\/wp\/v2\/media\/90428"}],"wp:attachment":[{"href":"https:\/\/temporada-alta.com\/es\/wp-json\/wp\/v2\/media?parent=90429"}],"curies":[{"name":"wp","href":"https:\/\/api.w.org\/{rel}","templated":true}]}}