{"id":89958,"date":"2023-10-10T14:17:00","date_gmt":"2023-10-10T12:17:00","guid":{"rendered":"https:\/\/temporada-alta.com\/noticia\/ta23-arranca-con-musica-una-jornada-de-teatro-familiar-y-un-gran-proyecto-europeo\/"},"modified":"2023-10-24T16:27:15","modified_gmt":"2023-10-24T14:27:15","slug":"ta23-arranca-con-musica-una-jornada-de-teatro-familiar-y-un-gran-proyecto-europeo","status":"publish","type":"noticia","link":"https:\/\/temporada-alta.com\/es\/noticia\/ta23-arranca-con-musica-una-jornada-de-teatro-familiar-y-un-gran-proyecto-europeo\/","title":{"rendered":"TA23 arranca con m\u00fasica, una jornada de teatro familiar y un gran proyecto europeo"},"content":{"rendered":"<div id=\"modal-ready\">\n<p>Despu\u00e9s del <strong><a href=\"https:\/\/drive.google.com\/drive\/folders\/1Qm2X4IJTu0uUpSggyd9V3HenwdPKzq2h?usp=sharing\">acto de presentaci\u00f3n<\/a><\/strong> de la programaci\u00f3n de principios de septiembre, Temporada Alta 2023 ha arrancado este a\u00f1o con un programa inaugural que contempla la m\u00fasica, la programaci\u00f3n familiar, la creaci\u00f3n contempor\u00e1nea internacional y la danza, entre otras propuestas de artes esc\u00e9nicas.<\/p>\n\n\n\n<p>El pasado s\u00e1bado 30 de septiembre acogimos la \u00faltima parada de la gira de retorno de <strong><a href=\"https:\/\/drive.google.com\/drive\/folders\/1ruzLzRiR8EtKbgVhQYEhMLCiVUey2QKB?usp=sharing\">Ant\u00f2nia Font<\/a><\/strong>, recuperando la Fira de Girona como espacio para celebrar grandes acontecimientos, reuniendo a m\u00e1s de 6.500 personas en el concierto.<\/p>\n\n\n\n<p>El 1 de octubre, tambi\u00e9n en la Fira de Girona, por primera vez, celebramos <strong><em><a href=\"https:\/\/drive.google.com\/drive\/folders\/1rUYNpRFDzvTnNN_Kp5tcASrAepNdYR6m?usp=sharing\">la petiTA<\/a><\/em><\/strong>, una jornada de teatro familiar organizada conjuntamente con El Pot Petit con actuaciones musicales, circo y diferentes actividades para todos los p\u00fablicos.<\/p>\n\n\n\n<p>Finalmente, el arranque de TA23, culmin\u00f3 con la representaci\u00f3n de&nbsp;<strong><em><a href=\"https:\/\/drive.google.com\/drive\/folders\/1-rpZJ-_33vKo5ExRRLI6Tap1AyiN0BNg?usp=sharing\">Face T(W)O<\/a><\/em><\/strong> en la Plaza 1 d&#8217;octubre de Girona. Resultado del proyecto de danza europeo PPP (People Power Partnership) se pudo ver el 6 de octubre.<\/p>\n\n\n\n<p>Para celebrar este inicio de festival, organizamos una&nbsp;<strong><a href=\"https:\/\/drive.google.com\/drive\/folders\/1s0dpybFx23q2aUnyqiSDG0cdcHZFoKJR?usp=sharing\">fiesta inaugural<\/a><\/strong> con m\u00fasica, comida y bebidas en la Plaza Pallol, donde asistimos artistas, vecinos, socios del Club, sponsors, personal del festival a este acontecimiento l\u00fadico abierto a la ciudadan\u00eda.<\/p>\n\n\n\n<p>Puedes ver las fotos de todos estos eventos <strong><a href=\"https:\/\/drive.google.com\/drive\/folders\/1Tksxz5a9fQJyNts6LNVPyeIB_T0uxVnh?usp=sharing\">en este enlace.<\/a><\/strong><\/p>\n<\/div>","protected":false},"excerpt":{"rendered":"<p>Despu\u00e9s del acto de presentaci\u00f3n de la programaci\u00f3n de principios de septiembre, Temporada Alta 2023 ha arrancado este&#8230;<\/p>\n","protected":false},"featured_media":89957,"template":"","class_list":["post-89958","noticia","type-noticia","status-publish","has-post-thumbnail","hentry"],"acf":[],"yoast_head":"<!-- This site is optimized with the Yoast SEO plugin v27.0 - https:\/\/yoast.com\/product\/yoast-seo-wordpress\/ -->\n<title>TA23 arranca con m\u00fasica, una jornada de teatro familiar y un gran proyecto europeo - Temporada Alta<\/title>\n<meta name=\"robots\" content=\"index, follow, max-snippet:-1, max-image-preview:large, max-video-preview:-1\" \/>\n<link rel=\"canonical\" href=\"https:\/\/temporada-alta.com\/es\/noticia\/ta23-arranca-con-musica-una-jornada-de-teatro-familiar-y-un-gran-proyecto-europeo\/\" \/>\n<meta property=\"og:locale\" content=\"es_ES\" \/>\n<meta property=\"og:type\" content=\"article\" \/>\n<meta property=\"og:title\" content=\"TA23 arranca con m\u00fasica, una jornada de teatro familiar y un gran proyecto europeo - Temporada Alta\" \/>\n<meta property=\"og:description\" content=\"Despu\u00e9s del acto de presentaci\u00f3n de la programaci\u00f3n de principios de septiembre, Temporada Alta 2023 ha arrancado este...\" \/>\n<meta property=\"og:url\" content=\"https:\/\/temporada-alta.com\/es\/noticia\/ta23-arranca-con-musica-una-jornada-de-teatro-familiar-y-un-gran-proyecto-europeo\/\" \/>\n<meta property=\"og:site_name\" content=\"Temporada Alta\" \/>\n<meta property=\"article:modified_time\" content=\"2023-10-24T14:27:15+00:00\" \/>\n<meta property=\"og:image\" content=\"https:\/\/temporada-alta.com\/wp-content\/uploads\/antonia-font-1.png\" \/>\n\t<meta property=\"og:image:width\" content=\"1000\" \/>\n\t<meta property=\"og:image:height\" content=\"500\" \/>\n\t<meta property=\"og:image:type\" content=\"image\/png\" \/>\n<meta name=\"twitter:card\" content=\"summary_large_image\" \/>\n<script type=\"application\/ld+json\" class=\"yoast-schema-graph\">{\"@context\":\"https:\/\/schema.org\",\"@graph\":[{\"@type\":\"WebPage\",\"@id\":\"https:\/\/temporada-alta.com\/es\/noticia\/ta23-arranca-con-musica-una-jornada-de-teatro-familiar-y-un-gran-proyecto-europeo\/\",\"url\":\"https:\/\/temporada-alta.com\/es\/noticia\/ta23-arranca-con-musica-una-jornada-de-teatro-familiar-y-un-gran-proyecto-europeo\/\",\"name\":\"TA23 arranca con m\u00fasica, una jornada de teatro familiar y un gran proyecto europeo - Temporada Alta\",\"isPartOf\":{\"@id\":\"https:\/\/temporada-alta.com\/es\/#website\"},\"primaryImageOfPage\":{\"@id\":\"https:\/\/temporada-alta.com\/es\/noticia\/ta23-arranca-con-musica-una-jornada-de-teatro-familiar-y-un-gran-proyecto-europeo\/#primaryimage\"},\"image\":{\"@id\":\"https:\/\/temporada-alta.com\/es\/noticia\/ta23-arranca-con-musica-una-jornada-de-teatro-familiar-y-un-gran-proyecto-europeo\/#primaryimage\"},\"thumbnailUrl\":\"https:\/\/temporada-alta.com\/wp-content\/uploads\/antonia-font-1.png\",\"datePublished\":\"2023-10-10T12:17:00+00:00\",\"dateModified\":\"2023-10-24T14:27:15+00:00\",\"breadcrumb\":{\"@id\":\"https:\/\/temporada-alta.com\/es\/noticia\/ta23-arranca-con-musica-una-jornada-de-teatro-familiar-y-un-gran-proyecto-europeo\/#breadcrumb\"},\"inLanguage\":\"es\",\"potentialAction\":[{\"@type\":\"ReadAction\",\"target\":[\"https:\/\/temporada-alta.com\/es\/noticia\/ta23-arranca-con-musica-una-jornada-de-teatro-familiar-y-un-gran-proyecto-europeo\/\"]}]},{\"@type\":\"ImageObject\",\"inLanguage\":\"es\",\"@id\":\"https:\/\/temporada-alta.com\/es\/noticia\/ta23-arranca-con-musica-una-jornada-de-teatro-familiar-y-un-gran-proyecto-europeo\/#primaryimage\",\"url\":\"https:\/\/temporada-alta.com\/wp-content\/uploads\/antonia-font-1.png\",\"contentUrl\":\"https:\/\/temporada-alta.com\/wp-content\/uploads\/antonia-font-1.png\",\"width\":1000,\"height\":500},{\"@type\":\"BreadcrumbList\",\"@id\":\"https:\/\/temporada-alta.com\/es\/noticia\/ta23-arranca-con-musica-una-jornada-de-teatro-familiar-y-un-gran-proyecto-europeo\/#breadcrumb\",\"itemListElement\":[{\"@type\":\"ListItem\",\"position\":1,\"name\":\"Inici\",\"item\":\"https:\/\/temporada-alta.com\/es\/\"},{\"@type\":\"ListItem\",\"position\":2,\"name\":\"TA23 arranca con m\u00fasica, una jornada de teatro familiar y un gran proyecto europeo\"}]},{\"@type\":\"WebSite\",\"@id\":\"https:\/\/temporada-alta.com\/es\/#website\",\"url\":\"https:\/\/temporada-alta.com\/es\/\",\"name\":\"Temporada Alta\",\"description\":\"Festival d&#039;Arts Esc\u00e8niques\",\"publisher\":{\"@id\":\"https:\/\/temporada-alta.com\/es\/#organization\"},\"potentialAction\":[{\"@type\":\"SearchAction\",\"target\":{\"@type\":\"EntryPoint\",\"urlTemplate\":\"https:\/\/temporada-alta.com\/es\/?s={search_term_string}\"},\"query-input\":{\"@type\":\"PropertyValueSpecification\",\"valueRequired\":true,\"valueName\":\"search_term_string\"}}],\"inLanguage\":\"es\"},{\"@type\":\"Organization\",\"@id\":\"https:\/\/temporada-alta.com\/es\/#organization\",\"name\":\"Temporada Alta\",\"url\":\"https:\/\/temporada-alta.com\/es\/\",\"logo\":{\"@type\":\"ImageObject\",\"inLanguage\":\"es\",\"@id\":\"https:\/\/temporada-alta.com\/es\/#\/schema\/logo\/image\/\",\"url\":\"https:\/\/temporada-alta.com\/wp-content\/uploads\/TA21-Logotip-pos.png\",\"contentUrl\":\"https:\/\/temporada-alta.com\/wp-content\/uploads\/TA21-Logotip-pos.png\",\"width\":800,\"height\":267,\"caption\":\"Temporada Alta\"},\"image\":{\"@id\":\"https:\/\/temporada-alta.com\/es\/#\/schema\/logo\/image\/\"}}]}<\/script>\n<!-- \/ Yoast SEO plugin. -->","yoast_head_json":{"title":"TA23 arranca con m\u00fasica, una jornada de teatro familiar y un gran proyecto europeo - Temporada Alta","robots":{"index":"index","follow":"follow","max-snippet":"max-snippet:-1","max-image-preview":"max-image-preview:large","max-video-preview":"max-video-preview:-1"},"canonical":"https:\/\/temporada-alta.com\/es\/noticia\/ta23-arranca-con-musica-una-jornada-de-teatro-familiar-y-un-gran-proyecto-europeo\/","og_locale":"es_ES","og_type":"article","og_title":"TA23 arranca con m\u00fasica, una jornada de teatro familiar y un gran proyecto europeo - Temporada Alta","og_description":"Despu\u00e9s del acto de presentaci\u00f3n de la programaci\u00f3n de principios de septiembre, Temporada Alta 2023 ha arrancado este...","og_url":"https:\/\/temporada-alta.com\/es\/noticia\/ta23-arranca-con-musica-una-jornada-de-teatro-familiar-y-un-gran-proyecto-europeo\/","og_site_name":"Temporada Alta","article_modified_time":"2023-10-24T14:27:15+00:00","og_image":[{"width":1000,"height":500,"url":"https:\/\/temporada-alta.com\/wp-content\/uploads\/antonia-font-1.png","type":"image\/png"}],"twitter_card":"summary_large_image","schema":{"@context":"https:\/\/schema.org","@graph":[{"@type":"WebPage","@id":"https:\/\/temporada-alta.com\/es\/noticia\/ta23-arranca-con-musica-una-jornada-de-teatro-familiar-y-un-gran-proyecto-europeo\/","url":"https:\/\/temporada-alta.com\/es\/noticia\/ta23-arranca-con-musica-una-jornada-de-teatro-familiar-y-un-gran-proyecto-europeo\/","name":"TA23 arranca con m\u00fasica, una jornada de teatro familiar y un gran proyecto europeo - Temporada Alta","isPartOf":{"@id":"https:\/\/temporada-alta.com\/es\/#website"},"primaryImageOfPage":{"@id":"https:\/\/temporada-alta.com\/es\/noticia\/ta23-arranca-con-musica-una-jornada-de-teatro-familiar-y-un-gran-proyecto-europeo\/#primaryimage"},"image":{"@id":"https:\/\/temporada-alta.com\/es\/noticia\/ta23-arranca-con-musica-una-jornada-de-teatro-familiar-y-un-gran-proyecto-europeo\/#primaryimage"},"thumbnailUrl":"https:\/\/temporada-alta.com\/wp-content\/uploads\/antonia-font-1.png","datePublished":"2023-10-10T12:17:00+00:00","dateModified":"2023-10-24T14:27:15+00:00","breadcrumb":{"@id":"https:\/\/temporada-alta.com\/es\/noticia\/ta23-arranca-con-musica-una-jornada-de-teatro-familiar-y-un-gran-proyecto-europeo\/#breadcrumb"},"inLanguage":"es","potentialAction":[{"@type":"ReadAction","target":["https:\/\/temporada-alta.com\/es\/noticia\/ta23-arranca-con-musica-una-jornada-de-teatro-familiar-y-un-gran-proyecto-europeo\/"]}]},{"@type":"ImageObject","inLanguage":"es","@id":"https:\/\/temporada-alta.com\/es\/noticia\/ta23-arranca-con-musica-una-jornada-de-teatro-familiar-y-un-gran-proyecto-europeo\/#primaryimage","url":"https:\/\/temporada-alta.com\/wp-content\/uploads\/antonia-font-1.png","contentUrl":"https:\/\/temporada-alta.com\/wp-content\/uploads\/antonia-font-1.png","width":1000,"height":500},{"@type":"BreadcrumbList","@id":"https:\/\/temporada-alta.com\/es\/noticia\/ta23-arranca-con-musica-una-jornada-de-teatro-familiar-y-un-gran-proyecto-europeo\/#breadcrumb","itemListElement":[{"@type":"ListItem","position":1,"name":"Inici","item":"https:\/\/temporada-alta.com\/es\/"},{"@type":"ListItem","position":2,"name":"TA23 arranca con m\u00fasica, una jornada de teatro familiar y un gran proyecto europeo"}]},{"@type":"WebSite","@id":"https:\/\/temporada-alta.com\/es\/#website","url":"https:\/\/temporada-alta.com\/es\/","name":"Temporada Alta","description":"Festival d&#039;Arts Esc\u00e8niques","publisher":{"@id":"https:\/\/temporada-alta.com\/es\/#organization"},"potentialAction":[{"@type":"SearchAction","target":{"@type":"EntryPoint","urlTemplate":"https:\/\/temporada-alta.com\/es\/?s={search_term_string}"},"query-input":{"@type":"PropertyValueSpecification","valueRequired":true,"valueName":"search_term_string"}}],"inLanguage":"es"},{"@type":"Organization","@id":"https:\/\/temporada-alta.com\/es\/#organization","name":"Temporada Alta","url":"https:\/\/temporada-alta.com\/es\/","logo":{"@type":"ImageObject","inLanguage":"es","@id":"https:\/\/temporada-alta.com\/es\/#\/schema\/logo\/image\/","url":"https:\/\/temporada-alta.com\/wp-content\/uploads\/TA21-Logotip-pos.png","contentUrl":"https:\/\/temporada-alta.com\/wp-content\/uploads\/TA21-Logotip-pos.png","width":800,"height":267,"caption":"Temporada Alta"},"image":{"@id":"https:\/\/temporada-alta.com\/es\/#\/schema\/logo\/image\/"}}]}},"_links":{"self":[{"href":"https:\/\/temporada-alta.com\/es\/wp-json\/wp\/v2\/noticia\/89958","targetHints":{"allow":["GET"]}}],"collection":[{"href":"https:\/\/temporada-alta.com\/es\/wp-json\/wp\/v2\/noticia"}],"about":[{"href":"https:\/\/temporada-alta.com\/es\/wp-json\/wp\/v2\/types\/noticia"}],"wp:featuredmedia":[{"embeddable":true,"href":"https:\/\/temporada-alta.com\/es\/wp-json\/wp\/v2\/media\/89957"}],"wp:attachment":[{"href":"https:\/\/temporada-alta.com\/es\/wp-json\/wp\/v2\/media?parent=89958"}],"curies":[{"name":"wp","href":"https:\/\/api.w.org\/{rel}","templated":true}]}}