{"id":89630,"date":"2023-10-02T17:35:29","date_gmt":"2023-10-02T15:35:29","guid":{"rendered":"https:\/\/temporada-alta.com\/noticia\/7-conciertos-para-disfrutar-de-la-mejor-musica-en-ta23\/"},"modified":"2023-10-03T09:14:12","modified_gmt":"2023-10-03T07:14:12","slug":"7-conciertos-para-disfrutar-de-la-mejor-musica-en-ta23","status":"publish","type":"noticia","link":"https:\/\/temporada-alta.com\/es\/noticia\/7-conciertos-para-disfrutar-de-la-mejor-musica-en-ta23\/","title":{"rendered":"7 conciertos para disfrutar de la mejor m\u00fasica en TA23"},"content":{"rendered":"<div id=\"modal-ready\">\n<p>Temporada Alta tambi\u00e9n es m\u00fasica y entretenimiento. M\u00e1s all\u00e1 del concierto de gran formato de Ant\u00f2nia Font que celebramos con sold out la semana pasada, te queremos recomendar algunos conciertos que creemos que, durante esta edici\u00f3n, ning\u00fan amante de la buena m\u00fasica se tendr\u00eda que perder.<\/p>\n\n\n\n<p><strong>1.&nbsp;<a href=\"https:\/\/temporada-alta.com\/es\/shows\/vitalic-live\/\">Vitalic Live<\/a><\/strong><\/p>\n\n\n\n<p><strong>Vitalic Live<\/strong> es un DJ y productor franc\u00e9s, cuyo nombre real es <strong>Pascal Arbez<\/strong>. Salt\u00f3 a la fama en 2001, gracias a su single <em>La Rock 01<\/em>, y en 2005 public\u00f3 su \u00e1lbum debut, <em>OK Cowboy<\/em>. Temporada Alta acoge su show en directo con su m\u00fasica de estilo bastante distintivo, con influencias del hard-techno, el electroclash y la electr\u00f3nica m\u00e1s ochentera. Hasta ahora,<strong> Vitalic Live<\/strong> ha publicado cuatro \u00e1lbumes de estudio. <em>Voyager<\/em>, que vio la luz en 2017, le vali\u00f3 el reconocimiento del p\u00fablico y la cr\u00edtica y lo lanz\u00f3 a una gira internacional.<\/p>\n\n\n\n<p><strong>2.\u00a0<a href=\"https:\/\/temporada-alta.com\/es\/shows\/gio-symphonia-y-elena-tarrats\/\">Gio Symphonia amb Elena Tarrats<\/a><\/strong><\/p>\n\n\n\n<p>La cantante y actriz <strong>Elena Tarrats<\/strong> pone voz a un viaje por los mundos m\u00e1s influyentes en la historia de la m\u00fasica. Bach, Beatles, Bowie y Glass son referentes de diferentes \u00e9pocas. <strong>Francesc Prat<\/strong>, director de la <strong>GIO Symphonia<\/strong>, los uneen una escucha entre siglos y sin fronteras de estilos.<\/p>\n\n\n\n<p>3.\u00a0<strong><a href=\"https:\/\/temporada-alta.com\/es\/shows\/_juno\/\">_juno (Zahara Mart\u00ed Perarnau IV)<\/a><\/strong><\/p>\n\n\n\n<p><em><strong>_BCN747<\/strong><\/em> podr\u00eda ser un avi\u00f3n, pero tambi\u00e9n la hora del adi\u00f3s de una r\u00e1bano, cuando el mundo a la puerta de un club parece el limbo. El nuevo disco de <strong>_juno<\/strong> es una distop\u00eda visual y s\u00f3nica de electr\u00f3nica dom\u00e9stica, fruto de la sensaci\u00f3n de chasco que deja la vuelta de sus viajes por un mundo que cada vez los es m\u00e1s extra\u00f1o.<\/p>\n\n\n\n<p><strong>4.\u00a0<a href=\"https:\/\/temporada-alta.com\/es\/shows\/albert-pla-2023\/\">Albert Pla<\/a><\/strong><\/p>\n\n\n\n<p>Acompanyat de <strong>The Surprise Band<\/strong>, el inefable y polifac\u00e9tico <strong>Albert Pla<\/strong> tiene las manos libres y el cuerpo desenfrenado en este espect\u00e1culo en el cual desarrollar\u00e1 un repertorio de una est\u00e9tica especial, con una cadencia que dar\u00e1 una nueva forma a sus potentes canciones. Un concierto muy festivo, con una iluminaci\u00f3n cuidada, coreograf\u00edas y unas proyecciones que, sin ning\u00fan tipo de duda, har\u00e1n hablar.<\/p>\n\n\n\n<p><strong>5.\u00a0<a href=\"https:\/\/temporada-alta.com\/es\/shows\/pau-vallve\/\">Pau Vallv\u00e9<\/a><\/strong><\/p>\n\n\n\n<p>Desde su pasi\u00f3n por la bater\u00eda hasta convertirse en un cantautor reconocido, <strong>Pau Vallv\u00e9<\/strong> ha experimentado con diferentes g\u00e9neros y ha conseguido emocionar a todo el p\u00fablico. Su compromiso con la evoluci\u00f3n brilla a trav\u00e9s de su m\u00fasica, que culmina con : ), un proyecto lleno de positividad y buenas vibraciones.<\/p>\n\n\n\n<p><strong>6.\u00a0<a href=\"https:\/\/temporada-alta.com\/es\/shows\/molforts-ingrid-caven-albert-serra\/\">Molforts &#8211; Ingrid Caven &#8211; Albert Serra<\/a><\/strong><\/p>\n\n\n\n<p><strong>Albert Serra<\/strong> se ha rodeado de artistas de su confianza para un espect\u00e1culo musical defendido en el escenario por el grupo <strong>Molforts<\/strong>, autores habituales de las bandas sonoras de Serra y por <strong>Ingrid Caven<\/strong>. Una performance con canciones que llevan la firma de la legendaria actriz y m\u00fasica alemana Ingrid Caven y del escritor franc\u00e9s <strong>Jean-Jacques Schuhl<\/strong>.<\/p>\n\n\n\n<p><strong>7.\u00a0<em><a href=\"https:\/\/temporada-alta.com\/es\/shows\/ceci-nest-pas-une-femme\/\">Ceci n\u2019est pas une femme<\/a><\/em><\/strong><\/p>\n\n\n\n<p>Un espect\u00e1culo musical y de cabar\u00e9 del cantante y compositor de cine, Alfonso de Villalonga. En esta ocasi\u00f3n construye un repertorio esencialmente en el entorno de las grandes divas de la canci\u00f3n, desde el Cabar\u00e9 de los a\u00f1os 30 hasta el Music hall de los 60. (Chanson R\u00e9aliste, Cabar\u00e9 Berlin\u00e9s, figuras como <strong>Edith Piaf, Lotte Lenya, Fr\u00e9hel<\/strong> etc\u2026) Los temas propios de Vilallonga completan la visi\u00f3n de este amor siempre a la fuga, real o so\u00f1ado, para recordarnos, junto con Marlene Dietrich, que despu\u00e9s de todo siempre nos quedar\u00e1 la ternura.<\/p>\n<\/div>","protected":false},"excerpt":{"rendered":"<p>Temporada Alta tambi\u00e9n es m\u00fasica y entretenimiento. M\u00e1s all\u00e1 del concierto de gran formato de Ant\u00f2nia Font que&#8230;<\/p>\n","protected":false},"featured_media":89629,"template":"","class_list":["post-89630","noticia","type-noticia","status-publish","has-post-thumbnail","hentry"],"acf":[],"yoast_head":"<!-- This site is optimized with the Yoast SEO plugin v27.0 - https:\/\/yoast.com\/product\/yoast-seo-wordpress\/ -->\n<title>7 conciertos para disfrutar de la mejor m\u00fasica en TA23 - Temporada Alta<\/title>\n<meta name=\"robots\" content=\"index, follow, max-snippet:-1, max-image-preview:large, max-video-preview:-1\" \/>\n<link rel=\"canonical\" href=\"https:\/\/temporada-alta.com\/es\/noticia\/7-conciertos-para-disfrutar-de-la-mejor-musica-en-ta23\/\" \/>\n<meta property=\"og:locale\" content=\"es_ES\" \/>\n<meta property=\"og:type\" content=\"article\" \/>\n<meta property=\"og:title\" content=\"7 conciertos para disfrutar de la mejor m\u00fasica en TA23 - Temporada Alta\" \/>\n<meta property=\"og:description\" content=\"Temporada Alta tambi\u00e9n es m\u00fasica y entretenimiento. M\u00e1s all\u00e1 del concierto de gran formato de Ant\u00f2nia Font que...\" \/>\n<meta property=\"og:url\" content=\"https:\/\/temporada-alta.com\/es\/noticia\/7-conciertos-para-disfrutar-de-la-mejor-musica-en-ta23\/\" \/>\n<meta property=\"og:site_name\" content=\"Temporada Alta\" \/>\n<meta property=\"article:modified_time\" content=\"2023-10-03T07:14:12+00:00\" \/>\n<meta property=\"og:image\" content=\"https:\/\/temporada-alta.com\/wp-content\/uploads\/musica-TA23-1.png\" \/>\n\t<meta property=\"og:image:width\" content=\"1000\" \/>\n\t<meta property=\"og:image:height\" content=\"600\" \/>\n\t<meta property=\"og:image:type\" content=\"image\/png\" \/>\n<meta name=\"twitter:card\" content=\"summary_large_image\" \/>\n<script type=\"application\/ld+json\" class=\"yoast-schema-graph\">{\"@context\":\"https:\/\/schema.org\",\"@graph\":[{\"@type\":\"WebPage\",\"@id\":\"https:\/\/temporada-alta.com\/es\/noticia\/7-conciertos-para-disfrutar-de-la-mejor-musica-en-ta23\/\",\"url\":\"https:\/\/temporada-alta.com\/es\/noticia\/7-conciertos-para-disfrutar-de-la-mejor-musica-en-ta23\/\",\"name\":\"7 conciertos para disfrutar de la mejor m\u00fasica en TA23 - Temporada Alta\",\"isPartOf\":{\"@id\":\"https:\/\/temporada-alta.com\/es\/#website\"},\"primaryImageOfPage\":{\"@id\":\"https:\/\/temporada-alta.com\/es\/noticia\/7-conciertos-para-disfrutar-de-la-mejor-musica-en-ta23\/#primaryimage\"},\"image\":{\"@id\":\"https:\/\/temporada-alta.com\/es\/noticia\/7-conciertos-para-disfrutar-de-la-mejor-musica-en-ta23\/#primaryimage\"},\"thumbnailUrl\":\"https:\/\/temporada-alta.com\/wp-content\/uploads\/musica-TA23-1.png\",\"datePublished\":\"2023-10-02T15:35:29+00:00\",\"dateModified\":\"2023-10-03T07:14:12+00:00\",\"breadcrumb\":{\"@id\":\"https:\/\/temporada-alta.com\/es\/noticia\/7-conciertos-para-disfrutar-de-la-mejor-musica-en-ta23\/#breadcrumb\"},\"inLanguage\":\"es\",\"potentialAction\":[{\"@type\":\"ReadAction\",\"target\":[\"https:\/\/temporada-alta.com\/es\/noticia\/7-conciertos-para-disfrutar-de-la-mejor-musica-en-ta23\/\"]}]},{\"@type\":\"ImageObject\",\"inLanguage\":\"es\",\"@id\":\"https:\/\/temporada-alta.com\/es\/noticia\/7-conciertos-para-disfrutar-de-la-mejor-musica-en-ta23\/#primaryimage\",\"url\":\"https:\/\/temporada-alta.com\/wp-content\/uploads\/musica-TA23-1.png\",\"contentUrl\":\"https:\/\/temporada-alta.com\/wp-content\/uploads\/musica-TA23-1.png\",\"width\":1000,\"height\":600},{\"@type\":\"BreadcrumbList\",\"@id\":\"https:\/\/temporada-alta.com\/es\/noticia\/7-conciertos-para-disfrutar-de-la-mejor-musica-en-ta23\/#breadcrumb\",\"itemListElement\":[{\"@type\":\"ListItem\",\"position\":1,\"name\":\"Inici\",\"item\":\"https:\/\/temporada-alta.com\/es\/\"},{\"@type\":\"ListItem\",\"position\":2,\"name\":\"7 conciertos para disfrutar de la mejor m\u00fasica en TA23\"}]},{\"@type\":\"WebSite\",\"@id\":\"https:\/\/temporada-alta.com\/es\/#website\",\"url\":\"https:\/\/temporada-alta.com\/es\/\",\"name\":\"Temporada Alta\",\"description\":\"Festival d&#039;Arts Esc\u00e8niques\",\"publisher\":{\"@id\":\"https:\/\/temporada-alta.com\/es\/#organization\"},\"potentialAction\":[{\"@type\":\"SearchAction\",\"target\":{\"@type\":\"EntryPoint\",\"urlTemplate\":\"https:\/\/temporada-alta.com\/es\/?s={search_term_string}\"},\"query-input\":{\"@type\":\"PropertyValueSpecification\",\"valueRequired\":true,\"valueName\":\"search_term_string\"}}],\"inLanguage\":\"es\"},{\"@type\":\"Organization\",\"@id\":\"https:\/\/temporada-alta.com\/es\/#organization\",\"name\":\"Temporada Alta\",\"url\":\"https:\/\/temporada-alta.com\/es\/\",\"logo\":{\"@type\":\"ImageObject\",\"inLanguage\":\"es\",\"@id\":\"https:\/\/temporada-alta.com\/es\/#\/schema\/logo\/image\/\",\"url\":\"https:\/\/temporada-alta.com\/wp-content\/uploads\/TA21-Logotip-pos.png\",\"contentUrl\":\"https:\/\/temporada-alta.com\/wp-content\/uploads\/TA21-Logotip-pos.png\",\"width\":800,\"height\":267,\"caption\":\"Temporada Alta\"},\"image\":{\"@id\":\"https:\/\/temporada-alta.com\/es\/#\/schema\/logo\/image\/\"}}]}<\/script>\n<!-- \/ Yoast SEO plugin. -->","yoast_head_json":{"title":"7 conciertos para disfrutar de la mejor m\u00fasica en TA23 - Temporada Alta","robots":{"index":"index","follow":"follow","max-snippet":"max-snippet:-1","max-image-preview":"max-image-preview:large","max-video-preview":"max-video-preview:-1"},"canonical":"https:\/\/temporada-alta.com\/es\/noticia\/7-conciertos-para-disfrutar-de-la-mejor-musica-en-ta23\/","og_locale":"es_ES","og_type":"article","og_title":"7 conciertos para disfrutar de la mejor m\u00fasica en TA23 - Temporada Alta","og_description":"Temporada Alta tambi\u00e9n es m\u00fasica y entretenimiento. M\u00e1s all\u00e1 del concierto de gran formato de Ant\u00f2nia Font que...","og_url":"https:\/\/temporada-alta.com\/es\/noticia\/7-conciertos-para-disfrutar-de-la-mejor-musica-en-ta23\/","og_site_name":"Temporada Alta","article_modified_time":"2023-10-03T07:14:12+00:00","og_image":[{"width":1000,"height":600,"url":"https:\/\/temporada-alta.com\/wp-content\/uploads\/musica-TA23-1.png","type":"image\/png"}],"twitter_card":"summary_large_image","schema":{"@context":"https:\/\/schema.org","@graph":[{"@type":"WebPage","@id":"https:\/\/temporada-alta.com\/es\/noticia\/7-conciertos-para-disfrutar-de-la-mejor-musica-en-ta23\/","url":"https:\/\/temporada-alta.com\/es\/noticia\/7-conciertos-para-disfrutar-de-la-mejor-musica-en-ta23\/","name":"7 conciertos para disfrutar de la mejor m\u00fasica en TA23 - Temporada Alta","isPartOf":{"@id":"https:\/\/temporada-alta.com\/es\/#website"},"primaryImageOfPage":{"@id":"https:\/\/temporada-alta.com\/es\/noticia\/7-conciertos-para-disfrutar-de-la-mejor-musica-en-ta23\/#primaryimage"},"image":{"@id":"https:\/\/temporada-alta.com\/es\/noticia\/7-conciertos-para-disfrutar-de-la-mejor-musica-en-ta23\/#primaryimage"},"thumbnailUrl":"https:\/\/temporada-alta.com\/wp-content\/uploads\/musica-TA23-1.png","datePublished":"2023-10-02T15:35:29+00:00","dateModified":"2023-10-03T07:14:12+00:00","breadcrumb":{"@id":"https:\/\/temporada-alta.com\/es\/noticia\/7-conciertos-para-disfrutar-de-la-mejor-musica-en-ta23\/#breadcrumb"},"inLanguage":"es","potentialAction":[{"@type":"ReadAction","target":["https:\/\/temporada-alta.com\/es\/noticia\/7-conciertos-para-disfrutar-de-la-mejor-musica-en-ta23\/"]}]},{"@type":"ImageObject","inLanguage":"es","@id":"https:\/\/temporada-alta.com\/es\/noticia\/7-conciertos-para-disfrutar-de-la-mejor-musica-en-ta23\/#primaryimage","url":"https:\/\/temporada-alta.com\/wp-content\/uploads\/musica-TA23-1.png","contentUrl":"https:\/\/temporada-alta.com\/wp-content\/uploads\/musica-TA23-1.png","width":1000,"height":600},{"@type":"BreadcrumbList","@id":"https:\/\/temporada-alta.com\/es\/noticia\/7-conciertos-para-disfrutar-de-la-mejor-musica-en-ta23\/#breadcrumb","itemListElement":[{"@type":"ListItem","position":1,"name":"Inici","item":"https:\/\/temporada-alta.com\/es\/"},{"@type":"ListItem","position":2,"name":"7 conciertos para disfrutar de la mejor m\u00fasica en TA23"}]},{"@type":"WebSite","@id":"https:\/\/temporada-alta.com\/es\/#website","url":"https:\/\/temporada-alta.com\/es\/","name":"Temporada Alta","description":"Festival d&#039;Arts Esc\u00e8niques","publisher":{"@id":"https:\/\/temporada-alta.com\/es\/#organization"},"potentialAction":[{"@type":"SearchAction","target":{"@type":"EntryPoint","urlTemplate":"https:\/\/temporada-alta.com\/es\/?s={search_term_string}"},"query-input":{"@type":"PropertyValueSpecification","valueRequired":true,"valueName":"search_term_string"}}],"inLanguage":"es"},{"@type":"Organization","@id":"https:\/\/temporada-alta.com\/es\/#organization","name":"Temporada Alta","url":"https:\/\/temporada-alta.com\/es\/","logo":{"@type":"ImageObject","inLanguage":"es","@id":"https:\/\/temporada-alta.com\/es\/#\/schema\/logo\/image\/","url":"https:\/\/temporada-alta.com\/wp-content\/uploads\/TA21-Logotip-pos.png","contentUrl":"https:\/\/temporada-alta.com\/wp-content\/uploads\/TA21-Logotip-pos.png","width":800,"height":267,"caption":"Temporada Alta"},"image":{"@id":"https:\/\/temporada-alta.com\/es\/#\/schema\/logo\/image\/"}}]}},"_links":{"self":[{"href":"https:\/\/temporada-alta.com\/es\/wp-json\/wp\/v2\/noticia\/89630","targetHints":{"allow":["GET"]}}],"collection":[{"href":"https:\/\/temporada-alta.com\/es\/wp-json\/wp\/v2\/noticia"}],"about":[{"href":"https:\/\/temporada-alta.com\/es\/wp-json\/wp\/v2\/types\/noticia"}],"wp:featuredmedia":[{"embeddable":true,"href":"https:\/\/temporada-alta.com\/es\/wp-json\/wp\/v2\/media\/89629"}],"wp:attachment":[{"href":"https:\/\/temporada-alta.com\/es\/wp-json\/wp\/v2\/media?parent=89630"}],"curies":[{"name":"wp","href":"https:\/\/api.w.org\/{rel}","templated":true}]}}