{"id":89503,"date":"2023-09-20T09:41:47","date_gmt":"2023-09-20T07:41:47","guid":{"rendered":"https:\/\/temporada-alta.com\/noticia\/estrenamos-aixo-no-es-un-casting-el-nuevo-podcast-de-ta-con-radio-primavera-sound\/"},"modified":"2024-08-28T16:17:55","modified_gmt":"2024-08-28T14:17:55","slug":"estrenamos-aixo-no-es-un-casting-el-nuevo-podcast-de-ta-con-radio-primavera-sound","status":"publish","type":"noticia","link":"https:\/\/temporada-alta.com\/es\/noticia\/estrenamos-aixo-no-es-un-casting-el-nuevo-podcast-de-ta-con-radio-primavera-sound\/","title":{"rendered":"Estrenamos &#8216;Aix\u00f2 no \u00e9s un c\u00e0sting&#8217;, el nuevo p\u00f3dcast de TA con R\u00e0dio Primavera Sound"},"content":{"rendered":"<div id=\"modal-ready\">\n<p>Despu\u00e9s de una primera experiencia en la edici\u00f3n anterior, Temporada Alta ha creado un nuevo p\u00f3dcast con la colaboraci\u00f3n de Radio Primavera Sound que incluye grabaci\u00f3n en video de los episodios. El nuevo p\u00f3dcast, <em><strong><a href=\"https:\/\/temporada-alta.com\/es\/podcast-aixo-no-es-un-casting\/\">Aix\u00f2 no \u00e9s un c\u00e0sting<\/a><\/strong><\/em>, est\u00e1 presentado por la periodista Paula Carreras y el actor Marc Tarrida Aribau y consta de 12 episodios con invitados diferentes en cada uno de ellos para tratar temas como humor y teatro, nuevas compa\u00f1\u00edas, la cr\u00edtica teatral, autoficci\u00f3n, dejar la profesi\u00f3n, adaptar los cl\u00e1sicos o teatro familiar, entre otros muchos. Algunos de los invitados son J\u00falia Barcel\u00f3, Oriol Puig Taul\u00e9, Berta Prieto (Las chatis de Montalb\u00e1n), Xavi Pardo, Marta D\u00edez (Jos\u00e9 y sus hermanas), Pablo Macho, Ana Polo, Marc Sarrats o D\u00e0maris Gelabert, entre otros.<\/p>\n\n\n\n<p>El nuevo p\u00f3dcast de Temporada Alta se estren\u00f3 ayer martes 19 de septiembre y se podr\u00e1 seguir semanalmente a trav\u00e9s de nuestros canales habituales, as\u00ed como a los de Radio Primavera Sound. El primer cap\u00edtulo trata sobre Humor y teatro y los invitados son Ana Polo i Marc Sarrats, artistas que forman parte del ciclo <em>Dijous de com\u00e8dia a TA<\/em> que es una de las novedades de la edici\u00f3n 2023. As\u00ed, a partir de esta semana, cada martes se estrenar\u00e1 un nuevo episodio hasta el final de esta primera temporada que coincidir\u00e1 con las semanas de festival.<\/p>\n\n\n\n<figure class=\"wp-block-embed is-type-video is-provider-youtube wp-block-embed-youtube wp-embed-aspect-16-9 wp-has-aspect-ratio\"><div class=\"wp-block-embed__wrapper\">\n<iframe loading=\"lazy\" title=\"Aix\u00f2 no \u00e9s un c\u00e0sting #1 - Humor i teatre - Amb Ana Polo i Marc Sarrats\" width=\"500\" height=\"281\" src=\"https:\/\/www.youtube.com\/embed\/Uh3pE0JQnQE?feature=oembed\" frameborder=\"0\" allow=\"accelerometer; autoplay; clipboard-write; encrypted-media; gyroscope; picture-in-picture; web-share\" referrerpolicy=\"strict-origin-when-cross-origin\" allowfullscreen><\/iframe>\n<\/div><\/figure>\n<\/div>","protected":false},"excerpt":{"rendered":"<p>Despu\u00e9s de una primera experiencia en la edici\u00f3n anterior, Temporada Alta ha creado un nuevo p\u00f3dcast con la&#8230;<\/p>\n","protected":false},"featured_media":90801,"template":"","class_list":["post-89503","noticia","type-noticia","status-publish","has-post-thumbnail","hentry"],"acf":[],"yoast_head":"<!-- This site is optimized with the Yoast SEO plugin v27.0 - https:\/\/yoast.com\/product\/yoast-seo-wordpress\/ -->\n<title>Estrenamos &#039;Aix\u00f2 no \u00e9s un c\u00e0sting&#039;, el nuevo p\u00f3dcast de TA con R\u00e0dio Primavera Sound - Temporada Alta<\/title>\n<meta name=\"robots\" content=\"index, follow, max-snippet:-1, max-image-preview:large, max-video-preview:-1\" \/>\n<link rel=\"canonical\" href=\"https:\/\/temporada-alta.com\/es\/noticia\/estrenamos-aixo-no-es-un-casting-el-nuevo-podcast-de-ta-con-radio-primavera-sound\/\" \/>\n<meta property=\"og:locale\" content=\"es_ES\" \/>\n<meta property=\"og:type\" content=\"article\" \/>\n<meta property=\"og:title\" content=\"Estrenamos &#039;Aix\u00f2 no \u00e9s un c\u00e0sting&#039;, el nuevo p\u00f3dcast de TA con R\u00e0dio Primavera Sound - Temporada Alta\" \/>\n<meta property=\"og:description\" content=\"Despu\u00e9s de una primera experiencia en la edici\u00f3n anterior, Temporada Alta ha creado un nuevo p\u00f3dcast con la...\" \/>\n<meta property=\"og:url\" content=\"https:\/\/temporada-alta.com\/es\/noticia\/estrenamos-aixo-no-es-un-casting-el-nuevo-podcast-de-ta-con-radio-primavera-sound\/\" \/>\n<meta property=\"og:site_name\" content=\"Temporada Alta\" \/>\n<meta property=\"article:modified_time\" content=\"2024-08-28T14:17:55+00:00\" \/>\n<meta property=\"og:image\" content=\"https:\/\/temporada-alta.com\/wp-content\/uploads\/aixo-no-es-un-casting-podcast.jpg\" \/>\n\t<meta property=\"og:image:width\" content=\"1920\" \/>\n\t<meta property=\"og:image:height\" content=\"1080\" \/>\n\t<meta property=\"og:image:type\" content=\"image\/jpeg\" \/>\n<meta name=\"twitter:card\" content=\"summary_large_image\" \/>\n<script type=\"application\/ld+json\" class=\"yoast-schema-graph\">{\"@context\":\"https:\/\/schema.org\",\"@graph\":[{\"@type\":\"WebPage\",\"@id\":\"https:\/\/temporada-alta.com\/es\/noticia\/estrenamos-aixo-no-es-un-casting-el-nuevo-podcast-de-ta-con-radio-primavera-sound\/\",\"url\":\"https:\/\/temporada-alta.com\/es\/noticia\/estrenamos-aixo-no-es-un-casting-el-nuevo-podcast-de-ta-con-radio-primavera-sound\/\",\"name\":\"Estrenamos 'Aix\u00f2 no \u00e9s un c\u00e0sting', el nuevo p\u00f3dcast de TA con R\u00e0dio Primavera Sound - Temporada Alta\",\"isPartOf\":{\"@id\":\"https:\/\/temporada-alta.com\/es\/#website\"},\"primaryImageOfPage\":{\"@id\":\"https:\/\/temporada-alta.com\/es\/noticia\/estrenamos-aixo-no-es-un-casting-el-nuevo-podcast-de-ta-con-radio-primavera-sound\/#primaryimage\"},\"image\":{\"@id\":\"https:\/\/temporada-alta.com\/es\/noticia\/estrenamos-aixo-no-es-un-casting-el-nuevo-podcast-de-ta-con-radio-primavera-sound\/#primaryimage\"},\"thumbnailUrl\":\"https:\/\/temporada-alta.com\/wp-content\/uploads\/aixo-no-es-un-casting-podcast.jpg\",\"datePublished\":\"2023-09-20T07:41:47+00:00\",\"dateModified\":\"2024-08-28T14:17:55+00:00\",\"breadcrumb\":{\"@id\":\"https:\/\/temporada-alta.com\/es\/noticia\/estrenamos-aixo-no-es-un-casting-el-nuevo-podcast-de-ta-con-radio-primavera-sound\/#breadcrumb\"},\"inLanguage\":\"es\",\"potentialAction\":[{\"@type\":\"ReadAction\",\"target\":[\"https:\/\/temporada-alta.com\/es\/noticia\/estrenamos-aixo-no-es-un-casting-el-nuevo-podcast-de-ta-con-radio-primavera-sound\/\"]}]},{\"@type\":\"ImageObject\",\"inLanguage\":\"es\",\"@id\":\"https:\/\/temporada-alta.com\/es\/noticia\/estrenamos-aixo-no-es-un-casting-el-nuevo-podcast-de-ta-con-radio-primavera-sound\/#primaryimage\",\"url\":\"https:\/\/temporada-alta.com\/wp-content\/uploads\/aixo-no-es-un-casting-podcast.jpg\",\"contentUrl\":\"https:\/\/temporada-alta.com\/wp-content\/uploads\/aixo-no-es-un-casting-podcast.jpg\",\"width\":1920,\"height\":1080,\"caption\":\"Aix\u00f2 no \u00e9s un c\u00e0sting Podcast\"},{\"@type\":\"BreadcrumbList\",\"@id\":\"https:\/\/temporada-alta.com\/es\/noticia\/estrenamos-aixo-no-es-un-casting-el-nuevo-podcast-de-ta-con-radio-primavera-sound\/#breadcrumb\",\"itemListElement\":[{\"@type\":\"ListItem\",\"position\":1,\"name\":\"Inici\",\"item\":\"https:\/\/temporada-alta.com\/es\/\"},{\"@type\":\"ListItem\",\"position\":2,\"name\":\"Estrenamos &#8216;Aix\u00f2 no \u00e9s un c\u00e0sting&#8217;, el nuevo p\u00f3dcast de TA con R\u00e0dio Primavera Sound\"}]},{\"@type\":\"WebSite\",\"@id\":\"https:\/\/temporada-alta.com\/es\/#website\",\"url\":\"https:\/\/temporada-alta.com\/es\/\",\"name\":\"Temporada Alta\",\"description\":\"Festival d&#039;Arts Esc\u00e8niques\",\"publisher\":{\"@id\":\"https:\/\/temporada-alta.com\/es\/#organization\"},\"potentialAction\":[{\"@type\":\"SearchAction\",\"target\":{\"@type\":\"EntryPoint\",\"urlTemplate\":\"https:\/\/temporada-alta.com\/es\/?s={search_term_string}\"},\"query-input\":{\"@type\":\"PropertyValueSpecification\",\"valueRequired\":true,\"valueName\":\"search_term_string\"}}],\"inLanguage\":\"es\"},{\"@type\":\"Organization\",\"@id\":\"https:\/\/temporada-alta.com\/es\/#organization\",\"name\":\"Temporada Alta\",\"url\":\"https:\/\/temporada-alta.com\/es\/\",\"logo\":{\"@type\":\"ImageObject\",\"inLanguage\":\"es\",\"@id\":\"https:\/\/temporada-alta.com\/es\/#\/schema\/logo\/image\/\",\"url\":\"https:\/\/temporada-alta.com\/wp-content\/uploads\/TA21-Logotip-pos.png\",\"contentUrl\":\"https:\/\/temporada-alta.com\/wp-content\/uploads\/TA21-Logotip-pos.png\",\"width\":800,\"height\":267,\"caption\":\"Temporada Alta\"},\"image\":{\"@id\":\"https:\/\/temporada-alta.com\/es\/#\/schema\/logo\/image\/\"}}]}<\/script>\n<!-- \/ Yoast SEO plugin. -->","yoast_head_json":{"title":"Estrenamos 'Aix\u00f2 no \u00e9s un c\u00e0sting', el nuevo p\u00f3dcast de TA con R\u00e0dio Primavera Sound - Temporada Alta","robots":{"index":"index","follow":"follow","max-snippet":"max-snippet:-1","max-image-preview":"max-image-preview:large","max-video-preview":"max-video-preview:-1"},"canonical":"https:\/\/temporada-alta.com\/es\/noticia\/estrenamos-aixo-no-es-un-casting-el-nuevo-podcast-de-ta-con-radio-primavera-sound\/","og_locale":"es_ES","og_type":"article","og_title":"Estrenamos 'Aix\u00f2 no \u00e9s un c\u00e0sting', el nuevo p\u00f3dcast de TA con R\u00e0dio Primavera Sound - Temporada Alta","og_description":"Despu\u00e9s de una primera experiencia en la edici\u00f3n anterior, Temporada Alta ha creado un nuevo p\u00f3dcast con la...","og_url":"https:\/\/temporada-alta.com\/es\/noticia\/estrenamos-aixo-no-es-un-casting-el-nuevo-podcast-de-ta-con-radio-primavera-sound\/","og_site_name":"Temporada Alta","article_modified_time":"2024-08-28T14:17:55+00:00","og_image":[{"width":1920,"height":1080,"url":"https:\/\/temporada-alta.com\/wp-content\/uploads\/aixo-no-es-un-casting-podcast.jpg","type":"image\/jpeg"}],"twitter_card":"summary_large_image","schema":{"@context":"https:\/\/schema.org","@graph":[{"@type":"WebPage","@id":"https:\/\/temporada-alta.com\/es\/noticia\/estrenamos-aixo-no-es-un-casting-el-nuevo-podcast-de-ta-con-radio-primavera-sound\/","url":"https:\/\/temporada-alta.com\/es\/noticia\/estrenamos-aixo-no-es-un-casting-el-nuevo-podcast-de-ta-con-radio-primavera-sound\/","name":"Estrenamos 'Aix\u00f2 no \u00e9s un c\u00e0sting', el nuevo p\u00f3dcast de TA con R\u00e0dio Primavera Sound - Temporada Alta","isPartOf":{"@id":"https:\/\/temporada-alta.com\/es\/#website"},"primaryImageOfPage":{"@id":"https:\/\/temporada-alta.com\/es\/noticia\/estrenamos-aixo-no-es-un-casting-el-nuevo-podcast-de-ta-con-radio-primavera-sound\/#primaryimage"},"image":{"@id":"https:\/\/temporada-alta.com\/es\/noticia\/estrenamos-aixo-no-es-un-casting-el-nuevo-podcast-de-ta-con-radio-primavera-sound\/#primaryimage"},"thumbnailUrl":"https:\/\/temporada-alta.com\/wp-content\/uploads\/aixo-no-es-un-casting-podcast.jpg","datePublished":"2023-09-20T07:41:47+00:00","dateModified":"2024-08-28T14:17:55+00:00","breadcrumb":{"@id":"https:\/\/temporada-alta.com\/es\/noticia\/estrenamos-aixo-no-es-un-casting-el-nuevo-podcast-de-ta-con-radio-primavera-sound\/#breadcrumb"},"inLanguage":"es","potentialAction":[{"@type":"ReadAction","target":["https:\/\/temporada-alta.com\/es\/noticia\/estrenamos-aixo-no-es-un-casting-el-nuevo-podcast-de-ta-con-radio-primavera-sound\/"]}]},{"@type":"ImageObject","inLanguage":"es","@id":"https:\/\/temporada-alta.com\/es\/noticia\/estrenamos-aixo-no-es-un-casting-el-nuevo-podcast-de-ta-con-radio-primavera-sound\/#primaryimage","url":"https:\/\/temporada-alta.com\/wp-content\/uploads\/aixo-no-es-un-casting-podcast.jpg","contentUrl":"https:\/\/temporada-alta.com\/wp-content\/uploads\/aixo-no-es-un-casting-podcast.jpg","width":1920,"height":1080,"caption":"Aix\u00f2 no \u00e9s un c\u00e0sting Podcast"},{"@type":"BreadcrumbList","@id":"https:\/\/temporada-alta.com\/es\/noticia\/estrenamos-aixo-no-es-un-casting-el-nuevo-podcast-de-ta-con-radio-primavera-sound\/#breadcrumb","itemListElement":[{"@type":"ListItem","position":1,"name":"Inici","item":"https:\/\/temporada-alta.com\/es\/"},{"@type":"ListItem","position":2,"name":"Estrenamos &#8216;Aix\u00f2 no \u00e9s un c\u00e0sting&#8217;, el nuevo p\u00f3dcast de TA con R\u00e0dio Primavera Sound"}]},{"@type":"WebSite","@id":"https:\/\/temporada-alta.com\/es\/#website","url":"https:\/\/temporada-alta.com\/es\/","name":"Temporada Alta","description":"Festival d&#039;Arts Esc\u00e8niques","publisher":{"@id":"https:\/\/temporada-alta.com\/es\/#organization"},"potentialAction":[{"@type":"SearchAction","target":{"@type":"EntryPoint","urlTemplate":"https:\/\/temporada-alta.com\/es\/?s={search_term_string}"},"query-input":{"@type":"PropertyValueSpecification","valueRequired":true,"valueName":"search_term_string"}}],"inLanguage":"es"},{"@type":"Organization","@id":"https:\/\/temporada-alta.com\/es\/#organization","name":"Temporada Alta","url":"https:\/\/temporada-alta.com\/es\/","logo":{"@type":"ImageObject","inLanguage":"es","@id":"https:\/\/temporada-alta.com\/es\/#\/schema\/logo\/image\/","url":"https:\/\/temporada-alta.com\/wp-content\/uploads\/TA21-Logotip-pos.png","contentUrl":"https:\/\/temporada-alta.com\/wp-content\/uploads\/TA21-Logotip-pos.png","width":800,"height":267,"caption":"Temporada Alta"},"image":{"@id":"https:\/\/temporada-alta.com\/es\/#\/schema\/logo\/image\/"}}]}},"_links":{"self":[{"href":"https:\/\/temporada-alta.com\/es\/wp-json\/wp\/v2\/noticia\/89503","targetHints":{"allow":["GET"]}}],"collection":[{"href":"https:\/\/temporada-alta.com\/es\/wp-json\/wp\/v2\/noticia"}],"about":[{"href":"https:\/\/temporada-alta.com\/es\/wp-json\/wp\/v2\/types\/noticia"}],"wp:featuredmedia":[{"embeddable":true,"href":"https:\/\/temporada-alta.com\/es\/wp-json\/wp\/v2\/media\/90801"}],"wp:attachment":[{"href":"https:\/\/temporada-alta.com\/es\/wp-json\/wp\/v2\/media?parent=89503"}],"curies":[{"name":"wp","href":"https:\/\/api.w.org\/{rel}","templated":true}]}}