{"id":89014,"date":"2023-08-31T10:34:13","date_gmt":"2023-08-31T08:34:13","guid":{"rendered":"https:\/\/temporada-alta.com\/?post_type=noticia&#038;p=89014"},"modified":"2023-08-31T10:40:17","modified_gmt":"2023-08-31T08:40:17","slug":"temporada-alta-2023-descubre-las-claves-de-la-32a-edicion","status":"publish","type":"noticia","link":"https:\/\/temporada-alta.com\/es\/noticia\/temporada-alta-2023-descubre-las-claves-de-la-32a-edicion\/","title":{"rendered":"Temporada Alta 2023: descubre las claves de la 32\u00aa edici\u00f3n"},"content":{"rendered":"<div id=\"modal-ready\">\n<p>Llega la 32.\u00aa edici\u00f3n de Temporada Alta, que se celebrar\u00e1 del 30 de septiembre al 10 de diciembre, y queremos explicarte en qu\u00e9 consistir\u00e1, esencialmente, el festival de este a\u00f1o a trav\u00e9s de sus claves. Tendr\u00e1 un total de 99 espect\u00e1culos, con cerca de 160 representaciones iniciales, casi 40 estrenos y 20 montajes internacionales.<\/p>\n\n\n\n<p>Aqu\u00ed os explicamos las claves del festival de este a\u00f1o:<\/p>\n\n\n\n<ul class=\"wp-block-list\">\n<ul>\r\n \t<li>Arrancamos el festival con un triple programa inaugural que contempla la m\u00fasica (<strong>concierto de Ant\u00f2nia Font<\/strong>), apuesta por un programa familiar (<strong>la petiTA<\/strong>, toda una jornada de teatro para toda la familia) y potencia la creaci\u00f3n contempor\u00e1nea y la colaboraci\u00f3n internacional con el estreno el 6 de octubre de <strong><em>Face T(W)O<\/em><\/strong>, resultado del proyecto europeo PPP (People Power Partnership).<\/li>\r\n<\/ul>\n\n\n\n<ul>\r\n \t<li>Tendremos el estreno absoluto de <em><strong>Vud\u00fa (3318) Blixen<\/strong><\/em>, el nuevo espect\u00e1culo de Ang\u00e9lica Liddell.<\/li>\r\n<\/ul>\n\n\n\n<ul>\r\n \t<li>El programa incluye un importante programa de <strong>coproducciones de estrenos internacionales<\/strong> con nombres como el de la compa\u00f1\u00eda Complicit\u00e9, Thomas Ostermeier, Milo Rae, Patrice Ch\u00e9reau, c\u00eda. Rosas (Anne Teresa De Keersmaeker), Peeping Tom, Cristiana Morganti, el joven director lituano Jok\u00fcbas Brazys o, en el apartado musical, Sophie Auster e Ingrid Caven.<\/li>\r\n<\/ul>\n\n\n\n<ul>\r\n \t<li>Otras producciones destacadas del festival de este a\u00f1o son <strong><em>Casares- Camus: Una hist\u00f2ria d&#8217;amor<\/em><\/strong>, dirigido por Mario Gas, y <strong>la lectura de textos de M\u00edriam Iscla y Pol L\u00f3pez<\/strong> (con el Festival Cl\u00e0ssics Barcelona), <em>Els ossos de l&#8217;irland\u00e8s<\/em>, de Teatre Nu,\u00a0<em>La materia. De la leona a la invencible<\/em>, de Olga Pericet y Daniel Abreu, o los nuevos proyectos de Las chicas del Barro, Las Huecas, Cascai Teatre, Jordi Oriol &#8211; Indi Gest, Ada Vilar\u00f3, Sergi Buka o Albert Pla, entre otros.<\/li>\r\n<\/ul>\n\n\n\n<ul>\r\n \t<li>Volvemos a Barcelona con dos propuestas: <strong><em>The Golberg Variations BMV 988<\/em><\/strong> de la c\u00eda. Rosas, con el Mercat de les Flors, y el re-montaje de <em><strong>La Doleur<\/strong><\/em> de Patrice Ch\u00e9reau y Thierry Thie\u00fb Niang con Dominique Blanc, en el Teatro Romea.<\/li>\r\n<\/ul>\n\n\n\n<ul>\r\n \t<li>Una nueva edici\u00f3n de <strong>Conexi\u00f3n Iberoam\u00e9rica<\/strong> contar\u00e1 con espect\u00e1culos de Sergio Boris, Gabriel Calder\u00f3n, Marina Otero o Mariano Pensotti.<\/li>\r\n<\/ul>\n\n\n\n<ul>\r\n \t<li>La <strong>Setmana de Programadors<\/strong>, encabezada por Ang\u00e9lica Liddell y de la compa\u00f1\u00eda de Roger Bernat, acoger\u00e1 espect\u00e1culos de Rodrigo Garc\u00eda, Marina Otero, La Veronal, Nao Albet y Marcel Borr\u00e0s y cabosanroque.<\/li>\r\n<\/ul>\n\n\n\n<ul>\r\n \t<li>A\u00f1adimos a la programaci\u00f3n el ciclo <strong><em>Dijous de com\u00e8dia a TA<\/em><\/strong>, un programa de monologuistas con los humoristas d&#8217;El soterrani, Ana Polo, Marc Sarrats y Judit Mart\u00edn.<\/li>\r\n<\/ul>\n\n\n\n<ul>\r\n \t<li>La Fundaci\u00f3 La Ciutat Invisible, con el proyecto A Tempo, vuelve a las aulas con 11 nuevas propuestas y organiza el nuevo Torneo de Dramaturgia para institutos.<\/li>\r\n<\/ul>\n<\/ul>\n<\/div>","protected":false},"excerpt":{"rendered":"<p>Llega la 32.\u00aa edici\u00f3n de Temporada Alta, que se celebrar\u00e1 del 30 de septiembre al 10 de diciembre,&#8230;<\/p>\n","protected":false},"featured_media":88430,"template":"","class_list":["post-89014","noticia","type-noticia","status-publish","has-post-thumbnail","hentry"],"acf":[],"yoast_head":"<!-- This site is optimized with the Yoast SEO plugin v27.0 - https:\/\/yoast.com\/product\/yoast-seo-wordpress\/ -->\n<title>Temporada Alta 2023: descubre las claves de la 32\u00aa edici\u00f3n - Temporada Alta<\/title>\n<meta name=\"robots\" content=\"index, follow, max-snippet:-1, max-image-preview:large, max-video-preview:-1\" \/>\n<link rel=\"canonical\" href=\"https:\/\/temporada-alta.com\/es\/noticia\/temporada-alta-2023-descubre-las-claves-de-la-32a-edicion\/\" \/>\n<meta property=\"og:locale\" content=\"es_ES\" \/>\n<meta property=\"og:type\" content=\"article\" \/>\n<meta property=\"og:title\" content=\"Temporada Alta 2023: descubre las claves de la 32\u00aa edici\u00f3n - Temporada Alta\" \/>\n<meta property=\"og:description\" content=\"Llega la 32.\u00aa edici\u00f3n de Temporada Alta, que se celebrar\u00e1 del 30 de septiembre al 10 de diciembre,...\" \/>\n<meta property=\"og:url\" content=\"https:\/\/temporada-alta.com\/es\/noticia\/temporada-alta-2023-descubre-las-claves-de-la-32a-edicion\/\" \/>\n<meta property=\"og:site_name\" content=\"Temporada Alta\" \/>\n<meta property=\"article:modified_time\" content=\"2023-08-31T08:40:17+00:00\" \/>\n<meta property=\"og:image\" content=\"https:\/\/temporada-alta.com\/wp-content\/uploads\/DrivePloughBones-Bristol-we2-1.jpg\" \/>\n\t<meta property=\"og:image:width\" content=\"1920\" \/>\n\t<meta property=\"og:image:height\" content=\"1080\" \/>\n\t<meta property=\"og:image:type\" content=\"image\/jpeg\" \/>\n<meta name=\"twitter:card\" content=\"summary_large_image\" \/>\n<script type=\"application\/ld+json\" class=\"yoast-schema-graph\">{\"@context\":\"https:\/\/schema.org\",\"@graph\":[{\"@type\":\"WebPage\",\"@id\":\"https:\/\/temporada-alta.com\/es\/noticia\/temporada-alta-2023-descubre-las-claves-de-la-32a-edicion\/\",\"url\":\"https:\/\/temporada-alta.com\/es\/noticia\/temporada-alta-2023-descubre-las-claves-de-la-32a-edicion\/\",\"name\":\"Temporada Alta 2023: descubre las claves de la 32\u00aa edici\u00f3n - Temporada Alta\",\"isPartOf\":{\"@id\":\"https:\/\/temporada-alta.com\/es\/#website\"},\"primaryImageOfPage\":{\"@id\":\"https:\/\/temporada-alta.com\/es\/noticia\/temporada-alta-2023-descubre-las-claves-de-la-32a-edicion\/#primaryimage\"},\"image\":{\"@id\":\"https:\/\/temporada-alta.com\/es\/noticia\/temporada-alta-2023-descubre-las-claves-de-la-32a-edicion\/#primaryimage\"},\"thumbnailUrl\":\"https:\/\/temporada-alta.com\/wp-content\/uploads\/DrivePloughBones-Bristol-we2-1.jpg\",\"datePublished\":\"2023-08-31T08:34:13+00:00\",\"dateModified\":\"2023-08-31T08:40:17+00:00\",\"breadcrumb\":{\"@id\":\"https:\/\/temporada-alta.com\/es\/noticia\/temporada-alta-2023-descubre-las-claves-de-la-32a-edicion\/#breadcrumb\"},\"inLanguage\":\"es\",\"potentialAction\":[{\"@type\":\"ReadAction\",\"target\":[\"https:\/\/temporada-alta.com\/es\/noticia\/temporada-alta-2023-descubre-las-claves-de-la-32a-edicion\/\"]}]},{\"@type\":\"ImageObject\",\"inLanguage\":\"es\",\"@id\":\"https:\/\/temporada-alta.com\/es\/noticia\/temporada-alta-2023-descubre-las-claves-de-la-32a-edicion\/#primaryimage\",\"url\":\"https:\/\/temporada-alta.com\/wp-content\/uploads\/DrivePloughBones-Bristol-we2-1.jpg\",\"contentUrl\":\"https:\/\/temporada-alta.com\/wp-content\/uploads\/DrivePloughBones-Bristol-we2-1.jpg\",\"width\":1920,\"height\":1080},{\"@type\":\"BreadcrumbList\",\"@id\":\"https:\/\/temporada-alta.com\/es\/noticia\/temporada-alta-2023-descubre-las-claves-de-la-32a-edicion\/#breadcrumb\",\"itemListElement\":[{\"@type\":\"ListItem\",\"position\":1,\"name\":\"Inici\",\"item\":\"https:\/\/temporada-alta.com\/es\/\"},{\"@type\":\"ListItem\",\"position\":2,\"name\":\"Temporada Alta 2023: descubre las claves de la 32\u00aa edici\u00f3n\"}]},{\"@type\":\"WebSite\",\"@id\":\"https:\/\/temporada-alta.com\/es\/#website\",\"url\":\"https:\/\/temporada-alta.com\/es\/\",\"name\":\"Temporada Alta\",\"description\":\"Festival d&#039;Arts Esc\u00e8niques\",\"publisher\":{\"@id\":\"https:\/\/temporada-alta.com\/es\/#organization\"},\"potentialAction\":[{\"@type\":\"SearchAction\",\"target\":{\"@type\":\"EntryPoint\",\"urlTemplate\":\"https:\/\/temporada-alta.com\/es\/?s={search_term_string}\"},\"query-input\":{\"@type\":\"PropertyValueSpecification\",\"valueRequired\":true,\"valueName\":\"search_term_string\"}}],\"inLanguage\":\"es\"},{\"@type\":\"Organization\",\"@id\":\"https:\/\/temporada-alta.com\/es\/#organization\",\"name\":\"Temporada Alta\",\"url\":\"https:\/\/temporada-alta.com\/es\/\",\"logo\":{\"@type\":\"ImageObject\",\"inLanguage\":\"es\",\"@id\":\"https:\/\/temporada-alta.com\/es\/#\/schema\/logo\/image\/\",\"url\":\"https:\/\/temporada-alta.com\/wp-content\/uploads\/TA21-Logotip-pos.png\",\"contentUrl\":\"https:\/\/temporada-alta.com\/wp-content\/uploads\/TA21-Logotip-pos.png\",\"width\":800,\"height\":267,\"caption\":\"Temporada Alta\"},\"image\":{\"@id\":\"https:\/\/temporada-alta.com\/es\/#\/schema\/logo\/image\/\"}}]}<\/script>\n<!-- \/ Yoast SEO plugin. -->","yoast_head_json":{"title":"Temporada Alta 2023: descubre las claves de la 32\u00aa edici\u00f3n - Temporada Alta","robots":{"index":"index","follow":"follow","max-snippet":"max-snippet:-1","max-image-preview":"max-image-preview:large","max-video-preview":"max-video-preview:-1"},"canonical":"https:\/\/temporada-alta.com\/es\/noticia\/temporada-alta-2023-descubre-las-claves-de-la-32a-edicion\/","og_locale":"es_ES","og_type":"article","og_title":"Temporada Alta 2023: descubre las claves de la 32\u00aa edici\u00f3n - Temporada Alta","og_description":"Llega la 32.\u00aa edici\u00f3n de Temporada Alta, que se celebrar\u00e1 del 30 de septiembre al 10 de diciembre,...","og_url":"https:\/\/temporada-alta.com\/es\/noticia\/temporada-alta-2023-descubre-las-claves-de-la-32a-edicion\/","og_site_name":"Temporada Alta","article_modified_time":"2023-08-31T08:40:17+00:00","og_image":[{"width":1920,"height":1080,"url":"https:\/\/temporada-alta.com\/wp-content\/uploads\/DrivePloughBones-Bristol-we2-1.jpg","type":"image\/jpeg"}],"twitter_card":"summary_large_image","schema":{"@context":"https:\/\/schema.org","@graph":[{"@type":"WebPage","@id":"https:\/\/temporada-alta.com\/es\/noticia\/temporada-alta-2023-descubre-las-claves-de-la-32a-edicion\/","url":"https:\/\/temporada-alta.com\/es\/noticia\/temporada-alta-2023-descubre-las-claves-de-la-32a-edicion\/","name":"Temporada Alta 2023: descubre las claves de la 32\u00aa edici\u00f3n - Temporada Alta","isPartOf":{"@id":"https:\/\/temporada-alta.com\/es\/#website"},"primaryImageOfPage":{"@id":"https:\/\/temporada-alta.com\/es\/noticia\/temporada-alta-2023-descubre-las-claves-de-la-32a-edicion\/#primaryimage"},"image":{"@id":"https:\/\/temporada-alta.com\/es\/noticia\/temporada-alta-2023-descubre-las-claves-de-la-32a-edicion\/#primaryimage"},"thumbnailUrl":"https:\/\/temporada-alta.com\/wp-content\/uploads\/DrivePloughBones-Bristol-we2-1.jpg","datePublished":"2023-08-31T08:34:13+00:00","dateModified":"2023-08-31T08:40:17+00:00","breadcrumb":{"@id":"https:\/\/temporada-alta.com\/es\/noticia\/temporada-alta-2023-descubre-las-claves-de-la-32a-edicion\/#breadcrumb"},"inLanguage":"es","potentialAction":[{"@type":"ReadAction","target":["https:\/\/temporada-alta.com\/es\/noticia\/temporada-alta-2023-descubre-las-claves-de-la-32a-edicion\/"]}]},{"@type":"ImageObject","inLanguage":"es","@id":"https:\/\/temporada-alta.com\/es\/noticia\/temporada-alta-2023-descubre-las-claves-de-la-32a-edicion\/#primaryimage","url":"https:\/\/temporada-alta.com\/wp-content\/uploads\/DrivePloughBones-Bristol-we2-1.jpg","contentUrl":"https:\/\/temporada-alta.com\/wp-content\/uploads\/DrivePloughBones-Bristol-we2-1.jpg","width":1920,"height":1080},{"@type":"BreadcrumbList","@id":"https:\/\/temporada-alta.com\/es\/noticia\/temporada-alta-2023-descubre-las-claves-de-la-32a-edicion\/#breadcrumb","itemListElement":[{"@type":"ListItem","position":1,"name":"Inici","item":"https:\/\/temporada-alta.com\/es\/"},{"@type":"ListItem","position":2,"name":"Temporada Alta 2023: descubre las claves de la 32\u00aa edici\u00f3n"}]},{"@type":"WebSite","@id":"https:\/\/temporada-alta.com\/es\/#website","url":"https:\/\/temporada-alta.com\/es\/","name":"Temporada Alta","description":"Festival d&#039;Arts Esc\u00e8niques","publisher":{"@id":"https:\/\/temporada-alta.com\/es\/#organization"},"potentialAction":[{"@type":"SearchAction","target":{"@type":"EntryPoint","urlTemplate":"https:\/\/temporada-alta.com\/es\/?s={search_term_string}"},"query-input":{"@type":"PropertyValueSpecification","valueRequired":true,"valueName":"search_term_string"}}],"inLanguage":"es"},{"@type":"Organization","@id":"https:\/\/temporada-alta.com\/es\/#organization","name":"Temporada Alta","url":"https:\/\/temporada-alta.com\/es\/","logo":{"@type":"ImageObject","inLanguage":"es","@id":"https:\/\/temporada-alta.com\/es\/#\/schema\/logo\/image\/","url":"https:\/\/temporada-alta.com\/wp-content\/uploads\/TA21-Logotip-pos.png","contentUrl":"https:\/\/temporada-alta.com\/wp-content\/uploads\/TA21-Logotip-pos.png","width":800,"height":267,"caption":"Temporada Alta"},"image":{"@id":"https:\/\/temporada-alta.com\/es\/#\/schema\/logo\/image\/"}}]}},"_links":{"self":[{"href":"https:\/\/temporada-alta.com\/es\/wp-json\/wp\/v2\/noticia\/89014","targetHints":{"allow":["GET"]}}],"collection":[{"href":"https:\/\/temporada-alta.com\/es\/wp-json\/wp\/v2\/noticia"}],"about":[{"href":"https:\/\/temporada-alta.com\/es\/wp-json\/wp\/v2\/types\/noticia"}],"wp:featuredmedia":[{"embeddable":true,"href":"https:\/\/temporada-alta.com\/es\/wp-json\/wp\/v2\/media\/88430"}],"wp:attachment":[{"href":"https:\/\/temporada-alta.com\/es\/wp-json\/wp\/v2\/media?parent=89014"}],"curies":[{"name":"wp","href":"https:\/\/api.w.org\/{rel}","templated":true}]}}