{"id":84753,"date":"2023-03-07T16:57:28","date_gmt":"2023-03-07T15:57:28","guid":{"rendered":"https:\/\/temporada-alta.com\/noticia\/pere-arquillue-finalista-a-los-premios-max-2023-como-mejor-actor-por-ladversari-una-produccion-de-temporada-alta\/"},"modified":"2023-03-07T17:03:54","modified_gmt":"2023-03-07T16:03:54","slug":"pere-arquillue-finalista-a-los-premios-max-2023-como-mejor-actor-por-ladversari-una-produccion-de-temporada-alta","status":"publish","type":"noticia","link":"https:\/\/temporada-alta.com\/es\/noticia\/pere-arquillue-finalista-a-los-premios-max-2023-como-mejor-actor-por-ladversari-una-produccion-de-temporada-alta\/","title":{"rendered":"Pere Arquillu\u00e9 finalista a los Premios Max 2023 como mejor actor por &#8216;L&#8217;adversari&#8217;, una producci\u00f3n de Temporada Alta"},"content":{"rendered":"<div id=\"modal-ready\">\n<p>La organizaci\u00f3n de los Premios Max ha anunciado los finalistas de la edici\u00f3n 2023, entre los cuales,<strong> Pere Arquillu\u00e9<\/strong> es finalista en la categor\u00eda de mejor actor por <em><strong>L&#8217;adversari<\/strong><\/em>, una producci\u00f3n de Temporada Alta.<\/p>\n\n\n\n<p>El montaje se estren\u00f3 en el festival el oto\u00f1o de 2022, como espect\u00e1culo inaugural, con una buena acogida de cr\u00edtica y p\u00fablico. Actualmente, se puede ver en el Teatre Romea donde estar\u00e1 haciendo temporada hasta el 19 de marzo.<\/p>\n\n\n\n<p>Dirigida por Julio Manrique, que adapt\u00f3 la novela de Emmanuel Carr\u00e8re junto con Marc Artigau y Cristina Genebat, la pieza explica el caso real de un asesino que mat\u00f3 a toda su familia cuando se descubri\u00f3 que toda su vida era una mentira. A trav\u00e9s de la obsesi\u00f3n del escritor de la novela, conocemos todos los detalles de esta fascinante y terror\u00edfica historia.<\/p>\n\n\n\n<p>La gala se celebrar\u00e1 el pr\u00f3ximo 17 de abril en el Teatro Falla de C\u00e1diz, donde se dar\u00e1n a conocer los ganadores.<\/p>\n<\/div>","protected":false},"excerpt":{"rendered":"<p>La organizaci\u00f3n de los Premios Max ha anunciado los finalistas de la edici\u00f3n 2023, entre los cuales, Pere&#8230;<\/p>\n","protected":false},"featured_media":82085,"template":"","class_list":["post-84753","noticia","type-noticia","status-publish","has-post-thumbnail","hentry"],"acf":[],"yoast_head":"<!-- This site is optimized with the Yoast SEO plugin v27.0 - https:\/\/yoast.com\/product\/yoast-seo-wordpress\/ -->\n<title>Pere Arquillu\u00e9 finalista a los Premios Max 2023 como mejor actor por &#039;L&#039;adversari&#039;, una producci\u00f3n de Temporada Alta - Temporada Alta<\/title>\n<meta name=\"robots\" content=\"index, follow, max-snippet:-1, max-image-preview:large, max-video-preview:-1\" \/>\n<link rel=\"canonical\" href=\"https:\/\/temporada-alta.com\/es\/noticia\/pere-arquillue-finalista-a-los-premios-max-2023-como-mejor-actor-por-ladversari-una-produccion-de-temporada-alta\/\" \/>\n<meta property=\"og:locale\" content=\"es_ES\" \/>\n<meta property=\"og:type\" content=\"article\" \/>\n<meta property=\"og:title\" content=\"Pere Arquillu\u00e9 finalista a los Premios Max 2023 como mejor actor por &#039;L&#039;adversari&#039;, una producci\u00f3n de Temporada Alta - Temporada Alta\" \/>\n<meta property=\"og:description\" content=\"La organizaci\u00f3n de los Premios Max ha anunciado los finalistas de la edici\u00f3n 2023, entre los cuales, Pere...\" \/>\n<meta property=\"og:url\" content=\"https:\/\/temporada-alta.com\/es\/noticia\/pere-arquillue-finalista-a-los-premios-max-2023-como-mejor-actor-por-ladversari-una-produccion-de-temporada-alta\/\" \/>\n<meta property=\"og:site_name\" content=\"Temporada Alta\" \/>\n<meta property=\"article:modified_time\" content=\"2023-03-07T16:03:54+00:00\" \/>\n<meta property=\"og:image\" content=\"https:\/\/temporada-alta.com\/wp-content\/uploads\/T22-l\u00b4adversari-085.jpg\" \/>\n\t<meta property=\"og:image:width\" content=\"1920\" \/>\n\t<meta property=\"og:image:height\" content=\"1080\" \/>\n\t<meta property=\"og:image:type\" content=\"image\/jpeg\" \/>\n<meta name=\"twitter:card\" content=\"summary_large_image\" \/>\n<script type=\"application\/ld+json\" class=\"yoast-schema-graph\">{\"@context\":\"https:\/\/schema.org\",\"@graph\":[{\"@type\":\"WebPage\",\"@id\":\"https:\/\/temporada-alta.com\/es\/noticia\/pere-arquillue-finalista-a-los-premios-max-2023-como-mejor-actor-por-ladversari-una-produccion-de-temporada-alta\/\",\"url\":\"https:\/\/temporada-alta.com\/es\/noticia\/pere-arquillue-finalista-a-los-premios-max-2023-como-mejor-actor-por-ladversari-una-produccion-de-temporada-alta\/\",\"name\":\"Pere Arquillu\u00e9 finalista a los Premios Max 2023 como mejor actor por 'L'adversari', una producci\u00f3n de Temporada Alta - Temporada Alta\",\"isPartOf\":{\"@id\":\"https:\/\/temporada-alta.com\/es\/#website\"},\"primaryImageOfPage\":{\"@id\":\"https:\/\/temporada-alta.com\/es\/noticia\/pere-arquillue-finalista-a-los-premios-max-2023-como-mejor-actor-por-ladversari-una-produccion-de-temporada-alta\/#primaryimage\"},\"image\":{\"@id\":\"https:\/\/temporada-alta.com\/es\/noticia\/pere-arquillue-finalista-a-los-premios-max-2023-como-mejor-actor-por-ladversari-una-produccion-de-temporada-alta\/#primaryimage\"},\"thumbnailUrl\":\"https:\/\/temporada-alta.com\/wp-content\/uploads\/T22-l\u00b4adversari-085.jpg\",\"datePublished\":\"2023-03-07T15:57:28+00:00\",\"dateModified\":\"2023-03-07T16:03:54+00:00\",\"breadcrumb\":{\"@id\":\"https:\/\/temporada-alta.com\/es\/noticia\/pere-arquillue-finalista-a-los-premios-max-2023-como-mejor-actor-por-ladversari-una-produccion-de-temporada-alta\/#breadcrumb\"},\"inLanguage\":\"es\",\"potentialAction\":[{\"@type\":\"ReadAction\",\"target\":[\"https:\/\/temporada-alta.com\/es\/noticia\/pere-arquillue-finalista-a-los-premios-max-2023-como-mejor-actor-por-ladversari-una-produccion-de-temporada-alta\/\"]}]},{\"@type\":\"ImageObject\",\"inLanguage\":\"es\",\"@id\":\"https:\/\/temporada-alta.com\/es\/noticia\/pere-arquillue-finalista-a-los-premios-max-2023-como-mejor-actor-por-ladversari-una-produccion-de-temporada-alta\/#primaryimage\",\"url\":\"https:\/\/temporada-alta.com\/wp-content\/uploads\/T22-l\u00b4adversari-085.jpg\",\"contentUrl\":\"https:\/\/temporada-alta.com\/wp-content\/uploads\/T22-l\u00b4adversari-085.jpg\",\"width\":1920,\"height\":1080},{\"@type\":\"BreadcrumbList\",\"@id\":\"https:\/\/temporada-alta.com\/es\/noticia\/pere-arquillue-finalista-a-los-premios-max-2023-como-mejor-actor-por-ladversari-una-produccion-de-temporada-alta\/#breadcrumb\",\"itemListElement\":[{\"@type\":\"ListItem\",\"position\":1,\"name\":\"Inici\",\"item\":\"https:\/\/temporada-alta.com\/es\/\"},{\"@type\":\"ListItem\",\"position\":2,\"name\":\"Pere Arquillu\u00e9 finalista a los Premios Max 2023 como mejor actor por &#8216;L&#8217;adversari&#8217;, una producci\u00f3n de Temporada Alta\"}]},{\"@type\":\"WebSite\",\"@id\":\"https:\/\/temporada-alta.com\/es\/#website\",\"url\":\"https:\/\/temporada-alta.com\/es\/\",\"name\":\"Temporada Alta\",\"description\":\"Festival d&#039;Arts Esc\u00e8niques\",\"publisher\":{\"@id\":\"https:\/\/temporada-alta.com\/es\/#organization\"},\"potentialAction\":[{\"@type\":\"SearchAction\",\"target\":{\"@type\":\"EntryPoint\",\"urlTemplate\":\"https:\/\/temporada-alta.com\/es\/?s={search_term_string}\"},\"query-input\":{\"@type\":\"PropertyValueSpecification\",\"valueRequired\":true,\"valueName\":\"search_term_string\"}}],\"inLanguage\":\"es\"},{\"@type\":\"Organization\",\"@id\":\"https:\/\/temporada-alta.com\/es\/#organization\",\"name\":\"Temporada Alta\",\"url\":\"https:\/\/temporada-alta.com\/es\/\",\"logo\":{\"@type\":\"ImageObject\",\"inLanguage\":\"es\",\"@id\":\"https:\/\/temporada-alta.com\/es\/#\/schema\/logo\/image\/\",\"url\":\"https:\/\/temporada-alta.com\/wp-content\/uploads\/TA21-Logotip-pos.png\",\"contentUrl\":\"https:\/\/temporada-alta.com\/wp-content\/uploads\/TA21-Logotip-pos.png\",\"width\":800,\"height\":267,\"caption\":\"Temporada Alta\"},\"image\":{\"@id\":\"https:\/\/temporada-alta.com\/es\/#\/schema\/logo\/image\/\"}}]}<\/script>\n<!-- \/ Yoast SEO plugin. -->","yoast_head_json":{"title":"Pere Arquillu\u00e9 finalista a los Premios Max 2023 como mejor actor por 'L'adversari', una producci\u00f3n de Temporada Alta - Temporada Alta","robots":{"index":"index","follow":"follow","max-snippet":"max-snippet:-1","max-image-preview":"max-image-preview:large","max-video-preview":"max-video-preview:-1"},"canonical":"https:\/\/temporada-alta.com\/es\/noticia\/pere-arquillue-finalista-a-los-premios-max-2023-como-mejor-actor-por-ladversari-una-produccion-de-temporada-alta\/","og_locale":"es_ES","og_type":"article","og_title":"Pere Arquillu\u00e9 finalista a los Premios Max 2023 como mejor actor por 'L'adversari', una producci\u00f3n de Temporada Alta - Temporada Alta","og_description":"La organizaci\u00f3n de los Premios Max ha anunciado los finalistas de la edici\u00f3n 2023, entre los cuales, Pere...","og_url":"https:\/\/temporada-alta.com\/es\/noticia\/pere-arquillue-finalista-a-los-premios-max-2023-como-mejor-actor-por-ladversari-una-produccion-de-temporada-alta\/","og_site_name":"Temporada Alta","article_modified_time":"2023-03-07T16:03:54+00:00","og_image":[{"width":1920,"height":1080,"url":"https:\/\/temporada-alta.com\/wp-content\/uploads\/T22-l\u00b4adversari-085.jpg","type":"image\/jpeg"}],"twitter_card":"summary_large_image","schema":{"@context":"https:\/\/schema.org","@graph":[{"@type":"WebPage","@id":"https:\/\/temporada-alta.com\/es\/noticia\/pere-arquillue-finalista-a-los-premios-max-2023-como-mejor-actor-por-ladversari-una-produccion-de-temporada-alta\/","url":"https:\/\/temporada-alta.com\/es\/noticia\/pere-arquillue-finalista-a-los-premios-max-2023-como-mejor-actor-por-ladversari-una-produccion-de-temporada-alta\/","name":"Pere Arquillu\u00e9 finalista a los Premios Max 2023 como mejor actor por 'L'adversari', una producci\u00f3n de Temporada Alta - Temporada Alta","isPartOf":{"@id":"https:\/\/temporada-alta.com\/es\/#website"},"primaryImageOfPage":{"@id":"https:\/\/temporada-alta.com\/es\/noticia\/pere-arquillue-finalista-a-los-premios-max-2023-como-mejor-actor-por-ladversari-una-produccion-de-temporada-alta\/#primaryimage"},"image":{"@id":"https:\/\/temporada-alta.com\/es\/noticia\/pere-arquillue-finalista-a-los-premios-max-2023-como-mejor-actor-por-ladversari-una-produccion-de-temporada-alta\/#primaryimage"},"thumbnailUrl":"https:\/\/temporada-alta.com\/wp-content\/uploads\/T22-l\u00b4adversari-085.jpg","datePublished":"2023-03-07T15:57:28+00:00","dateModified":"2023-03-07T16:03:54+00:00","breadcrumb":{"@id":"https:\/\/temporada-alta.com\/es\/noticia\/pere-arquillue-finalista-a-los-premios-max-2023-como-mejor-actor-por-ladversari-una-produccion-de-temporada-alta\/#breadcrumb"},"inLanguage":"es","potentialAction":[{"@type":"ReadAction","target":["https:\/\/temporada-alta.com\/es\/noticia\/pere-arquillue-finalista-a-los-premios-max-2023-como-mejor-actor-por-ladversari-una-produccion-de-temporada-alta\/"]}]},{"@type":"ImageObject","inLanguage":"es","@id":"https:\/\/temporada-alta.com\/es\/noticia\/pere-arquillue-finalista-a-los-premios-max-2023-como-mejor-actor-por-ladversari-una-produccion-de-temporada-alta\/#primaryimage","url":"https:\/\/temporada-alta.com\/wp-content\/uploads\/T22-l\u00b4adversari-085.jpg","contentUrl":"https:\/\/temporada-alta.com\/wp-content\/uploads\/T22-l\u00b4adversari-085.jpg","width":1920,"height":1080},{"@type":"BreadcrumbList","@id":"https:\/\/temporada-alta.com\/es\/noticia\/pere-arquillue-finalista-a-los-premios-max-2023-como-mejor-actor-por-ladversari-una-produccion-de-temporada-alta\/#breadcrumb","itemListElement":[{"@type":"ListItem","position":1,"name":"Inici","item":"https:\/\/temporada-alta.com\/es\/"},{"@type":"ListItem","position":2,"name":"Pere Arquillu\u00e9 finalista a los Premios Max 2023 como mejor actor por &#8216;L&#8217;adversari&#8217;, una producci\u00f3n de Temporada Alta"}]},{"@type":"WebSite","@id":"https:\/\/temporada-alta.com\/es\/#website","url":"https:\/\/temporada-alta.com\/es\/","name":"Temporada Alta","description":"Festival d&#039;Arts Esc\u00e8niques","publisher":{"@id":"https:\/\/temporada-alta.com\/es\/#organization"},"potentialAction":[{"@type":"SearchAction","target":{"@type":"EntryPoint","urlTemplate":"https:\/\/temporada-alta.com\/es\/?s={search_term_string}"},"query-input":{"@type":"PropertyValueSpecification","valueRequired":true,"valueName":"search_term_string"}}],"inLanguage":"es"},{"@type":"Organization","@id":"https:\/\/temporada-alta.com\/es\/#organization","name":"Temporada Alta","url":"https:\/\/temporada-alta.com\/es\/","logo":{"@type":"ImageObject","inLanguage":"es","@id":"https:\/\/temporada-alta.com\/es\/#\/schema\/logo\/image\/","url":"https:\/\/temporada-alta.com\/wp-content\/uploads\/TA21-Logotip-pos.png","contentUrl":"https:\/\/temporada-alta.com\/wp-content\/uploads\/TA21-Logotip-pos.png","width":800,"height":267,"caption":"Temporada Alta"},"image":{"@id":"https:\/\/temporada-alta.com\/es\/#\/schema\/logo\/image\/"}}]}},"_links":{"self":[{"href":"https:\/\/temporada-alta.com\/es\/wp-json\/wp\/v2\/noticia\/84753","targetHints":{"allow":["GET"]}}],"collection":[{"href":"https:\/\/temporada-alta.com\/es\/wp-json\/wp\/v2\/noticia"}],"about":[{"href":"https:\/\/temporada-alta.com\/es\/wp-json\/wp\/v2\/types\/noticia"}],"wp:featuredmedia":[{"embeddable":true,"href":"https:\/\/temporada-alta.com\/es\/wp-json\/wp\/v2\/media\/82085"}],"wp:attachment":[{"href":"https:\/\/temporada-alta.com\/es\/wp-json\/wp\/v2\/media?parent=84753"}],"curies":[{"name":"wp","href":"https:\/\/api.w.org\/{rel}","templated":true}]}}