{"id":77140,"date":"2022-06-21T15:38:26","date_gmt":"2022-06-21T13:38:26","guid":{"rendered":"https:\/\/temporada-alta.com\/noticia\/francesca-llopis-autora-del-cartel-de-temporada-alta-2022\/"},"modified":"2022-06-21T16:13:29","modified_gmt":"2022-06-21T14:13:29","slug":"cartel-de-temporada-alta-2022","status":"publish","type":"noticia","link":"https:\/\/temporada-alta.com\/es\/noticia\/cartel-de-temporada-alta-2022\/","title":{"rendered":"Francesca Llopis, autora del cartel de Temporada Alta 2022"},"content":{"rendered":"<div id=\"modal-ready\">\n<p>La artista visual catalana especializada en pintura y v\u00eddeoarte Francesca Llopis ha sido la encargada de hacer el dise\u00f1o del <strong>cartel de <a href=\"https:\/\/temporada-alta.com\/es\/edicion-2022\/\">Temporada Alta 2022<\/a><\/strong>. Nacida en Barcelona en 1956, su trayectoria viene marcada por la colaboraci\u00f3n, en sus inicios, con Fabi\u00e0 Puigserver (cofundador del Teatre Lliure), repensando el concepto de escenograf\u00eda desde la pintura. A lo largo de estas d\u00e9cadas, Llopis ha trabajado con la idea del viaje o los laberintos, entre otras l\u00edneas de investigaci\u00f3n, y ha expuesto en Barcelona, Madrid, Montpelier, Roma, N\u00eemes, Nueva York, Osaka o S\u00e3o Paulo, entre otras ciudades del mundo. Sus obras est\u00e1n basadas en sus viajes y la naturaleza, y tienen influencias del neoexpressionismo de los a\u00f1os 80 y el expresionismo abstracto, los cuales le sirven para representar la cultura urbana.<\/p>\n\n\n\n<p>Despu\u00e9s de la serie de dibujos monocromos negros <em>Nosaltres i l\u2019estat de les coses<\/em> (2014), que muestran un tipo de planetas en explosi\u00f3n, Francesca Llopis evoluciona y crea <em>Desclosa<\/em>, como una propuesta de emblema visual que representa aquello que puede nacer y acontecer. Esta pintura ha sido escogida como <a href=\"https:\/\/drive.google.com\/file\/d\/1DBMBmjbO2aSRmYmoyzc4sPcw54uZx-Nt\/view\">cartel<\/a> de Temporada Alta 2022, y quiere ser una celebraci\u00f3n de la vida y de la creaci\u00f3n. La obra simboliza el espacio de ideas y energ\u00eda creativa que se abre a la vida y al mundo, y que transmite el verdadero arte, teatro y literatura.<\/p>\n\n\n\n<p><strong>Una larga lista de autores pl\u00e1sticos<\/strong><\/p>\n\n\n\n<p>El nombre de Francesca Llopis se suma a una larga lista de <a href=\"https:\/\/temporada-alta.com\/es\/historico\/\">autores pl\u00e1sticos<\/a> vinculados a Temporada Alta que, hist\u00f3ricamente, han sido los encargados de crear y dise\u00f1ar el cartel. De este modo, figuras como Antoni T\u00e0pies, Cristina de Middel,  Carles Santos, Carmen Calvo, Joan Fontcuberta, Eul\u00e0lia Valldosera, Narc\u00eds Comadira, Eug\u00e8nia Balcells, Ferederic Amat, Carme Sanglas, Pere Noguera o Ferran Adri\u00e0, entre otros muchos, han dejado su impronta en el festival a lo largo de estas tres d\u00e9cadas.<\/p>\n<\/div>","protected":false},"excerpt":{"rendered":"<p>La artista visual catalana especializada en pintura y v\u00eddeoarte Francesca Llopis ha sido la encargada de hacer el&#8230;<\/p>\n","protected":false},"featured_media":77020,"template":"","class_list":["post-77140","noticia","type-noticia","status-publish","has-post-thumbnail","hentry"],"acf":[],"yoast_head":"<!-- This site is optimized with the Yoast SEO plugin v27.0 - https:\/\/yoast.com\/product\/yoast-seo-wordpress\/ -->\n<title>Francesca Llopis, autora del cartel de Temporada Alta 2022 - Temporada Alta<\/title>\n<meta name=\"description\" content=\"La artista visual Francesca Llopis ha sido la encargada de hacer el dise\u00f1o del cartel de Temporada Alta 2022.\" \/>\n<meta name=\"robots\" content=\"index, follow, max-snippet:-1, max-image-preview:large, max-video-preview:-1\" \/>\n<link rel=\"canonical\" href=\"https:\/\/temporada-alta.com\/es\/noticia\/cartel-de-temporada-alta-2022\/\" \/>\n<meta property=\"og:locale\" content=\"es_ES\" \/>\n<meta property=\"og:type\" content=\"article\" \/>\n<meta property=\"og:title\" content=\"Francesca Llopis, autora del cartel de Temporada Alta 2022 - Temporada Alta\" \/>\n<meta property=\"og:description\" content=\"La artista visual Francesca Llopis ha sido la encargada de hacer el dise\u00f1o del cartel de Temporada Alta 2022.\" \/>\n<meta property=\"og:url\" content=\"https:\/\/temporada-alta.com\/es\/noticia\/cartel-de-temporada-alta-2022\/\" \/>\n<meta property=\"og:site_name\" content=\"Temporada Alta\" \/>\n<meta property=\"article:modified_time\" content=\"2022-06-21T14:13:29+00:00\" \/>\n<meta property=\"og:image\" content=\"https:\/\/temporada-alta.com\/wp-content\/uploads\/cartell-ta22.jpg\" \/>\n\t<meta property=\"og:image:width\" content=\"1795\" \/>\n\t<meta property=\"og:image:height\" content=\"2551\" \/>\n\t<meta property=\"og:image:type\" content=\"image\/jpeg\" \/>\n<meta name=\"twitter:card\" content=\"summary_large_image\" \/>\n<script type=\"application\/ld+json\" class=\"yoast-schema-graph\">{\"@context\":\"https:\/\/schema.org\",\"@graph\":[{\"@type\":\"WebPage\",\"@id\":\"https:\/\/temporada-alta.com\/es\/noticia\/cartel-de-temporada-alta-2022\/\",\"url\":\"https:\/\/temporada-alta.com\/es\/noticia\/cartel-de-temporada-alta-2022\/\",\"name\":\"Francesca Llopis, autora del cartel de Temporada Alta 2022 - Temporada Alta\",\"isPartOf\":{\"@id\":\"https:\/\/temporada-alta.com\/es\/#website\"},\"primaryImageOfPage\":{\"@id\":\"https:\/\/temporada-alta.com\/es\/noticia\/cartel-de-temporada-alta-2022\/#primaryimage\"},\"image\":{\"@id\":\"https:\/\/temporada-alta.com\/es\/noticia\/cartel-de-temporada-alta-2022\/#primaryimage\"},\"thumbnailUrl\":\"https:\/\/temporada-alta.com\/wp-content\/uploads\/cartell-ta22.jpg\",\"datePublished\":\"2022-06-21T13:38:26+00:00\",\"dateModified\":\"2022-06-21T14:13:29+00:00\",\"description\":\"La artista visual Francesca Llopis ha sido la encargada de hacer el dise\u00f1o del cartel de Temporada Alta 2022.\",\"breadcrumb\":{\"@id\":\"https:\/\/temporada-alta.com\/es\/noticia\/cartel-de-temporada-alta-2022\/#breadcrumb\"},\"inLanguage\":\"es\",\"potentialAction\":[{\"@type\":\"ReadAction\",\"target\":[\"https:\/\/temporada-alta.com\/es\/noticia\/cartel-de-temporada-alta-2022\/\"]}]},{\"@type\":\"ImageObject\",\"inLanguage\":\"es\",\"@id\":\"https:\/\/temporada-alta.com\/es\/noticia\/cartel-de-temporada-alta-2022\/#primaryimage\",\"url\":\"https:\/\/temporada-alta.com\/wp-content\/uploads\/cartell-ta22.jpg\",\"contentUrl\":\"https:\/\/temporada-alta.com\/wp-content\/uploads\/cartell-ta22.jpg\",\"width\":1795,\"height\":2551},{\"@type\":\"BreadcrumbList\",\"@id\":\"https:\/\/temporada-alta.com\/es\/noticia\/cartel-de-temporada-alta-2022\/#breadcrumb\",\"itemListElement\":[{\"@type\":\"ListItem\",\"position\":1,\"name\":\"Inici\",\"item\":\"https:\/\/temporada-alta.com\/es\/\"},{\"@type\":\"ListItem\",\"position\":2,\"name\":\"Francesca Llopis, autora del cartel de Temporada Alta 2022\"}]},{\"@type\":\"WebSite\",\"@id\":\"https:\/\/temporada-alta.com\/es\/#website\",\"url\":\"https:\/\/temporada-alta.com\/es\/\",\"name\":\"Temporada Alta\",\"description\":\"Festival d&#039;Arts Esc\u00e8niques\",\"publisher\":{\"@id\":\"https:\/\/temporada-alta.com\/es\/#organization\"},\"potentialAction\":[{\"@type\":\"SearchAction\",\"target\":{\"@type\":\"EntryPoint\",\"urlTemplate\":\"https:\/\/temporada-alta.com\/es\/?s={search_term_string}\"},\"query-input\":{\"@type\":\"PropertyValueSpecification\",\"valueRequired\":true,\"valueName\":\"search_term_string\"}}],\"inLanguage\":\"es\"},{\"@type\":\"Organization\",\"@id\":\"https:\/\/temporada-alta.com\/es\/#organization\",\"name\":\"Temporada Alta\",\"url\":\"https:\/\/temporada-alta.com\/es\/\",\"logo\":{\"@type\":\"ImageObject\",\"inLanguage\":\"es\",\"@id\":\"https:\/\/temporada-alta.com\/es\/#\/schema\/logo\/image\/\",\"url\":\"https:\/\/temporada-alta.com\/wp-content\/uploads\/TA21-Logotip-pos.png\",\"contentUrl\":\"https:\/\/temporada-alta.com\/wp-content\/uploads\/TA21-Logotip-pos.png\",\"width\":800,\"height\":267,\"caption\":\"Temporada Alta\"},\"image\":{\"@id\":\"https:\/\/temporada-alta.com\/es\/#\/schema\/logo\/image\/\"}}]}<\/script>\n<!-- \/ Yoast SEO plugin. -->","yoast_head_json":{"title":"Francesca Llopis, autora del cartel de Temporada Alta 2022 - Temporada Alta","description":"La artista visual Francesca Llopis ha sido la encargada de hacer el dise\u00f1o del cartel de Temporada Alta 2022.","robots":{"index":"index","follow":"follow","max-snippet":"max-snippet:-1","max-image-preview":"max-image-preview:large","max-video-preview":"max-video-preview:-1"},"canonical":"https:\/\/temporada-alta.com\/es\/noticia\/cartel-de-temporada-alta-2022\/","og_locale":"es_ES","og_type":"article","og_title":"Francesca Llopis, autora del cartel de Temporada Alta 2022 - Temporada Alta","og_description":"La artista visual Francesca Llopis ha sido la encargada de hacer el dise\u00f1o del cartel de Temporada Alta 2022.","og_url":"https:\/\/temporada-alta.com\/es\/noticia\/cartel-de-temporada-alta-2022\/","og_site_name":"Temporada Alta","article_modified_time":"2022-06-21T14:13:29+00:00","og_image":[{"width":1795,"height":2551,"url":"https:\/\/temporada-alta.com\/wp-content\/uploads\/cartell-ta22.jpg","type":"image\/jpeg"}],"twitter_card":"summary_large_image","schema":{"@context":"https:\/\/schema.org","@graph":[{"@type":"WebPage","@id":"https:\/\/temporada-alta.com\/es\/noticia\/cartel-de-temporada-alta-2022\/","url":"https:\/\/temporada-alta.com\/es\/noticia\/cartel-de-temporada-alta-2022\/","name":"Francesca Llopis, autora del cartel de Temporada Alta 2022 - Temporada Alta","isPartOf":{"@id":"https:\/\/temporada-alta.com\/es\/#website"},"primaryImageOfPage":{"@id":"https:\/\/temporada-alta.com\/es\/noticia\/cartel-de-temporada-alta-2022\/#primaryimage"},"image":{"@id":"https:\/\/temporada-alta.com\/es\/noticia\/cartel-de-temporada-alta-2022\/#primaryimage"},"thumbnailUrl":"https:\/\/temporada-alta.com\/wp-content\/uploads\/cartell-ta22.jpg","datePublished":"2022-06-21T13:38:26+00:00","dateModified":"2022-06-21T14:13:29+00:00","description":"La artista visual Francesca Llopis ha sido la encargada de hacer el dise\u00f1o del cartel de Temporada Alta 2022.","breadcrumb":{"@id":"https:\/\/temporada-alta.com\/es\/noticia\/cartel-de-temporada-alta-2022\/#breadcrumb"},"inLanguage":"es","potentialAction":[{"@type":"ReadAction","target":["https:\/\/temporada-alta.com\/es\/noticia\/cartel-de-temporada-alta-2022\/"]}]},{"@type":"ImageObject","inLanguage":"es","@id":"https:\/\/temporada-alta.com\/es\/noticia\/cartel-de-temporada-alta-2022\/#primaryimage","url":"https:\/\/temporada-alta.com\/wp-content\/uploads\/cartell-ta22.jpg","contentUrl":"https:\/\/temporada-alta.com\/wp-content\/uploads\/cartell-ta22.jpg","width":1795,"height":2551},{"@type":"BreadcrumbList","@id":"https:\/\/temporada-alta.com\/es\/noticia\/cartel-de-temporada-alta-2022\/#breadcrumb","itemListElement":[{"@type":"ListItem","position":1,"name":"Inici","item":"https:\/\/temporada-alta.com\/es\/"},{"@type":"ListItem","position":2,"name":"Francesca Llopis, autora del cartel de Temporada Alta 2022"}]},{"@type":"WebSite","@id":"https:\/\/temporada-alta.com\/es\/#website","url":"https:\/\/temporada-alta.com\/es\/","name":"Temporada Alta","description":"Festival d&#039;Arts Esc\u00e8niques","publisher":{"@id":"https:\/\/temporada-alta.com\/es\/#organization"},"potentialAction":[{"@type":"SearchAction","target":{"@type":"EntryPoint","urlTemplate":"https:\/\/temporada-alta.com\/es\/?s={search_term_string}"},"query-input":{"@type":"PropertyValueSpecification","valueRequired":true,"valueName":"search_term_string"}}],"inLanguage":"es"},{"@type":"Organization","@id":"https:\/\/temporada-alta.com\/es\/#organization","name":"Temporada Alta","url":"https:\/\/temporada-alta.com\/es\/","logo":{"@type":"ImageObject","inLanguage":"es","@id":"https:\/\/temporada-alta.com\/es\/#\/schema\/logo\/image\/","url":"https:\/\/temporada-alta.com\/wp-content\/uploads\/TA21-Logotip-pos.png","contentUrl":"https:\/\/temporada-alta.com\/wp-content\/uploads\/TA21-Logotip-pos.png","width":800,"height":267,"caption":"Temporada Alta"},"image":{"@id":"https:\/\/temporada-alta.com\/es\/#\/schema\/logo\/image\/"}}]}},"_links":{"self":[{"href":"https:\/\/temporada-alta.com\/es\/wp-json\/wp\/v2\/noticia\/77140","targetHints":{"allow":["GET"]}}],"collection":[{"href":"https:\/\/temporada-alta.com\/es\/wp-json\/wp\/v2\/noticia"}],"about":[{"href":"https:\/\/temporada-alta.com\/es\/wp-json\/wp\/v2\/types\/noticia"}],"wp:featuredmedia":[{"embeddable":true,"href":"https:\/\/temporada-alta.com\/es\/wp-json\/wp\/v2\/media\/77020"}],"wp:attachment":[{"href":"https:\/\/temporada-alta.com\/es\/wp-json\/wp\/v2\/media?parent=77140"}],"curies":[{"name":"wp","href":"https:\/\/api.w.org\/{rel}","templated":true}]}}