{"id":75373,"date":"2022-02-01T11:27:31","date_gmt":"2022-02-01T10:27:31","guid":{"rendered":"https:\/\/temporada-alta.com\/?post_type=noticia&#038;p=75373"},"modified":"2022-02-01T11:28:33","modified_gmt":"2022-02-01T10:28:33","slug":"christiane-jatahy-gana-el-leon-de-oro-de-la-biennale-de-venecia","status":"publish","type":"noticia","link":"https:\/\/temporada-alta.com\/es\/noticia\/christiane-jatahy-gana-el-leon-de-oro-de-la-biennale-de-venecia\/","title":{"rendered":"Christiane Jatahy gana el Le\u00f3n de Oro de la Biennale de Venecia"},"content":{"rendered":"<div id=\"modal-ready\"><p>La autora, directora de teatro y de cine <strong>Christiane Jatahy<\/strong> ha ganado el Le\u00f3n de Oro de la Biennale de Venecia 2022 en la categor\u00eda de teatro. La artista brasile\u00f1a ha recibido el premio en reconocimiento a su carrera por ser &#8220;una de las figuras m\u00e1s originales de la oleada teatral transatl\u00e1ntica que ha regenerado la escena europea en las \u00faltimas d\u00e9cadas&#8221;, seg\u00fan la organizaci\u00f3n.<\/p>\n<p>Jatahy form\u00f3 parte, recientemente, de la programaci\u00f3n de Temporada Alta 2021 con <strong><em>Entre chien et loup<\/em><\/strong>, espect\u00e1culo inspirado en la pel\u00edcula <em>Dogville<\/em> de Lars Von Trier. De este modo, la directora se ha convertido en una habitual del festival habiendo participado en varias ediciones con propuestas como <em>Julia <\/em>(2013), <em>E se elas fossem para Mosc\u00fa?<\/em> (2014), <em>A floresta que anda<\/em> (2017), o <em>O agora que demora<\/em> (2019).<\/p>\n<p>Entre los artistas premiados en otras categor\u00edas, tambi\u00e9n destaca <strong>Roc\u00edo Molina<\/strong> que ha ganado el Le\u00f3n de Plata como bailarina y core\u00f3grafa. La artista tambi\u00e9n particip\u00f3 en Temporada Alta 2021 con <em><strong>Inicio (Uno)<\/strong><\/em>. Anteriormente, tambi\u00e9n form\u00f3 parte de otras ediciones del festival con propuestas como <em>Al Fondo Riela (Lo otro del Uno) <\/em>(2020), <em>Impulso <\/em>(2017), <em>Ca\u00edda del cielo <\/em>(2016) o <em>Afectos <\/em>(2015).<\/p>\n<\/div>","protected":false},"excerpt":{"rendered":"<p>La autora, directora de teatro y de cine Christiane Jatahy ha ganado el Le\u00f3n de Oro de la&#8230;<\/p>\n","protected":false},"featured_media":74419,"template":"","class_list":["post-75373","noticia","type-noticia","status-publish","has-post-thumbnail","hentry"],"acf":[],"yoast_head":"<!-- This site is optimized with the Yoast SEO plugin v27.0 - https:\/\/yoast.com\/product\/yoast-seo-wordpress\/ -->\n<title>Christiane Jatahy gana el Le\u00f3n de Oro de la Biennale de Venecia - Temporada Alta<\/title>\n<meta name=\"robots\" content=\"index, follow, max-snippet:-1, max-image-preview:large, max-video-preview:-1\" \/>\n<link rel=\"canonical\" href=\"https:\/\/temporada-alta.com\/es\/noticia\/christiane-jatahy-gana-el-leon-de-oro-de-la-biennale-de-venecia\/\" \/>\n<meta property=\"og:locale\" content=\"es_ES\" \/>\n<meta property=\"og:type\" content=\"article\" \/>\n<meta property=\"og:title\" content=\"Christiane Jatahy gana el Le\u00f3n de Oro de la Biennale de Venecia - Temporada Alta\" \/>\n<meta property=\"og:description\" content=\"La autora, directora de teatro y de cine Christiane Jatahy ha ganado el Le\u00f3n de Oro de la...\" \/>\n<meta property=\"og:url\" content=\"https:\/\/temporada-alta.com\/es\/noticia\/christiane-jatahy-gana-el-leon-de-oro-de-la-biennale-de-venecia\/\" \/>\n<meta property=\"og:site_name\" content=\"Temporada Alta\" \/>\n<meta property=\"article:modified_time\" content=\"2022-02-01T10:28:33+00:00\" \/>\n<meta property=\"og:image\" content=\"https:\/\/temporada-alta.com\/wp-content\/uploads\/149181-christiane-jatahy.jpg\" \/>\n\t<meta property=\"og:image:width\" content=\"1180\" \/>\n\t<meta property=\"og:image:height\" content=\"787\" \/>\n\t<meta property=\"og:image:type\" content=\"image\/jpeg\" \/>\n<meta name=\"twitter:card\" content=\"summary_large_image\" \/>\n<script type=\"application\/ld+json\" class=\"yoast-schema-graph\">{\"@context\":\"https:\/\/schema.org\",\"@graph\":[{\"@type\":\"WebPage\",\"@id\":\"https:\/\/temporada-alta.com\/es\/noticia\/christiane-jatahy-gana-el-leon-de-oro-de-la-biennale-de-venecia\/\",\"url\":\"https:\/\/temporada-alta.com\/es\/noticia\/christiane-jatahy-gana-el-leon-de-oro-de-la-biennale-de-venecia\/\",\"name\":\"Christiane Jatahy gana el Le\u00f3n de Oro de la Biennale de Venecia - Temporada Alta\",\"isPartOf\":{\"@id\":\"https:\/\/temporada-alta.com\/es\/#website\"},\"primaryImageOfPage\":{\"@id\":\"https:\/\/temporada-alta.com\/es\/noticia\/christiane-jatahy-gana-el-leon-de-oro-de-la-biennale-de-venecia\/#primaryimage\"},\"image\":{\"@id\":\"https:\/\/temporada-alta.com\/es\/noticia\/christiane-jatahy-gana-el-leon-de-oro-de-la-biennale-de-venecia\/#primaryimage\"},\"thumbnailUrl\":\"https:\/\/temporada-alta.com\/wp-content\/uploads\/149181-christiane-jatahy.jpg\",\"datePublished\":\"2022-02-01T10:27:31+00:00\",\"dateModified\":\"2022-02-01T10:28:33+00:00\",\"breadcrumb\":{\"@id\":\"https:\/\/temporada-alta.com\/es\/noticia\/christiane-jatahy-gana-el-leon-de-oro-de-la-biennale-de-venecia\/#breadcrumb\"},\"inLanguage\":\"es\",\"potentialAction\":[{\"@type\":\"ReadAction\",\"target\":[\"https:\/\/temporada-alta.com\/es\/noticia\/christiane-jatahy-gana-el-leon-de-oro-de-la-biennale-de-venecia\/\"]}]},{\"@type\":\"ImageObject\",\"inLanguage\":\"es\",\"@id\":\"https:\/\/temporada-alta.com\/es\/noticia\/christiane-jatahy-gana-el-leon-de-oro-de-la-biennale-de-venecia\/#primaryimage\",\"url\":\"https:\/\/temporada-alta.com\/wp-content\/uploads\/149181-christiane-jatahy.jpg\",\"contentUrl\":\"https:\/\/temporada-alta.com\/wp-content\/uploads\/149181-christiane-jatahy.jpg\",\"width\":1180,\"height\":787},{\"@type\":\"BreadcrumbList\",\"@id\":\"https:\/\/temporada-alta.com\/es\/noticia\/christiane-jatahy-gana-el-leon-de-oro-de-la-biennale-de-venecia\/#breadcrumb\",\"itemListElement\":[{\"@type\":\"ListItem\",\"position\":1,\"name\":\"Inici\",\"item\":\"https:\/\/temporada-alta.com\/es\/\"},{\"@type\":\"ListItem\",\"position\":2,\"name\":\"Christiane Jatahy gana el Le\u00f3n de Oro de la Biennale de Venecia\"}]},{\"@type\":\"WebSite\",\"@id\":\"https:\/\/temporada-alta.com\/es\/#website\",\"url\":\"https:\/\/temporada-alta.com\/es\/\",\"name\":\"Temporada Alta\",\"description\":\"Festival d&#039;Arts Esc\u00e8niques\",\"publisher\":{\"@id\":\"https:\/\/temporada-alta.com\/es\/#organization\"},\"potentialAction\":[{\"@type\":\"SearchAction\",\"target\":{\"@type\":\"EntryPoint\",\"urlTemplate\":\"https:\/\/temporada-alta.com\/es\/?s={search_term_string}\"},\"query-input\":{\"@type\":\"PropertyValueSpecification\",\"valueRequired\":true,\"valueName\":\"search_term_string\"}}],\"inLanguage\":\"es\"},{\"@type\":\"Organization\",\"@id\":\"https:\/\/temporada-alta.com\/es\/#organization\",\"name\":\"Temporada Alta\",\"url\":\"https:\/\/temporada-alta.com\/es\/\",\"logo\":{\"@type\":\"ImageObject\",\"inLanguage\":\"es\",\"@id\":\"https:\/\/temporada-alta.com\/es\/#\/schema\/logo\/image\/\",\"url\":\"https:\/\/temporada-alta.com\/wp-content\/uploads\/TA21-Logotip-pos.png\",\"contentUrl\":\"https:\/\/temporada-alta.com\/wp-content\/uploads\/TA21-Logotip-pos.png\",\"width\":800,\"height\":267,\"caption\":\"Temporada Alta\"},\"image\":{\"@id\":\"https:\/\/temporada-alta.com\/es\/#\/schema\/logo\/image\/\"}}]}<\/script>\n<!-- \/ Yoast SEO plugin. -->","yoast_head_json":{"title":"Christiane Jatahy gana el Le\u00f3n de Oro de la Biennale de Venecia - Temporada Alta","robots":{"index":"index","follow":"follow","max-snippet":"max-snippet:-1","max-image-preview":"max-image-preview:large","max-video-preview":"max-video-preview:-1"},"canonical":"https:\/\/temporada-alta.com\/es\/noticia\/christiane-jatahy-gana-el-leon-de-oro-de-la-biennale-de-venecia\/","og_locale":"es_ES","og_type":"article","og_title":"Christiane Jatahy gana el Le\u00f3n de Oro de la Biennale de Venecia - Temporada Alta","og_description":"La autora, directora de teatro y de cine Christiane Jatahy ha ganado el Le\u00f3n de Oro de la...","og_url":"https:\/\/temporada-alta.com\/es\/noticia\/christiane-jatahy-gana-el-leon-de-oro-de-la-biennale-de-venecia\/","og_site_name":"Temporada Alta","article_modified_time":"2022-02-01T10:28:33+00:00","og_image":[{"width":1180,"height":787,"url":"https:\/\/temporada-alta.com\/wp-content\/uploads\/149181-christiane-jatahy.jpg","type":"image\/jpeg"}],"twitter_card":"summary_large_image","schema":{"@context":"https:\/\/schema.org","@graph":[{"@type":"WebPage","@id":"https:\/\/temporada-alta.com\/es\/noticia\/christiane-jatahy-gana-el-leon-de-oro-de-la-biennale-de-venecia\/","url":"https:\/\/temporada-alta.com\/es\/noticia\/christiane-jatahy-gana-el-leon-de-oro-de-la-biennale-de-venecia\/","name":"Christiane Jatahy gana el Le\u00f3n de Oro de la Biennale de Venecia - Temporada Alta","isPartOf":{"@id":"https:\/\/temporada-alta.com\/es\/#website"},"primaryImageOfPage":{"@id":"https:\/\/temporada-alta.com\/es\/noticia\/christiane-jatahy-gana-el-leon-de-oro-de-la-biennale-de-venecia\/#primaryimage"},"image":{"@id":"https:\/\/temporada-alta.com\/es\/noticia\/christiane-jatahy-gana-el-leon-de-oro-de-la-biennale-de-venecia\/#primaryimage"},"thumbnailUrl":"https:\/\/temporada-alta.com\/wp-content\/uploads\/149181-christiane-jatahy.jpg","datePublished":"2022-02-01T10:27:31+00:00","dateModified":"2022-02-01T10:28:33+00:00","breadcrumb":{"@id":"https:\/\/temporada-alta.com\/es\/noticia\/christiane-jatahy-gana-el-leon-de-oro-de-la-biennale-de-venecia\/#breadcrumb"},"inLanguage":"es","potentialAction":[{"@type":"ReadAction","target":["https:\/\/temporada-alta.com\/es\/noticia\/christiane-jatahy-gana-el-leon-de-oro-de-la-biennale-de-venecia\/"]}]},{"@type":"ImageObject","inLanguage":"es","@id":"https:\/\/temporada-alta.com\/es\/noticia\/christiane-jatahy-gana-el-leon-de-oro-de-la-biennale-de-venecia\/#primaryimage","url":"https:\/\/temporada-alta.com\/wp-content\/uploads\/149181-christiane-jatahy.jpg","contentUrl":"https:\/\/temporada-alta.com\/wp-content\/uploads\/149181-christiane-jatahy.jpg","width":1180,"height":787},{"@type":"BreadcrumbList","@id":"https:\/\/temporada-alta.com\/es\/noticia\/christiane-jatahy-gana-el-leon-de-oro-de-la-biennale-de-venecia\/#breadcrumb","itemListElement":[{"@type":"ListItem","position":1,"name":"Inici","item":"https:\/\/temporada-alta.com\/es\/"},{"@type":"ListItem","position":2,"name":"Christiane Jatahy gana el Le\u00f3n de Oro de la Biennale de Venecia"}]},{"@type":"WebSite","@id":"https:\/\/temporada-alta.com\/es\/#website","url":"https:\/\/temporada-alta.com\/es\/","name":"Temporada Alta","description":"Festival d&#039;Arts Esc\u00e8niques","publisher":{"@id":"https:\/\/temporada-alta.com\/es\/#organization"},"potentialAction":[{"@type":"SearchAction","target":{"@type":"EntryPoint","urlTemplate":"https:\/\/temporada-alta.com\/es\/?s={search_term_string}"},"query-input":{"@type":"PropertyValueSpecification","valueRequired":true,"valueName":"search_term_string"}}],"inLanguage":"es"},{"@type":"Organization","@id":"https:\/\/temporada-alta.com\/es\/#organization","name":"Temporada Alta","url":"https:\/\/temporada-alta.com\/es\/","logo":{"@type":"ImageObject","inLanguage":"es","@id":"https:\/\/temporada-alta.com\/es\/#\/schema\/logo\/image\/","url":"https:\/\/temporada-alta.com\/wp-content\/uploads\/TA21-Logotip-pos.png","contentUrl":"https:\/\/temporada-alta.com\/wp-content\/uploads\/TA21-Logotip-pos.png","width":800,"height":267,"caption":"Temporada Alta"},"image":{"@id":"https:\/\/temporada-alta.com\/es\/#\/schema\/logo\/image\/"}}]}},"_links":{"self":[{"href":"https:\/\/temporada-alta.com\/es\/wp-json\/wp\/v2\/noticia\/75373","targetHints":{"allow":["GET"]}}],"collection":[{"href":"https:\/\/temporada-alta.com\/es\/wp-json\/wp\/v2\/noticia"}],"about":[{"href":"https:\/\/temporada-alta.com\/es\/wp-json\/wp\/v2\/types\/noticia"}],"wp:featuredmedia":[{"embeddable":true,"href":"https:\/\/temporada-alta.com\/es\/wp-json\/wp\/v2\/media\/74419"}],"wp:attachment":[{"href":"https:\/\/temporada-alta.com\/es\/wp-json\/wp\/v2\/media?parent=75373"}],"curies":[{"name":"wp","href":"https:\/\/api.w.org\/{rel}","templated":true}]}}