{"id":74158,"date":"2021-10-25T11:11:48","date_gmt":"2021-10-25T09:11:48","guid":{"rendered":"https:\/\/temporada-alta.com\/?post_type=noticia&#038;p=74158"},"modified":"2021-10-25T11:43:05","modified_gmt":"2021-10-25T09:43:05","slug":"que-puedes-ver-en-temporada-alta-por-fires-de-girona","status":"publish","type":"noticia","link":"https:\/\/temporada-alta.com\/es\/noticia\/que-puedes-ver-en-temporada-alta-por-fires-de-girona\/","title":{"rendered":"\u00bfQu\u00e9 puedes ver en Temporada Alta por Fires de Girona?"},"content":{"rendered":"<div id=\"modal-ready\"><p>Coincidiendo con las Fires de Sant Narc\u00eds, desde Temporada Alta te proponemos <strong>12 espect\u00e1culos<\/strong>. Hay estrenos internacionales, montajes para toda la familia, producciones de \u00e9xito que hacen gira con parada en el festival y grandes nombres de la m\u00fasica del momento. A continuaci\u00f3n, te hacemos un resumen.<\/p>\n<p>Si buscas propuestas pensadas para el <strong>p\u00fablico familiar<\/strong>:<\/p>\n<ul>\n<li><a href=\"https:\/\/temporada-alta.com\/es\/shows\/andromines\/\"><strong><em>Andr\u00f2mines<\/em><\/strong><\/a> (diumenge 7 de novembre)<\/li>\n<\/ul>\n<p>La <strong>m\u00fasica<\/strong> tambi\u00e9n tendr\u00e1 su espacio en el festival los pr\u00f3ximos d\u00edas con los siguientes conciertos:<\/p>\n<ul>\n<li><a href=\"https:\/\/temporada-alta.com\/es\/shows\/maria-jose-llergo\/\"><strong>Mar\u00eda Jos\u00e9 Llergo<\/strong><\/a> (domingo 31 de octubre)<\/li>\n<li><a href=\"https:\/\/temporada-alta.com\/es\/shows\/gio-amb-francesc-prat-i-xavier-sabata\/\"><strong>GIO amb Francesc Prat i Xavier Sabata<\/strong><\/a> (domingo 31 de octubre)<\/li>\n<li><a href=\"https:\/\/temporada-alta.com\/es\/shows\/albert-pla\/\"><strong>Albert Pla<\/strong><\/a> (lunes 1 de noviembre)<\/li>\n<li><a href=\"https:\/\/temporada-alta.com\/es\/shows\/els-colors-de-duke-ellington\/\"><strong><em>Els colors de Duke Ellington<\/em><\/strong><\/a> (lunes 1 de noviembre), con Marcel Tom\u00e0s y la Girona Jazz Project<\/li>\n<li><a href=\"https:\/\/temporada-alta.com\/es\/shows\/ara-malikian\/\"><strong>Ara Malikian<\/strong><\/a> (s\u00e1bado 6 de novembre), acompa\u00f1ado del pianista Iv\u00e1n &#8216;Mel\u00f3n&#8217; Lewis<\/li>\n<\/ul>\n<p>G<strong>randes apuestas<\/strong> internacionales:<\/p>\n<ul>\n<li><a href=\"https:\/\/temporada-alta.com\/es\/shows\/divina-invencion-o-la-celebracion-del-amor\/\"><strong><em>Divina invenci\u00f3n (o la celebraci\u00f3n del amor)<\/em><\/strong><\/a> (s\u00e1bado 30 de octubre), una nueva propuesta de autoficci\u00f3n de Sergio Blanco<\/li>\n<li><a href=\"https:\/\/temporada-alta.com\/es\/shows\/gardenia-10-anos-despues\/\"><strong><em>Gardenia &#8211; 10 anys despr\u00e9s<\/em><\/strong><\/a> (viernes 5 y s\u00e1bado 6 de noviembre), dirigida por Alain Platel<\/li>\n<li><a href=\"https:\/\/temporada-alta.com\/es\/shows\/entre-chien-et-loup\/\"><strong><em>Entre chien et loup<\/em><\/strong><\/a> (viernes 5 y s\u00e1bado 6 de noviembre), un espect\u00e1culo de Christiane Jatahy, basado en la pel\u00edcula &#8216;Dogville&#8217; de Lars Von Trier<\/li>\n<\/ul>\n<p>El programa de Temporada Alta por Fires se completa con:<\/p>\n<ul>\n<li><a href=\"https:\/\/temporada-alta.com\/es\/shows\/les-irresponsables-girona\/\"><strong><em>Les irresponsables<\/em><\/strong><\/a> (jueves 28 y viernes 29 de octubre), una comedia de Javier Daulte, dirigida por S\u00edlvia Munt<\/li>\n<li><a href=\"https:\/\/temporada-alta.com\/es\/shows\/fam-2\/\"><strong><em>FAM<\/em><\/strong><\/a> (viernes 29 de octubre), de Les Impuixibles<\/li>\n<\/ul>\n<p>Tambi\u00e9n proyectamos la <strong>pel\u00edcula<\/strong>:<\/p>\n<ul>\n<li><a href=\"https:\/\/temporada-alta.com\/es\/shows\/dogville\/\"><strong><em>Dogville<\/em><\/strong><\/a> (martes 2 de novembre)<\/li>\n<\/ul>\n<\/div>","protected":false},"excerpt":{"rendered":"<p>Coincidiendo con las Fires de Sant Narc\u00eds, desde Temporada Alta te proponemos 12 espect\u00e1culos. Hay estrenos internacionales, montajes&#8230;<\/p>\n","protected":false},"featured_media":74162,"template":"","class_list":["post-74158","noticia","type-noticia","status-publish","has-post-thumbnail","hentry"],"acf":[],"yoast_head":"<!-- This site is optimized with the Yoast SEO plugin v27.0 - https:\/\/yoast.com\/product\/yoast-seo-wordpress\/ -->\n<title>\u00bfQu\u00e9 puedes ver en Temporada Alta por Fires de Girona? - Temporada Alta<\/title>\n<meta name=\"robots\" content=\"index, follow, max-snippet:-1, max-image-preview:large, max-video-preview:-1\" \/>\n<link rel=\"canonical\" href=\"https:\/\/temporada-alta.com\/es\/noticia\/que-puedes-ver-en-temporada-alta-por-fires-de-girona\/\" \/>\n<meta property=\"og:locale\" content=\"es_ES\" \/>\n<meta property=\"og:type\" content=\"article\" \/>\n<meta property=\"og:title\" content=\"\u00bfQu\u00e9 puedes ver en Temporada Alta por Fires de Girona? - Temporada Alta\" \/>\n<meta property=\"og:description\" content=\"Coincidiendo con las Fires de Sant Narc\u00eds, desde Temporada Alta te proponemos 12 espect\u00e1culos. Hay estrenos internacionales, montajes...\" \/>\n<meta property=\"og:url\" content=\"https:\/\/temporada-alta.com\/es\/noticia\/que-puedes-ver-en-temporada-alta-por-fires-de-girona\/\" \/>\n<meta property=\"og:site_name\" content=\"Temporada Alta\" \/>\n<meta property=\"article:modified_time\" content=\"2021-10-25T09:43:05+00:00\" \/>\n<meta property=\"og:image\" content=\"https:\/\/temporada-alta.com\/wp-content\/uploads\/Entre-chien-et-loup_c_Magali-Dougados-1.jpg\" \/>\n\t<meta property=\"og:image:width\" content=\"1920\" \/>\n\t<meta property=\"og:image:height\" content=\"1080\" \/>\n\t<meta property=\"og:image:type\" content=\"image\/jpeg\" \/>\n<meta name=\"twitter:card\" content=\"summary_large_image\" \/>\n<script type=\"application\/ld+json\" class=\"yoast-schema-graph\">{\"@context\":\"https:\/\/schema.org\",\"@graph\":[{\"@type\":\"WebPage\",\"@id\":\"https:\/\/temporada-alta.com\/es\/noticia\/que-puedes-ver-en-temporada-alta-por-fires-de-girona\/\",\"url\":\"https:\/\/temporada-alta.com\/es\/noticia\/que-puedes-ver-en-temporada-alta-por-fires-de-girona\/\",\"name\":\"\u00bfQu\u00e9 puedes ver en Temporada Alta por Fires de Girona? - Temporada Alta\",\"isPartOf\":{\"@id\":\"https:\/\/temporada-alta.com\/es\/#website\"},\"primaryImageOfPage\":{\"@id\":\"https:\/\/temporada-alta.com\/es\/noticia\/que-puedes-ver-en-temporada-alta-por-fires-de-girona\/#primaryimage\"},\"image\":{\"@id\":\"https:\/\/temporada-alta.com\/es\/noticia\/que-puedes-ver-en-temporada-alta-por-fires-de-girona\/#primaryimage\"},\"thumbnailUrl\":\"https:\/\/temporada-alta.com\/wp-content\/uploads\/Entre-chien-et-loup_c_Magali-Dougados-1.jpg\",\"datePublished\":\"2021-10-25T09:11:48+00:00\",\"dateModified\":\"2021-10-25T09:43:05+00:00\",\"breadcrumb\":{\"@id\":\"https:\/\/temporada-alta.com\/es\/noticia\/que-puedes-ver-en-temporada-alta-por-fires-de-girona\/#breadcrumb\"},\"inLanguage\":\"es\",\"potentialAction\":[{\"@type\":\"ReadAction\",\"target\":[\"https:\/\/temporada-alta.com\/es\/noticia\/que-puedes-ver-en-temporada-alta-por-fires-de-girona\/\"]}]},{\"@type\":\"ImageObject\",\"inLanguage\":\"es\",\"@id\":\"https:\/\/temporada-alta.com\/es\/noticia\/que-puedes-ver-en-temporada-alta-por-fires-de-girona\/#primaryimage\",\"url\":\"https:\/\/temporada-alta.com\/wp-content\/uploads\/Entre-chien-et-loup_c_Magali-Dougados-1.jpg\",\"contentUrl\":\"https:\/\/temporada-alta.com\/wp-content\/uploads\/Entre-chien-et-loup_c_Magali-Dougados-1.jpg\",\"width\":1920,\"height\":1080,\"caption\":\"\u00a9Magali Dougados\"},{\"@type\":\"BreadcrumbList\",\"@id\":\"https:\/\/temporada-alta.com\/es\/noticia\/que-puedes-ver-en-temporada-alta-por-fires-de-girona\/#breadcrumb\",\"itemListElement\":[{\"@type\":\"ListItem\",\"position\":1,\"name\":\"Inici\",\"item\":\"https:\/\/temporada-alta.com\/es\/\"},{\"@type\":\"ListItem\",\"position\":2,\"name\":\"\u00bfQu\u00e9 puedes ver en Temporada Alta por Fires de Girona?\"}]},{\"@type\":\"WebSite\",\"@id\":\"https:\/\/temporada-alta.com\/es\/#website\",\"url\":\"https:\/\/temporada-alta.com\/es\/\",\"name\":\"Temporada Alta\",\"description\":\"Festival d&#039;Arts Esc\u00e8niques\",\"publisher\":{\"@id\":\"https:\/\/temporada-alta.com\/es\/#organization\"},\"potentialAction\":[{\"@type\":\"SearchAction\",\"target\":{\"@type\":\"EntryPoint\",\"urlTemplate\":\"https:\/\/temporada-alta.com\/es\/?s={search_term_string}\"},\"query-input\":{\"@type\":\"PropertyValueSpecification\",\"valueRequired\":true,\"valueName\":\"search_term_string\"}}],\"inLanguage\":\"es\"},{\"@type\":\"Organization\",\"@id\":\"https:\/\/temporada-alta.com\/es\/#organization\",\"name\":\"Temporada Alta\",\"url\":\"https:\/\/temporada-alta.com\/es\/\",\"logo\":{\"@type\":\"ImageObject\",\"inLanguage\":\"es\",\"@id\":\"https:\/\/temporada-alta.com\/es\/#\/schema\/logo\/image\/\",\"url\":\"https:\/\/temporada-alta.com\/wp-content\/uploads\/TA21-Logotip-pos.png\",\"contentUrl\":\"https:\/\/temporada-alta.com\/wp-content\/uploads\/TA21-Logotip-pos.png\",\"width\":800,\"height\":267,\"caption\":\"Temporada Alta\"},\"image\":{\"@id\":\"https:\/\/temporada-alta.com\/es\/#\/schema\/logo\/image\/\"}}]}<\/script>\n<!-- \/ Yoast SEO plugin. -->","yoast_head_json":{"title":"\u00bfQu\u00e9 puedes ver en Temporada Alta por Fires de Girona? - Temporada Alta","robots":{"index":"index","follow":"follow","max-snippet":"max-snippet:-1","max-image-preview":"max-image-preview:large","max-video-preview":"max-video-preview:-1"},"canonical":"https:\/\/temporada-alta.com\/es\/noticia\/que-puedes-ver-en-temporada-alta-por-fires-de-girona\/","og_locale":"es_ES","og_type":"article","og_title":"\u00bfQu\u00e9 puedes ver en Temporada Alta por Fires de Girona? - Temporada Alta","og_description":"Coincidiendo con las Fires de Sant Narc\u00eds, desde Temporada Alta te proponemos 12 espect\u00e1culos. Hay estrenos internacionales, montajes...","og_url":"https:\/\/temporada-alta.com\/es\/noticia\/que-puedes-ver-en-temporada-alta-por-fires-de-girona\/","og_site_name":"Temporada Alta","article_modified_time":"2021-10-25T09:43:05+00:00","og_image":[{"width":1920,"height":1080,"url":"https:\/\/temporada-alta.com\/wp-content\/uploads\/Entre-chien-et-loup_c_Magali-Dougados-1.jpg","type":"image\/jpeg"}],"twitter_card":"summary_large_image","schema":{"@context":"https:\/\/schema.org","@graph":[{"@type":"WebPage","@id":"https:\/\/temporada-alta.com\/es\/noticia\/que-puedes-ver-en-temporada-alta-por-fires-de-girona\/","url":"https:\/\/temporada-alta.com\/es\/noticia\/que-puedes-ver-en-temporada-alta-por-fires-de-girona\/","name":"\u00bfQu\u00e9 puedes ver en Temporada Alta por Fires de Girona? - Temporada Alta","isPartOf":{"@id":"https:\/\/temporada-alta.com\/es\/#website"},"primaryImageOfPage":{"@id":"https:\/\/temporada-alta.com\/es\/noticia\/que-puedes-ver-en-temporada-alta-por-fires-de-girona\/#primaryimage"},"image":{"@id":"https:\/\/temporada-alta.com\/es\/noticia\/que-puedes-ver-en-temporada-alta-por-fires-de-girona\/#primaryimage"},"thumbnailUrl":"https:\/\/temporada-alta.com\/wp-content\/uploads\/Entre-chien-et-loup_c_Magali-Dougados-1.jpg","datePublished":"2021-10-25T09:11:48+00:00","dateModified":"2021-10-25T09:43:05+00:00","breadcrumb":{"@id":"https:\/\/temporada-alta.com\/es\/noticia\/que-puedes-ver-en-temporada-alta-por-fires-de-girona\/#breadcrumb"},"inLanguage":"es","potentialAction":[{"@type":"ReadAction","target":["https:\/\/temporada-alta.com\/es\/noticia\/que-puedes-ver-en-temporada-alta-por-fires-de-girona\/"]}]},{"@type":"ImageObject","inLanguage":"es","@id":"https:\/\/temporada-alta.com\/es\/noticia\/que-puedes-ver-en-temporada-alta-por-fires-de-girona\/#primaryimage","url":"https:\/\/temporada-alta.com\/wp-content\/uploads\/Entre-chien-et-loup_c_Magali-Dougados-1.jpg","contentUrl":"https:\/\/temporada-alta.com\/wp-content\/uploads\/Entre-chien-et-loup_c_Magali-Dougados-1.jpg","width":1920,"height":1080,"caption":"\u00a9Magali Dougados"},{"@type":"BreadcrumbList","@id":"https:\/\/temporada-alta.com\/es\/noticia\/que-puedes-ver-en-temporada-alta-por-fires-de-girona\/#breadcrumb","itemListElement":[{"@type":"ListItem","position":1,"name":"Inici","item":"https:\/\/temporada-alta.com\/es\/"},{"@type":"ListItem","position":2,"name":"\u00bfQu\u00e9 puedes ver en Temporada Alta por Fires de Girona?"}]},{"@type":"WebSite","@id":"https:\/\/temporada-alta.com\/es\/#website","url":"https:\/\/temporada-alta.com\/es\/","name":"Temporada Alta","description":"Festival d&#039;Arts Esc\u00e8niques","publisher":{"@id":"https:\/\/temporada-alta.com\/es\/#organization"},"potentialAction":[{"@type":"SearchAction","target":{"@type":"EntryPoint","urlTemplate":"https:\/\/temporada-alta.com\/es\/?s={search_term_string}"},"query-input":{"@type":"PropertyValueSpecification","valueRequired":true,"valueName":"search_term_string"}}],"inLanguage":"es"},{"@type":"Organization","@id":"https:\/\/temporada-alta.com\/es\/#organization","name":"Temporada Alta","url":"https:\/\/temporada-alta.com\/es\/","logo":{"@type":"ImageObject","inLanguage":"es","@id":"https:\/\/temporada-alta.com\/es\/#\/schema\/logo\/image\/","url":"https:\/\/temporada-alta.com\/wp-content\/uploads\/TA21-Logotip-pos.png","contentUrl":"https:\/\/temporada-alta.com\/wp-content\/uploads\/TA21-Logotip-pos.png","width":800,"height":267,"caption":"Temporada Alta"},"image":{"@id":"https:\/\/temporada-alta.com\/es\/#\/schema\/logo\/image\/"}}]}},"_links":{"self":[{"href":"https:\/\/temporada-alta.com\/es\/wp-json\/wp\/v2\/noticia\/74158","targetHints":{"allow":["GET"]}}],"collection":[{"href":"https:\/\/temporada-alta.com\/es\/wp-json\/wp\/v2\/noticia"}],"about":[{"href":"https:\/\/temporada-alta.com\/es\/wp-json\/wp\/v2\/types\/noticia"}],"wp:featuredmedia":[{"embeddable":true,"href":"https:\/\/temporada-alta.com\/es\/wp-json\/wp\/v2\/media\/74162"}],"wp:attachment":[{"href":"https:\/\/temporada-alta.com\/es\/wp-json\/wp\/v2\/media?parent=74158"}],"curies":[{"name":"wp","href":"https:\/\/api.w.org\/{rel}","templated":true}]}}