{"id":73801,"date":"2021-10-06T17:35:25","date_gmt":"2021-10-06T15:35:25","guid":{"rendered":"https:\/\/temporada-alta.com\/?post_type=noticia&#038;p=73801"},"modified":"2021-10-06T17:55:56","modified_gmt":"2021-10-06T15:55:56","slug":"cambio-de-fechas-de-ellipsi-y-otras-modificaciones-en-la-programacion","status":"publish","type":"noticia","link":"https:\/\/temporada-alta.com\/es\/noticia\/cambio-de-fechas-de-ellipsi-y-otras-modificaciones-en-la-programacion\/","title":{"rendered":"Cambio de fechas de &#8216;El\u00b7lipsi&#8217; y otras modificaciones en la programaci\u00f3n"},"content":{"rendered":"<div id=\"modal-ready\"><p>Anunciamos algunos cambios en la programaci\u00f3n del festival que pueden resultar de tu inter\u00e9s:<\/p>\n<ul>\n<li><strong><em>L&#8217;oncle V\u00e0nia<\/em> ampl\u00eda duraci\u00f3n:<\/strong> Finalmente, el proceso creativo de <a href=\"https:\/\/temporada-alta.com\/es\/shows\/loncle-vania\/\"><strong><em>L&#8217;oncle V\u00e0nia<\/em> <\/strong><\/a>ha llevado al espect\u00e1culo a ampliar su duraci\u00f3n a 3 horas (entreacto incluido), aproximadamente. Por este motivo, nos vemos obligados a cambiar la hora de inicio de la segunda funci\u00f3n de la obra del 9 de octubre a las 20:30 h.<\/li>\n<li><strong>Cambio de fechas de <em>El\u00b7lipsi<\/em>:<\/strong> Por enfermedad de una de las actrices, las funciones de <a href=\"https:\/\/temporada-alta.com\/es\/shows\/ellipsi\/\"><strong><em>El\u00b7lipsi<\/em><\/strong><\/a>\u00a0se har\u00e1n el 17 y 18 de noviembre a las 20 h en la sala de arriba de Sala Planeta.<\/li>\n<li><strong>Nuevo acceso a El Canal:<\/strong> A causa de unas obras de mejora de la red de agua potable, del 27 de septiembre al 17 de octubre, se cortar\u00e1 la circulaci\u00f3n de veh\u00edculos en la calle del Costabona, entre los n\u00fameros 1 y 22. Se recomienda acceder en el espacio por Paseo de los Pa\u00edses Catalanes girando por Calle Miguel de Cervantes.<\/li>\n<li><strong>Suspendida la proyecci\u00f3n de <a href=\"https:\/\/temporada-alta.com\/es\/shows\/ombres-de-plata\/\">O<em>mbres de plata<\/em><\/a>:<\/strong> Por temas ajenos a la organizaci\u00f3n del festival, esta pel\u00edcula no formar\u00e1 parte de la programaci\u00f3n y no se proyectar\u00e1 en el marco de Temporada Alta.<\/li>\n<\/ul>\n<\/div>","protected":false},"excerpt":{"rendered":"<p>Anunciamos algunos cambios en la programaci\u00f3n del festival que pueden resultar de tu inter\u00e9s: L&#8217;oncle V\u00e0nia ampl\u00eda duraci\u00f3n:&#8230;<\/p>\n","protected":false},"featured_media":73799,"template":"","class_list":["post-73801","noticia","type-noticia","status-publish","has-post-thumbnail","hentry"],"acf":[],"yoast_head":"<!-- This site is optimized with the Yoast SEO plugin v27.0 - https:\/\/yoast.com\/product\/yoast-seo-wordpress\/ -->\n<title>Cambio de fechas de &#039;El\u00b7lipsi&#039; y otras modificaciones en la programaci\u00f3n - Temporada Alta<\/title>\n<meta name=\"robots\" content=\"index, follow, max-snippet:-1, max-image-preview:large, max-video-preview:-1\" \/>\n<link rel=\"canonical\" href=\"https:\/\/temporada-alta.com\/es\/noticia\/cambio-de-fechas-de-ellipsi-y-otras-modificaciones-en-la-programacion\/\" \/>\n<meta property=\"og:locale\" content=\"es_ES\" \/>\n<meta property=\"og:type\" content=\"article\" \/>\n<meta property=\"og:title\" content=\"Cambio de fechas de &#039;El\u00b7lipsi&#039; y otras modificaciones en la programaci\u00f3n - Temporada Alta\" \/>\n<meta property=\"og:description\" content=\"Anunciamos algunos cambios en la programaci\u00f3n del festival que pueden resultar de tu inter\u00e9s: L&#8217;oncle V\u00e0nia ampl\u00eda duraci\u00f3n:...\" \/>\n<meta property=\"og:url\" content=\"https:\/\/temporada-alta.com\/es\/noticia\/cambio-de-fechas-de-ellipsi-y-otras-modificaciones-en-la-programacion\/\" \/>\n<meta property=\"og:site_name\" content=\"Temporada Alta\" \/>\n<meta property=\"article:modified_time\" content=\"2021-10-06T15:55:56+00:00\" \/>\n<meta property=\"og:image\" content=\"https:\/\/temporada-alta.com\/wp-content\/uploads\/El.lipsi-1_c_Silvia-Poch-1200x709-1.jpg\" \/>\n\t<meta property=\"og:image:width\" content=\"1200\" \/>\n\t<meta property=\"og:image:height\" content=\"709\" \/>\n\t<meta property=\"og:image:type\" content=\"image\/jpeg\" \/>\n<meta name=\"twitter:card\" content=\"summary_large_image\" \/>\n<script type=\"application\/ld+json\" class=\"yoast-schema-graph\">{\"@context\":\"https:\/\/schema.org\",\"@graph\":[{\"@type\":\"WebPage\",\"@id\":\"https:\/\/temporada-alta.com\/es\/noticia\/cambio-de-fechas-de-ellipsi-y-otras-modificaciones-en-la-programacion\/\",\"url\":\"https:\/\/temporada-alta.com\/es\/noticia\/cambio-de-fechas-de-ellipsi-y-otras-modificaciones-en-la-programacion\/\",\"name\":\"Cambio de fechas de 'El\u00b7lipsi' y otras modificaciones en la programaci\u00f3n - Temporada Alta\",\"isPartOf\":{\"@id\":\"https:\/\/temporada-alta.com\/es\/#website\"},\"primaryImageOfPage\":{\"@id\":\"https:\/\/temporada-alta.com\/es\/noticia\/cambio-de-fechas-de-ellipsi-y-otras-modificaciones-en-la-programacion\/#primaryimage\"},\"image\":{\"@id\":\"https:\/\/temporada-alta.com\/es\/noticia\/cambio-de-fechas-de-ellipsi-y-otras-modificaciones-en-la-programacion\/#primaryimage\"},\"thumbnailUrl\":\"https:\/\/temporada-alta.com\/wp-content\/uploads\/El.lipsi-1_c_Silvia-Poch-1200x709-1.jpg\",\"datePublished\":\"2021-10-06T15:35:25+00:00\",\"dateModified\":\"2021-10-06T15:55:56+00:00\",\"breadcrumb\":{\"@id\":\"https:\/\/temporada-alta.com\/es\/noticia\/cambio-de-fechas-de-ellipsi-y-otras-modificaciones-en-la-programacion\/#breadcrumb\"},\"inLanguage\":\"es\",\"potentialAction\":[{\"@type\":\"ReadAction\",\"target\":[\"https:\/\/temporada-alta.com\/es\/noticia\/cambio-de-fechas-de-ellipsi-y-otras-modificaciones-en-la-programacion\/\"]}]},{\"@type\":\"ImageObject\",\"inLanguage\":\"es\",\"@id\":\"https:\/\/temporada-alta.com\/es\/noticia\/cambio-de-fechas-de-ellipsi-y-otras-modificaciones-en-la-programacion\/#primaryimage\",\"url\":\"https:\/\/temporada-alta.com\/wp-content\/uploads\/El.lipsi-1_c_Silvia-Poch-1200x709-1.jpg\",\"contentUrl\":\"https:\/\/temporada-alta.com\/wp-content\/uploads\/El.lipsi-1_c_Silvia-Poch-1200x709-1.jpg\",\"width\":1200,\"height\":709},{\"@type\":\"BreadcrumbList\",\"@id\":\"https:\/\/temporada-alta.com\/es\/noticia\/cambio-de-fechas-de-ellipsi-y-otras-modificaciones-en-la-programacion\/#breadcrumb\",\"itemListElement\":[{\"@type\":\"ListItem\",\"position\":1,\"name\":\"Inici\",\"item\":\"https:\/\/temporada-alta.com\/es\/\"},{\"@type\":\"ListItem\",\"position\":2,\"name\":\"Cambio de fechas de &#8216;El\u00b7lipsi&#8217; y otras modificaciones en la programaci\u00f3n\"}]},{\"@type\":\"WebSite\",\"@id\":\"https:\/\/temporada-alta.com\/es\/#website\",\"url\":\"https:\/\/temporada-alta.com\/es\/\",\"name\":\"Temporada Alta\",\"description\":\"Festival d&#039;Arts Esc\u00e8niques\",\"publisher\":{\"@id\":\"https:\/\/temporada-alta.com\/es\/#organization\"},\"potentialAction\":[{\"@type\":\"SearchAction\",\"target\":{\"@type\":\"EntryPoint\",\"urlTemplate\":\"https:\/\/temporada-alta.com\/es\/?s={search_term_string}\"},\"query-input\":{\"@type\":\"PropertyValueSpecification\",\"valueRequired\":true,\"valueName\":\"search_term_string\"}}],\"inLanguage\":\"es\"},{\"@type\":\"Organization\",\"@id\":\"https:\/\/temporada-alta.com\/es\/#organization\",\"name\":\"Temporada Alta\",\"url\":\"https:\/\/temporada-alta.com\/es\/\",\"logo\":{\"@type\":\"ImageObject\",\"inLanguage\":\"es\",\"@id\":\"https:\/\/temporada-alta.com\/es\/#\/schema\/logo\/image\/\",\"url\":\"https:\/\/temporada-alta.com\/wp-content\/uploads\/TA21-Logotip-pos.png\",\"contentUrl\":\"https:\/\/temporada-alta.com\/wp-content\/uploads\/TA21-Logotip-pos.png\",\"width\":800,\"height\":267,\"caption\":\"Temporada Alta\"},\"image\":{\"@id\":\"https:\/\/temporada-alta.com\/es\/#\/schema\/logo\/image\/\"}}]}<\/script>\n<!-- \/ Yoast SEO plugin. -->","yoast_head_json":{"title":"Cambio de fechas de 'El\u00b7lipsi' y otras modificaciones en la programaci\u00f3n - Temporada Alta","robots":{"index":"index","follow":"follow","max-snippet":"max-snippet:-1","max-image-preview":"max-image-preview:large","max-video-preview":"max-video-preview:-1"},"canonical":"https:\/\/temporada-alta.com\/es\/noticia\/cambio-de-fechas-de-ellipsi-y-otras-modificaciones-en-la-programacion\/","og_locale":"es_ES","og_type":"article","og_title":"Cambio de fechas de 'El\u00b7lipsi' y otras modificaciones en la programaci\u00f3n - Temporada Alta","og_description":"Anunciamos algunos cambios en la programaci\u00f3n del festival que pueden resultar de tu inter\u00e9s: L&#8217;oncle V\u00e0nia ampl\u00eda duraci\u00f3n:...","og_url":"https:\/\/temporada-alta.com\/es\/noticia\/cambio-de-fechas-de-ellipsi-y-otras-modificaciones-en-la-programacion\/","og_site_name":"Temporada Alta","article_modified_time":"2021-10-06T15:55:56+00:00","og_image":[{"width":1200,"height":709,"url":"https:\/\/temporada-alta.com\/wp-content\/uploads\/El.lipsi-1_c_Silvia-Poch-1200x709-1.jpg","type":"image\/jpeg"}],"twitter_card":"summary_large_image","schema":{"@context":"https:\/\/schema.org","@graph":[{"@type":"WebPage","@id":"https:\/\/temporada-alta.com\/es\/noticia\/cambio-de-fechas-de-ellipsi-y-otras-modificaciones-en-la-programacion\/","url":"https:\/\/temporada-alta.com\/es\/noticia\/cambio-de-fechas-de-ellipsi-y-otras-modificaciones-en-la-programacion\/","name":"Cambio de fechas de 'El\u00b7lipsi' y otras modificaciones en la programaci\u00f3n - Temporada Alta","isPartOf":{"@id":"https:\/\/temporada-alta.com\/es\/#website"},"primaryImageOfPage":{"@id":"https:\/\/temporada-alta.com\/es\/noticia\/cambio-de-fechas-de-ellipsi-y-otras-modificaciones-en-la-programacion\/#primaryimage"},"image":{"@id":"https:\/\/temporada-alta.com\/es\/noticia\/cambio-de-fechas-de-ellipsi-y-otras-modificaciones-en-la-programacion\/#primaryimage"},"thumbnailUrl":"https:\/\/temporada-alta.com\/wp-content\/uploads\/El.lipsi-1_c_Silvia-Poch-1200x709-1.jpg","datePublished":"2021-10-06T15:35:25+00:00","dateModified":"2021-10-06T15:55:56+00:00","breadcrumb":{"@id":"https:\/\/temporada-alta.com\/es\/noticia\/cambio-de-fechas-de-ellipsi-y-otras-modificaciones-en-la-programacion\/#breadcrumb"},"inLanguage":"es","potentialAction":[{"@type":"ReadAction","target":["https:\/\/temporada-alta.com\/es\/noticia\/cambio-de-fechas-de-ellipsi-y-otras-modificaciones-en-la-programacion\/"]}]},{"@type":"ImageObject","inLanguage":"es","@id":"https:\/\/temporada-alta.com\/es\/noticia\/cambio-de-fechas-de-ellipsi-y-otras-modificaciones-en-la-programacion\/#primaryimage","url":"https:\/\/temporada-alta.com\/wp-content\/uploads\/El.lipsi-1_c_Silvia-Poch-1200x709-1.jpg","contentUrl":"https:\/\/temporada-alta.com\/wp-content\/uploads\/El.lipsi-1_c_Silvia-Poch-1200x709-1.jpg","width":1200,"height":709},{"@type":"BreadcrumbList","@id":"https:\/\/temporada-alta.com\/es\/noticia\/cambio-de-fechas-de-ellipsi-y-otras-modificaciones-en-la-programacion\/#breadcrumb","itemListElement":[{"@type":"ListItem","position":1,"name":"Inici","item":"https:\/\/temporada-alta.com\/es\/"},{"@type":"ListItem","position":2,"name":"Cambio de fechas de &#8216;El\u00b7lipsi&#8217; y otras modificaciones en la programaci\u00f3n"}]},{"@type":"WebSite","@id":"https:\/\/temporada-alta.com\/es\/#website","url":"https:\/\/temporada-alta.com\/es\/","name":"Temporada Alta","description":"Festival d&#039;Arts Esc\u00e8niques","publisher":{"@id":"https:\/\/temporada-alta.com\/es\/#organization"},"potentialAction":[{"@type":"SearchAction","target":{"@type":"EntryPoint","urlTemplate":"https:\/\/temporada-alta.com\/es\/?s={search_term_string}"},"query-input":{"@type":"PropertyValueSpecification","valueRequired":true,"valueName":"search_term_string"}}],"inLanguage":"es"},{"@type":"Organization","@id":"https:\/\/temporada-alta.com\/es\/#organization","name":"Temporada Alta","url":"https:\/\/temporada-alta.com\/es\/","logo":{"@type":"ImageObject","inLanguage":"es","@id":"https:\/\/temporada-alta.com\/es\/#\/schema\/logo\/image\/","url":"https:\/\/temporada-alta.com\/wp-content\/uploads\/TA21-Logotip-pos.png","contentUrl":"https:\/\/temporada-alta.com\/wp-content\/uploads\/TA21-Logotip-pos.png","width":800,"height":267,"caption":"Temporada Alta"},"image":{"@id":"https:\/\/temporada-alta.com\/es\/#\/schema\/logo\/image\/"}}]}},"_links":{"self":[{"href":"https:\/\/temporada-alta.com\/es\/wp-json\/wp\/v2\/noticia\/73801","targetHints":{"allow":["GET"]}}],"collection":[{"href":"https:\/\/temporada-alta.com\/es\/wp-json\/wp\/v2\/noticia"}],"about":[{"href":"https:\/\/temporada-alta.com\/es\/wp-json\/wp\/v2\/types\/noticia"}],"wp:featuredmedia":[{"embeddable":true,"href":"https:\/\/temporada-alta.com\/es\/wp-json\/wp\/v2\/media\/73799"}],"wp:attachment":[{"href":"https:\/\/temporada-alta.com\/es\/wp-json\/wp\/v2\/media?parent=73801"}],"curies":[{"name":"wp","href":"https:\/\/api.w.org\/{rel}","templated":true}]}}