{"id":73709,"date":"2021-10-04T15:58:18","date_gmt":"2021-10-04T13:58:18","guid":{"rendered":"https:\/\/temporada-alta.com\/?post_type=noticia&#038;p=73709"},"modified":"2021-10-04T15:59:21","modified_gmt":"2021-10-04T13:59:21","slug":"presentamos-las-novedades-de-la-5a-edicion-de-a-tempo-que-retoman-la-plena-presencialidad-despues-de-la-pandemia","status":"publish","type":"noticia","link":"https:\/\/temporada-alta.com\/es\/noticia\/presentamos-las-novedades-de-la-5a-edicion-de-a-tempo-que-retoman-la-plena-presencialidad-despues-de-la-pandemia\/","title":{"rendered":"Presentamos las novedades de la 5\u00aa edici\u00f3n de A Tempo, que retoman la plena presencialidad despu\u00e9s de la pandemia"},"content":{"rendered":"<div id=\"modal-ready\"><p>Esta ma\u00f1ana hemos presentado las <strong>novedades de la 5\u00aa edici\u00f3n de <\/strong><a href=\"https:\/\/www.ciutatinvisible.org\/a-tempo\/\"><strong>A Tempo \u2013 Artes y Formaci\u00f3n<\/strong><\/a><strong> para el curso 2021-22<\/strong>, el proyecto educativo de la <a href=\"https:\/\/www.ciutatinvisible.org\/la-fundacio\">Fundaci\u00f3n La Ciutat Invisible<\/a> y <a href=\"https:\/\/temporada-alta.com\/es\/\">Temporada Alta<\/a> con el soporte de la Fundaci\u00f3n Banco Sabadell, con la voluntad de acercar las artes esc\u00e9nicas a los centros educativos en su formato presencial habitual despu\u00e9s de haber incorporado, el curso anterior, un <a href=\"https:\/\/www.ciutatinvisible.org\/itinerari-de-formacio\/\">programa de jornadas de formaci\u00f3n<\/a> y <a href=\"https:\/\/www.ciutatinvisible.org\/artistes-a-laula\/\">recursos online<\/a>.<\/p>\n<p>Este curso ampliamos el cat\u00e1logo de actividades. Por un lado, programamos <strong>espect\u00e1culos de gran formato en los centros educativos<\/strong> inscritos en <a href=\"https:\/\/www.ciutatinvisible.org\/temporada-alta-a-laula\/\">Temporada Alta en el Aula<\/a> y ofrecemos, por primera vez, <strong>talleres con artistas dirigidos a educaci\u00f3n infantil y especial<\/strong>. Tamb\u00e9, tendr\u00e1 lugar el <a href=\"http:\/\/ciutatinvisible.org\/torneig-de-dramaturgia-per-a-instituts\"><strong>III Torneo de Dramaturgia para Institutos<\/strong><\/a>, que tiene como novedad el premio: en el instituto ganador, se representar\u00e1 en su patio un espect\u00e1culo \u00fanico de gran formato, <strong><em>La Partida<\/em> de la c\u00eda. Vero Cendoya<\/strong>.<\/p>\n<p>En cuanto a las acciones formativas, damos un <strong>mayor impulso al acompa\u00f1amiento y residencias de artistas<\/strong> en el marco de <a href=\"http:\/\/www.ciutatinvisible.org\/crea-el-teu-projecte\/\"><em>Crea<\/em><\/a><em> tu proyecto<\/em>: el profesorado y el alumnado de 3\u00ba de ESO del Instituto Salvador Sunyer i Aimeric crear\u00e1n con la c\u00eda. Jos\u00e9 y sus Hermanas un espect\u00e1culo con la voluntad que se estrene en la edici\u00f3n de Temporada Alta 2022. Por otro lado, organizamos una <strong>prueba piloto del <\/strong><a href=\"https:\/\/www.ciutatinvisible.org\/seminari\"><strong>Seminario de Formaci\u00f3n A Tempo<\/strong><\/a><strong> en la ciudad de Sevilla<\/strong> durante el primer trimestre de 2022, con el objetivo de promover un espacio de formaci\u00f3n e interacci\u00f3n entre profesionales de la educaci\u00f3n de la ciudad y artistas-formadores de Catalu\u00f1a y Andaluc\u00eda.<\/p>\n<p>Finalmente, A Tempo continuar\u00e1 vinculado con el proyecto <a href=\"http:\/\/ciutatinvisible.org\/escoles-tandem\"><strong>Escuelas T\u00e1ndem en G<\/strong><\/a><strong>irona Est<\/strong>, que impulsa la Fundaci\u00f3n Catalunya La Pedrera, y que llega a su tercera y \u00faltima etapa de transformaci\u00f3n educativa. Este oto\u00f1o <strong>se inaugurar\u00e1 la actividad <\/strong><a href=\"https:\/\/www.ciutatinvisible.org\/la-fundacio-catalunya-la-pedrera-ofereix-una-activitat-de-teatre-i-creativitat-per-a-infants-i-joves\/\"><strong>Teatro y Sue\u00f1os<\/strong><\/a> dirigida a infantes y j\u00f3venes residentes en el barrio este de Girona, que cuenta con la colaboraci\u00f3n de ConArte Internacional y la Fundaci\u00f3n Girona Futur.<\/p>\n<\/div>","protected":false},"excerpt":{"rendered":"<p>Esta ma\u00f1ana hemos presentado las novedades de la 5\u00aa edici\u00f3n de A Tempo \u2013 Artes y Formaci\u00f3n para&#8230;<\/p>\n","protected":false},"featured_media":73708,"template":"","class_list":["post-73709","noticia","type-noticia","status-publish","has-post-thumbnail","hentry"],"acf":[],"yoast_head":"<!-- This site is optimized with the Yoast SEO plugin v27.0 - https:\/\/yoast.com\/product\/yoast-seo-wordpress\/ -->\n<title>Presentamos las novedades de la 5\u00aa edici\u00f3n de A Tempo, que retoman la plena presencialidad despu\u00e9s de la pandemia - Temporada Alta<\/title>\n<meta name=\"robots\" content=\"index, follow, max-snippet:-1, max-image-preview:large, max-video-preview:-1\" \/>\n<link rel=\"canonical\" href=\"https:\/\/temporada-alta.com\/es\/noticia\/presentamos-las-novedades-de-la-5a-edicion-de-a-tempo-que-retoman-la-plena-presencialidad-despues-de-la-pandemia\/\" \/>\n<meta property=\"og:locale\" content=\"es_ES\" \/>\n<meta property=\"og:type\" content=\"article\" \/>\n<meta property=\"og:title\" content=\"Presentamos las novedades de la 5\u00aa edici\u00f3n de A Tempo, que retoman la plena presencialidad despu\u00e9s de la pandemia - Temporada Alta\" \/>\n<meta property=\"og:description\" content=\"Esta ma\u00f1ana hemos presentado las novedades de la 5\u00aa edici\u00f3n de A Tempo \u2013 Artes y Formaci\u00f3n para...\" \/>\n<meta property=\"og:url\" content=\"https:\/\/temporada-alta.com\/es\/noticia\/presentamos-las-novedades-de-la-5a-edicion-de-a-tempo-que-retoman-la-plena-presencialidad-despues-de-la-pandemia\/\" \/>\n<meta property=\"og:site_name\" content=\"Temporada Alta\" \/>\n<meta property=\"article:modified_time\" content=\"2021-10-04T13:59:21+00:00\" \/>\n<meta property=\"og:image\" content=\"https:\/\/temporada-alta.com\/wp-content\/uploads\/arp-setmana-artistica-alta-28-scaled.jpg\" \/>\n\t<meta property=\"og:image:width\" content=\"2560\" \/>\n\t<meta property=\"og:image:height\" content=\"1704\" \/>\n\t<meta property=\"og:image:type\" content=\"image\/jpeg\" \/>\n<meta name=\"twitter:card\" content=\"summary_large_image\" \/>\n<script type=\"application\/ld+json\" class=\"yoast-schema-graph\">{\"@context\":\"https:\/\/schema.org\",\"@graph\":[{\"@type\":\"WebPage\",\"@id\":\"https:\/\/temporada-alta.com\/es\/noticia\/presentamos-las-novedades-de-la-5a-edicion-de-a-tempo-que-retoman-la-plena-presencialidad-despues-de-la-pandemia\/\",\"url\":\"https:\/\/temporada-alta.com\/es\/noticia\/presentamos-las-novedades-de-la-5a-edicion-de-a-tempo-que-retoman-la-plena-presencialidad-despues-de-la-pandemia\/\",\"name\":\"Presentamos las novedades de la 5\u00aa edici\u00f3n de A Tempo, que retoman la plena presencialidad despu\u00e9s de la pandemia - Temporada Alta\",\"isPartOf\":{\"@id\":\"https:\/\/temporada-alta.com\/es\/#website\"},\"primaryImageOfPage\":{\"@id\":\"https:\/\/temporada-alta.com\/es\/noticia\/presentamos-las-novedades-de-la-5a-edicion-de-a-tempo-que-retoman-la-plena-presencialidad-despues-de-la-pandemia\/#primaryimage\"},\"image\":{\"@id\":\"https:\/\/temporada-alta.com\/es\/noticia\/presentamos-las-novedades-de-la-5a-edicion-de-a-tempo-que-retoman-la-plena-presencialidad-despues-de-la-pandemia\/#primaryimage\"},\"thumbnailUrl\":\"https:\/\/temporada-alta.com\/wp-content\/uploads\/arp-setmana-artistica-alta-28-scaled.jpg\",\"datePublished\":\"2021-10-04T13:58:18+00:00\",\"dateModified\":\"2021-10-04T13:59:21+00:00\",\"breadcrumb\":{\"@id\":\"https:\/\/temporada-alta.com\/es\/noticia\/presentamos-las-novedades-de-la-5a-edicion-de-a-tempo-que-retoman-la-plena-presencialidad-despues-de-la-pandemia\/#breadcrumb\"},\"inLanguage\":\"es\",\"potentialAction\":[{\"@type\":\"ReadAction\",\"target\":[\"https:\/\/temporada-alta.com\/es\/noticia\/presentamos-las-novedades-de-la-5a-edicion-de-a-tempo-que-retoman-la-plena-presencialidad-despues-de-la-pandemia\/\"]}]},{\"@type\":\"ImageObject\",\"inLanguage\":\"es\",\"@id\":\"https:\/\/temporada-alta.com\/es\/noticia\/presentamos-las-novedades-de-la-5a-edicion-de-a-tempo-que-retoman-la-plena-presencialidad-despues-de-la-pandemia\/#primaryimage\",\"url\":\"https:\/\/temporada-alta.com\/wp-content\/uploads\/arp-setmana-artistica-alta-28-scaled.jpg\",\"contentUrl\":\"https:\/\/temporada-alta.com\/wp-content\/uploads\/arp-setmana-artistica-alta-28-scaled.jpg\",\"width\":2560,\"height\":1704,\"caption\":\"AnioL Resclosa - Escola Font de la Polvora Girona - Setmana artistica\"},{\"@type\":\"BreadcrumbList\",\"@id\":\"https:\/\/temporada-alta.com\/es\/noticia\/presentamos-las-novedades-de-la-5a-edicion-de-a-tempo-que-retoman-la-plena-presencialidad-despues-de-la-pandemia\/#breadcrumb\",\"itemListElement\":[{\"@type\":\"ListItem\",\"position\":1,\"name\":\"Inici\",\"item\":\"https:\/\/temporada-alta.com\/es\/\"},{\"@type\":\"ListItem\",\"position\":2,\"name\":\"Presentamos las novedades de la 5\u00aa edici\u00f3n de A Tempo, que retoman la plena presencialidad despu\u00e9s de la pandemia\"}]},{\"@type\":\"WebSite\",\"@id\":\"https:\/\/temporada-alta.com\/es\/#website\",\"url\":\"https:\/\/temporada-alta.com\/es\/\",\"name\":\"Temporada Alta\",\"description\":\"Festival d&#039;Arts Esc\u00e8niques\",\"publisher\":{\"@id\":\"https:\/\/temporada-alta.com\/es\/#organization\"},\"potentialAction\":[{\"@type\":\"SearchAction\",\"target\":{\"@type\":\"EntryPoint\",\"urlTemplate\":\"https:\/\/temporada-alta.com\/es\/?s={search_term_string}\"},\"query-input\":{\"@type\":\"PropertyValueSpecification\",\"valueRequired\":true,\"valueName\":\"search_term_string\"}}],\"inLanguage\":\"es\"},{\"@type\":\"Organization\",\"@id\":\"https:\/\/temporada-alta.com\/es\/#organization\",\"name\":\"Temporada Alta\",\"url\":\"https:\/\/temporada-alta.com\/es\/\",\"logo\":{\"@type\":\"ImageObject\",\"inLanguage\":\"es\",\"@id\":\"https:\/\/temporada-alta.com\/es\/#\/schema\/logo\/image\/\",\"url\":\"https:\/\/temporada-alta.com\/wp-content\/uploads\/TA21-Logotip-pos.png\",\"contentUrl\":\"https:\/\/temporada-alta.com\/wp-content\/uploads\/TA21-Logotip-pos.png\",\"width\":800,\"height\":267,\"caption\":\"Temporada Alta\"},\"image\":{\"@id\":\"https:\/\/temporada-alta.com\/es\/#\/schema\/logo\/image\/\"}}]}<\/script>\n<!-- \/ Yoast SEO plugin. -->","yoast_head_json":{"title":"Presentamos las novedades de la 5\u00aa edici\u00f3n de A Tempo, que retoman la plena presencialidad despu\u00e9s de la pandemia - Temporada Alta","robots":{"index":"index","follow":"follow","max-snippet":"max-snippet:-1","max-image-preview":"max-image-preview:large","max-video-preview":"max-video-preview:-1"},"canonical":"https:\/\/temporada-alta.com\/es\/noticia\/presentamos-las-novedades-de-la-5a-edicion-de-a-tempo-que-retoman-la-plena-presencialidad-despues-de-la-pandemia\/","og_locale":"es_ES","og_type":"article","og_title":"Presentamos las novedades de la 5\u00aa edici\u00f3n de A Tempo, que retoman la plena presencialidad despu\u00e9s de la pandemia - Temporada Alta","og_description":"Esta ma\u00f1ana hemos presentado las novedades de la 5\u00aa edici\u00f3n de A Tempo \u2013 Artes y Formaci\u00f3n para...","og_url":"https:\/\/temporada-alta.com\/es\/noticia\/presentamos-las-novedades-de-la-5a-edicion-de-a-tempo-que-retoman-la-plena-presencialidad-despues-de-la-pandemia\/","og_site_name":"Temporada Alta","article_modified_time":"2021-10-04T13:59:21+00:00","og_image":[{"width":2560,"height":1704,"url":"https:\/\/temporada-alta.com\/wp-content\/uploads\/arp-setmana-artistica-alta-28-scaled.jpg","type":"image\/jpeg"}],"twitter_card":"summary_large_image","schema":{"@context":"https:\/\/schema.org","@graph":[{"@type":"WebPage","@id":"https:\/\/temporada-alta.com\/es\/noticia\/presentamos-las-novedades-de-la-5a-edicion-de-a-tempo-que-retoman-la-plena-presencialidad-despues-de-la-pandemia\/","url":"https:\/\/temporada-alta.com\/es\/noticia\/presentamos-las-novedades-de-la-5a-edicion-de-a-tempo-que-retoman-la-plena-presencialidad-despues-de-la-pandemia\/","name":"Presentamos las novedades de la 5\u00aa edici\u00f3n de A Tempo, que retoman la plena presencialidad despu\u00e9s de la pandemia - Temporada Alta","isPartOf":{"@id":"https:\/\/temporada-alta.com\/es\/#website"},"primaryImageOfPage":{"@id":"https:\/\/temporada-alta.com\/es\/noticia\/presentamos-las-novedades-de-la-5a-edicion-de-a-tempo-que-retoman-la-plena-presencialidad-despues-de-la-pandemia\/#primaryimage"},"image":{"@id":"https:\/\/temporada-alta.com\/es\/noticia\/presentamos-las-novedades-de-la-5a-edicion-de-a-tempo-que-retoman-la-plena-presencialidad-despues-de-la-pandemia\/#primaryimage"},"thumbnailUrl":"https:\/\/temporada-alta.com\/wp-content\/uploads\/arp-setmana-artistica-alta-28-scaled.jpg","datePublished":"2021-10-04T13:58:18+00:00","dateModified":"2021-10-04T13:59:21+00:00","breadcrumb":{"@id":"https:\/\/temporada-alta.com\/es\/noticia\/presentamos-las-novedades-de-la-5a-edicion-de-a-tempo-que-retoman-la-plena-presencialidad-despues-de-la-pandemia\/#breadcrumb"},"inLanguage":"es","potentialAction":[{"@type":"ReadAction","target":["https:\/\/temporada-alta.com\/es\/noticia\/presentamos-las-novedades-de-la-5a-edicion-de-a-tempo-que-retoman-la-plena-presencialidad-despues-de-la-pandemia\/"]}]},{"@type":"ImageObject","inLanguage":"es","@id":"https:\/\/temporada-alta.com\/es\/noticia\/presentamos-las-novedades-de-la-5a-edicion-de-a-tempo-que-retoman-la-plena-presencialidad-despues-de-la-pandemia\/#primaryimage","url":"https:\/\/temporada-alta.com\/wp-content\/uploads\/arp-setmana-artistica-alta-28-scaled.jpg","contentUrl":"https:\/\/temporada-alta.com\/wp-content\/uploads\/arp-setmana-artistica-alta-28-scaled.jpg","width":2560,"height":1704,"caption":"AnioL Resclosa - Escola Font de la Polvora Girona - Setmana artistica"},{"@type":"BreadcrumbList","@id":"https:\/\/temporada-alta.com\/es\/noticia\/presentamos-las-novedades-de-la-5a-edicion-de-a-tempo-que-retoman-la-plena-presencialidad-despues-de-la-pandemia\/#breadcrumb","itemListElement":[{"@type":"ListItem","position":1,"name":"Inici","item":"https:\/\/temporada-alta.com\/es\/"},{"@type":"ListItem","position":2,"name":"Presentamos las novedades de la 5\u00aa edici\u00f3n de A Tempo, que retoman la plena presencialidad despu\u00e9s de la pandemia"}]},{"@type":"WebSite","@id":"https:\/\/temporada-alta.com\/es\/#website","url":"https:\/\/temporada-alta.com\/es\/","name":"Temporada Alta","description":"Festival d&#039;Arts Esc\u00e8niques","publisher":{"@id":"https:\/\/temporada-alta.com\/es\/#organization"},"potentialAction":[{"@type":"SearchAction","target":{"@type":"EntryPoint","urlTemplate":"https:\/\/temporada-alta.com\/es\/?s={search_term_string}"},"query-input":{"@type":"PropertyValueSpecification","valueRequired":true,"valueName":"search_term_string"}}],"inLanguage":"es"},{"@type":"Organization","@id":"https:\/\/temporada-alta.com\/es\/#organization","name":"Temporada Alta","url":"https:\/\/temporada-alta.com\/es\/","logo":{"@type":"ImageObject","inLanguage":"es","@id":"https:\/\/temporada-alta.com\/es\/#\/schema\/logo\/image\/","url":"https:\/\/temporada-alta.com\/wp-content\/uploads\/TA21-Logotip-pos.png","contentUrl":"https:\/\/temporada-alta.com\/wp-content\/uploads\/TA21-Logotip-pos.png","width":800,"height":267,"caption":"Temporada Alta"},"image":{"@id":"https:\/\/temporada-alta.com\/es\/#\/schema\/logo\/image\/"}}]}},"_links":{"self":[{"href":"https:\/\/temporada-alta.com\/es\/wp-json\/wp\/v2\/noticia\/73709","targetHints":{"allow":["GET"]}}],"collection":[{"href":"https:\/\/temporada-alta.com\/es\/wp-json\/wp\/v2\/noticia"}],"about":[{"href":"https:\/\/temporada-alta.com\/es\/wp-json\/wp\/v2\/types\/noticia"}],"wp:featuredmedia":[{"embeddable":true,"href":"https:\/\/temporada-alta.com\/es\/wp-json\/wp\/v2\/media\/73708"}],"wp:attachment":[{"href":"https:\/\/temporada-alta.com\/es\/wp-json\/wp\/v2\/media?parent=73709"}],"curies":[{"name":"wp","href":"https:\/\/api.w.org\/{rel}","templated":true}]}}