{"id":73205,"date":"2021-09-09T17:55:47","date_gmt":"2021-09-09T15:55:47","guid":{"rendered":"https:\/\/temporada-alta.com\/?post_type=noticia&#038;p=73205"},"modified":"2021-09-13T16:25:51","modified_gmt":"2021-09-13T14:25:51","slug":"nuevas-funciones-ya-a-la-venta","status":"publish","type":"noticia","link":"https:\/\/temporada-alta.com\/es\/noticia\/nuevas-funciones-ya-a-la-venta\/","title":{"rendered":"Nuevas funciones ya a la venta"},"content":{"rendered":"<div id=\"modal-ready\"><p>Hoy hemos empezado la venta general de entradas del festival y, debido al \u00e9xito de venta, ya hemos abierto nuevas funciones de algunos de los espect\u00e1culos. A continuaci\u00f3n,\u00a0 te hacemos un listado de las obras y espacios con las nuevas fechas ya disponibles:<\/p>\n<ul>\n<li style=\"list-style-type: none;\">\n<ul>\n<li><strong><a href=\"https:\/\/temporada-alta.com\/es\/shows\/silvia-perez-cruz\/\">S\u00edlvia P\u00e9rez Cruz<\/a> (<em>G\u00e8nere impossible<\/em>)<\/strong><br \/>\n22 de octubre a las 20:00 h, Auditori de Girona<\/li>\n<li><strong><em><a href=\"https:\/\/temporada-alta.com\/es\/shows\/filumena-marturano\/\">Filumena Marturano<\/a><\/em><br \/>\n<\/strong>13 de noviembre a las 17:00 h, Teatre Municipal de Girona<\/li>\n<li><strong><em><a href=\"https:\/\/temporada-alta.com\/es\/shows\/es-nadal-a-dins-el-pot-petit\/\">\u00c9s Nadal a dins El Pot Petit<\/a><\/em><br \/>\n<\/strong>12 de diciembre a las 11:30 h y a las 17:30 h, Teatre Municipal de Girona<\/li>\n<li><strong><a href=\"https:\/\/temporada-alta.com\/es\/shows\/les-irresponsables-girona\/\"><i>Les irresponsables<\/i><\/a><br \/>\n<\/strong>28 y 29 de octubre a las 20:30 h, Teatre Municipal de Girona<\/li>\n<li><a href=\"https:\/\/temporada-alta.com\/es\/shows\/arbres-vodka-i-naus-voladores\/\"><strong><em>Arbres, vodka i naus voladores<\/em><\/strong><\/a><br \/>\n23 de octubre a las 20:30 h, Teatre de Salt<\/li>\n<li><a href=\"https:\/\/temporada-alta.com\/es\/shows\/el-gran-comediant\/\"><em><strong>El gran comediant<\/strong><\/em><\/a><br \/>\n23 de octubre a las 20:00 h, Teatre Municipal de Girona<\/li>\n<li><a href=\"https:\/\/temporada-alta.com\/es\/shows\/loncle-vania\/\"><strong><em>L&#8217;oncle V\u00e0nia<\/em><\/strong><\/a><br \/>\n9 de octubre a las 16:00 h, El Canal<\/li>\n<li><a href=\"https:\/\/temporada-alta.com\/es\/shows\/els-colors-de-duke-ellington\/\"><strong><em>Els colors de Duke Ellington<\/em><\/strong><\/a><br \/>\n1 de noviembre a las 12:00 h, El Canal<\/li>\n<li><a href=\"https:\/\/temporada-alta.com\/es\/shows\/nimporte-quoi\/\"><strong><em>N&#8217;imPORTE quoi<\/em><\/strong><\/a><br \/>\n13 de noviembre a las 18:00 h, Teatre de Salt<\/li>\n<li><a href=\"https:\/\/temporada-alta.com\/es\/shows\/gilberto-gil\/\"><strong><em>Gilberto Gil<\/em><\/strong><\/a><br \/>\n12 de octubre a las 18:00 h, Auditori de Girona<\/li>\n<li><a href=\"https:\/\/temporada-alta.com\/es\/shows\/el-cos-mes-bonic-que-shaura-trobat-mai-en-aquest-lloc\/\"><strong><em>El cos m\u00e9s bonic que s&#8217;haur\u00e0 trobat mai en aquest lloc<\/em><\/strong><\/a><br \/>\n12 de diciembre a las 18:00 h, Teatre de Salt<\/li>\n<\/ul>\n<\/li>\n<\/ul>\n<p>En el primer d\u00eda de venta general, hasta las 17:00 h, hemos vendido <strong>m\u00e1s de 15.000 localidades<\/strong>, el doble de las vendidas el a\u00f1o pasado en este mismo d\u00eda. Esto supone una recuperaci\u00f3n del ritmo de venta de antes de la pandemia, a pesar de continuar con las restricciones vigentes por el protocolo Covid-19. Recuerda que puedes hacer un seguimiento de todas las nuevas funciones que vayamos abriendo a la venta a lo largo del festival <a href=\"https:\/\/temporada-alta.com\/es\/programacio\/?genere=all&#038;espai=all&#038;tipus=all&#038;tags%5B%5D=nuevas-funciones\"><strong>en este enlace<\/strong><\/a>.<\/p>\n<\/div>","protected":false},"excerpt":{"rendered":"<p>Hoy hemos empezado la venta general de entradas del festival y, debido al \u00e9xito de venta, ya hemos&#8230;<\/p>\n","protected":false},"featured_media":70508,"template":"","class_list":["post-73205","noticia","type-noticia","status-publish","has-post-thumbnail","hentry"],"acf":[],"yoast_head":"<!-- This site is optimized with the Yoast SEO plugin v27.0 - https:\/\/yoast.com\/product\/yoast-seo-wordpress\/ -->\n<title>Nuevas funciones ya a la venta - Temporada Alta<\/title>\n<meta name=\"robots\" content=\"index, follow, max-snippet:-1, max-image-preview:large, max-video-preview:-1\" \/>\n<link rel=\"canonical\" href=\"https:\/\/temporada-alta.com\/es\/noticia\/nuevas-funciones-ya-a-la-venta\/\" \/>\n<meta property=\"og:locale\" content=\"es_ES\" \/>\n<meta property=\"og:type\" content=\"article\" \/>\n<meta property=\"og:title\" content=\"Nuevas funciones ya a la venta - Temporada Alta\" \/>\n<meta property=\"og:description\" content=\"Hoy hemos empezado la venta general de entradas del festival y, debido al \u00e9xito de venta, ya hemos...\" \/>\n<meta property=\"og:url\" content=\"https:\/\/temporada-alta.com\/es\/noticia\/nuevas-funciones-ya-a-la-venta\/\" \/>\n<meta property=\"og:site_name\" content=\"Temporada Alta\" \/>\n<meta property=\"article:modified_time\" content=\"2021-09-13T14:25:51+00:00\" \/>\n<meta property=\"og:image\" content=\"https:\/\/temporada-alta.com\/wp-content\/uploads\/Filumena-Marturano-3_c_Silvia-Poch-e1631204072338.jpg\" \/>\n\t<meta property=\"og:image:width\" content=\"1000\" \/>\n\t<meta property=\"og:image:height\" content=\"517\" \/>\n\t<meta property=\"og:image:type\" content=\"image\/jpeg\" \/>\n<meta name=\"twitter:card\" content=\"summary_large_image\" \/>\n<script type=\"application\/ld+json\" class=\"yoast-schema-graph\">{\"@context\":\"https:\/\/schema.org\",\"@graph\":[{\"@type\":\"WebPage\",\"@id\":\"https:\/\/temporada-alta.com\/es\/noticia\/nuevas-funciones-ya-a-la-venta\/\",\"url\":\"https:\/\/temporada-alta.com\/es\/noticia\/nuevas-funciones-ya-a-la-venta\/\",\"name\":\"Nuevas funciones ya a la venta - Temporada Alta\",\"isPartOf\":{\"@id\":\"https:\/\/temporada-alta.com\/es\/#website\"},\"primaryImageOfPage\":{\"@id\":\"https:\/\/temporada-alta.com\/es\/noticia\/nuevas-funciones-ya-a-la-venta\/#primaryimage\"},\"image\":{\"@id\":\"https:\/\/temporada-alta.com\/es\/noticia\/nuevas-funciones-ya-a-la-venta\/#primaryimage\"},\"thumbnailUrl\":\"https:\/\/temporada-alta.com\/wp-content\/uploads\/Filumena-Marturano-3_c_Silvia-Poch-e1631204072338.jpg\",\"datePublished\":\"2021-09-09T15:55:47+00:00\",\"dateModified\":\"2021-09-13T14:25:51+00:00\",\"breadcrumb\":{\"@id\":\"https:\/\/temporada-alta.com\/es\/noticia\/nuevas-funciones-ya-a-la-venta\/#breadcrumb\"},\"inLanguage\":\"es\",\"potentialAction\":[{\"@type\":\"ReadAction\",\"target\":[\"https:\/\/temporada-alta.com\/es\/noticia\/nuevas-funciones-ya-a-la-venta\/\"]}]},{\"@type\":\"ImageObject\",\"inLanguage\":\"es\",\"@id\":\"https:\/\/temporada-alta.com\/es\/noticia\/nuevas-funciones-ya-a-la-venta\/#primaryimage\",\"url\":\"https:\/\/temporada-alta.com\/wp-content\/uploads\/Filumena-Marturano-3_c_Silvia-Poch-e1631204072338.jpg\",\"contentUrl\":\"https:\/\/temporada-alta.com\/wp-content\/uploads\/Filumena-Marturano-3_c_Silvia-Poch-e1631204072338.jpg\",\"width\":1000,\"height\":517,\"caption\":\"\u00a9S\u00edlvia Poch\"},{\"@type\":\"BreadcrumbList\",\"@id\":\"https:\/\/temporada-alta.com\/es\/noticia\/nuevas-funciones-ya-a-la-venta\/#breadcrumb\",\"itemListElement\":[{\"@type\":\"ListItem\",\"position\":1,\"name\":\"Inici\",\"item\":\"https:\/\/temporada-alta.com\/es\/\"},{\"@type\":\"ListItem\",\"position\":2,\"name\":\"Nuevas funciones ya a la venta\"}]},{\"@type\":\"WebSite\",\"@id\":\"https:\/\/temporada-alta.com\/es\/#website\",\"url\":\"https:\/\/temporada-alta.com\/es\/\",\"name\":\"Temporada Alta\",\"description\":\"Festival d&#039;Arts Esc\u00e8niques\",\"publisher\":{\"@id\":\"https:\/\/temporada-alta.com\/es\/#organization\"},\"potentialAction\":[{\"@type\":\"SearchAction\",\"target\":{\"@type\":\"EntryPoint\",\"urlTemplate\":\"https:\/\/temporada-alta.com\/es\/?s={search_term_string}\"},\"query-input\":{\"@type\":\"PropertyValueSpecification\",\"valueRequired\":true,\"valueName\":\"search_term_string\"}}],\"inLanguage\":\"es\"},{\"@type\":\"Organization\",\"@id\":\"https:\/\/temporada-alta.com\/es\/#organization\",\"name\":\"Temporada Alta\",\"url\":\"https:\/\/temporada-alta.com\/es\/\",\"logo\":{\"@type\":\"ImageObject\",\"inLanguage\":\"es\",\"@id\":\"https:\/\/temporada-alta.com\/es\/#\/schema\/logo\/image\/\",\"url\":\"https:\/\/temporada-alta.com\/wp-content\/uploads\/TA21-Logotip-pos.png\",\"contentUrl\":\"https:\/\/temporada-alta.com\/wp-content\/uploads\/TA21-Logotip-pos.png\",\"width\":800,\"height\":267,\"caption\":\"Temporada Alta\"},\"image\":{\"@id\":\"https:\/\/temporada-alta.com\/es\/#\/schema\/logo\/image\/\"}}]}<\/script>\n<!-- \/ Yoast SEO plugin. -->","yoast_head_json":{"title":"Nuevas funciones ya a la venta - Temporada Alta","robots":{"index":"index","follow":"follow","max-snippet":"max-snippet:-1","max-image-preview":"max-image-preview:large","max-video-preview":"max-video-preview:-1"},"canonical":"https:\/\/temporada-alta.com\/es\/noticia\/nuevas-funciones-ya-a-la-venta\/","og_locale":"es_ES","og_type":"article","og_title":"Nuevas funciones ya a la venta - Temporada Alta","og_description":"Hoy hemos empezado la venta general de entradas del festival y, debido al \u00e9xito de venta, ya hemos...","og_url":"https:\/\/temporada-alta.com\/es\/noticia\/nuevas-funciones-ya-a-la-venta\/","og_site_name":"Temporada Alta","article_modified_time":"2021-09-13T14:25:51+00:00","og_image":[{"width":1000,"height":517,"url":"https:\/\/temporada-alta.com\/wp-content\/uploads\/Filumena-Marturano-3_c_Silvia-Poch-e1631204072338.jpg","type":"image\/jpeg"}],"twitter_card":"summary_large_image","schema":{"@context":"https:\/\/schema.org","@graph":[{"@type":"WebPage","@id":"https:\/\/temporada-alta.com\/es\/noticia\/nuevas-funciones-ya-a-la-venta\/","url":"https:\/\/temporada-alta.com\/es\/noticia\/nuevas-funciones-ya-a-la-venta\/","name":"Nuevas funciones ya a la venta - Temporada Alta","isPartOf":{"@id":"https:\/\/temporada-alta.com\/es\/#website"},"primaryImageOfPage":{"@id":"https:\/\/temporada-alta.com\/es\/noticia\/nuevas-funciones-ya-a-la-venta\/#primaryimage"},"image":{"@id":"https:\/\/temporada-alta.com\/es\/noticia\/nuevas-funciones-ya-a-la-venta\/#primaryimage"},"thumbnailUrl":"https:\/\/temporada-alta.com\/wp-content\/uploads\/Filumena-Marturano-3_c_Silvia-Poch-e1631204072338.jpg","datePublished":"2021-09-09T15:55:47+00:00","dateModified":"2021-09-13T14:25:51+00:00","breadcrumb":{"@id":"https:\/\/temporada-alta.com\/es\/noticia\/nuevas-funciones-ya-a-la-venta\/#breadcrumb"},"inLanguage":"es","potentialAction":[{"@type":"ReadAction","target":["https:\/\/temporada-alta.com\/es\/noticia\/nuevas-funciones-ya-a-la-venta\/"]}]},{"@type":"ImageObject","inLanguage":"es","@id":"https:\/\/temporada-alta.com\/es\/noticia\/nuevas-funciones-ya-a-la-venta\/#primaryimage","url":"https:\/\/temporada-alta.com\/wp-content\/uploads\/Filumena-Marturano-3_c_Silvia-Poch-e1631204072338.jpg","contentUrl":"https:\/\/temporada-alta.com\/wp-content\/uploads\/Filumena-Marturano-3_c_Silvia-Poch-e1631204072338.jpg","width":1000,"height":517,"caption":"\u00a9S\u00edlvia Poch"},{"@type":"BreadcrumbList","@id":"https:\/\/temporada-alta.com\/es\/noticia\/nuevas-funciones-ya-a-la-venta\/#breadcrumb","itemListElement":[{"@type":"ListItem","position":1,"name":"Inici","item":"https:\/\/temporada-alta.com\/es\/"},{"@type":"ListItem","position":2,"name":"Nuevas funciones ya a la venta"}]},{"@type":"WebSite","@id":"https:\/\/temporada-alta.com\/es\/#website","url":"https:\/\/temporada-alta.com\/es\/","name":"Temporada Alta","description":"Festival d&#039;Arts Esc\u00e8niques","publisher":{"@id":"https:\/\/temporada-alta.com\/es\/#organization"},"potentialAction":[{"@type":"SearchAction","target":{"@type":"EntryPoint","urlTemplate":"https:\/\/temporada-alta.com\/es\/?s={search_term_string}"},"query-input":{"@type":"PropertyValueSpecification","valueRequired":true,"valueName":"search_term_string"}}],"inLanguage":"es"},{"@type":"Organization","@id":"https:\/\/temporada-alta.com\/es\/#organization","name":"Temporada Alta","url":"https:\/\/temporada-alta.com\/es\/","logo":{"@type":"ImageObject","inLanguage":"es","@id":"https:\/\/temporada-alta.com\/es\/#\/schema\/logo\/image\/","url":"https:\/\/temporada-alta.com\/wp-content\/uploads\/TA21-Logotip-pos.png","contentUrl":"https:\/\/temporada-alta.com\/wp-content\/uploads\/TA21-Logotip-pos.png","width":800,"height":267,"caption":"Temporada Alta"},"image":{"@id":"https:\/\/temporada-alta.com\/es\/#\/schema\/logo\/image\/"}}]}},"_links":{"self":[{"href":"https:\/\/temporada-alta.com\/es\/wp-json\/wp\/v2\/noticia\/73205","targetHints":{"allow":["GET"]}}],"collection":[{"href":"https:\/\/temporada-alta.com\/es\/wp-json\/wp\/v2\/noticia"}],"about":[{"href":"https:\/\/temporada-alta.com\/es\/wp-json\/wp\/v2\/types\/noticia"}],"wp:featuredmedia":[{"embeddable":true,"href":"https:\/\/temporada-alta.com\/es\/wp-json\/wp\/v2\/media\/70508"}],"wp:attachment":[{"href":"https:\/\/temporada-alta.com\/es\/wp-json\/wp\/v2\/media?parent=73205"}],"curies":[{"name":"wp","href":"https:\/\/api.w.org\/{rel}","templated":true}]}}