{"id":72909,"date":"2021-09-08T11:24:59","date_gmt":"2021-09-08T09:24:59","guid":{"rendered":"https:\/\/temporada-alta.com\/noticia\/busquem-critics-joves-3\/"},"modified":"2021-09-08T12:04:43","modified_gmt":"2021-09-08T10:04:43","slug":"busquem-critics-joves-3","status":"publish","type":"noticia","link":"https:\/\/temporada-alta.com\/es\/noticia\/busquem-critics-joves-3\/","title":{"rendered":"Buscamos cr\u00edticos j\u00f3venes! Hazte de Nova Veu"},"content":{"rendered":"<div id=\"modal-ready\"><header class=\"entry-header ast-no-meta\">\n<div class=\"ast-single-post-order\">\n<p>Tienes entre 18 y 30 a\u00f1os, te gusta escribir, te apasionan las artes esc\u00e9nicas y quieres formarte como cr\u00edtico escribiendo sobre espect\u00e1culos de Temporada Alta?<\/p>\n<p>Eres #Novaveu!<\/p>\n<p>Hasta el 12 de septiembre te puedes inscribir en el programa rellenando<a href=\"https:\/\/docs.google.com\/forms\/d\/e\/1FAIpQLSdL3lvRfhL9zKlWrnjBjD_u64Q6kwCnwbg2cdr6s0Hzfxebhw\/viewform\"><strong> el siguiente formulario.<\/strong><\/a><\/p>\n<p>Volvemos a hacer un llamado a los j\u00f3venes con ganas de ver, escribir, analizar y recomendar espect\u00e1culos de la programaci\u00f3n del Festival. El objetivo es la creaci\u00f3n y tutorizaci\u00f3n de un grupo de cr\u00edticos j\u00f3venes interesados \u200b\u200ben la redacci\u00f3n y el an\u00e1lisis de las obras. Una iniciativa, #NovaveuGirona, que impulsamos conjuntamente con la plataforma de cr\u00edticos Recomana. A trav\u00e9s de #Novaveu, no s\u00f3lo queremos incentivar la participaci\u00f3n del p\u00fablico m\u00e1s joven en el Festival sino que tambi\u00e9n queremos garantizar un seguimiento profesional para que pueda desarrollar sus capacidades cr\u00edticas y crear comunidad entre vosotros.<\/p>\n<p>El primer encuentro ser\u00e1 el pr\u00f3ximo 25 de septiembre por la ma\u00f1ana, \u00bfte apuntas? Si quieres formar parte de Nova Veu es imprescindible participar y se organizar\u00e1 en tres partes: una presentaci\u00f3n y explicaci\u00f3n del proyecto, una sesi\u00f3n formativa sobre la cr\u00edtica esc\u00e9nica con Jordi Bordes (presidente de Recomana y cr\u00edtico de El Punt Avui) y un encuentro con Ferran Joanmiquel y S\u00edlvia Escuder, director y actriz de la propuesta <a href=\"https:\/\/temporada-alta.com\/es\/shows\/cent-dies-i-cent-vides\/\"><em>Cent dies i cent vides<\/em><\/a> que se ver\u00e1 este oto\u00f1o en el festival.<\/p>\n<\/div>\n<\/header>\n<\/div>","protected":false},"excerpt":{"rendered":"<p>Tienes entre 18 y 30 a\u00f1os, te gusta escribir, te apasionan las artes esc\u00e9nicas y quieres formarte como&#8230;<\/p>\n","protected":false},"featured_media":72908,"template":"","class_list":["post-72909","noticia","type-noticia","status-publish","has-post-thumbnail","hentry"],"acf":[],"yoast_head":"<!-- This site is optimized with the Yoast SEO plugin v27.0 - https:\/\/yoast.com\/product\/yoast-seo-wordpress\/ -->\n<title>Buscamos cr\u00edticos j\u00f3venes! Hazte de Nova Veu - Temporada Alta<\/title>\n<meta name=\"robots\" content=\"index, follow, max-snippet:-1, max-image-preview:large, max-video-preview:-1\" \/>\n<link rel=\"canonical\" href=\"https:\/\/temporada-alta.com\/es\/noticia\/busquem-critics-joves-3\/\" \/>\n<meta property=\"og:locale\" content=\"es_ES\" \/>\n<meta property=\"og:type\" content=\"article\" \/>\n<meta property=\"og:title\" content=\"Buscamos cr\u00edticos j\u00f3venes! Hazte de Nova Veu - Temporada Alta\" \/>\n<meta property=\"og:description\" content=\"Tienes entre 18 y 30 a\u00f1os, te gusta escribir, te apasionan las artes esc\u00e9nicas y quieres formarte como...\" \/>\n<meta property=\"og:url\" content=\"https:\/\/temporada-alta.com\/es\/noticia\/busquem-critics-joves-3\/\" \/>\n<meta property=\"og:site_name\" content=\"Temporada Alta\" \/>\n<meta property=\"article:modified_time\" content=\"2021-09-08T10:04:43+00:00\" \/>\n<meta property=\"og:image\" content=\"https:\/\/temporada-alta.com\/wp-content\/uploads\/novaveu-1.png\" \/>\n\t<meta property=\"og:image:width\" content=\"1000\" \/>\n\t<meta property=\"og:image:height\" content=\"500\" \/>\n\t<meta property=\"og:image:type\" content=\"image\/png\" \/>\n<meta name=\"twitter:card\" content=\"summary_large_image\" \/>\n<script type=\"application\/ld+json\" class=\"yoast-schema-graph\">{\"@context\":\"https:\/\/schema.org\",\"@graph\":[{\"@type\":\"WebPage\",\"@id\":\"https:\/\/temporada-alta.com\/es\/noticia\/busquem-critics-joves-3\/\",\"url\":\"https:\/\/temporada-alta.com\/es\/noticia\/busquem-critics-joves-3\/\",\"name\":\"Buscamos cr\u00edticos j\u00f3venes! Hazte de Nova Veu - Temporada Alta\",\"isPartOf\":{\"@id\":\"https:\/\/temporada-alta.com\/es\/#website\"},\"primaryImageOfPage\":{\"@id\":\"https:\/\/temporada-alta.com\/es\/noticia\/busquem-critics-joves-3\/#primaryimage\"},\"image\":{\"@id\":\"https:\/\/temporada-alta.com\/es\/noticia\/busquem-critics-joves-3\/#primaryimage\"},\"thumbnailUrl\":\"https:\/\/temporada-alta.com\/wp-content\/uploads\/novaveu-1.png\",\"datePublished\":\"2021-09-08T09:24:59+00:00\",\"dateModified\":\"2021-09-08T10:04:43+00:00\",\"breadcrumb\":{\"@id\":\"https:\/\/temporada-alta.com\/es\/noticia\/busquem-critics-joves-3\/#breadcrumb\"},\"inLanguage\":\"es\",\"potentialAction\":[{\"@type\":\"ReadAction\",\"target\":[\"https:\/\/temporada-alta.com\/es\/noticia\/busquem-critics-joves-3\/\"]}]},{\"@type\":\"ImageObject\",\"inLanguage\":\"es\",\"@id\":\"https:\/\/temporada-alta.com\/es\/noticia\/busquem-critics-joves-3\/#primaryimage\",\"url\":\"https:\/\/temporada-alta.com\/wp-content\/uploads\/novaveu-1.png\",\"contentUrl\":\"https:\/\/temporada-alta.com\/wp-content\/uploads\/novaveu-1.png\",\"width\":1000,\"height\":500},{\"@type\":\"BreadcrumbList\",\"@id\":\"https:\/\/temporada-alta.com\/es\/noticia\/busquem-critics-joves-3\/#breadcrumb\",\"itemListElement\":[{\"@type\":\"ListItem\",\"position\":1,\"name\":\"Inici\",\"item\":\"https:\/\/temporada-alta.com\/es\/\"},{\"@type\":\"ListItem\",\"position\":2,\"name\":\"Buscamos cr\u00edticos j\u00f3venes! Hazte de Nova Veu\"}]},{\"@type\":\"WebSite\",\"@id\":\"https:\/\/temporada-alta.com\/es\/#website\",\"url\":\"https:\/\/temporada-alta.com\/es\/\",\"name\":\"Temporada Alta\",\"description\":\"Festival d&#039;Arts Esc\u00e8niques\",\"publisher\":{\"@id\":\"https:\/\/temporada-alta.com\/es\/#organization\"},\"potentialAction\":[{\"@type\":\"SearchAction\",\"target\":{\"@type\":\"EntryPoint\",\"urlTemplate\":\"https:\/\/temporada-alta.com\/es\/?s={search_term_string}\"},\"query-input\":{\"@type\":\"PropertyValueSpecification\",\"valueRequired\":true,\"valueName\":\"search_term_string\"}}],\"inLanguage\":\"es\"},{\"@type\":\"Organization\",\"@id\":\"https:\/\/temporada-alta.com\/es\/#organization\",\"name\":\"Temporada Alta\",\"url\":\"https:\/\/temporada-alta.com\/es\/\",\"logo\":{\"@type\":\"ImageObject\",\"inLanguage\":\"es\",\"@id\":\"https:\/\/temporada-alta.com\/es\/#\/schema\/logo\/image\/\",\"url\":\"https:\/\/temporada-alta.com\/wp-content\/uploads\/TA21-Logotip-pos.png\",\"contentUrl\":\"https:\/\/temporada-alta.com\/wp-content\/uploads\/TA21-Logotip-pos.png\",\"width\":800,\"height\":267,\"caption\":\"Temporada Alta\"},\"image\":{\"@id\":\"https:\/\/temporada-alta.com\/es\/#\/schema\/logo\/image\/\"}}]}<\/script>\n<!-- \/ Yoast SEO plugin. -->","yoast_head_json":{"title":"Buscamos cr\u00edticos j\u00f3venes! Hazte de Nova Veu - Temporada Alta","robots":{"index":"index","follow":"follow","max-snippet":"max-snippet:-1","max-image-preview":"max-image-preview:large","max-video-preview":"max-video-preview:-1"},"canonical":"https:\/\/temporada-alta.com\/es\/noticia\/busquem-critics-joves-3\/","og_locale":"es_ES","og_type":"article","og_title":"Buscamos cr\u00edticos j\u00f3venes! Hazte de Nova Veu - Temporada Alta","og_description":"Tienes entre 18 y 30 a\u00f1os, te gusta escribir, te apasionan las artes esc\u00e9nicas y quieres formarte como...","og_url":"https:\/\/temporada-alta.com\/es\/noticia\/busquem-critics-joves-3\/","og_site_name":"Temporada Alta","article_modified_time":"2021-09-08T10:04:43+00:00","og_image":[{"width":1000,"height":500,"url":"https:\/\/temporada-alta.com\/wp-content\/uploads\/novaveu-1.png","type":"image\/png"}],"twitter_card":"summary_large_image","schema":{"@context":"https:\/\/schema.org","@graph":[{"@type":"WebPage","@id":"https:\/\/temporada-alta.com\/es\/noticia\/busquem-critics-joves-3\/","url":"https:\/\/temporada-alta.com\/es\/noticia\/busquem-critics-joves-3\/","name":"Buscamos cr\u00edticos j\u00f3venes! Hazte de Nova Veu - Temporada Alta","isPartOf":{"@id":"https:\/\/temporada-alta.com\/es\/#website"},"primaryImageOfPage":{"@id":"https:\/\/temporada-alta.com\/es\/noticia\/busquem-critics-joves-3\/#primaryimage"},"image":{"@id":"https:\/\/temporada-alta.com\/es\/noticia\/busquem-critics-joves-3\/#primaryimage"},"thumbnailUrl":"https:\/\/temporada-alta.com\/wp-content\/uploads\/novaveu-1.png","datePublished":"2021-09-08T09:24:59+00:00","dateModified":"2021-09-08T10:04:43+00:00","breadcrumb":{"@id":"https:\/\/temporada-alta.com\/es\/noticia\/busquem-critics-joves-3\/#breadcrumb"},"inLanguage":"es","potentialAction":[{"@type":"ReadAction","target":["https:\/\/temporada-alta.com\/es\/noticia\/busquem-critics-joves-3\/"]}]},{"@type":"ImageObject","inLanguage":"es","@id":"https:\/\/temporada-alta.com\/es\/noticia\/busquem-critics-joves-3\/#primaryimage","url":"https:\/\/temporada-alta.com\/wp-content\/uploads\/novaveu-1.png","contentUrl":"https:\/\/temporada-alta.com\/wp-content\/uploads\/novaveu-1.png","width":1000,"height":500},{"@type":"BreadcrumbList","@id":"https:\/\/temporada-alta.com\/es\/noticia\/busquem-critics-joves-3\/#breadcrumb","itemListElement":[{"@type":"ListItem","position":1,"name":"Inici","item":"https:\/\/temporada-alta.com\/es\/"},{"@type":"ListItem","position":2,"name":"Buscamos cr\u00edticos j\u00f3venes! Hazte de Nova Veu"}]},{"@type":"WebSite","@id":"https:\/\/temporada-alta.com\/es\/#website","url":"https:\/\/temporada-alta.com\/es\/","name":"Temporada Alta","description":"Festival d&#039;Arts Esc\u00e8niques","publisher":{"@id":"https:\/\/temporada-alta.com\/es\/#organization"},"potentialAction":[{"@type":"SearchAction","target":{"@type":"EntryPoint","urlTemplate":"https:\/\/temporada-alta.com\/es\/?s={search_term_string}"},"query-input":{"@type":"PropertyValueSpecification","valueRequired":true,"valueName":"search_term_string"}}],"inLanguage":"es"},{"@type":"Organization","@id":"https:\/\/temporada-alta.com\/es\/#organization","name":"Temporada Alta","url":"https:\/\/temporada-alta.com\/es\/","logo":{"@type":"ImageObject","inLanguage":"es","@id":"https:\/\/temporada-alta.com\/es\/#\/schema\/logo\/image\/","url":"https:\/\/temporada-alta.com\/wp-content\/uploads\/TA21-Logotip-pos.png","contentUrl":"https:\/\/temporada-alta.com\/wp-content\/uploads\/TA21-Logotip-pos.png","width":800,"height":267,"caption":"Temporada Alta"},"image":{"@id":"https:\/\/temporada-alta.com\/es\/#\/schema\/logo\/image\/"}}]}},"_links":{"self":[{"href":"https:\/\/temporada-alta.com\/es\/wp-json\/wp\/v2\/noticia\/72909","targetHints":{"allow":["GET"]}}],"collection":[{"href":"https:\/\/temporada-alta.com\/es\/wp-json\/wp\/v2\/noticia"}],"about":[{"href":"https:\/\/temporada-alta.com\/es\/wp-json\/wp\/v2\/types\/noticia"}],"wp:featuredmedia":[{"embeddable":true,"href":"https:\/\/temporada-alta.com\/es\/wp-json\/wp\/v2\/media\/72908"}],"wp:attachment":[{"href":"https:\/\/temporada-alta.com\/es\/wp-json\/wp\/v2\/media?parent=72909"}],"curies":[{"name":"wp","href":"https:\/\/api.w.org\/{rel}","templated":true}]}}