{"id":60127,"date":"2020-11-06T15:30:05","date_gmt":"2020-11-06T14:30:05","guid":{"rendered":"https:\/\/temporada-alta.com\/?post_type=noticia&#038;p=60127"},"modified":"2020-11-13T10:20:44","modified_gmt":"2020-11-13T09:20:44","slug":"reprogramem-18-espectacles-afectats-pel-tancament-dels-teatres","status":"publish","type":"noticia","link":"https:\/\/temporada-alta.com\/es\/noticia\/reprogramem-18-espectacles-afectats-pel-tancament-dels-teatres\/","title":{"rendered":"Reprogramamos 18 espect\u00e1culos afectados por el cierre de los teatros"},"content":{"rendered":"<div id=\"modal-ready\"><p>Despu\u00e9s del anuncio del cierre de los teatros de la semana pasada, desde el festival hemos estado trabajando para reprogramar la mayor\u00eda de los espect\u00e1culos previstos entre el 30 de octubre y el 13 de noviembre. De esta manera, podemos anunciar que Temporada Alta reprograma 18 de los 21 espect\u00e1culos afectados por el cierre de los teatros. La nueva programaci\u00f3n se ha hecho de dos maneras diferentes: buscando nuevas fechas en teatros, en algunos casos, o incluyendo espect\u00e1culos en la programaci\u00f3n a distancia a partir de grabaciones, en otros.<\/p>\n<p><strong>Nuevas fechas para los espect\u00e1culos presenciales<\/strong><\/p>\n<p>Desde el festival se ha hecho un esfuerzo para mantener en la programaci\u00f3n el m\u00e1ximo n\u00famero de espect\u00e1culos en formato presencial, teniendo en cuenta las necesidades y disponibilidades de las compa\u00f1\u00edas y de las salas de exhibici\u00f3n. Por esta raz\u00f3n el festival se alargar\u00e1 m\u00e1s all\u00e1 de la fecha prevista y tenemos nuevas fechas para los siguientes espect\u00e1culos:<\/p>\n<p style=\"padding-left: 40px;\"><em>\u2014<\/em><a href=\"https:\/\/temporada-alta.com\/en\/shows\/els-brugarol-banyoles\/\"><strong><em>Els Brugarol <\/em><\/strong><\/a><em>\u00a0<\/em>en Banyoles (6 de diciembre) + <a href=\"https:\/\/temporada-alta.com\/en\/shows\/els-brugarol-bescano\/\"><strong><em>Els Brugarol<\/em><\/strong> <\/a>en Bescan\u00f3 (11 de diciembre)<br \/>\n<em>\u2014<\/em><a href=\"https:\/\/temporada-alta.com\/en\/shows\/testimo-si-he-begut-girona\/\"><strong><em>T\u2019estimo si he begut<\/em><\/strong><\/a> (9, 10 y 11 de diciembre)<br \/>\n<em>\u2014<\/em><a href=\"https:\/\/temporada-alta.com\/en\/shows\/que-mes-vivia-en-aquell-lloc-tret-de-nosaltres\/\"><strong><em>Qu\u00e8 m\u00e9s vivia en aquell lloc, tret de nosaltres?<\/em><\/strong> <\/a>(11 de diciembre)<br \/>\n<em>\u2014<\/em><a href=\"https:\/\/temporada-alta.com\/en\/shows\/elda-daniel\/\"><strong><em>Elda &amp; Daniel<\/em><\/strong><\/a> (4, 5, y 6 de diciembre)<br \/>\n\u2014<a href=\"https:\/\/temporada-alta.com\/en\/shows\/prostitucion\/\"><strong><em>Prostituci\u00f3n<\/em><\/strong><\/a> (30 de noviembre y 1 de diciembre)<br \/>\n\u2014<a href=\"https:\/\/temporada-alta.com\/en\/shows\/un-tal-shakespeare\/\"><strong><em>Un tal Shakespeare<\/em><\/strong><\/a> (12 y 13 de diciembre)<br \/>\n\u2014<a href=\"https:\/\/temporada-alta.com\/en\/shows\/malditas-plumas\/\"><strong><em>Malditas plumas<\/em><\/strong><\/a> (8 de diciembre)<br \/>\n\u2014<a href=\"https:\/\/temporada-alta.com\/es\/shows\/llibralegs-v-biblioteca-carles-rahola\/\"><strong><em>Llibr\u00e0legs V<\/em><\/strong><\/a>\u00a0en la Biblioteca Carles Rahola (1 de diciembre) + <a href=\"https:\/\/temporada-alta.com\/es\/shows\/llibralegs-v-biblioteca-antonia-adroher\/\"><strong><em>Llibr\u00e0legs V<\/em><\/strong> <\/a>\u00a0en la Biblioteca Ant\u00f2nia Adroher (10 de diciembre)<\/p>\n<p>Si ten\u00edas entradas para estas propuestas, estamos procediendo a devolver el importe de las entradas, pero desde hora y hasta el domingo 8 de noviembre a las 12 h tienes venta preferente porque no te quedes sin aquellos espect\u00e1culos que quer\u00edas ver. <a href=\"https:\/\/temporada-alta.com\/es\/noticia\/tenies-entrades-per-als-espectacles-presencials-ajornats-ara-tens-venda-preferent\/\">Aqu\u00ed<\/a> te explicamos c\u00f3mo funciona la venta preferente.<\/p>\n<p><strong>Incorporamos nuevas propuestas a la programaci\u00f3n a distancia<\/strong><\/p>\n<p>Ocho espect\u00e1culos previstos inicialmente en formato presencial se ofrecer\u00e1n dentro de la programaci\u00f3n a distancia del festival a un precio de 3 euros. Son los siguientes:<\/p>\n<p style=\"padding-left: 40px;\">\u2014<a href=\"https:\/\/temporada-alta.com\/en\/shows\/pleasant-island\/\"><strong><em>Pleasant Island<\/em><\/strong><br \/>\n<\/a>\u2014<a href=\"https:\/\/temporada-alta.com\/en\/shows\/antigone-in-molenbeek-tiresias\/\"><strong><em>Antigone in Molenbeek + Tiresias<\/em><\/strong><br \/>\n<\/a>\u2014<a href=\"https:\/\/temporada-alta.com\/en\/shows\/turba\/\"><strong><em>Turba<\/em><\/strong><br \/>\n<\/a>\u2014<a href=\"https:\/\/temporada-alta.com\/en\/shows\/explore-el-jardin-de-los-carpatos\/\"><strong><em>Explore el jard\u00edn de los C\u00e1rpatos<\/em><\/strong><br \/>\n<\/a>\u2014<a href=\"https:\/\/temporada-alta.com\/en\/shows\/eva-contra-eva-girona\/\"><strong><em>Eva contra Eva<\/em><\/strong><br \/>\n<\/a>\u2014<a href=\"https:\/\/temporada-alta.com\/en\/shows\/les-aventures-del-lleo-vergonyos\/\"><strong><em>Les aventures del lle\u00f3 vergony\u00f3s<\/em><\/strong><br \/>\n<\/a>\u2014<a href=\"https:\/\/temporada-alta.com\/en\/shows\/cunningham\/\"><strong><em>Cunningham<\/em><\/strong><br \/>\n<\/a>\u2014<a href=\"https:\/\/temporada-alta.com\/es\/shows\/x-torneig-de-dramaturgia\/x-torneig-de-dramaturgia-a-distancia\/\"><strong><em>X Torneig de Dramat\u00fargia<\/em><\/strong><\/a><\/p>\n<p><strong>Espect\u00e1culos cancelados en el marco del festival<\/strong><\/p>\n<p>Finalmente, los siguientes espect\u00e1culos han sido cancelados de la programaci\u00f3n de Temporada Alta 2020:<\/p>\n<p style=\"padding-left: 40px;\">\u2014<em>Els gossos<\/em><br \/>\n<em>\u2014La lluna en un pot <\/em><br \/>\n<em>\u2014Testimoni de guerra<\/em><\/p>\n<\/div>","protected":false},"excerpt":{"rendered":"<p>Despu\u00e9s del anuncio del cierre de los teatros de la semana pasada, desde el festival hemos estado trabajando&#8230;<\/p>\n","protected":false},"featured_media":52256,"template":"","class_list":["post-60127","noticia","type-noticia","status-publish","has-post-thumbnail","hentry"],"acf":[],"yoast_head":"<!-- This site is optimized with the Yoast SEO plugin v27.0 - https:\/\/yoast.com\/product\/yoast-seo-wordpress\/ -->\n<title>Reprogramamos 18 espect\u00e1culos afectados por el cierre de los teatros - Temporada Alta<\/title>\n<meta name=\"robots\" content=\"index, follow, max-snippet:-1, max-image-preview:large, max-video-preview:-1\" \/>\n<link rel=\"canonical\" href=\"https:\/\/temporada-alta.com\/es\/noticia\/reprogramem-18-espectacles-afectats-pel-tancament-dels-teatres\/\" \/>\n<meta property=\"og:locale\" content=\"es_ES\" \/>\n<meta property=\"og:type\" content=\"article\" \/>\n<meta property=\"og:title\" content=\"Reprogramamos 18 espect\u00e1culos afectados por el cierre de los teatros - Temporada Alta\" \/>\n<meta property=\"og:description\" content=\"Despu\u00e9s del anuncio del cierre de los teatros de la semana pasada, desde el festival hemos estado trabajando...\" \/>\n<meta property=\"og:url\" content=\"https:\/\/temporada-alta.com\/es\/noticia\/reprogramem-18-espectacles-afectats-pel-tancament-dels-teatres\/\" \/>\n<meta property=\"og:site_name\" content=\"Temporada Alta\" \/>\n<meta property=\"article:modified_time\" content=\"2020-11-13T09:20:44+00:00\" \/>\n<meta property=\"og:image\" content=\"https:\/\/temporada-alta.com\/wp-content\/uploads\/Prostitucion-Destacada.jpg\" \/>\n\t<meta property=\"og:image:width\" content=\"2400\" \/>\n\t<meta property=\"og:image:height\" content=\"1200\" \/>\n\t<meta property=\"og:image:type\" content=\"image\/jpeg\" \/>\n<meta name=\"twitter:card\" content=\"summary_large_image\" \/>\n<script type=\"application\/ld+json\" class=\"yoast-schema-graph\">{\"@context\":\"https:\/\/schema.org\",\"@graph\":[{\"@type\":\"WebPage\",\"@id\":\"https:\/\/temporada-alta.com\/es\/noticia\/reprogramem-18-espectacles-afectats-pel-tancament-dels-teatres\/\",\"url\":\"https:\/\/temporada-alta.com\/es\/noticia\/reprogramem-18-espectacles-afectats-pel-tancament-dels-teatres\/\",\"name\":\"Reprogramamos 18 espect\u00e1culos afectados por el cierre de los teatros - Temporada Alta\",\"isPartOf\":{\"@id\":\"https:\/\/temporada-alta.com\/es\/#website\"},\"primaryImageOfPage\":{\"@id\":\"https:\/\/temporada-alta.com\/es\/noticia\/reprogramem-18-espectacles-afectats-pel-tancament-dels-teatres\/#primaryimage\"},\"image\":{\"@id\":\"https:\/\/temporada-alta.com\/es\/noticia\/reprogramem-18-espectacles-afectats-pel-tancament-dels-teatres\/#primaryimage\"},\"thumbnailUrl\":\"https:\/\/temporada-alta.com\/wp-content\/uploads\/Prostitucion-Destacada.jpg\",\"datePublished\":\"2020-11-06T14:30:05+00:00\",\"dateModified\":\"2020-11-13T09:20:44+00:00\",\"breadcrumb\":{\"@id\":\"https:\/\/temporada-alta.com\/es\/noticia\/reprogramem-18-espectacles-afectats-pel-tancament-dels-teatres\/#breadcrumb\"},\"inLanguage\":\"es\",\"potentialAction\":[{\"@type\":\"ReadAction\",\"target\":[\"https:\/\/temporada-alta.com\/es\/noticia\/reprogramem-18-espectacles-afectats-pel-tancament-dels-teatres\/\"]}]},{\"@type\":\"ImageObject\",\"inLanguage\":\"es\",\"@id\":\"https:\/\/temporada-alta.com\/es\/noticia\/reprogramem-18-espectacles-afectats-pel-tancament-dels-teatres\/#primaryimage\",\"url\":\"https:\/\/temporada-alta.com\/wp-content\/uploads\/Prostitucion-Destacada.jpg\",\"contentUrl\":\"https:\/\/temporada-alta.com\/wp-content\/uploads\/Prostitucion-Destacada.jpg\",\"width\":2400,\"height\":1200},{\"@type\":\"BreadcrumbList\",\"@id\":\"https:\/\/temporada-alta.com\/es\/noticia\/reprogramem-18-espectacles-afectats-pel-tancament-dels-teatres\/#breadcrumb\",\"itemListElement\":[{\"@type\":\"ListItem\",\"position\":1,\"name\":\"Inici\",\"item\":\"https:\/\/temporada-alta.com\/es\/\"},{\"@type\":\"ListItem\",\"position\":2,\"name\":\"Reprogramamos 18 espect\u00e1culos afectados por el cierre de los teatros\"}]},{\"@type\":\"WebSite\",\"@id\":\"https:\/\/temporada-alta.com\/es\/#website\",\"url\":\"https:\/\/temporada-alta.com\/es\/\",\"name\":\"Temporada Alta\",\"description\":\"Festival d&#039;Arts Esc\u00e8niques\",\"publisher\":{\"@id\":\"https:\/\/temporada-alta.com\/es\/#organization\"},\"potentialAction\":[{\"@type\":\"SearchAction\",\"target\":{\"@type\":\"EntryPoint\",\"urlTemplate\":\"https:\/\/temporada-alta.com\/es\/?s={search_term_string}\"},\"query-input\":{\"@type\":\"PropertyValueSpecification\",\"valueRequired\":true,\"valueName\":\"search_term_string\"}}],\"inLanguage\":\"es\"},{\"@type\":\"Organization\",\"@id\":\"https:\/\/temporada-alta.com\/es\/#organization\",\"name\":\"Temporada Alta\",\"url\":\"https:\/\/temporada-alta.com\/es\/\",\"logo\":{\"@type\":\"ImageObject\",\"inLanguage\":\"es\",\"@id\":\"https:\/\/temporada-alta.com\/es\/#\/schema\/logo\/image\/\",\"url\":\"https:\/\/temporada-alta.com\/wp-content\/uploads\/TA21-Logotip-pos.png\",\"contentUrl\":\"https:\/\/temporada-alta.com\/wp-content\/uploads\/TA21-Logotip-pos.png\",\"width\":800,\"height\":267,\"caption\":\"Temporada Alta\"},\"image\":{\"@id\":\"https:\/\/temporada-alta.com\/es\/#\/schema\/logo\/image\/\"}}]}<\/script>\n<!-- \/ Yoast SEO plugin. -->","yoast_head_json":{"title":"Reprogramamos 18 espect\u00e1culos afectados por el cierre de los teatros - Temporada Alta","robots":{"index":"index","follow":"follow","max-snippet":"max-snippet:-1","max-image-preview":"max-image-preview:large","max-video-preview":"max-video-preview:-1"},"canonical":"https:\/\/temporada-alta.com\/es\/noticia\/reprogramem-18-espectacles-afectats-pel-tancament-dels-teatres\/","og_locale":"es_ES","og_type":"article","og_title":"Reprogramamos 18 espect\u00e1culos afectados por el cierre de los teatros - Temporada Alta","og_description":"Despu\u00e9s del anuncio del cierre de los teatros de la semana pasada, desde el festival hemos estado trabajando...","og_url":"https:\/\/temporada-alta.com\/es\/noticia\/reprogramem-18-espectacles-afectats-pel-tancament-dels-teatres\/","og_site_name":"Temporada Alta","article_modified_time":"2020-11-13T09:20:44+00:00","og_image":[{"width":2400,"height":1200,"url":"https:\/\/temporada-alta.com\/wp-content\/uploads\/Prostitucion-Destacada.jpg","type":"image\/jpeg"}],"twitter_card":"summary_large_image","schema":{"@context":"https:\/\/schema.org","@graph":[{"@type":"WebPage","@id":"https:\/\/temporada-alta.com\/es\/noticia\/reprogramem-18-espectacles-afectats-pel-tancament-dels-teatres\/","url":"https:\/\/temporada-alta.com\/es\/noticia\/reprogramem-18-espectacles-afectats-pel-tancament-dels-teatres\/","name":"Reprogramamos 18 espect\u00e1culos afectados por el cierre de los teatros - Temporada Alta","isPartOf":{"@id":"https:\/\/temporada-alta.com\/es\/#website"},"primaryImageOfPage":{"@id":"https:\/\/temporada-alta.com\/es\/noticia\/reprogramem-18-espectacles-afectats-pel-tancament-dels-teatres\/#primaryimage"},"image":{"@id":"https:\/\/temporada-alta.com\/es\/noticia\/reprogramem-18-espectacles-afectats-pel-tancament-dels-teatres\/#primaryimage"},"thumbnailUrl":"https:\/\/temporada-alta.com\/wp-content\/uploads\/Prostitucion-Destacada.jpg","datePublished":"2020-11-06T14:30:05+00:00","dateModified":"2020-11-13T09:20:44+00:00","breadcrumb":{"@id":"https:\/\/temporada-alta.com\/es\/noticia\/reprogramem-18-espectacles-afectats-pel-tancament-dels-teatres\/#breadcrumb"},"inLanguage":"es","potentialAction":[{"@type":"ReadAction","target":["https:\/\/temporada-alta.com\/es\/noticia\/reprogramem-18-espectacles-afectats-pel-tancament-dels-teatres\/"]}]},{"@type":"ImageObject","inLanguage":"es","@id":"https:\/\/temporada-alta.com\/es\/noticia\/reprogramem-18-espectacles-afectats-pel-tancament-dels-teatres\/#primaryimage","url":"https:\/\/temporada-alta.com\/wp-content\/uploads\/Prostitucion-Destacada.jpg","contentUrl":"https:\/\/temporada-alta.com\/wp-content\/uploads\/Prostitucion-Destacada.jpg","width":2400,"height":1200},{"@type":"BreadcrumbList","@id":"https:\/\/temporada-alta.com\/es\/noticia\/reprogramem-18-espectacles-afectats-pel-tancament-dels-teatres\/#breadcrumb","itemListElement":[{"@type":"ListItem","position":1,"name":"Inici","item":"https:\/\/temporada-alta.com\/es\/"},{"@type":"ListItem","position":2,"name":"Reprogramamos 18 espect\u00e1culos afectados por el cierre de los teatros"}]},{"@type":"WebSite","@id":"https:\/\/temporada-alta.com\/es\/#website","url":"https:\/\/temporada-alta.com\/es\/","name":"Temporada Alta","description":"Festival d&#039;Arts Esc\u00e8niques","publisher":{"@id":"https:\/\/temporada-alta.com\/es\/#organization"},"potentialAction":[{"@type":"SearchAction","target":{"@type":"EntryPoint","urlTemplate":"https:\/\/temporada-alta.com\/es\/?s={search_term_string}"},"query-input":{"@type":"PropertyValueSpecification","valueRequired":true,"valueName":"search_term_string"}}],"inLanguage":"es"},{"@type":"Organization","@id":"https:\/\/temporada-alta.com\/es\/#organization","name":"Temporada Alta","url":"https:\/\/temporada-alta.com\/es\/","logo":{"@type":"ImageObject","inLanguage":"es","@id":"https:\/\/temporada-alta.com\/es\/#\/schema\/logo\/image\/","url":"https:\/\/temporada-alta.com\/wp-content\/uploads\/TA21-Logotip-pos.png","contentUrl":"https:\/\/temporada-alta.com\/wp-content\/uploads\/TA21-Logotip-pos.png","width":800,"height":267,"caption":"Temporada Alta"},"image":{"@id":"https:\/\/temporada-alta.com\/es\/#\/schema\/logo\/image\/"}}]}},"_links":{"self":[{"href":"https:\/\/temporada-alta.com\/es\/wp-json\/wp\/v2\/noticia\/60127","targetHints":{"allow":["GET"]}}],"collection":[{"href":"https:\/\/temporada-alta.com\/es\/wp-json\/wp\/v2\/noticia"}],"about":[{"href":"https:\/\/temporada-alta.com\/es\/wp-json\/wp\/v2\/types\/noticia"}],"wp:featuredmedia":[{"embeddable":true,"href":"https:\/\/temporada-alta.com\/es\/wp-json\/wp\/v2\/media\/52256"}],"wp:attachment":[{"href":"https:\/\/temporada-alta.com\/es\/wp-json\/wp\/v2\/media?parent=60127"}],"curies":[{"name":"wp","href":"https:\/\/api.w.org\/{rel}","templated":true}]}}