{"id":59722,"date":"2020-10-27T09:54:37","date_gmt":"2020-10-27T08:54:37","guid":{"rendered":"https:\/\/temporada-alta.com\/?post_type=noticia&#038;p=59722"},"modified":"2020-10-27T13:15:20","modified_gmt":"2020-10-27T12:15:20","slug":"mar-monegal-passa-a-la-seguent-fase-del-x-torneig-de-dramaturgia","status":"publish","type":"noticia","link":"https:\/\/temporada-alta.com\/es\/noticia\/mar-monegal-passa-a-la-seguent-fase-del-x-torneig-de-dramaturgia\/","title":{"rendered":"Mar Monegal pasa a la siguiente fase del X Torneig de Dramat\u00fargia"},"content":{"rendered":"<div id=\"modal-ready\"><p>La dramaturga Mar Monegal ha pasado a la semifinal del <a href=\"https:\/\/temporada-alta.com\/es\/shows\/x-torneig-de-dramaturgia\/\">X Torneig de Dramat\u00fargia<\/a>, que se ha celebrado este lunes por la noche en la Sala La Planeta y que tambi\u00e9n se ha podido seguir por <em>streaming <\/em>desde casa. El p\u00fablico de la Sala La Planeta ha decidido que el texto de Monegal, <em>Monopoli<\/em>, interpretado por Biel Duran y Mima Riera, se impusiera en el texto <em>La transcend\u00e8ncia de l\u2019esp\u00f2iler<\/em>, de Eu Manzanares, que ha sido interpretado por Paula Blanco i Esther L\u00f3pez.<\/p>\n<p>En<em> Monopoli<\/em>, una pareja juega al Monopoly mientras reflexiona sobre el estado de su relaci\u00f3n, su generaci\u00f3n y el funcionamiento de la econom\u00eda mundial. Por su parte, en<em> La transcend\u00e8ncia de l\u2019esp\u00f2iler<\/em> se nos presenta una discusi\u00f3n vital entre dos hermanas que empieza cuando se plantean la posibilidad de ver o no ver la final de un popular concurso televisivo.<\/p>\n<p>Por segunda semana consecutiva, Meri Yanes ha hecho de maestra de ceremonias de esta sesi\u00f3n del X Torneig de Dramat\u00fargia en sustituci\u00f3n de Cristina Clemente, que por motivos personales no ha podido estar. Este segundo combate se ha celebrado media hora antes de lo que estaba previsto, a las 19.30 h, para ajustarse a las nuevas medidas anunciadas por el Procicat, del mismo modo que se har\u00e1 con el combate de la pr\u00f3xima semana.<\/p>\n<p><strong>Pr\u00f3ximos combates:<\/strong><br \/>\n2\/11 \u2013 Lara D\u00edez Quintanilla vs. Marta Sol\u00e9<br \/>\n9\/11 \u2013 Jumon Erre vs. Queralt Riera<br \/>\n16\/11 \u2013 Primera semifinal<br \/>\n23\/11 \u2013 Segunda semifinal<\/p>\n<\/div>","protected":false},"excerpt":{"rendered":"<p>La dramaturga Mar Monegal ha pasado a la semifinal del X Torneig de Dramat\u00fargia, que se ha celebrado&#8230;<\/p>\n","protected":false},"featured_media":59725,"template":"","class_list":["post-59722","noticia","type-noticia","status-publish","has-post-thumbnail","hentry"],"acf":[],"yoast_head":"<!-- This site is optimized with the Yoast SEO plugin v27.0 - https:\/\/yoast.com\/product\/yoast-seo-wordpress\/ -->\n<title>Mar Monegal pasa a la siguiente fase del X Torneig de Dramat\u00fargia - Temporada Alta<\/title>\n<meta name=\"robots\" content=\"index, follow, max-snippet:-1, max-image-preview:large, max-video-preview:-1\" \/>\n<link rel=\"canonical\" href=\"https:\/\/temporada-alta.com\/es\/noticia\/mar-monegal-passa-a-la-seguent-fase-del-x-torneig-de-dramaturgia\/\" \/>\n<meta property=\"og:locale\" content=\"es_ES\" \/>\n<meta property=\"og:type\" content=\"article\" \/>\n<meta property=\"og:title\" content=\"Mar Monegal pasa a la siguiente fase del X Torneig de Dramat\u00fargia - Temporada Alta\" \/>\n<meta property=\"og:description\" content=\"La dramaturga Mar Monegal ha pasado a la semifinal del X Torneig de Dramat\u00fargia, que se ha celebrado...\" \/>\n<meta property=\"og:url\" content=\"https:\/\/temporada-alta.com\/es\/noticia\/mar-monegal-passa-a-la-seguent-fase-del-x-torneig-de-dramaturgia\/\" \/>\n<meta property=\"og:site_name\" content=\"Temporada Alta\" \/>\n<meta property=\"article:modified_time\" content=\"2020-10-27T12:15:20+00:00\" \/>\n<meta property=\"og:image\" content=\"https:\/\/temporada-alta.com\/wp-content\/uploads\/Captura-de-pantalla-2020-10-26-a-las-21.10.52.png\" \/>\n\t<meta property=\"og:image:width\" content=\"1136\" \/>\n\t<meta property=\"og:image:height\" content=\"693\" \/>\n\t<meta property=\"og:image:type\" content=\"image\/png\" \/>\n<meta name=\"twitter:card\" content=\"summary_large_image\" \/>\n<script type=\"application\/ld+json\" class=\"yoast-schema-graph\">{\"@context\":\"https:\/\/schema.org\",\"@graph\":[{\"@type\":\"WebPage\",\"@id\":\"https:\/\/temporada-alta.com\/es\/noticia\/mar-monegal-passa-a-la-seguent-fase-del-x-torneig-de-dramaturgia\/\",\"url\":\"https:\/\/temporada-alta.com\/es\/noticia\/mar-monegal-passa-a-la-seguent-fase-del-x-torneig-de-dramaturgia\/\",\"name\":\"Mar Monegal pasa a la siguiente fase del X Torneig de Dramat\u00fargia - Temporada Alta\",\"isPartOf\":{\"@id\":\"https:\/\/temporada-alta.com\/es\/#website\"},\"primaryImageOfPage\":{\"@id\":\"https:\/\/temporada-alta.com\/es\/noticia\/mar-monegal-passa-a-la-seguent-fase-del-x-torneig-de-dramaturgia\/#primaryimage\"},\"image\":{\"@id\":\"https:\/\/temporada-alta.com\/es\/noticia\/mar-monegal-passa-a-la-seguent-fase-del-x-torneig-de-dramaturgia\/#primaryimage\"},\"thumbnailUrl\":\"https:\/\/temporada-alta.com\/wp-content\/uploads\/Captura-de-pantalla-2020-10-26-a-las-21.10.52.png\",\"datePublished\":\"2020-10-27T08:54:37+00:00\",\"dateModified\":\"2020-10-27T12:15:20+00:00\",\"breadcrumb\":{\"@id\":\"https:\/\/temporada-alta.com\/es\/noticia\/mar-monegal-passa-a-la-seguent-fase-del-x-torneig-de-dramaturgia\/#breadcrumb\"},\"inLanguage\":\"es\",\"potentialAction\":[{\"@type\":\"ReadAction\",\"target\":[\"https:\/\/temporada-alta.com\/es\/noticia\/mar-monegal-passa-a-la-seguent-fase-del-x-torneig-de-dramaturgia\/\"]}]},{\"@type\":\"ImageObject\",\"inLanguage\":\"es\",\"@id\":\"https:\/\/temporada-alta.com\/es\/noticia\/mar-monegal-passa-a-la-seguent-fase-del-x-torneig-de-dramaturgia\/#primaryimage\",\"url\":\"https:\/\/temporada-alta.com\/wp-content\/uploads\/Captura-de-pantalla-2020-10-26-a-las-21.10.52.png\",\"contentUrl\":\"https:\/\/temporada-alta.com\/wp-content\/uploads\/Captura-de-pantalla-2020-10-26-a-las-21.10.52.png\",\"width\":1136,\"height\":693},{\"@type\":\"BreadcrumbList\",\"@id\":\"https:\/\/temporada-alta.com\/es\/noticia\/mar-monegal-passa-a-la-seguent-fase-del-x-torneig-de-dramaturgia\/#breadcrumb\",\"itemListElement\":[{\"@type\":\"ListItem\",\"position\":1,\"name\":\"Inici\",\"item\":\"https:\/\/temporada-alta.com\/es\/\"},{\"@type\":\"ListItem\",\"position\":2,\"name\":\"Mar Monegal pasa a la siguiente fase del X Torneig de Dramat\u00fargia\"}]},{\"@type\":\"WebSite\",\"@id\":\"https:\/\/temporada-alta.com\/es\/#website\",\"url\":\"https:\/\/temporada-alta.com\/es\/\",\"name\":\"Temporada Alta\",\"description\":\"Festival d&#039;Arts Esc\u00e8niques\",\"publisher\":{\"@id\":\"https:\/\/temporada-alta.com\/es\/#organization\"},\"potentialAction\":[{\"@type\":\"SearchAction\",\"target\":{\"@type\":\"EntryPoint\",\"urlTemplate\":\"https:\/\/temporada-alta.com\/es\/?s={search_term_string}\"},\"query-input\":{\"@type\":\"PropertyValueSpecification\",\"valueRequired\":true,\"valueName\":\"search_term_string\"}}],\"inLanguage\":\"es\"},{\"@type\":\"Organization\",\"@id\":\"https:\/\/temporada-alta.com\/es\/#organization\",\"name\":\"Temporada Alta\",\"url\":\"https:\/\/temporada-alta.com\/es\/\",\"logo\":{\"@type\":\"ImageObject\",\"inLanguage\":\"es\",\"@id\":\"https:\/\/temporada-alta.com\/es\/#\/schema\/logo\/image\/\",\"url\":\"https:\/\/temporada-alta.com\/wp-content\/uploads\/TA21-Logotip-pos.png\",\"contentUrl\":\"https:\/\/temporada-alta.com\/wp-content\/uploads\/TA21-Logotip-pos.png\",\"width\":800,\"height\":267,\"caption\":\"Temporada Alta\"},\"image\":{\"@id\":\"https:\/\/temporada-alta.com\/es\/#\/schema\/logo\/image\/\"}}]}<\/script>\n<!-- \/ Yoast SEO plugin. -->","yoast_head_json":{"title":"Mar Monegal pasa a la siguiente fase del X Torneig de Dramat\u00fargia - Temporada Alta","robots":{"index":"index","follow":"follow","max-snippet":"max-snippet:-1","max-image-preview":"max-image-preview:large","max-video-preview":"max-video-preview:-1"},"canonical":"https:\/\/temporada-alta.com\/es\/noticia\/mar-monegal-passa-a-la-seguent-fase-del-x-torneig-de-dramaturgia\/","og_locale":"es_ES","og_type":"article","og_title":"Mar Monegal pasa a la siguiente fase del X Torneig de Dramat\u00fargia - Temporada Alta","og_description":"La dramaturga Mar Monegal ha pasado a la semifinal del X Torneig de Dramat\u00fargia, que se ha celebrado...","og_url":"https:\/\/temporada-alta.com\/es\/noticia\/mar-monegal-passa-a-la-seguent-fase-del-x-torneig-de-dramaturgia\/","og_site_name":"Temporada Alta","article_modified_time":"2020-10-27T12:15:20+00:00","og_image":[{"width":1136,"height":693,"url":"https:\/\/temporada-alta.com\/wp-content\/uploads\/Captura-de-pantalla-2020-10-26-a-las-21.10.52.png","type":"image\/png"}],"twitter_card":"summary_large_image","schema":{"@context":"https:\/\/schema.org","@graph":[{"@type":"WebPage","@id":"https:\/\/temporada-alta.com\/es\/noticia\/mar-monegal-passa-a-la-seguent-fase-del-x-torneig-de-dramaturgia\/","url":"https:\/\/temporada-alta.com\/es\/noticia\/mar-monegal-passa-a-la-seguent-fase-del-x-torneig-de-dramaturgia\/","name":"Mar Monegal pasa a la siguiente fase del X Torneig de Dramat\u00fargia - Temporada Alta","isPartOf":{"@id":"https:\/\/temporada-alta.com\/es\/#website"},"primaryImageOfPage":{"@id":"https:\/\/temporada-alta.com\/es\/noticia\/mar-monegal-passa-a-la-seguent-fase-del-x-torneig-de-dramaturgia\/#primaryimage"},"image":{"@id":"https:\/\/temporada-alta.com\/es\/noticia\/mar-monegal-passa-a-la-seguent-fase-del-x-torneig-de-dramaturgia\/#primaryimage"},"thumbnailUrl":"https:\/\/temporada-alta.com\/wp-content\/uploads\/Captura-de-pantalla-2020-10-26-a-las-21.10.52.png","datePublished":"2020-10-27T08:54:37+00:00","dateModified":"2020-10-27T12:15:20+00:00","breadcrumb":{"@id":"https:\/\/temporada-alta.com\/es\/noticia\/mar-monegal-passa-a-la-seguent-fase-del-x-torneig-de-dramaturgia\/#breadcrumb"},"inLanguage":"es","potentialAction":[{"@type":"ReadAction","target":["https:\/\/temporada-alta.com\/es\/noticia\/mar-monegal-passa-a-la-seguent-fase-del-x-torneig-de-dramaturgia\/"]}]},{"@type":"ImageObject","inLanguage":"es","@id":"https:\/\/temporada-alta.com\/es\/noticia\/mar-monegal-passa-a-la-seguent-fase-del-x-torneig-de-dramaturgia\/#primaryimage","url":"https:\/\/temporada-alta.com\/wp-content\/uploads\/Captura-de-pantalla-2020-10-26-a-las-21.10.52.png","contentUrl":"https:\/\/temporada-alta.com\/wp-content\/uploads\/Captura-de-pantalla-2020-10-26-a-las-21.10.52.png","width":1136,"height":693},{"@type":"BreadcrumbList","@id":"https:\/\/temporada-alta.com\/es\/noticia\/mar-monegal-passa-a-la-seguent-fase-del-x-torneig-de-dramaturgia\/#breadcrumb","itemListElement":[{"@type":"ListItem","position":1,"name":"Inici","item":"https:\/\/temporada-alta.com\/es\/"},{"@type":"ListItem","position":2,"name":"Mar Monegal pasa a la siguiente fase del X Torneig de Dramat\u00fargia"}]},{"@type":"WebSite","@id":"https:\/\/temporada-alta.com\/es\/#website","url":"https:\/\/temporada-alta.com\/es\/","name":"Temporada Alta","description":"Festival d&#039;Arts Esc\u00e8niques","publisher":{"@id":"https:\/\/temporada-alta.com\/es\/#organization"},"potentialAction":[{"@type":"SearchAction","target":{"@type":"EntryPoint","urlTemplate":"https:\/\/temporada-alta.com\/es\/?s={search_term_string}"},"query-input":{"@type":"PropertyValueSpecification","valueRequired":true,"valueName":"search_term_string"}}],"inLanguage":"es"},{"@type":"Organization","@id":"https:\/\/temporada-alta.com\/es\/#organization","name":"Temporada Alta","url":"https:\/\/temporada-alta.com\/es\/","logo":{"@type":"ImageObject","inLanguage":"es","@id":"https:\/\/temporada-alta.com\/es\/#\/schema\/logo\/image\/","url":"https:\/\/temporada-alta.com\/wp-content\/uploads\/TA21-Logotip-pos.png","contentUrl":"https:\/\/temporada-alta.com\/wp-content\/uploads\/TA21-Logotip-pos.png","width":800,"height":267,"caption":"Temporada Alta"},"image":{"@id":"https:\/\/temporada-alta.com\/es\/#\/schema\/logo\/image\/"}}]}},"_links":{"self":[{"href":"https:\/\/temporada-alta.com\/es\/wp-json\/wp\/v2\/noticia\/59722","targetHints":{"allow":["GET"]}}],"collection":[{"href":"https:\/\/temporada-alta.com\/es\/wp-json\/wp\/v2\/noticia"}],"about":[{"href":"https:\/\/temporada-alta.com\/es\/wp-json\/wp\/v2\/types\/noticia"}],"wp:featuredmedia":[{"embeddable":true,"href":"https:\/\/temporada-alta.com\/es\/wp-json\/wp\/v2\/media\/59725"}],"wp:attachment":[{"href":"https:\/\/temporada-alta.com\/es\/wp-json\/wp\/v2\/media?parent=59722"}],"curies":[{"name":"wp","href":"https:\/\/api.w.org\/{rel}","templated":true}]}}