{"id":59703,"date":"2020-10-26T17:42:27","date_gmt":"2020-10-26T16:42:27","guid":{"rendered":"https:\/\/temporada-alta.com\/?post_type=noticia&#038;p=59703"},"modified":"2020-10-27T16:04:35","modified_gmt":"2020-10-27T15:04:35","slug":"afectaciones-en-la-programacion-de-los-proximos-15-dias-a-causa-del-confinamiento-nocturno","status":"publish","type":"noticia","link":"https:\/\/temporada-alta.com\/es\/noticia\/afectaciones-en-la-programacion-de-los-proximos-15-dias-a-causa-del-confinamiento-nocturno\/","title":{"rendered":"Afectaciones en la programaci\u00f3n de los pr\u00f3ximos 15 d\u00edas a causa del confinamiento nocturno"},"content":{"rendered":"<div id=\"modal-ready\"><p>Despu\u00e9s de que este domingo el Procicat haya anunciado que las actividades culturales deben finalizar como muy tarde a las 22 h, parte de la programaci\u00f3n prevista entre el 26 de octubre y el 8 de noviembre se ve afectada: hemos adelantado los horarios de algunas funciones para que puedan realizarse con normalidad. Se puede circular para regresar a casa hasta las 23 h y, en caso de control, guarda la entrada como para justificar la movilidad m\u00e1s all\u00e1 de las 22 h, hora en la que empieza el confinamiento nocturno.<\/p>\n<p>Cambios de horario:<\/p>\n<p style=\"padding-left: 40px;\">\u2014 <strong>26\/10<\/strong> y <strong>2\/11<\/strong> <a href=\"https:\/\/temporada-alta.com\/es\/shows\/x-torneig-de-dramaturgia\/\">X Torneig de Dramat\u00fargiaeo<\/a> en la Sala La Planeta: el segundo y el tercer combates empezar\u00e1sn a las 19.30 h<br \/>\n\u2014<strong>29\/10<\/strong> <a href=\"https:\/\/temporada-alta.com\/es\/shows\/eva-contra-eva-girona\/\">Eva contra Eva<\/a> en el Teatre Municipal de Girona: las funciones empezar\u00e1n a las 17 h (inicialmente programada a las 18 h) y a las 20 h (inicialmente programada a las 21.30 h)<br \/>\n\u2014<strong>31\/10<\/strong> <a href=\"https:\/\/temporada-alta.com\/es\/shows\/eva-contra-eva-torroella\/\">Eva contra Eva<\/a> en el Auditori Teatre Espai Ter (Torroella de Montgr\u00ed): la funci\u00f3n empezar\u00e1 a las 20 h<br \/>\n\u2014<strong>6\/11<\/strong> y <strong>7\/11<\/strong> <a href=\"https:\/\/temporada-alta.com\/es\/shows\/prostitucion\/\">Prostituci\u00f3n<\/a> en el Teatre Municipal de Girona: las funciones empezar\u00e1n a las 19.30 h<br \/>\n\u2014<strong>6\/11<\/strong> y y <strong>7\/11 <\/strong><a href=\"https:\/\/temporada-alta.com\/es\/shows\/un-tal-shakespeare\/\">Un tal Shakespeare<\/a> en la Sala La Planeta: las funciones nocturnas empezar\u00e1n a las 20 h<br \/>\n<strong>\u20147\/11<\/strong> <a href=\"https:\/\/temporada-alta.com\/es\/shows\/els-gossos\/\">Els gossos<\/a> en el Teatre de Salt: la funci\u00f3n empezar\u00e1 a las 20 h<\/p>\n<p>Posfunciones suspendidas:<\/p>\n<p style=\"padding-left: 40px;\">\u2014<strong>31\/10 <\/strong><a href=\"https:\/\/temporada-alta.com\/es\/shows\/postfuncion-%c2%b7-turba-mos-maiorum\/\">Postunci\u00f3n de <em>Turba<\/em><\/a><br \/>\n\u2014<strong>6\/11 <\/strong><a href=\"https:\/\/temporada-alta.com\/es\/shows\/postfuncion-\u00b7-explore-el-jardin-de-los-carpatos-jose-y-sus-hermanas\/\">Posfunci\u00f3 de <em>Explore el jard\u00edn de los C\u00e1rpatos<\/em><\/a><\/p>\n<p>Nos pondremos en contacto directamente con los espectadores que hayan comprado entradas para las funciones afectadas para comunicar los cambios de horario y devolveremos el importe a quien lo solicite. Aquellas personas que tengan las entradas impresas con el horario inicial podr\u00e1n acceder al espect\u00e1culo sin ning\u00fan problema. Las entradas impresas a partir de ahora ya aparecer\u00e1n con el horario actualizado.<\/p>\n<p>Seguimos estrictamente las medidas establecidas por el Procicat: el control del aforo, la ventilaci\u00f3n de las salas, la desinfecci\u00f3n antes y despu\u00e9s de cada funci\u00f3n, la obligatoriedad de utilizar la mascarilla en todo momento, la distancia m\u00ednima entre grupos de compra y una serie de protocolos espec\u00edficos de acceso y salida de los recintos, entre otras medidas, que puedes consultar en la p\u00e1gina <a href=\"https:\/\/temporada-alta.com\/es\/temporada-alta-espai-segur\/\">Temporada Alta, espacio seguro.<\/a><\/p>\n<p>\u00a1Muchas gracias por la comprensi\u00f3n!<\/p>\n<\/div>","protected":false},"excerpt":{"rendered":"<p>Despu\u00e9s de que este domingo el Procicat haya anunciado que las actividades culturales deben finalizar como muy tarde&#8230;<\/p>\n","protected":false},"featured_media":2076,"template":"","class_list":["post-59703","noticia","type-noticia","status-publish","has-post-thumbnail","hentry"],"acf":[],"yoast_head":"<!-- This site is optimized with the Yoast SEO plugin v27.0 - https:\/\/yoast.com\/product\/yoast-seo-wordpress\/ -->\n<title>Afectaciones en la programaci\u00f3n de los pr\u00f3ximos 15 d\u00edas a causa del confinamiento nocturno - Temporada Alta<\/title>\n<meta name=\"robots\" content=\"index, follow, max-snippet:-1, max-image-preview:large, max-video-preview:-1\" \/>\n<link rel=\"canonical\" href=\"https:\/\/temporada-alta.com\/es\/noticia\/afectaciones-en-la-programacion-de-los-proximos-15-dias-a-causa-del-confinamiento-nocturno\/\" \/>\n<meta property=\"og:locale\" content=\"es_ES\" \/>\n<meta property=\"og:type\" content=\"article\" \/>\n<meta property=\"og:title\" content=\"Afectaciones en la programaci\u00f3n de los pr\u00f3ximos 15 d\u00edas a causa del confinamiento nocturno - Temporada Alta\" \/>\n<meta property=\"og:description\" content=\"Despu\u00e9s de que este domingo el Procicat haya anunciado que las actividades culturales deben finalizar como muy tarde...\" \/>\n<meta property=\"og:url\" content=\"https:\/\/temporada-alta.com\/es\/noticia\/afectaciones-en-la-programacion-de-los-proximos-15-dias-a-causa-del-confinamiento-nocturno\/\" \/>\n<meta property=\"og:site_name\" content=\"Temporada Alta\" \/>\n<meta property=\"article:modified_time\" content=\"2020-10-27T15:04:35+00:00\" \/>\n<meta property=\"og:image\" content=\"https:\/\/temporada-alta.com\/wp-content\/uploads\/teatre_municipal_girona.jpg\" \/>\n\t<meta property=\"og:image:width\" content=\"768\" \/>\n\t<meta property=\"og:image:height\" content=\"512\" \/>\n\t<meta property=\"og:image:type\" content=\"image\/jpeg\" \/>\n<meta name=\"twitter:card\" content=\"summary_large_image\" \/>\n<script type=\"application\/ld+json\" class=\"yoast-schema-graph\">{\"@context\":\"https:\/\/schema.org\",\"@graph\":[{\"@type\":\"WebPage\",\"@id\":\"https:\/\/temporada-alta.com\/es\/noticia\/afectaciones-en-la-programacion-de-los-proximos-15-dias-a-causa-del-confinamiento-nocturno\/\",\"url\":\"https:\/\/temporada-alta.com\/es\/noticia\/afectaciones-en-la-programacion-de-los-proximos-15-dias-a-causa-del-confinamiento-nocturno\/\",\"name\":\"Afectaciones en la programaci\u00f3n de los pr\u00f3ximos 15 d\u00edas a causa del confinamiento nocturno - Temporada Alta\",\"isPartOf\":{\"@id\":\"https:\/\/temporada-alta.com\/es\/#website\"},\"primaryImageOfPage\":{\"@id\":\"https:\/\/temporada-alta.com\/es\/noticia\/afectaciones-en-la-programacion-de-los-proximos-15-dias-a-causa-del-confinamiento-nocturno\/#primaryimage\"},\"image\":{\"@id\":\"https:\/\/temporada-alta.com\/es\/noticia\/afectaciones-en-la-programacion-de-los-proximos-15-dias-a-causa-del-confinamiento-nocturno\/#primaryimage\"},\"thumbnailUrl\":\"https:\/\/temporada-alta.com\/wp-content\/uploads\/teatre_municipal_girona.jpg\",\"datePublished\":\"2020-10-26T16:42:27+00:00\",\"dateModified\":\"2020-10-27T15:04:35+00:00\",\"breadcrumb\":{\"@id\":\"https:\/\/temporada-alta.com\/es\/noticia\/afectaciones-en-la-programacion-de-los-proximos-15-dias-a-causa-del-confinamiento-nocturno\/#breadcrumb\"},\"inLanguage\":\"es\",\"potentialAction\":[{\"@type\":\"ReadAction\",\"target\":[\"https:\/\/temporada-alta.com\/es\/noticia\/afectaciones-en-la-programacion-de-los-proximos-15-dias-a-causa-del-confinamiento-nocturno\/\"]}]},{\"@type\":\"ImageObject\",\"inLanguage\":\"es\",\"@id\":\"https:\/\/temporada-alta.com\/es\/noticia\/afectaciones-en-la-programacion-de-los-proximos-15-dias-a-causa-del-confinamiento-nocturno\/#primaryimage\",\"url\":\"https:\/\/temporada-alta.com\/wp-content\/uploads\/teatre_municipal_girona.jpg\",\"contentUrl\":\"https:\/\/temporada-alta.com\/wp-content\/uploads\/teatre_municipal_girona.jpg\",\"width\":768,\"height\":512,\"caption\":\"Teatre Municipal de Girona\"},{\"@type\":\"BreadcrumbList\",\"@id\":\"https:\/\/temporada-alta.com\/es\/noticia\/afectaciones-en-la-programacion-de-los-proximos-15-dias-a-causa-del-confinamiento-nocturno\/#breadcrumb\",\"itemListElement\":[{\"@type\":\"ListItem\",\"position\":1,\"name\":\"Inici\",\"item\":\"https:\/\/temporada-alta.com\/es\/\"},{\"@type\":\"ListItem\",\"position\":2,\"name\":\"Afectaciones en la programaci\u00f3n de los pr\u00f3ximos 15 d\u00edas a causa del confinamiento nocturno\"}]},{\"@type\":\"WebSite\",\"@id\":\"https:\/\/temporada-alta.com\/es\/#website\",\"url\":\"https:\/\/temporada-alta.com\/es\/\",\"name\":\"Temporada Alta\",\"description\":\"Festival d&#039;Arts Esc\u00e8niques\",\"publisher\":{\"@id\":\"https:\/\/temporada-alta.com\/es\/#organization\"},\"potentialAction\":[{\"@type\":\"SearchAction\",\"target\":{\"@type\":\"EntryPoint\",\"urlTemplate\":\"https:\/\/temporada-alta.com\/es\/?s={search_term_string}\"},\"query-input\":{\"@type\":\"PropertyValueSpecification\",\"valueRequired\":true,\"valueName\":\"search_term_string\"}}],\"inLanguage\":\"es\"},{\"@type\":\"Organization\",\"@id\":\"https:\/\/temporada-alta.com\/es\/#organization\",\"name\":\"Temporada Alta\",\"url\":\"https:\/\/temporada-alta.com\/es\/\",\"logo\":{\"@type\":\"ImageObject\",\"inLanguage\":\"es\",\"@id\":\"https:\/\/temporada-alta.com\/es\/#\/schema\/logo\/image\/\",\"url\":\"https:\/\/temporada-alta.com\/wp-content\/uploads\/TA21-Logotip-pos.png\",\"contentUrl\":\"https:\/\/temporada-alta.com\/wp-content\/uploads\/TA21-Logotip-pos.png\",\"width\":800,\"height\":267,\"caption\":\"Temporada Alta\"},\"image\":{\"@id\":\"https:\/\/temporada-alta.com\/es\/#\/schema\/logo\/image\/\"}}]}<\/script>\n<!-- \/ Yoast SEO plugin. -->","yoast_head_json":{"title":"Afectaciones en la programaci\u00f3n de los pr\u00f3ximos 15 d\u00edas a causa del confinamiento nocturno - Temporada Alta","robots":{"index":"index","follow":"follow","max-snippet":"max-snippet:-1","max-image-preview":"max-image-preview:large","max-video-preview":"max-video-preview:-1"},"canonical":"https:\/\/temporada-alta.com\/es\/noticia\/afectaciones-en-la-programacion-de-los-proximos-15-dias-a-causa-del-confinamiento-nocturno\/","og_locale":"es_ES","og_type":"article","og_title":"Afectaciones en la programaci\u00f3n de los pr\u00f3ximos 15 d\u00edas a causa del confinamiento nocturno - Temporada Alta","og_description":"Despu\u00e9s de que este domingo el Procicat haya anunciado que las actividades culturales deben finalizar como muy tarde...","og_url":"https:\/\/temporada-alta.com\/es\/noticia\/afectaciones-en-la-programacion-de-los-proximos-15-dias-a-causa-del-confinamiento-nocturno\/","og_site_name":"Temporada Alta","article_modified_time":"2020-10-27T15:04:35+00:00","og_image":[{"width":768,"height":512,"url":"https:\/\/temporada-alta.com\/wp-content\/uploads\/teatre_municipal_girona.jpg","type":"image\/jpeg"}],"twitter_card":"summary_large_image","schema":{"@context":"https:\/\/schema.org","@graph":[{"@type":"WebPage","@id":"https:\/\/temporada-alta.com\/es\/noticia\/afectaciones-en-la-programacion-de-los-proximos-15-dias-a-causa-del-confinamiento-nocturno\/","url":"https:\/\/temporada-alta.com\/es\/noticia\/afectaciones-en-la-programacion-de-los-proximos-15-dias-a-causa-del-confinamiento-nocturno\/","name":"Afectaciones en la programaci\u00f3n de los pr\u00f3ximos 15 d\u00edas a causa del confinamiento nocturno - Temporada Alta","isPartOf":{"@id":"https:\/\/temporada-alta.com\/es\/#website"},"primaryImageOfPage":{"@id":"https:\/\/temporada-alta.com\/es\/noticia\/afectaciones-en-la-programacion-de-los-proximos-15-dias-a-causa-del-confinamiento-nocturno\/#primaryimage"},"image":{"@id":"https:\/\/temporada-alta.com\/es\/noticia\/afectaciones-en-la-programacion-de-los-proximos-15-dias-a-causa-del-confinamiento-nocturno\/#primaryimage"},"thumbnailUrl":"https:\/\/temporada-alta.com\/wp-content\/uploads\/teatre_municipal_girona.jpg","datePublished":"2020-10-26T16:42:27+00:00","dateModified":"2020-10-27T15:04:35+00:00","breadcrumb":{"@id":"https:\/\/temporada-alta.com\/es\/noticia\/afectaciones-en-la-programacion-de-los-proximos-15-dias-a-causa-del-confinamiento-nocturno\/#breadcrumb"},"inLanguage":"es","potentialAction":[{"@type":"ReadAction","target":["https:\/\/temporada-alta.com\/es\/noticia\/afectaciones-en-la-programacion-de-los-proximos-15-dias-a-causa-del-confinamiento-nocturno\/"]}]},{"@type":"ImageObject","inLanguage":"es","@id":"https:\/\/temporada-alta.com\/es\/noticia\/afectaciones-en-la-programacion-de-los-proximos-15-dias-a-causa-del-confinamiento-nocturno\/#primaryimage","url":"https:\/\/temporada-alta.com\/wp-content\/uploads\/teatre_municipal_girona.jpg","contentUrl":"https:\/\/temporada-alta.com\/wp-content\/uploads\/teatre_municipal_girona.jpg","width":768,"height":512,"caption":"Teatre Municipal de Girona"},{"@type":"BreadcrumbList","@id":"https:\/\/temporada-alta.com\/es\/noticia\/afectaciones-en-la-programacion-de-los-proximos-15-dias-a-causa-del-confinamiento-nocturno\/#breadcrumb","itemListElement":[{"@type":"ListItem","position":1,"name":"Inici","item":"https:\/\/temporada-alta.com\/es\/"},{"@type":"ListItem","position":2,"name":"Afectaciones en la programaci\u00f3n de los pr\u00f3ximos 15 d\u00edas a causa del confinamiento nocturno"}]},{"@type":"WebSite","@id":"https:\/\/temporada-alta.com\/es\/#website","url":"https:\/\/temporada-alta.com\/es\/","name":"Temporada Alta","description":"Festival d&#039;Arts Esc\u00e8niques","publisher":{"@id":"https:\/\/temporada-alta.com\/es\/#organization"},"potentialAction":[{"@type":"SearchAction","target":{"@type":"EntryPoint","urlTemplate":"https:\/\/temporada-alta.com\/es\/?s={search_term_string}"},"query-input":{"@type":"PropertyValueSpecification","valueRequired":true,"valueName":"search_term_string"}}],"inLanguage":"es"},{"@type":"Organization","@id":"https:\/\/temporada-alta.com\/es\/#organization","name":"Temporada Alta","url":"https:\/\/temporada-alta.com\/es\/","logo":{"@type":"ImageObject","inLanguage":"es","@id":"https:\/\/temporada-alta.com\/es\/#\/schema\/logo\/image\/","url":"https:\/\/temporada-alta.com\/wp-content\/uploads\/TA21-Logotip-pos.png","contentUrl":"https:\/\/temporada-alta.com\/wp-content\/uploads\/TA21-Logotip-pos.png","width":800,"height":267,"caption":"Temporada Alta"},"image":{"@id":"https:\/\/temporada-alta.com\/es\/#\/schema\/logo\/image\/"}}]}},"_links":{"self":[{"href":"https:\/\/temporada-alta.com\/es\/wp-json\/wp\/v2\/noticia\/59703","targetHints":{"allow":["GET"]}}],"collection":[{"href":"https:\/\/temporada-alta.com\/es\/wp-json\/wp\/v2\/noticia"}],"about":[{"href":"https:\/\/temporada-alta.com\/es\/wp-json\/wp\/v2\/types\/noticia"}],"wp:featuredmedia":[{"embeddable":true,"href":"https:\/\/temporada-alta.com\/es\/wp-json\/wp\/v2\/media\/2076"}],"wp:attachment":[{"href":"https:\/\/temporada-alta.com\/es\/wp-json\/wp\/v2\/media?parent=59703"}],"curies":[{"name":"wp","href":"https:\/\/api.w.org\/{rel}","templated":true}]}}