{"id":59068,"date":"2020-10-01T15:07:10","date_gmt":"2020-10-01T13:07:10","guid":{"rendered":"https:\/\/temporada-alta.com\/?post_type=noticia&#038;p=59068"},"modified":"2020-10-01T16:38:12","modified_gmt":"2020-10-01T14:38:12","slug":"lultima-pellicula-de-david-trueba-safegeix-a-la-programacio-de-temporada-alta","status":"publish","type":"noticia","link":"https:\/\/temporada-alta.com\/es\/noticia\/lultima-pellicula-de-david-trueba-safegeix-a-la-programacio-de-temporada-alta\/","title":{"rendered":"La \u00faltima pel\u00edcula de David Trueba se a\u00f1ade a la programaci\u00f3n de Temporada Alta"},"content":{"rendered":"<div id=\"modal-ready\"><p>David Trueba viaja hasta Melilla con su \u00faltima pel\u00edcula, <em><a href=\"https:\/\/temporada-alta.com\/es\/shows\/a-este-lado-del-mundo\/\">A este lado del mundo<\/a><\/em>, que se a\u00f1ade a la programaci\u00f3n de cine de Temporada Alta y se podr\u00e1 ver el pr\u00f3ximo jueves 15 de octubre en la Sala Truffaut (Cinemes Alb\u00e8niz Pla\u00e7a) por primera vez en una sala de Catalunya. Presentada este verano en el Festival de M\u00e1laga y protagonizada por Vito Sanz y Anna Alarc\u00f3n, propone una mirada profunda y global sobre les migraciones, las fronteras y los muros.<\/p>\n<p>La nueva pel\u00edcula de David Trueba ejemplifica el compromiso de este director, guionista y escritor con el mundo que lo rodea y sus conflictos sociales. Alberto es un joven ingeniero que ha sido despedido de su empresa en el momento en que planean comprarse una casa con su novia y ser padres. Cuando recibe un encargo de su antiguo jefe para realizar una tarea fuera de la empresa, no puede negarse a aceptarlo. El trabajo implica viajar hasta la ciudad de Melilla. All\u00ed conocer\u00e1 a Nagore, encargada de guiarlo por un espacio desconocido para \u00e9l hasta ese momento. Y se topar\u00e1 de bruces con la complejidad de uno de los grandes asuntos que sacuden el mundo: la inmigraci\u00f3n.<\/p>\n<p><span class=\"TextRun SCXW157606803 BCX0\" lang=\"CA-ES\" xml:lang=\"CA-ES\" data-contrast=\"auto\"><span class=\"NormalTextRun SCXW157606803 BCX0\">La programaci\u00f3n de cine de Temporada Alta est\u00e1 hecha en coordinaci\u00f3n y colaboraci\u00f3n con<\/span><\/span><span class=\"TextRun SCXW157606803 BCX0\" lang=\"CA-ES\" xml:lang=\"CA-ES\" data-contrast=\"auto\"><span class=\"NormalTextRun SCXW157606803 BCX0\">\u00a0<\/span><\/span><span class=\"TextRun SCXW157606803 BCX0\" lang=\"CA-ES\" xml:lang=\"CA-ES\" data-contrast=\"auto\"><span class=\"NormalTextRun SCXW157606803 BCX0\">el\u00a0<\/span><\/span><span class=\"TextRun SCXW157606803 BCX0\" lang=\"CA-ES\" xml:lang=\"CA-ES\" data-contrast=\"auto\"><span class=\"NormalTextRun SCXW157606803 BCX0\">C<\/span><\/span><span class=\"TextRun SCXW157606803 BCX0\" lang=\"CA-ES\" xml:lang=\"CA-ES\" data-contrast=\"auto\"><span class=\"NormalTextRun SCXW157606803 BCX0\">ol\u00b7lectiu de\u00a0<\/span><\/span><span class=\"TextRun SCXW157606803 BCX0\" lang=\"CA-ES\" xml:lang=\"CA-ES\" data-contrast=\"auto\"><span class=\"NormalTextRun SCXW157606803 BCX0\">C<\/span><\/span><span class=\"TextRun SCXW157606803 BCX0\" lang=\"CA-ES\" xml:lang=\"CA-ES\" data-contrast=\"auto\"><span class=\"NormalTextRun SCXW157606803 BCX0\">r\u00edtics de\u00a0<\/span><\/span><span class=\"TextRun SCXW157606803 BCX0\" lang=\"CA-ES\" xml:lang=\"CA-ES\" data-contrast=\"auto\"><span class=\"NormalTextRun SCXW157606803 BCX0\">C<\/span><\/span><span class=\"TextRun SCXW157606803 BCX0\" lang=\"CA-ES\" xml:lang=\"CA-ES\" data-contrast=\"auto\"><span class=\"NormalTextRun SCXW157606803 BCX0\">inema de Girona \/ Cinema Truffaut<\/span><\/span><span class=\"TextRun SCXW157606803 BCX0\" lang=\"CA-ES\" xml:lang=\"CA-ES\" data-contrast=\"auto\"><span class=\"NormalTextRun SCXW157606803 BCX0\">. David Trueba ha dirigido pel\u00edculas como <em>La buena vida<\/em>, <em>Soldados de Salamina<\/em> o <em>Vivir es f\u00e1cil con los ojos cerrados<\/em>. <\/span><\/span><\/p>\n<p>Por otro lado, hemos a\u00f1adido una funci\u00f3n nueva del espect\u00e1culo <em><a href=\"https:\/\/temporada-alta.com\/shows\/turba\/\">Turba<\/a>,<\/em> de la compa\u00f1\u00eda Mos Maiorum, que tendr\u00e1 lugar el pr\u00f3ximo 31 de octubre a las 20.30 h. Recuerda que encontrar\u00e1s actualizada la informaci\u00f3n de todos los espect\u00e1culos en la p\u00e1gina <a href=\"https:\/\/temporada-alta.com\/es\/etiquetes_internes\/nuevas-funciones\/\">Nuevas funciones<\/a>\u00a0de la web.<\/p>\n<\/div>","protected":false},"excerpt":{"rendered":"<p>David Trueba viaja hasta Melilla con su \u00faltima pel\u00edcula, A este lado del mundo, que se a\u00f1ade a&#8230;<\/p>\n","protected":false},"featured_media":59074,"template":"","class_list":["post-59068","noticia","type-noticia","status-publish","has-post-thumbnail","hentry"],"acf":[],"yoast_head":"<!-- This site is optimized with the Yoast SEO plugin v27.0 - https:\/\/yoast.com\/product\/yoast-seo-wordpress\/ -->\n<title>La \u00faltima pel\u00edcula de David Trueba se a\u00f1ade a la programaci\u00f3n de Temporada Alta - Temporada Alta<\/title>\n<meta name=\"robots\" content=\"index, follow, max-snippet:-1, max-image-preview:large, max-video-preview:-1\" \/>\n<link rel=\"canonical\" href=\"https:\/\/temporada-alta.com\/es\/noticia\/lultima-pellicula-de-david-trueba-safegeix-a-la-programacio-de-temporada-alta\/\" \/>\n<meta property=\"og:locale\" content=\"es_ES\" \/>\n<meta property=\"og:type\" content=\"article\" \/>\n<meta property=\"og:title\" content=\"La \u00faltima pel\u00edcula de David Trueba se a\u00f1ade a la programaci\u00f3n de Temporada Alta - Temporada Alta\" \/>\n<meta property=\"og:description\" content=\"David Trueba viaja hasta Melilla con su \u00faltima pel\u00edcula, A este lado del mundo, que se a\u00f1ade a...\" \/>\n<meta property=\"og:url\" content=\"https:\/\/temporada-alta.com\/es\/noticia\/lultima-pellicula-de-david-trueba-safegeix-a-la-programacio-de-temporada-alta\/\" \/>\n<meta property=\"og:site_name\" content=\"Temporada Alta\" \/>\n<meta property=\"article:modified_time\" content=\"2020-10-01T14:38:12+00:00\" \/>\n<meta property=\"og:image\" content=\"https:\/\/temporada-alta.com\/wp-content\/uploads\/A-este-lado-del-mundo.jpg\" \/>\n\t<meta property=\"og:image:width\" content=\"1805\" \/>\n\t<meta property=\"og:image:height\" content=\"1200\" \/>\n\t<meta property=\"og:image:type\" content=\"image\/jpeg\" \/>\n<meta name=\"twitter:card\" content=\"summary_large_image\" \/>\n<script type=\"application\/ld+json\" class=\"yoast-schema-graph\">{\"@context\":\"https:\/\/schema.org\",\"@graph\":[{\"@type\":\"WebPage\",\"@id\":\"https:\/\/temporada-alta.com\/es\/noticia\/lultima-pellicula-de-david-trueba-safegeix-a-la-programacio-de-temporada-alta\/\",\"url\":\"https:\/\/temporada-alta.com\/es\/noticia\/lultima-pellicula-de-david-trueba-safegeix-a-la-programacio-de-temporada-alta\/\",\"name\":\"La \u00faltima pel\u00edcula de David Trueba se a\u00f1ade a la programaci\u00f3n de Temporada Alta - Temporada Alta\",\"isPartOf\":{\"@id\":\"https:\/\/temporada-alta.com\/es\/#website\"},\"primaryImageOfPage\":{\"@id\":\"https:\/\/temporada-alta.com\/es\/noticia\/lultima-pellicula-de-david-trueba-safegeix-a-la-programacio-de-temporada-alta\/#primaryimage\"},\"image\":{\"@id\":\"https:\/\/temporada-alta.com\/es\/noticia\/lultima-pellicula-de-david-trueba-safegeix-a-la-programacio-de-temporada-alta\/#primaryimage\"},\"thumbnailUrl\":\"https:\/\/temporada-alta.com\/wp-content\/uploads\/A-este-lado-del-mundo.jpg\",\"datePublished\":\"2020-10-01T13:07:10+00:00\",\"dateModified\":\"2020-10-01T14:38:12+00:00\",\"breadcrumb\":{\"@id\":\"https:\/\/temporada-alta.com\/es\/noticia\/lultima-pellicula-de-david-trueba-safegeix-a-la-programacio-de-temporada-alta\/#breadcrumb\"},\"inLanguage\":\"es\",\"potentialAction\":[{\"@type\":\"ReadAction\",\"target\":[\"https:\/\/temporada-alta.com\/es\/noticia\/lultima-pellicula-de-david-trueba-safegeix-a-la-programacio-de-temporada-alta\/\"]}]},{\"@type\":\"ImageObject\",\"inLanguage\":\"es\",\"@id\":\"https:\/\/temporada-alta.com\/es\/noticia\/lultima-pellicula-de-david-trueba-safegeix-a-la-programacio-de-temporada-alta\/#primaryimage\",\"url\":\"https:\/\/temporada-alta.com\/wp-content\/uploads\/A-este-lado-del-mundo.jpg\",\"contentUrl\":\"https:\/\/temporada-alta.com\/wp-content\/uploads\/A-este-lado-del-mundo.jpg\",\"width\":1805,\"height\":1200},{\"@type\":\"BreadcrumbList\",\"@id\":\"https:\/\/temporada-alta.com\/es\/noticia\/lultima-pellicula-de-david-trueba-safegeix-a-la-programacio-de-temporada-alta\/#breadcrumb\",\"itemListElement\":[{\"@type\":\"ListItem\",\"position\":1,\"name\":\"Inici\",\"item\":\"https:\/\/temporada-alta.com\/es\/\"},{\"@type\":\"ListItem\",\"position\":2,\"name\":\"La \u00faltima pel\u00edcula de David Trueba se a\u00f1ade a la programaci\u00f3n de Temporada Alta\"}]},{\"@type\":\"WebSite\",\"@id\":\"https:\/\/temporada-alta.com\/es\/#website\",\"url\":\"https:\/\/temporada-alta.com\/es\/\",\"name\":\"Temporada Alta\",\"description\":\"Festival d&#039;Arts Esc\u00e8niques\",\"publisher\":{\"@id\":\"https:\/\/temporada-alta.com\/es\/#organization\"},\"potentialAction\":[{\"@type\":\"SearchAction\",\"target\":{\"@type\":\"EntryPoint\",\"urlTemplate\":\"https:\/\/temporada-alta.com\/es\/?s={search_term_string}\"},\"query-input\":{\"@type\":\"PropertyValueSpecification\",\"valueRequired\":true,\"valueName\":\"search_term_string\"}}],\"inLanguage\":\"es\"},{\"@type\":\"Organization\",\"@id\":\"https:\/\/temporada-alta.com\/es\/#organization\",\"name\":\"Temporada Alta\",\"url\":\"https:\/\/temporada-alta.com\/es\/\",\"logo\":{\"@type\":\"ImageObject\",\"inLanguage\":\"es\",\"@id\":\"https:\/\/temporada-alta.com\/es\/#\/schema\/logo\/image\/\",\"url\":\"https:\/\/temporada-alta.com\/wp-content\/uploads\/TA21-Logotip-pos.png\",\"contentUrl\":\"https:\/\/temporada-alta.com\/wp-content\/uploads\/TA21-Logotip-pos.png\",\"width\":800,\"height\":267,\"caption\":\"Temporada Alta\"},\"image\":{\"@id\":\"https:\/\/temporada-alta.com\/es\/#\/schema\/logo\/image\/\"}}]}<\/script>\n<!-- \/ Yoast SEO plugin. -->","yoast_head_json":{"title":"La \u00faltima pel\u00edcula de David Trueba se a\u00f1ade a la programaci\u00f3n de Temporada Alta - Temporada Alta","robots":{"index":"index","follow":"follow","max-snippet":"max-snippet:-1","max-image-preview":"max-image-preview:large","max-video-preview":"max-video-preview:-1"},"canonical":"https:\/\/temporada-alta.com\/es\/noticia\/lultima-pellicula-de-david-trueba-safegeix-a-la-programacio-de-temporada-alta\/","og_locale":"es_ES","og_type":"article","og_title":"La \u00faltima pel\u00edcula de David Trueba se a\u00f1ade a la programaci\u00f3n de Temporada Alta - Temporada Alta","og_description":"David Trueba viaja hasta Melilla con su \u00faltima pel\u00edcula, A este lado del mundo, que se a\u00f1ade a...","og_url":"https:\/\/temporada-alta.com\/es\/noticia\/lultima-pellicula-de-david-trueba-safegeix-a-la-programacio-de-temporada-alta\/","og_site_name":"Temporada Alta","article_modified_time":"2020-10-01T14:38:12+00:00","og_image":[{"width":1805,"height":1200,"url":"https:\/\/temporada-alta.com\/wp-content\/uploads\/A-este-lado-del-mundo.jpg","type":"image\/jpeg"}],"twitter_card":"summary_large_image","schema":{"@context":"https:\/\/schema.org","@graph":[{"@type":"WebPage","@id":"https:\/\/temporada-alta.com\/es\/noticia\/lultima-pellicula-de-david-trueba-safegeix-a-la-programacio-de-temporada-alta\/","url":"https:\/\/temporada-alta.com\/es\/noticia\/lultima-pellicula-de-david-trueba-safegeix-a-la-programacio-de-temporada-alta\/","name":"La \u00faltima pel\u00edcula de David Trueba se a\u00f1ade a la programaci\u00f3n de Temporada Alta - Temporada Alta","isPartOf":{"@id":"https:\/\/temporada-alta.com\/es\/#website"},"primaryImageOfPage":{"@id":"https:\/\/temporada-alta.com\/es\/noticia\/lultima-pellicula-de-david-trueba-safegeix-a-la-programacio-de-temporada-alta\/#primaryimage"},"image":{"@id":"https:\/\/temporada-alta.com\/es\/noticia\/lultima-pellicula-de-david-trueba-safegeix-a-la-programacio-de-temporada-alta\/#primaryimage"},"thumbnailUrl":"https:\/\/temporada-alta.com\/wp-content\/uploads\/A-este-lado-del-mundo.jpg","datePublished":"2020-10-01T13:07:10+00:00","dateModified":"2020-10-01T14:38:12+00:00","breadcrumb":{"@id":"https:\/\/temporada-alta.com\/es\/noticia\/lultima-pellicula-de-david-trueba-safegeix-a-la-programacio-de-temporada-alta\/#breadcrumb"},"inLanguage":"es","potentialAction":[{"@type":"ReadAction","target":["https:\/\/temporada-alta.com\/es\/noticia\/lultima-pellicula-de-david-trueba-safegeix-a-la-programacio-de-temporada-alta\/"]}]},{"@type":"ImageObject","inLanguage":"es","@id":"https:\/\/temporada-alta.com\/es\/noticia\/lultima-pellicula-de-david-trueba-safegeix-a-la-programacio-de-temporada-alta\/#primaryimage","url":"https:\/\/temporada-alta.com\/wp-content\/uploads\/A-este-lado-del-mundo.jpg","contentUrl":"https:\/\/temporada-alta.com\/wp-content\/uploads\/A-este-lado-del-mundo.jpg","width":1805,"height":1200},{"@type":"BreadcrumbList","@id":"https:\/\/temporada-alta.com\/es\/noticia\/lultima-pellicula-de-david-trueba-safegeix-a-la-programacio-de-temporada-alta\/#breadcrumb","itemListElement":[{"@type":"ListItem","position":1,"name":"Inici","item":"https:\/\/temporada-alta.com\/es\/"},{"@type":"ListItem","position":2,"name":"La \u00faltima pel\u00edcula de David Trueba se a\u00f1ade a la programaci\u00f3n de Temporada Alta"}]},{"@type":"WebSite","@id":"https:\/\/temporada-alta.com\/es\/#website","url":"https:\/\/temporada-alta.com\/es\/","name":"Temporada Alta","description":"Festival d&#039;Arts Esc\u00e8niques","publisher":{"@id":"https:\/\/temporada-alta.com\/es\/#organization"},"potentialAction":[{"@type":"SearchAction","target":{"@type":"EntryPoint","urlTemplate":"https:\/\/temporada-alta.com\/es\/?s={search_term_string}"},"query-input":{"@type":"PropertyValueSpecification","valueRequired":true,"valueName":"search_term_string"}}],"inLanguage":"es"},{"@type":"Organization","@id":"https:\/\/temporada-alta.com\/es\/#organization","name":"Temporada Alta","url":"https:\/\/temporada-alta.com\/es\/","logo":{"@type":"ImageObject","inLanguage":"es","@id":"https:\/\/temporada-alta.com\/es\/#\/schema\/logo\/image\/","url":"https:\/\/temporada-alta.com\/wp-content\/uploads\/TA21-Logotip-pos.png","contentUrl":"https:\/\/temporada-alta.com\/wp-content\/uploads\/TA21-Logotip-pos.png","width":800,"height":267,"caption":"Temporada Alta"},"image":{"@id":"https:\/\/temporada-alta.com\/es\/#\/schema\/logo\/image\/"}}]}},"_links":{"self":[{"href":"https:\/\/temporada-alta.com\/es\/wp-json\/wp\/v2\/noticia\/59068","targetHints":{"allow":["GET"]}}],"collection":[{"href":"https:\/\/temporada-alta.com\/es\/wp-json\/wp\/v2\/noticia"}],"about":[{"href":"https:\/\/temporada-alta.com\/es\/wp-json\/wp\/v2\/types\/noticia"}],"wp:featuredmedia":[{"embeddable":true,"href":"https:\/\/temporada-alta.com\/es\/wp-json\/wp\/v2\/media\/59074"}],"wp:attachment":[{"href":"https:\/\/temporada-alta.com\/es\/wp-json\/wp\/v2\/media?parent=59068"}],"curies":[{"name":"wp","href":"https:\/\/api.w.org\/{rel}","templated":true}]}}