{"id":59026,"date":"2020-09-29T16:12:10","date_gmt":"2020-09-29T14:12:10","guid":{"rendered":"https:\/\/temporada-alta.com\/?post_type=noticia&#038;p=59026"},"modified":"2020-10-06T10:23:18","modified_gmt":"2020-10-06T08:23:18","slug":"hemos-presentado-temporada-alta-2020-a-los-medios-de-madrid","status":"publish","type":"noticia","link":"https:\/\/temporada-alta.com\/es\/noticia\/hemos-presentado-temporada-alta-2020-a-los-medios-de-madrid\/","title":{"rendered":"Hemos presentado Temporada Alta 2020 a los medios de Madrid"},"content":{"rendered":"<div id=\"modal-ready\"><p><span data-contrast=\"auto\">Hoy hemos presentado la edici\u00f3n de Temporada Alta 2020 a los medios de Madrid, en una rueda de\u00a0<\/span><span data-contrast=\"auto\">prensa<\/span><span data-contrast=\"auto\"> v\u00eda Zoom organizada conjuntamente con el <a href=\"https:\/\/ca.costabrava.org\/\">Patronato de Turismo Costa Brava de la Diputaci\u00f3n de Girona<\/a><\/span><span data-contrast=\"auto\">.<\/span><span data-ccp-props=\"{&quot;201341983&quot;:0,&quot;335559739&quot;:160,&quot;335559740&quot;:259}\">\u00a0<\/span><\/p>\n<p><span data-contrast=\"auto\">Este acto de\u00a0<\/span><span data-contrast=\"auto\">presentaci\u00f3n ha s<\/span><span data-contrast=\"auto\">ervido<\/span><span data-contrast=\"auto\">\u00a0para dar a conocer la programaci\u00f3n del festival de\u00a0<\/span><span data-contrast=\"auto\">este a\u00f1o, que se\u00a0<\/span><span data-contrast=\"auto\">inaugura<\/span><span data-contrast=\"auto\">\u00a0el 7 de octubre y ser alargar\u00e1 hasta el 8 de diciembre. Esta edici\u00f3n esta inevitablem<\/span><span data-contrast=\"auto\">ente marcada por la\u00a0<\/span><span data-contrast=\"auto\">crisis<\/span><span data-contrast=\"auto\">\u00a0<\/span><span data-contrast=\"auto\">sanitaria<\/span><span data-contrast=\"auto\">\u00a0actual. Por un<\/span><span data-contrast=\"auto\">\u00a0lado, hemos mantenido una programaci\u00f3n presencial basada en lo<\/span><span data-contrast=\"auto\">s\u00a0<\/span><span data-contrast=\"auto\">ejes que conforman habitualmente el festival: <\/span><span data-contrast=\"auto\">la\u00a0<\/span><span data-contrast=\"auto\">internacionalizaci\u00f3n<\/span><span data-contrast=\"auto\">, el apoyo a la creaci\u00f3n<\/span><span data-contrast=\"auto\">\u00a0y la autor\u00eda del pa\u00eds, los v\u00ednculos con los espectadores y la ciudadan\u00eda, as\u00ed como los proyectos socioeducativos.<\/span><span data-contrast=\"auto\">\u00a0<\/span><span data-contrast=\"auto\">Y, por otro lado, hemos incorporado una secci\u00f3n de programaci\u00f3n a distancia, que nos ofrece oportunidades para explorar nuevos formatos de creaci\u00f3n y de exhibici\u00f3n.<\/span><span data-ccp-props=\"{&quot;201341983&quot;:0,&quot;335559739&quot;:160,&quot;335559740&quot;:259}\">\u00a0<\/span><\/p>\n<p><span data-contrast=\"auto\">En total, encontramos un centenar de propuestas, de entre las cuales hay una treintena de estrenos y una veintena de coproducciones del festival. Algunos<\/span><span data-contrast=\"auto\">\u00a0de los nombres m\u00e1s destacados son Viviane de\u00a0<\/span><span data-contrast=\"auto\">Muynck<\/span><span data-contrast=\"auto\">, Jan\u00a0<\/span><span data-contrast=\"auto\">Lauwers<\/span><span data-contrast=\"auto\">, Guy\u00a0<\/span><span data-contrast=\"auto\">Cassiers<\/span><span data-contrast=\"auto\">, Romeo\u00a0<\/span><span data-contrast=\"auto\">Castellucci<\/span><span data-contrast=\"auto\">, Julio Manrique, S\u00edlvia P\u00e9rez Cruz, Llu\u00eds Homar, La Veronal, \u00c0lex Rigola,\u00a0<\/span><span data-contrast=\"auto\">Isarel<\/span><span data-contrast=\"auto\">\u00a0Galv\u00e1n,\u00a0<\/span><span data-contrast=\"auto\">Llu\u00efsa<\/span><span data-contrast=\"auto\">\u00a0<\/span><span data-contrast=\"auto\">Cunill\u00e9<\/span><span data-contrast=\"auto\">, Lurdes Barba, Carmen Machi, Gabriel Calder\u00f3n, El Conde de Torrefiel, entre\u00a0<\/span><span data-contrast=\"auto\">muchos otros.<\/span><span data-ccp-props=\"{&quot;201341983&quot;:0,&quot;335559739&quot;:160,&quot;335559740&quot;:259}\">\u00a0<\/span><\/p>\n<p><span data-contrast=\"auto\">A la presentaci\u00f3n de hoy han intervenido Salvador Sunyer, director de Temporada Alta, y Albert\u00a0<\/span><span data-contrast=\"auto\">Pi\u00f1eda<\/span><span data-contrast=\"auto\">,\u00a0<\/span><span data-contrast=\"auto\">vicepresidente<\/span><span data-contrast=\"auto\">\u00a0del Patronato de Turismo Costra Brava Girona de la Diputaci\u00f3n de Gi<\/span><span data-contrast=\"auto\">rona.<\/span><span data-ccp-props=\"{&quot;201341983&quot;:0,&quot;335559739&quot;:160,&quot;335559740&quot;:259}\">\u00a0<\/span><\/p>\n<\/div>","protected":false},"excerpt":{"rendered":"<p>Hoy hemos presentado la edici\u00f3n de Temporada Alta 2020 a los medios de Madrid, en una rueda de\u00a0prensa&#8230;<\/p>\n","protected":false},"featured_media":59036,"template":"","class_list":["post-59026","noticia","type-noticia","status-publish","has-post-thumbnail","hentry"],"acf":[],"yoast_head":"<!-- This site is optimized with the Yoast SEO plugin v27.0 - https:\/\/yoast.com\/product\/yoast-seo-wordpress\/ -->\n<title>Hemos presentado Temporada Alta 2020 a los medios de Madrid - Temporada Alta<\/title>\n<meta name=\"robots\" content=\"index, follow, max-snippet:-1, max-image-preview:large, max-video-preview:-1\" \/>\n<link rel=\"canonical\" href=\"https:\/\/temporada-alta.com\/es\/noticia\/hemos-presentado-temporada-alta-2020-a-los-medios-de-madrid\/\" \/>\n<meta property=\"og:locale\" content=\"es_ES\" \/>\n<meta property=\"og:type\" content=\"article\" \/>\n<meta property=\"og:title\" content=\"Hemos presentado Temporada Alta 2020 a los medios de Madrid - Temporada Alta\" \/>\n<meta property=\"og:description\" content=\"Hoy hemos presentado la edici\u00f3n de Temporada Alta 2020 a los medios de Madrid, en una rueda de\u00a0prensa...\" \/>\n<meta property=\"og:url\" content=\"https:\/\/temporada-alta.com\/es\/noticia\/hemos-presentado-temporada-alta-2020-a-los-medios-de-madrid\/\" \/>\n<meta property=\"og:site_name\" content=\"Temporada Alta\" \/>\n<meta property=\"article:modified_time\" content=\"2020-10-06T08:23:18+00:00\" \/>\n<meta property=\"og:image\" content=\"https:\/\/temporada-alta.com\/wp-content\/uploads\/Presentacio-a-Madrid.jpg\" \/>\n\t<meta property=\"og:image:width\" content=\"1600\" \/>\n\t<meta property=\"og:image:height\" content=\"1200\" \/>\n\t<meta property=\"og:image:type\" content=\"image\/jpeg\" \/>\n<meta name=\"twitter:card\" content=\"summary_large_image\" \/>\n<script type=\"application\/ld+json\" class=\"yoast-schema-graph\">{\"@context\":\"https:\/\/schema.org\",\"@graph\":[{\"@type\":\"WebPage\",\"@id\":\"https:\/\/temporada-alta.com\/es\/noticia\/hemos-presentado-temporada-alta-2020-a-los-medios-de-madrid\/\",\"url\":\"https:\/\/temporada-alta.com\/es\/noticia\/hemos-presentado-temporada-alta-2020-a-los-medios-de-madrid\/\",\"name\":\"Hemos presentado Temporada Alta 2020 a los medios de Madrid - Temporada Alta\",\"isPartOf\":{\"@id\":\"https:\/\/temporada-alta.com\/es\/#website\"},\"primaryImageOfPage\":{\"@id\":\"https:\/\/temporada-alta.com\/es\/noticia\/hemos-presentado-temporada-alta-2020-a-los-medios-de-madrid\/#primaryimage\"},\"image\":{\"@id\":\"https:\/\/temporada-alta.com\/es\/noticia\/hemos-presentado-temporada-alta-2020-a-los-medios-de-madrid\/#primaryimage\"},\"thumbnailUrl\":\"https:\/\/temporada-alta.com\/wp-content\/uploads\/Presentacio-a-Madrid.jpg\",\"datePublished\":\"2020-09-29T14:12:10+00:00\",\"dateModified\":\"2020-10-06T08:23:18+00:00\",\"breadcrumb\":{\"@id\":\"https:\/\/temporada-alta.com\/es\/noticia\/hemos-presentado-temporada-alta-2020-a-los-medios-de-madrid\/#breadcrumb\"},\"inLanguage\":\"es\",\"potentialAction\":[{\"@type\":\"ReadAction\",\"target\":[\"https:\/\/temporada-alta.com\/es\/noticia\/hemos-presentado-temporada-alta-2020-a-los-medios-de-madrid\/\"]}]},{\"@type\":\"ImageObject\",\"inLanguage\":\"es\",\"@id\":\"https:\/\/temporada-alta.com\/es\/noticia\/hemos-presentado-temporada-alta-2020-a-los-medios-de-madrid\/#primaryimage\",\"url\":\"https:\/\/temporada-alta.com\/wp-content\/uploads\/Presentacio-a-Madrid.jpg\",\"contentUrl\":\"https:\/\/temporada-alta.com\/wp-content\/uploads\/Presentacio-a-Madrid.jpg\",\"width\":1600,\"height\":1200},{\"@type\":\"BreadcrumbList\",\"@id\":\"https:\/\/temporada-alta.com\/es\/noticia\/hemos-presentado-temporada-alta-2020-a-los-medios-de-madrid\/#breadcrumb\",\"itemListElement\":[{\"@type\":\"ListItem\",\"position\":1,\"name\":\"Inici\",\"item\":\"https:\/\/temporada-alta.com\/es\/\"},{\"@type\":\"ListItem\",\"position\":2,\"name\":\"Hemos presentado Temporada Alta 2020 a los medios de Madrid\"}]},{\"@type\":\"WebSite\",\"@id\":\"https:\/\/temporada-alta.com\/es\/#website\",\"url\":\"https:\/\/temporada-alta.com\/es\/\",\"name\":\"Temporada Alta\",\"description\":\"Festival d&#039;Arts Esc\u00e8niques\",\"publisher\":{\"@id\":\"https:\/\/temporada-alta.com\/es\/#organization\"},\"potentialAction\":[{\"@type\":\"SearchAction\",\"target\":{\"@type\":\"EntryPoint\",\"urlTemplate\":\"https:\/\/temporada-alta.com\/es\/?s={search_term_string}\"},\"query-input\":{\"@type\":\"PropertyValueSpecification\",\"valueRequired\":true,\"valueName\":\"search_term_string\"}}],\"inLanguage\":\"es\"},{\"@type\":\"Organization\",\"@id\":\"https:\/\/temporada-alta.com\/es\/#organization\",\"name\":\"Temporada Alta\",\"url\":\"https:\/\/temporada-alta.com\/es\/\",\"logo\":{\"@type\":\"ImageObject\",\"inLanguage\":\"es\",\"@id\":\"https:\/\/temporada-alta.com\/es\/#\/schema\/logo\/image\/\",\"url\":\"https:\/\/temporada-alta.com\/wp-content\/uploads\/TA21-Logotip-pos.png\",\"contentUrl\":\"https:\/\/temporada-alta.com\/wp-content\/uploads\/TA21-Logotip-pos.png\",\"width\":800,\"height\":267,\"caption\":\"Temporada Alta\"},\"image\":{\"@id\":\"https:\/\/temporada-alta.com\/es\/#\/schema\/logo\/image\/\"}}]}<\/script>\n<!-- \/ Yoast SEO plugin. -->","yoast_head_json":{"title":"Hemos presentado Temporada Alta 2020 a los medios de Madrid - Temporada Alta","robots":{"index":"index","follow":"follow","max-snippet":"max-snippet:-1","max-image-preview":"max-image-preview:large","max-video-preview":"max-video-preview:-1"},"canonical":"https:\/\/temporada-alta.com\/es\/noticia\/hemos-presentado-temporada-alta-2020-a-los-medios-de-madrid\/","og_locale":"es_ES","og_type":"article","og_title":"Hemos presentado Temporada Alta 2020 a los medios de Madrid - Temporada Alta","og_description":"Hoy hemos presentado la edici\u00f3n de Temporada Alta 2020 a los medios de Madrid, en una rueda de\u00a0prensa...","og_url":"https:\/\/temporada-alta.com\/es\/noticia\/hemos-presentado-temporada-alta-2020-a-los-medios-de-madrid\/","og_site_name":"Temporada Alta","article_modified_time":"2020-10-06T08:23:18+00:00","og_image":[{"width":1600,"height":1200,"url":"https:\/\/temporada-alta.com\/wp-content\/uploads\/Presentacio-a-Madrid.jpg","type":"image\/jpeg"}],"twitter_card":"summary_large_image","schema":{"@context":"https:\/\/schema.org","@graph":[{"@type":"WebPage","@id":"https:\/\/temporada-alta.com\/es\/noticia\/hemos-presentado-temporada-alta-2020-a-los-medios-de-madrid\/","url":"https:\/\/temporada-alta.com\/es\/noticia\/hemos-presentado-temporada-alta-2020-a-los-medios-de-madrid\/","name":"Hemos presentado Temporada Alta 2020 a los medios de Madrid - Temporada Alta","isPartOf":{"@id":"https:\/\/temporada-alta.com\/es\/#website"},"primaryImageOfPage":{"@id":"https:\/\/temporada-alta.com\/es\/noticia\/hemos-presentado-temporada-alta-2020-a-los-medios-de-madrid\/#primaryimage"},"image":{"@id":"https:\/\/temporada-alta.com\/es\/noticia\/hemos-presentado-temporada-alta-2020-a-los-medios-de-madrid\/#primaryimage"},"thumbnailUrl":"https:\/\/temporada-alta.com\/wp-content\/uploads\/Presentacio-a-Madrid.jpg","datePublished":"2020-09-29T14:12:10+00:00","dateModified":"2020-10-06T08:23:18+00:00","breadcrumb":{"@id":"https:\/\/temporada-alta.com\/es\/noticia\/hemos-presentado-temporada-alta-2020-a-los-medios-de-madrid\/#breadcrumb"},"inLanguage":"es","potentialAction":[{"@type":"ReadAction","target":["https:\/\/temporada-alta.com\/es\/noticia\/hemos-presentado-temporada-alta-2020-a-los-medios-de-madrid\/"]}]},{"@type":"ImageObject","inLanguage":"es","@id":"https:\/\/temporada-alta.com\/es\/noticia\/hemos-presentado-temporada-alta-2020-a-los-medios-de-madrid\/#primaryimage","url":"https:\/\/temporada-alta.com\/wp-content\/uploads\/Presentacio-a-Madrid.jpg","contentUrl":"https:\/\/temporada-alta.com\/wp-content\/uploads\/Presentacio-a-Madrid.jpg","width":1600,"height":1200},{"@type":"BreadcrumbList","@id":"https:\/\/temporada-alta.com\/es\/noticia\/hemos-presentado-temporada-alta-2020-a-los-medios-de-madrid\/#breadcrumb","itemListElement":[{"@type":"ListItem","position":1,"name":"Inici","item":"https:\/\/temporada-alta.com\/es\/"},{"@type":"ListItem","position":2,"name":"Hemos presentado Temporada Alta 2020 a los medios de Madrid"}]},{"@type":"WebSite","@id":"https:\/\/temporada-alta.com\/es\/#website","url":"https:\/\/temporada-alta.com\/es\/","name":"Temporada Alta","description":"Festival d&#039;Arts Esc\u00e8niques","publisher":{"@id":"https:\/\/temporada-alta.com\/es\/#organization"},"potentialAction":[{"@type":"SearchAction","target":{"@type":"EntryPoint","urlTemplate":"https:\/\/temporada-alta.com\/es\/?s={search_term_string}"},"query-input":{"@type":"PropertyValueSpecification","valueRequired":true,"valueName":"search_term_string"}}],"inLanguage":"es"},{"@type":"Organization","@id":"https:\/\/temporada-alta.com\/es\/#organization","name":"Temporada Alta","url":"https:\/\/temporada-alta.com\/es\/","logo":{"@type":"ImageObject","inLanguage":"es","@id":"https:\/\/temporada-alta.com\/es\/#\/schema\/logo\/image\/","url":"https:\/\/temporada-alta.com\/wp-content\/uploads\/TA21-Logotip-pos.png","contentUrl":"https:\/\/temporada-alta.com\/wp-content\/uploads\/TA21-Logotip-pos.png","width":800,"height":267,"caption":"Temporada Alta"},"image":{"@id":"https:\/\/temporada-alta.com\/es\/#\/schema\/logo\/image\/"}}]}},"_links":{"self":[{"href":"https:\/\/temporada-alta.com\/es\/wp-json\/wp\/v2\/noticia\/59026","targetHints":{"allow":["GET"]}}],"collection":[{"href":"https:\/\/temporada-alta.com\/es\/wp-json\/wp\/v2\/noticia"}],"about":[{"href":"https:\/\/temporada-alta.com\/es\/wp-json\/wp\/v2\/types\/noticia"}],"wp:featuredmedia":[{"embeddable":true,"href":"https:\/\/temporada-alta.com\/es\/wp-json\/wp\/v2\/media\/59036"}],"wp:attachment":[{"href":"https:\/\/temporada-alta.com\/es\/wp-json\/wp\/v2\/media?parent=59026"}],"curies":[{"name":"wp","href":"https:\/\/api.w.org\/{rel}","templated":true}]}}