{"id":49089,"date":"2019-11-28T17:33:00","date_gmt":"2019-11-28T16:33:00","guid":{"rendered":"https:\/\/temporada-alta.com\/?post_type=noticia&#038;p=49089"},"modified":"2019-11-28T17:46:14","modified_gmt":"2019-11-28T16:46:14","slug":"el-canal-33-estrena-amb-el-cor-al-genoll-un-documental-que-se-acerca-al-dia-a-dia-de-sol-pico","status":"publish","type":"noticia","link":"https:\/\/temporada-alta.com\/es\/noticia\/el-canal-33-estrena-amb-el-cor-al-genoll-un-documental-que-se-acerca-al-dia-a-dia-de-sol-pico\/","title":{"rendered":"El Canal 33 estrena &#8216;Amb el cor al genoll&#8217;, un documental que se acerca al d\u00eda a d\u00eda de Sol Pic\u00f3"},"content":{"rendered":"<div id=\"modal-ready\"><p>Esta noche, a las 23.15h, el Canal 33 estrena Con el <a href=\"https:\/\/www.ccma.cat\/tv3\/el-documental\/amb-el-cor-al-genoll-es-un-documental-que-sacosta-al-dia-a-dia-de-la-ballarina-sol-pico-en-un-moment-crucial-de-la-seva-carrera\/noticia\/2965230\/\"><em><strong>Amb el cor al genoll<\/strong><\/em><\/a>, un documental de Susanna Barranco que repasa la trayectoria art\u00edstica de la core\u00f3grafa y bailarina Sol Pic\u00f3. Precisamente, Barranco y Pic\u00f3 estrenan su nuevo espect\u00e1culo,<em><strong><a href=\"https:\/\/temporada-alta.com\/es\/espectaculo\/red-room\/red-room\/\"> Red Room<\/a><\/strong><\/em>, la semana que viene en Temporada Alta, un montaje que se acerca al mundo de la prostituci\u00f3n con perspectiva de g\u00e9nero.<\/p>\n<p><a href=\"https:\/\/www.ccma.cat\/tv3\/el-documental\/amb-el-cor-al-genoll-es-un-documental-que-sacosta-al-dia-a-dia-de-la-ballarina-sol-pico-en-un-moment-crucial-de-la-seva-carrera\/noticia\/2965230\/\"><em><strong>Amb el cor al genoll<\/strong><\/em><\/a> muestra el d\u00eda a d\u00eda de Pic\u00f3 desde sus inicios, cuando se acercaba m\u00e1s a la perfomance y el teatro de calle, hasta la actualidad, consolidada art\u00edsticamente y con su propia compa\u00f1\u00eda. El documental se fija en la actividad que se desarrolla detr\u00e1s del escenario, en un momento crucial de la carrera de Sol Pic\u00f3, justo despu\u00e9s de haber ganado el <a href=\"https:\/\/www.ccma.cat\/324\/sol-pic-premi-nacional-de-dansa-2016-en-la-modalitat-de-creaci-i-coreografia\/noticia\/2758822\/\">Premio Nacional de Danza<\/a>. La obra de Pic\u00f3 se caracteriza por mostrar una mujer fuerte y vigorosa pero que no tiene miedo de mostrar sus debilidades sin tab\u00faes. El proyecto, producci\u00f3n de La Barranco Films, se acerca tambi\u00e9n a la faceta m\u00e1s personal del artista: las dificultades de crecer como bailarina, las dificultades de la creaci\u00f3n y como encarar su carrera despu\u00e9s de hacer 50 a\u00f1os.<\/p>\n<p><em>Red Room<\/em> es el espect\u00e1culo que las dos creadoras presentan el pr\u00f3ximo 6 de diciembre a las 20.30h en el Teatre de Salt. Es un espect\u00e1culo que combina la danza, el teatro y el v\u00eddeo creado a partir del documental <em>Nues<\/em> de Susanna Barranco. Las tres expresiones art\u00edsticas sirven para preguntarse cu\u00e1les son las l\u00edneas rojas de la industria del sexo y, a la vez, dan voz tanto a las trabajadoras sexuales, de or\u00edgenes y pensamientos diferentes, como otros testigos que exponen los diversos posicionamientos que hay actualmente alrededor de la prostituci\u00f3n.<\/p>\n<\/div>","protected":false},"excerpt":{"rendered":"<p>Esta noche, a las 23.15h, el Canal 33 estrena Con el Amb el cor al genoll, un documental&#8230;<\/p>\n","protected":false},"featured_media":49088,"template":"","class_list":["post-49089","noticia","type-noticia","status-publish","has-post-thumbnail","hentry"],"acf":[],"yoast_head":"<!-- This site is optimized with the Yoast SEO plugin v27.0 - https:\/\/yoast.com\/product\/yoast-seo-wordpress\/ -->\n<title>El Canal 33 estrena &#039;Amb el cor al genoll&#039;, un documental que se acerca al d\u00eda a d\u00eda de Sol Pic\u00f3 - Temporada Alta<\/title>\n<meta name=\"robots\" content=\"index, follow, max-snippet:-1, max-image-preview:large, max-video-preview:-1\" \/>\n<link rel=\"canonical\" href=\"https:\/\/temporada-alta.com\/es\/noticia\/el-canal-33-estrena-amb-el-cor-al-genoll-un-documental-que-se-acerca-al-dia-a-dia-de-sol-pico\/\" \/>\n<meta property=\"og:locale\" content=\"es_ES\" \/>\n<meta property=\"og:type\" content=\"article\" \/>\n<meta property=\"og:title\" content=\"El Canal 33 estrena &#039;Amb el cor al genoll&#039;, un documental que se acerca al d\u00eda a d\u00eda de Sol Pic\u00f3 - Temporada Alta\" \/>\n<meta property=\"og:description\" content=\"Esta noche, a las 23.15h, el Canal 33 estrena Con el Amb el cor al genoll, un documental...\" \/>\n<meta property=\"og:url\" content=\"https:\/\/temporada-alta.com\/es\/noticia\/el-canal-33-estrena-amb-el-cor-al-genoll-un-documental-que-se-acerca-al-dia-a-dia-de-sol-pico\/\" \/>\n<meta property=\"og:site_name\" content=\"Temporada Alta\" \/>\n<meta property=\"article:modified_time\" content=\"2019-11-28T16:46:14+00:00\" \/>\n<meta property=\"og:image\" content=\"https:\/\/temporada-alta.com\/wp-content\/uploads\/redroom_foto.jpg\" \/>\n\t<meta property=\"og:image:width\" content=\"1000\" \/>\n\t<meta property=\"og:image:height\" content=\"500\" \/>\n\t<meta property=\"og:image:type\" content=\"image\/jpeg\" \/>\n<meta name=\"twitter:card\" content=\"summary_large_image\" \/>\n<script type=\"application\/ld+json\" class=\"yoast-schema-graph\">{\"@context\":\"https:\/\/schema.org\",\"@graph\":[{\"@type\":\"WebPage\",\"@id\":\"https:\/\/temporada-alta.com\/es\/noticia\/el-canal-33-estrena-amb-el-cor-al-genoll-un-documental-que-se-acerca-al-dia-a-dia-de-sol-pico\/\",\"url\":\"https:\/\/temporada-alta.com\/es\/noticia\/el-canal-33-estrena-amb-el-cor-al-genoll-un-documental-que-se-acerca-al-dia-a-dia-de-sol-pico\/\",\"name\":\"El Canal 33 estrena 'Amb el cor al genoll', un documental que se acerca al d\u00eda a d\u00eda de Sol Pic\u00f3 - Temporada Alta\",\"isPartOf\":{\"@id\":\"https:\/\/temporada-alta.com\/es\/#website\"},\"primaryImageOfPage\":{\"@id\":\"https:\/\/temporada-alta.com\/es\/noticia\/el-canal-33-estrena-amb-el-cor-al-genoll-un-documental-que-se-acerca-al-dia-a-dia-de-sol-pico\/#primaryimage\"},\"image\":{\"@id\":\"https:\/\/temporada-alta.com\/es\/noticia\/el-canal-33-estrena-amb-el-cor-al-genoll-un-documental-que-se-acerca-al-dia-a-dia-de-sol-pico\/#primaryimage\"},\"thumbnailUrl\":\"https:\/\/temporada-alta.com\/wp-content\/uploads\/redroom_foto.jpg\",\"datePublished\":\"2019-11-28T16:33:00+00:00\",\"dateModified\":\"2019-11-28T16:46:14+00:00\",\"breadcrumb\":{\"@id\":\"https:\/\/temporada-alta.com\/es\/noticia\/el-canal-33-estrena-amb-el-cor-al-genoll-un-documental-que-se-acerca-al-dia-a-dia-de-sol-pico\/#breadcrumb\"},\"inLanguage\":\"es\",\"potentialAction\":[{\"@type\":\"ReadAction\",\"target\":[\"https:\/\/temporada-alta.com\/es\/noticia\/el-canal-33-estrena-amb-el-cor-al-genoll-un-documental-que-se-acerca-al-dia-a-dia-de-sol-pico\/\"]}]},{\"@type\":\"ImageObject\",\"inLanguage\":\"es\",\"@id\":\"https:\/\/temporada-alta.com\/es\/noticia\/el-canal-33-estrena-amb-el-cor-al-genoll-un-documental-que-se-acerca-al-dia-a-dia-de-sol-pico\/#primaryimage\",\"url\":\"https:\/\/temporada-alta.com\/wp-content\/uploads\/redroom_foto.jpg\",\"contentUrl\":\"https:\/\/temporada-alta.com\/wp-content\/uploads\/redroom_foto.jpg\",\"width\":1000,\"height\":500,\"caption\":\"Imatge de l'espectacle Red Room\"},{\"@type\":\"BreadcrumbList\",\"@id\":\"https:\/\/temporada-alta.com\/es\/noticia\/el-canal-33-estrena-amb-el-cor-al-genoll-un-documental-que-se-acerca-al-dia-a-dia-de-sol-pico\/#breadcrumb\",\"itemListElement\":[{\"@type\":\"ListItem\",\"position\":1,\"name\":\"Inici\",\"item\":\"https:\/\/temporada-alta.com\/es\/\"},{\"@type\":\"ListItem\",\"position\":2,\"name\":\"El Canal 33 estrena &#8216;Amb el cor al genoll&#8217;, un documental que se acerca al d\u00eda a d\u00eda de Sol Pic\u00f3\"}]},{\"@type\":\"WebSite\",\"@id\":\"https:\/\/temporada-alta.com\/es\/#website\",\"url\":\"https:\/\/temporada-alta.com\/es\/\",\"name\":\"Temporada Alta\",\"description\":\"Festival d&#039;Arts Esc\u00e8niques\",\"publisher\":{\"@id\":\"https:\/\/temporada-alta.com\/es\/#organization\"},\"potentialAction\":[{\"@type\":\"SearchAction\",\"target\":{\"@type\":\"EntryPoint\",\"urlTemplate\":\"https:\/\/temporada-alta.com\/es\/?s={search_term_string}\"},\"query-input\":{\"@type\":\"PropertyValueSpecification\",\"valueRequired\":true,\"valueName\":\"search_term_string\"}}],\"inLanguage\":\"es\"},{\"@type\":\"Organization\",\"@id\":\"https:\/\/temporada-alta.com\/es\/#organization\",\"name\":\"Temporada Alta\",\"url\":\"https:\/\/temporada-alta.com\/es\/\",\"logo\":{\"@type\":\"ImageObject\",\"inLanguage\":\"es\",\"@id\":\"https:\/\/temporada-alta.com\/es\/#\/schema\/logo\/image\/\",\"url\":\"https:\/\/temporada-alta.com\/wp-content\/uploads\/TA21-Logotip-pos.png\",\"contentUrl\":\"https:\/\/temporada-alta.com\/wp-content\/uploads\/TA21-Logotip-pos.png\",\"width\":800,\"height\":267,\"caption\":\"Temporada Alta\"},\"image\":{\"@id\":\"https:\/\/temporada-alta.com\/es\/#\/schema\/logo\/image\/\"}}]}<\/script>\n<!-- \/ Yoast SEO plugin. -->","yoast_head_json":{"title":"El Canal 33 estrena 'Amb el cor al genoll', un documental que se acerca al d\u00eda a d\u00eda de Sol Pic\u00f3 - Temporada Alta","robots":{"index":"index","follow":"follow","max-snippet":"max-snippet:-1","max-image-preview":"max-image-preview:large","max-video-preview":"max-video-preview:-1"},"canonical":"https:\/\/temporada-alta.com\/es\/noticia\/el-canal-33-estrena-amb-el-cor-al-genoll-un-documental-que-se-acerca-al-dia-a-dia-de-sol-pico\/","og_locale":"es_ES","og_type":"article","og_title":"El Canal 33 estrena 'Amb el cor al genoll', un documental que se acerca al d\u00eda a d\u00eda de Sol Pic\u00f3 - Temporada Alta","og_description":"Esta noche, a las 23.15h, el Canal 33 estrena Con el Amb el cor al genoll, un documental...","og_url":"https:\/\/temporada-alta.com\/es\/noticia\/el-canal-33-estrena-amb-el-cor-al-genoll-un-documental-que-se-acerca-al-dia-a-dia-de-sol-pico\/","og_site_name":"Temporada Alta","article_modified_time":"2019-11-28T16:46:14+00:00","og_image":[{"width":1000,"height":500,"url":"https:\/\/temporada-alta.com\/wp-content\/uploads\/redroom_foto.jpg","type":"image\/jpeg"}],"twitter_card":"summary_large_image","schema":{"@context":"https:\/\/schema.org","@graph":[{"@type":"WebPage","@id":"https:\/\/temporada-alta.com\/es\/noticia\/el-canal-33-estrena-amb-el-cor-al-genoll-un-documental-que-se-acerca-al-dia-a-dia-de-sol-pico\/","url":"https:\/\/temporada-alta.com\/es\/noticia\/el-canal-33-estrena-amb-el-cor-al-genoll-un-documental-que-se-acerca-al-dia-a-dia-de-sol-pico\/","name":"El Canal 33 estrena 'Amb el cor al genoll', un documental que se acerca al d\u00eda a d\u00eda de Sol Pic\u00f3 - Temporada Alta","isPartOf":{"@id":"https:\/\/temporada-alta.com\/es\/#website"},"primaryImageOfPage":{"@id":"https:\/\/temporada-alta.com\/es\/noticia\/el-canal-33-estrena-amb-el-cor-al-genoll-un-documental-que-se-acerca-al-dia-a-dia-de-sol-pico\/#primaryimage"},"image":{"@id":"https:\/\/temporada-alta.com\/es\/noticia\/el-canal-33-estrena-amb-el-cor-al-genoll-un-documental-que-se-acerca-al-dia-a-dia-de-sol-pico\/#primaryimage"},"thumbnailUrl":"https:\/\/temporada-alta.com\/wp-content\/uploads\/redroom_foto.jpg","datePublished":"2019-11-28T16:33:00+00:00","dateModified":"2019-11-28T16:46:14+00:00","breadcrumb":{"@id":"https:\/\/temporada-alta.com\/es\/noticia\/el-canal-33-estrena-amb-el-cor-al-genoll-un-documental-que-se-acerca-al-dia-a-dia-de-sol-pico\/#breadcrumb"},"inLanguage":"es","potentialAction":[{"@type":"ReadAction","target":["https:\/\/temporada-alta.com\/es\/noticia\/el-canal-33-estrena-amb-el-cor-al-genoll-un-documental-que-se-acerca-al-dia-a-dia-de-sol-pico\/"]}]},{"@type":"ImageObject","inLanguage":"es","@id":"https:\/\/temporada-alta.com\/es\/noticia\/el-canal-33-estrena-amb-el-cor-al-genoll-un-documental-que-se-acerca-al-dia-a-dia-de-sol-pico\/#primaryimage","url":"https:\/\/temporada-alta.com\/wp-content\/uploads\/redroom_foto.jpg","contentUrl":"https:\/\/temporada-alta.com\/wp-content\/uploads\/redroom_foto.jpg","width":1000,"height":500,"caption":"Imatge de l'espectacle Red Room"},{"@type":"BreadcrumbList","@id":"https:\/\/temporada-alta.com\/es\/noticia\/el-canal-33-estrena-amb-el-cor-al-genoll-un-documental-que-se-acerca-al-dia-a-dia-de-sol-pico\/#breadcrumb","itemListElement":[{"@type":"ListItem","position":1,"name":"Inici","item":"https:\/\/temporada-alta.com\/es\/"},{"@type":"ListItem","position":2,"name":"El Canal 33 estrena &#8216;Amb el cor al genoll&#8217;, un documental que se acerca al d\u00eda a d\u00eda de Sol Pic\u00f3"}]},{"@type":"WebSite","@id":"https:\/\/temporada-alta.com\/es\/#website","url":"https:\/\/temporada-alta.com\/es\/","name":"Temporada Alta","description":"Festival d&#039;Arts Esc\u00e8niques","publisher":{"@id":"https:\/\/temporada-alta.com\/es\/#organization"},"potentialAction":[{"@type":"SearchAction","target":{"@type":"EntryPoint","urlTemplate":"https:\/\/temporada-alta.com\/es\/?s={search_term_string}"},"query-input":{"@type":"PropertyValueSpecification","valueRequired":true,"valueName":"search_term_string"}}],"inLanguage":"es"},{"@type":"Organization","@id":"https:\/\/temporada-alta.com\/es\/#organization","name":"Temporada Alta","url":"https:\/\/temporada-alta.com\/es\/","logo":{"@type":"ImageObject","inLanguage":"es","@id":"https:\/\/temporada-alta.com\/es\/#\/schema\/logo\/image\/","url":"https:\/\/temporada-alta.com\/wp-content\/uploads\/TA21-Logotip-pos.png","contentUrl":"https:\/\/temporada-alta.com\/wp-content\/uploads\/TA21-Logotip-pos.png","width":800,"height":267,"caption":"Temporada Alta"},"image":{"@id":"https:\/\/temporada-alta.com\/es\/#\/schema\/logo\/image\/"}}]}},"_links":{"self":[{"href":"https:\/\/temporada-alta.com\/es\/wp-json\/wp\/v2\/noticia\/49089","targetHints":{"allow":["GET"]}}],"collection":[{"href":"https:\/\/temporada-alta.com\/es\/wp-json\/wp\/v2\/noticia"}],"about":[{"href":"https:\/\/temporada-alta.com\/es\/wp-json\/wp\/v2\/types\/noticia"}],"wp:featuredmedia":[{"embeddable":true,"href":"https:\/\/temporada-alta.com\/es\/wp-json\/wp\/v2\/media\/49088"}],"wp:attachment":[{"href":"https:\/\/temporada-alta.com\/es\/wp-json\/wp\/v2\/media?parent=49089"}],"curies":[{"name":"wp","href":"https:\/\/api.w.org\/{rel}","templated":true}]}}