{"id":47713,"date":"2019-11-08T16:38:12","date_gmt":"2019-11-08T15:38:12","guid":{"rendered":"https:\/\/temporada-alta.com\/noticia\/elisabet-casanovas-ferran-vilajosana-i-xavi-pardo-agafen-les-regnes-de-linstagram-del-festival\/"},"modified":"2019-11-08T16:48:43","modified_gmt":"2019-11-08T15:48:43","slug":"elisabet-casanovas-ferran-vilajosana-i-xavi-pardo-agafen-les-regnes-de-linstagram-del-festival","status":"publish","type":"noticia","link":"https:\/\/temporada-alta.com\/es\/noticia\/elisabet-casanovas-ferran-vilajosana-i-xavi-pardo-agafen-les-regnes-de-linstagram-del-festival\/","title":{"rendered":"Elisabet Casanovas, Ferran Vilajosana y Xavi Pardo toman las riendas de nuestro IG"},"content":{"rendered":"<div id=\"modal-ready\"><p>Este fin de semana volvemos a revolucionar las redes sociales de Temporada Alta. A partir de esta tarde, el Instagram del Festival estar\u00e1 gestionado por <strong>Elisabet Casanovas y Ferran Vilajosana<\/strong>, dos int\u00e9rpretes de <strong><a href=\"https:\/\/temporada-alta.com\/es\/event\/la-tendresa\/\">La Tendresa<\/a><\/strong>, espect\u00e1culo que se podr\u00e1 ver esta noche y durante el fin de semana en el Teatro Municipal de Girona y que tambi\u00e9n se ha programado en varias subsedes del Festival. Cedemos la red social con total libertad para que puedan explicar a los seguidores detalles de su obra y porque a la vez documenten su paso por Temporada Alta. Ma\u00f1ana, ser\u00e1 el turno de <strong>Xavi Pardo, periodista de Rac1,<\/strong> que nos explicar\u00e1 su d\u00eda a d\u00eda cubriendo el Festival.<\/p>\n<p>El nuevo proyecto, que recibe el nombre de &#8216;Et donem l&#8217;Instagram de Temporada Alta&#8217;, consiste en ofrecer la gesti\u00f3n de las stories de Instagram durante 24 horas a una persona vinculada con el Festival, para que puedan mostrar, desde su punto de vista, su experiencia a TA.<\/p>\n<p>La iniciativa tambi\u00e9n se abrir\u00e1 a espectadores y personas an\u00f3nimas o m\u00e1s conocidas que asisten al festival con m\u00e1s o menos regularidad. Hasta el momento, se ha apropiado de las redes del Festival el actor Francesc Cu\u00e9llar, uno de los protagonistas del espect\u00e1culo del proyecto #Art\u00e8ria, <a href=\"https:\/\/temporada-alta.com\/es\/event\/livalone\/\">Livalone.<\/a><\/p>\n<\/div>","protected":false},"excerpt":{"rendered":"<p>Este fin de semana volvemos a revolucionar las redes sociales de Temporada Alta. A partir de esta tarde,&#8230;<\/p>\n","protected":false},"featured_media":47710,"template":"","class_list":["post-47713","noticia","type-noticia","status-publish","has-post-thumbnail","hentry"],"acf":[],"yoast_head":"<!-- This site is optimized with the Yoast SEO plugin v27.0 - https:\/\/yoast.com\/product\/yoast-seo-wordpress\/ -->\n<title>Elisabet Casanovas, Ferran Vilajosana y Xavi Pardo toman las riendas de nuestro IG - Temporada Alta<\/title>\n<meta name=\"robots\" content=\"index, follow, max-snippet:-1, max-image-preview:large, max-video-preview:-1\" \/>\n<link rel=\"canonical\" href=\"https:\/\/temporada-alta.com\/es\/noticia\/elisabet-casanovas-ferran-vilajosana-i-xavi-pardo-agafen-les-regnes-de-linstagram-del-festival\/\" \/>\n<meta property=\"og:locale\" content=\"es_ES\" \/>\n<meta property=\"og:type\" content=\"article\" \/>\n<meta property=\"og:title\" content=\"Elisabet Casanovas, Ferran Vilajosana y Xavi Pardo toman las riendas de nuestro IG - Temporada Alta\" \/>\n<meta property=\"og:description\" content=\"Este fin de semana volvemos a revolucionar las redes sociales de Temporada Alta. A partir de esta tarde,...\" \/>\n<meta property=\"og:url\" content=\"https:\/\/temporada-alta.com\/es\/noticia\/elisabet-casanovas-ferran-vilajosana-i-xavi-pardo-agafen-les-regnes-de-linstagram-del-festival\/\" \/>\n<meta property=\"og:site_name\" content=\"Temporada Alta\" \/>\n<meta property=\"article:modified_time\" content=\"2019-11-08T15:48:43+00:00\" \/>\n<meta property=\"og:image\" content=\"https:\/\/temporada-alta.com\/wp-content\/uploads\/cuellar.jpg\" \/>\n\t<meta property=\"og:image:width\" content=\"1000\" \/>\n\t<meta property=\"og:image:height\" content=\"500\" \/>\n\t<meta property=\"og:image:type\" content=\"image\/jpeg\" \/>\n<meta name=\"twitter:card\" content=\"summary_large_image\" \/>\n<script type=\"application\/ld+json\" class=\"yoast-schema-graph\">{\"@context\":\"https:\/\/schema.org\",\"@graph\":[{\"@type\":\"WebPage\",\"@id\":\"https:\/\/temporada-alta.com\/es\/noticia\/elisabet-casanovas-ferran-vilajosana-i-xavi-pardo-agafen-les-regnes-de-linstagram-del-festival\/\",\"url\":\"https:\/\/temporada-alta.com\/es\/noticia\/elisabet-casanovas-ferran-vilajosana-i-xavi-pardo-agafen-les-regnes-de-linstagram-del-festival\/\",\"name\":\"Elisabet Casanovas, Ferran Vilajosana y Xavi Pardo toman las riendas de nuestro IG - Temporada Alta\",\"isPartOf\":{\"@id\":\"https:\/\/temporada-alta.com\/es\/#website\"},\"primaryImageOfPage\":{\"@id\":\"https:\/\/temporada-alta.com\/es\/noticia\/elisabet-casanovas-ferran-vilajosana-i-xavi-pardo-agafen-les-regnes-de-linstagram-del-festival\/#primaryimage\"},\"image\":{\"@id\":\"https:\/\/temporada-alta.com\/es\/noticia\/elisabet-casanovas-ferran-vilajosana-i-xavi-pardo-agafen-les-regnes-de-linstagram-del-festival\/#primaryimage\"},\"thumbnailUrl\":\"https:\/\/temporada-alta.com\/wp-content\/uploads\/cuellar.jpg\",\"datePublished\":\"2019-11-08T15:38:12+00:00\",\"dateModified\":\"2019-11-08T15:48:43+00:00\",\"breadcrumb\":{\"@id\":\"https:\/\/temporada-alta.com\/es\/noticia\/elisabet-casanovas-ferran-vilajosana-i-xavi-pardo-agafen-les-regnes-de-linstagram-del-festival\/#breadcrumb\"},\"inLanguage\":\"es\",\"potentialAction\":[{\"@type\":\"ReadAction\",\"target\":[\"https:\/\/temporada-alta.com\/es\/noticia\/elisabet-casanovas-ferran-vilajosana-i-xavi-pardo-agafen-les-regnes-de-linstagram-del-festival\/\"]}]},{\"@type\":\"ImageObject\",\"inLanguage\":\"es\",\"@id\":\"https:\/\/temporada-alta.com\/es\/noticia\/elisabet-casanovas-ferran-vilajosana-i-xavi-pardo-agafen-les-regnes-de-linstagram-del-festival\/#primaryimage\",\"url\":\"https:\/\/temporada-alta.com\/wp-content\/uploads\/cuellar.jpg\",\"contentUrl\":\"https:\/\/temporada-alta.com\/wp-content\/uploads\/cuellar.jpg\",\"width\":1000,\"height\":500},{\"@type\":\"BreadcrumbList\",\"@id\":\"https:\/\/temporada-alta.com\/es\/noticia\/elisabet-casanovas-ferran-vilajosana-i-xavi-pardo-agafen-les-regnes-de-linstagram-del-festival\/#breadcrumb\",\"itemListElement\":[{\"@type\":\"ListItem\",\"position\":1,\"name\":\"Inici\",\"item\":\"https:\/\/temporada-alta.com\/es\/\"},{\"@type\":\"ListItem\",\"position\":2,\"name\":\"Elisabet Casanovas, Ferran Vilajosana y Xavi Pardo toman las riendas de nuestro IG\"}]},{\"@type\":\"WebSite\",\"@id\":\"https:\/\/temporada-alta.com\/es\/#website\",\"url\":\"https:\/\/temporada-alta.com\/es\/\",\"name\":\"Temporada Alta\",\"description\":\"Festival d&#039;Arts Esc\u00e8niques\",\"publisher\":{\"@id\":\"https:\/\/temporada-alta.com\/es\/#organization\"},\"potentialAction\":[{\"@type\":\"SearchAction\",\"target\":{\"@type\":\"EntryPoint\",\"urlTemplate\":\"https:\/\/temporada-alta.com\/es\/?s={search_term_string}\"},\"query-input\":{\"@type\":\"PropertyValueSpecification\",\"valueRequired\":true,\"valueName\":\"search_term_string\"}}],\"inLanguage\":\"es\"},{\"@type\":\"Organization\",\"@id\":\"https:\/\/temporada-alta.com\/es\/#organization\",\"name\":\"Temporada Alta\",\"url\":\"https:\/\/temporada-alta.com\/es\/\",\"logo\":{\"@type\":\"ImageObject\",\"inLanguage\":\"es\",\"@id\":\"https:\/\/temporada-alta.com\/es\/#\/schema\/logo\/image\/\",\"url\":\"https:\/\/temporada-alta.com\/wp-content\/uploads\/TA21-Logotip-pos.png\",\"contentUrl\":\"https:\/\/temporada-alta.com\/wp-content\/uploads\/TA21-Logotip-pos.png\",\"width\":800,\"height\":267,\"caption\":\"Temporada Alta\"},\"image\":{\"@id\":\"https:\/\/temporada-alta.com\/es\/#\/schema\/logo\/image\/\"}}]}<\/script>\n<!-- \/ Yoast SEO plugin. -->","yoast_head_json":{"title":"Elisabet Casanovas, Ferran Vilajosana y Xavi Pardo toman las riendas de nuestro IG - Temporada Alta","robots":{"index":"index","follow":"follow","max-snippet":"max-snippet:-1","max-image-preview":"max-image-preview:large","max-video-preview":"max-video-preview:-1"},"canonical":"https:\/\/temporada-alta.com\/es\/noticia\/elisabet-casanovas-ferran-vilajosana-i-xavi-pardo-agafen-les-regnes-de-linstagram-del-festival\/","og_locale":"es_ES","og_type":"article","og_title":"Elisabet Casanovas, Ferran Vilajosana y Xavi Pardo toman las riendas de nuestro IG - Temporada Alta","og_description":"Este fin de semana volvemos a revolucionar las redes sociales de Temporada Alta. A partir de esta tarde,...","og_url":"https:\/\/temporada-alta.com\/es\/noticia\/elisabet-casanovas-ferran-vilajosana-i-xavi-pardo-agafen-les-regnes-de-linstagram-del-festival\/","og_site_name":"Temporada Alta","article_modified_time":"2019-11-08T15:48:43+00:00","og_image":[{"width":1000,"height":500,"url":"https:\/\/temporada-alta.com\/wp-content\/uploads\/cuellar.jpg","type":"image\/jpeg"}],"twitter_card":"summary_large_image","schema":{"@context":"https:\/\/schema.org","@graph":[{"@type":"WebPage","@id":"https:\/\/temporada-alta.com\/es\/noticia\/elisabet-casanovas-ferran-vilajosana-i-xavi-pardo-agafen-les-regnes-de-linstagram-del-festival\/","url":"https:\/\/temporada-alta.com\/es\/noticia\/elisabet-casanovas-ferran-vilajosana-i-xavi-pardo-agafen-les-regnes-de-linstagram-del-festival\/","name":"Elisabet Casanovas, Ferran Vilajosana y Xavi Pardo toman las riendas de nuestro IG - Temporada Alta","isPartOf":{"@id":"https:\/\/temporada-alta.com\/es\/#website"},"primaryImageOfPage":{"@id":"https:\/\/temporada-alta.com\/es\/noticia\/elisabet-casanovas-ferran-vilajosana-i-xavi-pardo-agafen-les-regnes-de-linstagram-del-festival\/#primaryimage"},"image":{"@id":"https:\/\/temporada-alta.com\/es\/noticia\/elisabet-casanovas-ferran-vilajosana-i-xavi-pardo-agafen-les-regnes-de-linstagram-del-festival\/#primaryimage"},"thumbnailUrl":"https:\/\/temporada-alta.com\/wp-content\/uploads\/cuellar.jpg","datePublished":"2019-11-08T15:38:12+00:00","dateModified":"2019-11-08T15:48:43+00:00","breadcrumb":{"@id":"https:\/\/temporada-alta.com\/es\/noticia\/elisabet-casanovas-ferran-vilajosana-i-xavi-pardo-agafen-les-regnes-de-linstagram-del-festival\/#breadcrumb"},"inLanguage":"es","potentialAction":[{"@type":"ReadAction","target":["https:\/\/temporada-alta.com\/es\/noticia\/elisabet-casanovas-ferran-vilajosana-i-xavi-pardo-agafen-les-regnes-de-linstagram-del-festival\/"]}]},{"@type":"ImageObject","inLanguage":"es","@id":"https:\/\/temporada-alta.com\/es\/noticia\/elisabet-casanovas-ferran-vilajosana-i-xavi-pardo-agafen-les-regnes-de-linstagram-del-festival\/#primaryimage","url":"https:\/\/temporada-alta.com\/wp-content\/uploads\/cuellar.jpg","contentUrl":"https:\/\/temporada-alta.com\/wp-content\/uploads\/cuellar.jpg","width":1000,"height":500},{"@type":"BreadcrumbList","@id":"https:\/\/temporada-alta.com\/es\/noticia\/elisabet-casanovas-ferran-vilajosana-i-xavi-pardo-agafen-les-regnes-de-linstagram-del-festival\/#breadcrumb","itemListElement":[{"@type":"ListItem","position":1,"name":"Inici","item":"https:\/\/temporada-alta.com\/es\/"},{"@type":"ListItem","position":2,"name":"Elisabet Casanovas, Ferran Vilajosana y Xavi Pardo toman las riendas de nuestro IG"}]},{"@type":"WebSite","@id":"https:\/\/temporada-alta.com\/es\/#website","url":"https:\/\/temporada-alta.com\/es\/","name":"Temporada Alta","description":"Festival d&#039;Arts Esc\u00e8niques","publisher":{"@id":"https:\/\/temporada-alta.com\/es\/#organization"},"potentialAction":[{"@type":"SearchAction","target":{"@type":"EntryPoint","urlTemplate":"https:\/\/temporada-alta.com\/es\/?s={search_term_string}"},"query-input":{"@type":"PropertyValueSpecification","valueRequired":true,"valueName":"search_term_string"}}],"inLanguage":"es"},{"@type":"Organization","@id":"https:\/\/temporada-alta.com\/es\/#organization","name":"Temporada Alta","url":"https:\/\/temporada-alta.com\/es\/","logo":{"@type":"ImageObject","inLanguage":"es","@id":"https:\/\/temporada-alta.com\/es\/#\/schema\/logo\/image\/","url":"https:\/\/temporada-alta.com\/wp-content\/uploads\/TA21-Logotip-pos.png","contentUrl":"https:\/\/temporada-alta.com\/wp-content\/uploads\/TA21-Logotip-pos.png","width":800,"height":267,"caption":"Temporada Alta"},"image":{"@id":"https:\/\/temporada-alta.com\/es\/#\/schema\/logo\/image\/"}}]}},"_links":{"self":[{"href":"https:\/\/temporada-alta.com\/es\/wp-json\/wp\/v2\/noticia\/47713","targetHints":{"allow":["GET"]}}],"collection":[{"href":"https:\/\/temporada-alta.com\/es\/wp-json\/wp\/v2\/noticia"}],"about":[{"href":"https:\/\/temporada-alta.com\/es\/wp-json\/wp\/v2\/types\/noticia"}],"wp:featuredmedia":[{"embeddable":true,"href":"https:\/\/temporada-alta.com\/es\/wp-json\/wp\/v2\/media\/47710"}],"wp:attachment":[{"href":"https:\/\/temporada-alta.com\/es\/wp-json\/wp\/v2\/media?parent=47713"}],"curies":[{"name":"wp","href":"https:\/\/api.w.org\/{rel}","templated":true}]}}