{"id":42441,"date":"2019-09-09T10:00:55","date_gmt":"2019-09-09T08:00:55","guid":{"rendered":"https:\/\/temporada-alta.com\/noticia\/busquem-critics-joves-2\/"},"modified":"2019-09-09T10:05:28","modified_gmt":"2019-09-09T08:05:28","slug":"busquem-critics-joves-2","status":"publish","type":"noticia","link":"https:\/\/temporada-alta.com\/es\/noticia\/busquem-critics-joves-2\/","title":{"rendered":"\u00a1Buscamos cr\u00edticos j\u00f3venes!"},"content":{"rendered":"<div id=\"modal-ready\"><header class=\"entry-header ast-no-meta\">\n<div class=\"ast-single-post-order\">\n<p><strong>\u00bfTienes entre 18 y 30 a\u00f1os, te gusta escribir, te apasionan las artes esc\u00e9nicas y quieres formarte como cr\u00edtico escribiendo sobre espect\u00e1culos de Temporada Alta?<\/strong><br \/>\n<strong>\u00a1Eres#Novaveu!<\/strong><\/p>\n<p>Hasta el <strong>14 de septiembre<\/strong> te puedes inscribir enviando un correo a <strong>novaveutalta@recomana.cat<\/strong> indicando tu nombre, apellido, edad, tel\u00e9fono m\u00f3vil y el motivo de que te quieres convertir en cr\u00edtico joven del Festival.<\/p>\n<p>Tras el \u00e9xito de la iniciativa en la pasada edici\u00f3n de Temporada Alta, volvemos a hacer un llamamiento a los j\u00f3venes con ganas de ver, escribir, analizar y recomendar espect\u00e1culos de la programaci\u00f3n del Festival. El objetivo es la creaci\u00f3n y tutorizaci\u00f3n de un grupo de cr\u00edticos j\u00f3venes interesados \u200b\u200ben la redacci\u00f3n y el an\u00e1lisis cr\u00edtico de las obras. Una iniciativa, <strong>#Novaveu Girona<\/strong>, que impulsamos conjuntamente con la plataforma de cr\u00edticos <a href=\"http:\/\/www.recomana.cat\">Recomana<\/a>, que ya est\u00e1 funcionando con \u00e9xito en Barcelona y que ahora repetimos en Girona. A trav\u00e9s de #Novaveu, no s\u00f3lo queremos incentivar la participaci\u00f3n del p\u00fablico m\u00e1s joven en el Festival sino que tambi\u00e9n queremos garantizar tutorizaci\u00f3n y seguimiento para que pueda desarrollar sus capacidades cr\u00edticas y crear comunidad. <strong>El primer encuentro ser\u00e1 el pr\u00f3ximo 21 de septiembre por la ma\u00f1ana, \u00bfte apuntas?<\/strong><\/p>\n<\/div>\n<\/header>\n<div class=\"entry-content clear\">\n<p>&nbsp;<\/p>\n<\/div>\n<\/div>","protected":false},"excerpt":{"rendered":"<p>\u00bfTienes entre 18 y 30 a\u00f1os, te gusta escribir, te apasionan las artes esc\u00e9nicas y quieres formarte como&#8230;<\/p>\n","protected":false},"featured_media":42437,"template":"","class_list":["post-42441","noticia","type-noticia","status-publish","has-post-thumbnail","hentry"],"acf":[],"yoast_head":"<!-- This site is optimized with the Yoast SEO plugin v27.0 - https:\/\/yoast.com\/product\/yoast-seo-wordpress\/ -->\n<title>\u00a1Buscamos cr\u00edticos j\u00f3venes! - Temporada Alta<\/title>\n<meta name=\"robots\" content=\"index, follow, max-snippet:-1, max-image-preview:large, max-video-preview:-1\" \/>\n<link rel=\"canonical\" href=\"https:\/\/temporada-alta.com\/es\/noticia\/busquem-critics-joves-2\/\" \/>\n<meta property=\"og:locale\" content=\"es_ES\" \/>\n<meta property=\"og:type\" content=\"article\" \/>\n<meta property=\"og:title\" content=\"\u00a1Buscamos cr\u00edticos j\u00f3venes! - Temporada Alta\" \/>\n<meta property=\"og:description\" content=\"\u00bfTienes entre 18 y 30 a\u00f1os, te gusta escribir, te apasionan las artes esc\u00e9nicas y quieres formarte como...\" \/>\n<meta property=\"og:url\" content=\"https:\/\/temporada-alta.com\/es\/noticia\/busquem-critics-joves-2\/\" \/>\n<meta property=\"og:site_name\" content=\"Temporada Alta\" \/>\n<meta property=\"article:modified_time\" content=\"2019-09-09T08:05:28+00:00\" \/>\n<meta property=\"og:image\" content=\"https:\/\/temporada-alta.com\/wp-content\/uploads\/novaveu.png\" \/>\n\t<meta property=\"og:image:width\" content=\"1000\" \/>\n\t<meta property=\"og:image:height\" content=\"500\" \/>\n\t<meta property=\"og:image:type\" content=\"image\/png\" \/>\n<meta name=\"twitter:card\" content=\"summary_large_image\" \/>\n<script type=\"application\/ld+json\" class=\"yoast-schema-graph\">{\"@context\":\"https:\/\/schema.org\",\"@graph\":[{\"@type\":\"WebPage\",\"@id\":\"https:\/\/temporada-alta.com\/es\/noticia\/busquem-critics-joves-2\/\",\"url\":\"https:\/\/temporada-alta.com\/es\/noticia\/busquem-critics-joves-2\/\",\"name\":\"\u00a1Buscamos cr\u00edticos j\u00f3venes! - Temporada Alta\",\"isPartOf\":{\"@id\":\"https:\/\/temporada-alta.com\/es\/#website\"},\"primaryImageOfPage\":{\"@id\":\"https:\/\/temporada-alta.com\/es\/noticia\/busquem-critics-joves-2\/#primaryimage\"},\"image\":{\"@id\":\"https:\/\/temporada-alta.com\/es\/noticia\/busquem-critics-joves-2\/#primaryimage\"},\"thumbnailUrl\":\"https:\/\/temporada-alta.com\/wp-content\/uploads\/novaveu.png\",\"datePublished\":\"2019-09-09T08:00:55+00:00\",\"dateModified\":\"2019-09-09T08:05:28+00:00\",\"breadcrumb\":{\"@id\":\"https:\/\/temporada-alta.com\/es\/noticia\/busquem-critics-joves-2\/#breadcrumb\"},\"inLanguage\":\"es\",\"potentialAction\":[{\"@type\":\"ReadAction\",\"target\":[\"https:\/\/temporada-alta.com\/es\/noticia\/busquem-critics-joves-2\/\"]}]},{\"@type\":\"ImageObject\",\"inLanguage\":\"es\",\"@id\":\"https:\/\/temporada-alta.com\/es\/noticia\/busquem-critics-joves-2\/#primaryimage\",\"url\":\"https:\/\/temporada-alta.com\/wp-content\/uploads\/novaveu.png\",\"contentUrl\":\"https:\/\/temporada-alta.com\/wp-content\/uploads\/novaveu.png\",\"width\":1000,\"height\":500},{\"@type\":\"BreadcrumbList\",\"@id\":\"https:\/\/temporada-alta.com\/es\/noticia\/busquem-critics-joves-2\/#breadcrumb\",\"itemListElement\":[{\"@type\":\"ListItem\",\"position\":1,\"name\":\"Inici\",\"item\":\"https:\/\/temporada-alta.com\/es\/\"},{\"@type\":\"ListItem\",\"position\":2,\"name\":\"\u00a1Buscamos cr\u00edticos j\u00f3venes!\"}]},{\"@type\":\"WebSite\",\"@id\":\"https:\/\/temporada-alta.com\/es\/#website\",\"url\":\"https:\/\/temporada-alta.com\/es\/\",\"name\":\"Temporada Alta\",\"description\":\"Festival d&#039;Arts Esc\u00e8niques\",\"publisher\":{\"@id\":\"https:\/\/temporada-alta.com\/es\/#organization\"},\"potentialAction\":[{\"@type\":\"SearchAction\",\"target\":{\"@type\":\"EntryPoint\",\"urlTemplate\":\"https:\/\/temporada-alta.com\/es\/?s={search_term_string}\"},\"query-input\":{\"@type\":\"PropertyValueSpecification\",\"valueRequired\":true,\"valueName\":\"search_term_string\"}}],\"inLanguage\":\"es\"},{\"@type\":\"Organization\",\"@id\":\"https:\/\/temporada-alta.com\/es\/#organization\",\"name\":\"Temporada Alta\",\"url\":\"https:\/\/temporada-alta.com\/es\/\",\"logo\":{\"@type\":\"ImageObject\",\"inLanguage\":\"es\",\"@id\":\"https:\/\/temporada-alta.com\/es\/#\/schema\/logo\/image\/\",\"url\":\"https:\/\/temporada-alta.com\/wp-content\/uploads\/TA21-Logotip-pos.png\",\"contentUrl\":\"https:\/\/temporada-alta.com\/wp-content\/uploads\/TA21-Logotip-pos.png\",\"width\":800,\"height\":267,\"caption\":\"Temporada Alta\"},\"image\":{\"@id\":\"https:\/\/temporada-alta.com\/es\/#\/schema\/logo\/image\/\"}}]}<\/script>\n<!-- \/ Yoast SEO plugin. -->","yoast_head_json":{"title":"\u00a1Buscamos cr\u00edticos j\u00f3venes! - Temporada Alta","robots":{"index":"index","follow":"follow","max-snippet":"max-snippet:-1","max-image-preview":"max-image-preview:large","max-video-preview":"max-video-preview:-1"},"canonical":"https:\/\/temporada-alta.com\/es\/noticia\/busquem-critics-joves-2\/","og_locale":"es_ES","og_type":"article","og_title":"\u00a1Buscamos cr\u00edticos j\u00f3venes! - Temporada Alta","og_description":"\u00bfTienes entre 18 y 30 a\u00f1os, te gusta escribir, te apasionan las artes esc\u00e9nicas y quieres formarte como...","og_url":"https:\/\/temporada-alta.com\/es\/noticia\/busquem-critics-joves-2\/","og_site_name":"Temporada Alta","article_modified_time":"2019-09-09T08:05:28+00:00","og_image":[{"width":1000,"height":500,"url":"https:\/\/temporada-alta.com\/wp-content\/uploads\/novaveu.png","type":"image\/png"}],"twitter_card":"summary_large_image","schema":{"@context":"https:\/\/schema.org","@graph":[{"@type":"WebPage","@id":"https:\/\/temporada-alta.com\/es\/noticia\/busquem-critics-joves-2\/","url":"https:\/\/temporada-alta.com\/es\/noticia\/busquem-critics-joves-2\/","name":"\u00a1Buscamos cr\u00edticos j\u00f3venes! - Temporada Alta","isPartOf":{"@id":"https:\/\/temporada-alta.com\/es\/#website"},"primaryImageOfPage":{"@id":"https:\/\/temporada-alta.com\/es\/noticia\/busquem-critics-joves-2\/#primaryimage"},"image":{"@id":"https:\/\/temporada-alta.com\/es\/noticia\/busquem-critics-joves-2\/#primaryimage"},"thumbnailUrl":"https:\/\/temporada-alta.com\/wp-content\/uploads\/novaveu.png","datePublished":"2019-09-09T08:00:55+00:00","dateModified":"2019-09-09T08:05:28+00:00","breadcrumb":{"@id":"https:\/\/temporada-alta.com\/es\/noticia\/busquem-critics-joves-2\/#breadcrumb"},"inLanguage":"es","potentialAction":[{"@type":"ReadAction","target":["https:\/\/temporada-alta.com\/es\/noticia\/busquem-critics-joves-2\/"]}]},{"@type":"ImageObject","inLanguage":"es","@id":"https:\/\/temporada-alta.com\/es\/noticia\/busquem-critics-joves-2\/#primaryimage","url":"https:\/\/temporada-alta.com\/wp-content\/uploads\/novaveu.png","contentUrl":"https:\/\/temporada-alta.com\/wp-content\/uploads\/novaveu.png","width":1000,"height":500},{"@type":"BreadcrumbList","@id":"https:\/\/temporada-alta.com\/es\/noticia\/busquem-critics-joves-2\/#breadcrumb","itemListElement":[{"@type":"ListItem","position":1,"name":"Inici","item":"https:\/\/temporada-alta.com\/es\/"},{"@type":"ListItem","position":2,"name":"\u00a1Buscamos cr\u00edticos j\u00f3venes!"}]},{"@type":"WebSite","@id":"https:\/\/temporada-alta.com\/es\/#website","url":"https:\/\/temporada-alta.com\/es\/","name":"Temporada Alta","description":"Festival d&#039;Arts Esc\u00e8niques","publisher":{"@id":"https:\/\/temporada-alta.com\/es\/#organization"},"potentialAction":[{"@type":"SearchAction","target":{"@type":"EntryPoint","urlTemplate":"https:\/\/temporada-alta.com\/es\/?s={search_term_string}"},"query-input":{"@type":"PropertyValueSpecification","valueRequired":true,"valueName":"search_term_string"}}],"inLanguage":"es"},{"@type":"Organization","@id":"https:\/\/temporada-alta.com\/es\/#organization","name":"Temporada Alta","url":"https:\/\/temporada-alta.com\/es\/","logo":{"@type":"ImageObject","inLanguage":"es","@id":"https:\/\/temporada-alta.com\/es\/#\/schema\/logo\/image\/","url":"https:\/\/temporada-alta.com\/wp-content\/uploads\/TA21-Logotip-pos.png","contentUrl":"https:\/\/temporada-alta.com\/wp-content\/uploads\/TA21-Logotip-pos.png","width":800,"height":267,"caption":"Temporada Alta"},"image":{"@id":"https:\/\/temporada-alta.com\/es\/#\/schema\/logo\/image\/"}}]}},"_links":{"self":[{"href":"https:\/\/temporada-alta.com\/es\/wp-json\/wp\/v2\/noticia\/42441","targetHints":{"allow":["GET"]}}],"collection":[{"href":"https:\/\/temporada-alta.com\/es\/wp-json\/wp\/v2\/noticia"}],"about":[{"href":"https:\/\/temporada-alta.com\/es\/wp-json\/wp\/v2\/types\/noticia"}],"wp:featuredmedia":[{"embeddable":true,"href":"https:\/\/temporada-alta.com\/es\/wp-json\/wp\/v2\/media\/42437"}],"wp:attachment":[{"href":"https:\/\/temporada-alta.com\/es\/wp-json\/wp\/v2\/media?parent=42441"}],"curies":[{"name":"wp","href":"https:\/\/api.w.org\/{rel}","templated":true}]}}