{"id":41706,"date":"2019-08-30T17:17:15","date_gmt":"2019-08-30T15:17:15","guid":{"rendered":"https:\/\/temporada-alta.com\/noticia\/presentem-la-programacio-de-ta19-de-lescenari-al-mon\/"},"modified":"2019-09-04T10:08:43","modified_gmt":"2019-09-04T08:08:43","slug":"presentem-la-programacio-de-ta19-de-lescenari-al-mon","status":"publish","type":"noticia","link":"https:\/\/temporada-alta.com\/es\/noticia\/presentem-la-programacio-de-ta19-de-lescenari-al-mon\/","title":{"rendered":"Presentamos la programaci\u00f3n de TA19: del escenario al mundo"},"content":{"rendered":"<div id=\"modal-ready\"><p>Hoy hemos presentado la 28\u00aa edici\u00f3n de Temporada Alta. En total, anunciamos <strong>96 espect\u00e1culos y 223 funciones<\/strong> que incluyen p<strong>rogramaci\u00f3n internacional (27), autor\u00eda catalana (56), y creaci\u00f3n contempor\u00e1nea (30).<\/strong> Pensando en todos los p\u00fablicos y para que todos encuentren el espect\u00e1culo que busca, presentamos propuestas de diversos g\u00e9neros y disciplinas: teatro, m\u00fasica, familiares, circo, danza, cine &#8230;<\/p>\n<p>El pr\u00f3ximo 11 de octubre inauguraremos el Festival con <a href=\"https:\/\/temporada-alta.com\/es\/event\/measure-for-measure-mesura-por-mesura\/\"><strong><em>Measure for Measure<\/em><\/strong><\/a> de la <strong>Royal Shakespeare Company<\/strong>, una de las piezas m\u00e1s oscuras de Shakespeare y, al mismo tiempo, una de las m\u00e1s actuales.<\/p>\n<p>En esta nueva edici\u00f3n, Temporada Alta seguimos apostando por el talento nacional con espect\u00e1culos de artistas y dramaturgos de renombre como <strong><a href=\"https:\/\/temporada-alta.com\/es\/event\/la-mort-i-la-primavera\/\">Joan Oll\u00e9<\/a>, <a href=\"https:\/\/temporada-alta.com\/es\/event\/aquest-pais-no-descobert-que-no-deixa-tornar-de-les-seves-fronteres-cap-dels-seus-viatgers\/\">\u00c0lex Rigola<\/a>, <a href=\"https:\/\/temporada-alta.com\/es\/event\/credoinunsolodio\/\">Rosa Maria Sard\u00e0<\/a>, <a href=\"https:\/\/temporada-alta.com\/es\/event\/una-gossa-en-un-descampat\/\">Claudia Ced\u00f3<\/a>, <a href=\"https:\/\/temporada-alta.com\/es\/event\/europa-bull-2\/\">Jordi Oriol<\/a>, <a href=\"https:\/\/temporada-alta.com\/es\/event\/el-chinabum\/\">Lola Rosales, Berta Prieto<\/a>, <a href=\"https:\/\/temporada-alta.com\/es\/event\/els-somnambuls\/\">Ll\u00e0tzer Garc\u00eda<\/a>, <a href=\"https:\/\/temporada-alta.com\/es\/event\/ventura-2019\/\">Cristina Clemente<\/a> o <a href=\"https:\/\/temporada-alta.com\/es\/event\/els-diners-el-desig-els-drets\/\">Marta Gal\u00e1n<\/a><\/strong>, y mantenemos una importante programaci\u00f3n internacional con grandes nombres de la escena como <strong><a href=\"https:\/\/temporada-alta.com\/es\/event\/macbettu\/\">Alessandro Serra<\/a>, <a href=\"https:\/\/temporada-alta.com\/es\/event\/retour-a-reims-retorn-a-reims\/\">Thomas Ostermeier<\/a>, <a href=\"https:\/\/temporada-alta.com\/es\/event\/trahisons\/\">TG Stan<\/a>, <a href=\"https:\/\/temporada-alta.com\/es\/event\/sopro-2\/\">Tiago Rodr\u00edgues<\/a><\/strong> o <a href=\"https:\/\/temporada-alta.com\/es\/event\/a-man-from-podolsk-un-hombre-de-podolsk\/\"><strong>Oskaras Korsunovas<\/strong><\/a>.<\/p>\n<p>Seguimos apostando por programar propuestas de creaci\u00f3n contempor\u00e1nea y buena parte de las cuales se podr\u00e1n ver durante la Semana de Programadores. A lo largo del Festival, nos visitar\u00e1n nombres de referencia de la creaci\u00f3n contempor\u00e1nea de nuestra casa y del extranjero, como <strong><a href=\"https:\/\/temporada-alta.com\/es\/event\/una-costilla-sobre-la-mesa-madre\/\">Ang\u00e9lica Liddell<\/a>, <a href=\"https:\/\/temporada-alta.com\/es\/event\/aquest-pais-no-descobert-que-no-deixa-tornar-de-les-seves-fronteres-cap-dels-seus-viatgers\/\">\u00c0lex Rigola<\/a>, <a href=\"https:\/\/temporada-alta.com\/es\/event\/dimonis\/\">Cabosanroque<\/a>, <a href=\"https:\/\/temporada-alta.com\/es\/event\/trama\/\">Roser L\u00f3pez Espinosa<\/a><\/strong> o <a href=\"https:\/\/temporada-alta.com\/es\/event\/incurables\/\"><strong>Pere Faura<\/strong><\/a>. Tambi\u00e9n apostamos por nombres destacados en la programaci\u00f3n musical, como son <strong><a href=\"https:\/\/temporada-alta.com\/es\/event\/amaia\/\">Amaia<\/a>, <a href=\"https:\/\/temporada-alta.com\/es\/event\/birkin-gainsbourg\/\">Jane Birkin<\/a>, <a href=\"https:\/\/temporada-alta.com\/es\/event\/omara-portuondo\/\">Omara Portuondo<\/a>, <a href=\"https:\/\/temporada-alta.com\/es\/event\/joan-dausa\/\">Juan Daus\u00e0<\/a><\/strong>, <a href=\"https:\/\/temporada-alta.com\/es\/event\/el-petit-de-cal-eril\/\"><strong>El Petit de Cal Eril<\/strong><\/a> o <strong><a href=\"https:\/\/temporada-alta.com\/es\/event\/judit-neddermann\/\">Judit Neddermann<\/a>.<\/strong><\/p>\n<p>Este a\u00f1o, presentamos tambi\u00e9n varias coproducciones como <a href=\"https:\/\/temporada-alta.com\/es\/event\/la-mort-i-la-primavera\/\"><strong><em>La mort i la primavera<\/em><\/strong><\/a>, con direcci\u00f3n de Joan Oll\u00e9, <a href=\"https:\/\/temporada-alta.com\/en\/event\/grrrls-manifestos-feministes-dels-segles-xx-i-xxi-2\/\"><strong><em>GRRRLS !!!<\/em><\/strong><\/a> de Carlota Subir\u00f3s, <a href=\"https:\/\/temporada-alta.com\/es\/event\/red-room-2\/\"><strong><em>Red Room<\/em><\/strong><\/a> de Sol Pic\u00f3 y Susana Barranco, <a href=\"https:\/\/temporada-alta.com\/es\/event\/credoinunsolodio\/\"><strong><em>CredoinunsolODIO<\/em><\/strong><\/a> con direcci\u00f3n de Rosa Maria Sard\u00e0 o <a href=\"https:\/\/temporada-alta.com\/es\/event\/livalone\/\"><strong><em>Livalone<\/em><\/strong><\/a>, de Francisco Cu\u00e9llar, entre otros.<\/p>\n<p>M\u00e1s all\u00e1 de la programaci\u00f3n, Temporada Alta presenta varias novedades como el colectivo <a href=\"https:\/\/temporada-alta.com\/es\/jovenes\/\"><strong>Arteria<\/strong><\/a> o una renovada oferta de <a href=\"https:\/\/temporada-alta.com\/es\/actividades\/\"><strong>actividades paralelas<\/strong><\/a>. Arteria es una iniciativa dirigida a menores de 30 a\u00f1os para que puedan acceder al Festival con descuentos y otras ventajas adem\u00e1s de tener una parte de la programaci\u00f3n pensada para ellos, cuatro espect\u00e1culos englobados con el nombre #Art\u00e8riaProposa que han sido escogidos a partir de los temas que tratan, los formatos o los g\u00e9neros. En cuanto a las actividades paralelas, este a\u00f1o\u00a0 triplicamos la oferta y nos acercamos al p\u00fablico para que nos digan qu\u00e9 piensan de los espect\u00e1culos, qu\u00e9 opinan y para que saquen todo el jugo del Festival.<\/p>\n<p><a href=\"https:\/\/temporada-alta.com\/es\/programacion\/\"><strong>Toda la programaci\u00f3n<\/strong><\/a><\/p>\n<\/div>","protected":false},"excerpt":{"rendered":"<p>Hoy hemos presentado la 28\u00aa edici\u00f3n de Temporada Alta. En total, anunciamos 96 espect\u00e1culos y 223 funciones que&#8230;<\/p>\n","protected":false},"featured_media":41697,"template":"","class_list":["post-41706","noticia","type-noticia","status-publish","has-post-thumbnail","hentry"],"acf":[],"yoast_head":"<!-- This site is optimized with the Yoast SEO plugin v27.0 - https:\/\/yoast.com\/product\/yoast-seo-wordpress\/ -->\n<title>Presentamos la programaci\u00f3n de TA19: del escenario al mundo - Temporada Alta<\/title>\n<meta name=\"robots\" content=\"index, follow, max-snippet:-1, max-image-preview:large, max-video-preview:-1\" \/>\n<link rel=\"canonical\" href=\"https:\/\/temporada-alta.com\/es\/noticia\/presentem-la-programacio-de-ta19-de-lescenari-al-mon\/\" \/>\n<meta property=\"og:locale\" content=\"es_ES\" \/>\n<meta property=\"og:type\" content=\"article\" \/>\n<meta property=\"og:title\" content=\"Presentamos la programaci\u00f3n de TA19: del escenario al mundo - Temporada Alta\" \/>\n<meta property=\"og:description\" content=\"Hoy hemos presentado la 28\u00aa edici\u00f3n de Temporada Alta. En total, anunciamos 96 espect\u00e1culos y 223 funciones que...\" \/>\n<meta property=\"og:url\" content=\"https:\/\/temporada-alta.com\/es\/noticia\/presentem-la-programacio-de-ta19-de-lescenari-al-mon\/\" \/>\n<meta property=\"og:site_name\" content=\"Temporada Alta\" \/>\n<meta property=\"article:modified_time\" content=\"2019-09-04T08:08:43+00:00\" \/>\n<meta property=\"og:image\" content=\"https:\/\/temporada-alta.com\/wp-content\/uploads\/carrtell.png\" \/>\n\t<meta property=\"og:image:width\" content=\"1000\" \/>\n\t<meta property=\"og:image:height\" content=\"500\" \/>\n\t<meta property=\"og:image:type\" content=\"image\/png\" \/>\n<meta name=\"twitter:card\" content=\"summary_large_image\" \/>\n<script type=\"application\/ld+json\" class=\"yoast-schema-graph\">{\"@context\":\"https:\/\/schema.org\",\"@graph\":[{\"@type\":\"WebPage\",\"@id\":\"https:\/\/temporada-alta.com\/es\/noticia\/presentem-la-programacio-de-ta19-de-lescenari-al-mon\/\",\"url\":\"https:\/\/temporada-alta.com\/es\/noticia\/presentem-la-programacio-de-ta19-de-lescenari-al-mon\/\",\"name\":\"Presentamos la programaci\u00f3n de TA19: del escenario al mundo - Temporada Alta\",\"isPartOf\":{\"@id\":\"https:\/\/temporada-alta.com\/es\/#website\"},\"primaryImageOfPage\":{\"@id\":\"https:\/\/temporada-alta.com\/es\/noticia\/presentem-la-programacio-de-ta19-de-lescenari-al-mon\/#primaryimage\"},\"image\":{\"@id\":\"https:\/\/temporada-alta.com\/es\/noticia\/presentem-la-programacio-de-ta19-de-lescenari-al-mon\/#primaryimage\"},\"thumbnailUrl\":\"https:\/\/temporada-alta.com\/wp-content\/uploads\/carrtell.png\",\"datePublished\":\"2019-08-30T15:17:15+00:00\",\"dateModified\":\"2019-09-04T08:08:43+00:00\",\"breadcrumb\":{\"@id\":\"https:\/\/temporada-alta.com\/es\/noticia\/presentem-la-programacio-de-ta19-de-lescenari-al-mon\/#breadcrumb\"},\"inLanguage\":\"es\",\"potentialAction\":[{\"@type\":\"ReadAction\",\"target\":[\"https:\/\/temporada-alta.com\/es\/noticia\/presentem-la-programacio-de-ta19-de-lescenari-al-mon\/\"]}]},{\"@type\":\"ImageObject\",\"inLanguage\":\"es\",\"@id\":\"https:\/\/temporada-alta.com\/es\/noticia\/presentem-la-programacio-de-ta19-de-lescenari-al-mon\/#primaryimage\",\"url\":\"https:\/\/temporada-alta.com\/wp-content\/uploads\/carrtell.png\",\"contentUrl\":\"https:\/\/temporada-alta.com\/wp-content\/uploads\/carrtell.png\",\"width\":1000,\"height\":500},{\"@type\":\"BreadcrumbList\",\"@id\":\"https:\/\/temporada-alta.com\/es\/noticia\/presentem-la-programacio-de-ta19-de-lescenari-al-mon\/#breadcrumb\",\"itemListElement\":[{\"@type\":\"ListItem\",\"position\":1,\"name\":\"Inici\",\"item\":\"https:\/\/temporada-alta.com\/es\/\"},{\"@type\":\"ListItem\",\"position\":2,\"name\":\"Presentamos la programaci\u00f3n de TA19: del escenario al mundo\"}]},{\"@type\":\"WebSite\",\"@id\":\"https:\/\/temporada-alta.com\/es\/#website\",\"url\":\"https:\/\/temporada-alta.com\/es\/\",\"name\":\"Temporada Alta\",\"description\":\"Festival d&#039;Arts Esc\u00e8niques\",\"publisher\":{\"@id\":\"https:\/\/temporada-alta.com\/es\/#organization\"},\"potentialAction\":[{\"@type\":\"SearchAction\",\"target\":{\"@type\":\"EntryPoint\",\"urlTemplate\":\"https:\/\/temporada-alta.com\/es\/?s={search_term_string}\"},\"query-input\":{\"@type\":\"PropertyValueSpecification\",\"valueRequired\":true,\"valueName\":\"search_term_string\"}}],\"inLanguage\":\"es\"},{\"@type\":\"Organization\",\"@id\":\"https:\/\/temporada-alta.com\/es\/#organization\",\"name\":\"Temporada Alta\",\"url\":\"https:\/\/temporada-alta.com\/es\/\",\"logo\":{\"@type\":\"ImageObject\",\"inLanguage\":\"es\",\"@id\":\"https:\/\/temporada-alta.com\/es\/#\/schema\/logo\/image\/\",\"url\":\"https:\/\/temporada-alta.com\/wp-content\/uploads\/TA21-Logotip-pos.png\",\"contentUrl\":\"https:\/\/temporada-alta.com\/wp-content\/uploads\/TA21-Logotip-pos.png\",\"width\":800,\"height\":267,\"caption\":\"Temporada Alta\"},\"image\":{\"@id\":\"https:\/\/temporada-alta.com\/es\/#\/schema\/logo\/image\/\"}}]}<\/script>\n<!-- \/ Yoast SEO plugin. -->","yoast_head_json":{"title":"Presentamos la programaci\u00f3n de TA19: del escenario al mundo - Temporada Alta","robots":{"index":"index","follow":"follow","max-snippet":"max-snippet:-1","max-image-preview":"max-image-preview:large","max-video-preview":"max-video-preview:-1"},"canonical":"https:\/\/temporada-alta.com\/es\/noticia\/presentem-la-programacio-de-ta19-de-lescenari-al-mon\/","og_locale":"es_ES","og_type":"article","og_title":"Presentamos la programaci\u00f3n de TA19: del escenario al mundo - Temporada Alta","og_description":"Hoy hemos presentado la 28\u00aa edici\u00f3n de Temporada Alta. En total, anunciamos 96 espect\u00e1culos y 223 funciones que...","og_url":"https:\/\/temporada-alta.com\/es\/noticia\/presentem-la-programacio-de-ta19-de-lescenari-al-mon\/","og_site_name":"Temporada Alta","article_modified_time":"2019-09-04T08:08:43+00:00","og_image":[{"width":1000,"height":500,"url":"https:\/\/temporada-alta.com\/wp-content\/uploads\/carrtell.png","type":"image\/png"}],"twitter_card":"summary_large_image","schema":{"@context":"https:\/\/schema.org","@graph":[{"@type":"WebPage","@id":"https:\/\/temporada-alta.com\/es\/noticia\/presentem-la-programacio-de-ta19-de-lescenari-al-mon\/","url":"https:\/\/temporada-alta.com\/es\/noticia\/presentem-la-programacio-de-ta19-de-lescenari-al-mon\/","name":"Presentamos la programaci\u00f3n de TA19: del escenario al mundo - Temporada Alta","isPartOf":{"@id":"https:\/\/temporada-alta.com\/es\/#website"},"primaryImageOfPage":{"@id":"https:\/\/temporada-alta.com\/es\/noticia\/presentem-la-programacio-de-ta19-de-lescenari-al-mon\/#primaryimage"},"image":{"@id":"https:\/\/temporada-alta.com\/es\/noticia\/presentem-la-programacio-de-ta19-de-lescenari-al-mon\/#primaryimage"},"thumbnailUrl":"https:\/\/temporada-alta.com\/wp-content\/uploads\/carrtell.png","datePublished":"2019-08-30T15:17:15+00:00","dateModified":"2019-09-04T08:08:43+00:00","breadcrumb":{"@id":"https:\/\/temporada-alta.com\/es\/noticia\/presentem-la-programacio-de-ta19-de-lescenari-al-mon\/#breadcrumb"},"inLanguage":"es","potentialAction":[{"@type":"ReadAction","target":["https:\/\/temporada-alta.com\/es\/noticia\/presentem-la-programacio-de-ta19-de-lescenari-al-mon\/"]}]},{"@type":"ImageObject","inLanguage":"es","@id":"https:\/\/temporada-alta.com\/es\/noticia\/presentem-la-programacio-de-ta19-de-lescenari-al-mon\/#primaryimage","url":"https:\/\/temporada-alta.com\/wp-content\/uploads\/carrtell.png","contentUrl":"https:\/\/temporada-alta.com\/wp-content\/uploads\/carrtell.png","width":1000,"height":500},{"@type":"BreadcrumbList","@id":"https:\/\/temporada-alta.com\/es\/noticia\/presentem-la-programacio-de-ta19-de-lescenari-al-mon\/#breadcrumb","itemListElement":[{"@type":"ListItem","position":1,"name":"Inici","item":"https:\/\/temporada-alta.com\/es\/"},{"@type":"ListItem","position":2,"name":"Presentamos la programaci\u00f3n de TA19: del escenario al mundo"}]},{"@type":"WebSite","@id":"https:\/\/temporada-alta.com\/es\/#website","url":"https:\/\/temporada-alta.com\/es\/","name":"Temporada Alta","description":"Festival d&#039;Arts Esc\u00e8niques","publisher":{"@id":"https:\/\/temporada-alta.com\/es\/#organization"},"potentialAction":[{"@type":"SearchAction","target":{"@type":"EntryPoint","urlTemplate":"https:\/\/temporada-alta.com\/es\/?s={search_term_string}"},"query-input":{"@type":"PropertyValueSpecification","valueRequired":true,"valueName":"search_term_string"}}],"inLanguage":"es"},{"@type":"Organization","@id":"https:\/\/temporada-alta.com\/es\/#organization","name":"Temporada Alta","url":"https:\/\/temporada-alta.com\/es\/","logo":{"@type":"ImageObject","inLanguage":"es","@id":"https:\/\/temporada-alta.com\/es\/#\/schema\/logo\/image\/","url":"https:\/\/temporada-alta.com\/wp-content\/uploads\/TA21-Logotip-pos.png","contentUrl":"https:\/\/temporada-alta.com\/wp-content\/uploads\/TA21-Logotip-pos.png","width":800,"height":267,"caption":"Temporada Alta"},"image":{"@id":"https:\/\/temporada-alta.com\/es\/#\/schema\/logo\/image\/"}}]}},"_links":{"self":[{"href":"https:\/\/temporada-alta.com\/es\/wp-json\/wp\/v2\/noticia\/41706","targetHints":{"allow":["GET"]}}],"collection":[{"href":"https:\/\/temporada-alta.com\/es\/wp-json\/wp\/v2\/noticia"}],"about":[{"href":"https:\/\/temporada-alta.com\/es\/wp-json\/wp\/v2\/types\/noticia"}],"wp:featuredmedia":[{"embeddable":true,"href":"https:\/\/temporada-alta.com\/es\/wp-json\/wp\/v2\/media\/41697"}],"wp:attachment":[{"href":"https:\/\/temporada-alta.com\/es\/wp-json\/wp\/v2\/media?parent=41706"}],"curies":[{"name":"wp","href":"https:\/\/api.w.org\/{rel}","templated":true}]}}