{"id":39021,"date":"2019-08-14T11:40:58","date_gmt":"2019-08-14T09:40:58","guid":{"rendered":"https:\/\/temporada-alta.com\/?post_type=noticia&#038;p=39021"},"modified":"2019-08-14T12:03:23","modified_gmt":"2019-08-14T10:03:23","slug":"toda-la-programacion-se-hara-publica-el-2-de-septiembre","status":"publish","type":"noticia","link":"https:\/\/temporada-alta.com\/es\/noticia\/toda-la-programacion-se-hara-publica-el-2-de-septiembre\/","title":{"rendered":"Toda la programaci\u00f3n se har\u00e1 p\u00fablica el 2 de septiembre"},"content":{"rendered":"<div id=\"modal-ready\"><p>Ya hay fechas confirmadas de las pr\u00f3ximas citas con Temporada Alta. El Festival anunciar\u00e1 la programaci\u00f3n completa el <strong>lunes 2 de septiembre<\/strong>. Se podr\u00e1 seguir la Rueda de Prensa en <em>streaming<\/em> a trav\u00e9s de la web del Festival y en colaboraci\u00f3n con TV Girona, a partir de las <strong>11h<\/strong>. Tambi\u00e9n se adelantar\u00e1n los grandes nombres de la programaci\u00f3n a trav\u00e9s de las redes sociales de Temporada Alta. A las 12h se publicar\u00e1, en la web del Festival, toda la informaci\u00f3n de la edici\u00f3n de este a\u00f1o: programaci\u00f3n, actividades paralelas, y todos los detalles del Festival. En la misma web podr\u00e1s descargarte la versi\u00f3n digital de la revista que editamos en papel, con el detalle de los espect\u00e1culos. El festival comenzar\u00e1 el domingo <strong>6 de octubre<\/strong> y terminar\u00e1 el lunes <strong>9 de diciembre<\/strong>.<\/p>\n<h4>Cuando puedo comprar las entradas?<\/h4>\n<p>La <strong>venta de entradas<\/strong> de la programaci\u00f3n completa comenzar\u00e1 el <strong>5 de septiembre<\/strong>, a las <strong>9h<\/strong> a trav\u00e9s de la web y en las taquillas del Teatro Municipal de Girona y el Teatro de Salt que abrir\u00e1n este d\u00eda en un horario especial de 9 a 20h. En el Teatro Municipal de Girona habr\u00e1 hasta 5 taquillas en funcionamiento simult\u00e1neamente. Actualmente <a href=\"https:\/\/temporada-alta.com\/es\/programacion\/\"><strong>ya hay a la venta<\/strong><\/a> en la web del Festival las entradas de una veintena de espect\u00e1culos. Esta venta estar\u00e1 activa hasta unos d\u00edas antes de la presentaci\u00f3n de la programaci\u00f3n. Los socios de El Club Ciutat Invisible y los mecenas de Temporada Alta podr\u00e1n comprar sus entradas el mi\u00e9rcoles <strong>4 de septiembre<\/strong>, en una<strong> venta preferente<\/strong>.<\/p>\n<h4>Como podr\u00e9 conocer los detalles de la programaci\u00f3n?<\/h4>\n<p>El mismo 2 de septiembre,<strong> a trav\u00e9s de la web<\/strong> te explicaremos diferentes acciones que el Festival ha previsto para explicar la programaci\u00f3n y resolver las posibles dudas que surgen al momento de hacer tu selecci\u00f3n de espect\u00e1culos. El director del Festival, <strong>Salvador Sunyer<\/strong> explicar\u00e1 la programaci\u00f3n en una actividad programada por la <strong>Biblioteca Carles Rahola<\/strong>, pero tambi\u00e9n habr\u00e1 otros canales para que puedas mantener un contacto directo con los programadores de Temporada Alta que te ayudar\u00e1n a hacer tu elecci\u00f3n. Si quieres tener m\u00e1s informaci\u00f3n al respecto,<strong> <a href=\"https:\/\/temporada-alta.koobin.com\/index.php?action=PU_ident_unica&amp;idioma=CA&amp;act=1\">suscr\u00edbete<\/a> al Bolet\u00edn del Festival<\/strong> y te mantendremos informado.<\/p>\n<\/div>","protected":false},"excerpt":{"rendered":"<p>Ya hay fechas confirmadas de las pr\u00f3ximas citas con Temporada Alta. El Festival anunciar\u00e1 la programaci\u00f3n completa el&#8230;<\/p>\n","protected":false},"featured_media":39025,"template":"","class_list":["post-39021","noticia","type-noticia","status-publish","has-post-thumbnail","hentry"],"acf":[],"yoast_head":"<!-- This site is optimized with the Yoast SEO plugin v27.0 - https:\/\/yoast.com\/product\/yoast-seo-wordpress\/ -->\n<title>Toda la programaci\u00f3n se har\u00e1 p\u00fablica el 2 de septiembre - Temporada Alta<\/title>\n<meta name=\"robots\" content=\"index, follow, max-snippet:-1, max-image-preview:large, max-video-preview:-1\" \/>\n<link rel=\"canonical\" href=\"https:\/\/temporada-alta.com\/es\/noticia\/toda-la-programacion-se-hara-publica-el-2-de-septiembre\/\" \/>\n<meta property=\"og:locale\" content=\"es_ES\" \/>\n<meta property=\"og:type\" content=\"article\" \/>\n<meta property=\"og:title\" content=\"Toda la programaci\u00f3n se har\u00e1 p\u00fablica el 2 de septiembre - Temporada Alta\" \/>\n<meta property=\"og:description\" content=\"Ya hay fechas confirmadas de las pr\u00f3ximas citas con Temporada Alta. El Festival anunciar\u00e1 la programaci\u00f3n completa el...\" \/>\n<meta property=\"og:url\" content=\"https:\/\/temporada-alta.com\/es\/noticia\/toda-la-programacion-se-hara-publica-el-2-de-septiembre\/\" \/>\n<meta property=\"og:site_name\" content=\"Temporada Alta\" \/>\n<meta property=\"article:modified_time\" content=\"2019-08-14T10:03:23+00:00\" \/>\n<meta property=\"og:image\" content=\"https:\/\/temporada-alta.com\/wp-content\/uploads\/dates-clau-ta19.jpg\" \/>\n\t<meta property=\"og:image:width\" content=\"1200\" \/>\n\t<meta property=\"og:image:height\" content=\"600\" \/>\n\t<meta property=\"og:image:type\" content=\"image\/jpeg\" \/>\n<meta name=\"twitter:card\" content=\"summary_large_image\" \/>\n<script type=\"application\/ld+json\" class=\"yoast-schema-graph\">{\"@context\":\"https:\/\/schema.org\",\"@graph\":[{\"@type\":\"WebPage\",\"@id\":\"https:\/\/temporada-alta.com\/es\/noticia\/toda-la-programacion-se-hara-publica-el-2-de-septiembre\/\",\"url\":\"https:\/\/temporada-alta.com\/es\/noticia\/toda-la-programacion-se-hara-publica-el-2-de-septiembre\/\",\"name\":\"Toda la programaci\u00f3n se har\u00e1 p\u00fablica el 2 de septiembre - Temporada Alta\",\"isPartOf\":{\"@id\":\"https:\/\/temporada-alta.com\/es\/#website\"},\"primaryImageOfPage\":{\"@id\":\"https:\/\/temporada-alta.com\/es\/noticia\/toda-la-programacion-se-hara-publica-el-2-de-septiembre\/#primaryimage\"},\"image\":{\"@id\":\"https:\/\/temporada-alta.com\/es\/noticia\/toda-la-programacion-se-hara-publica-el-2-de-septiembre\/#primaryimage\"},\"thumbnailUrl\":\"https:\/\/temporada-alta.com\/wp-content\/uploads\/dates-clau-ta19.jpg\",\"datePublished\":\"2019-08-14T09:40:58+00:00\",\"dateModified\":\"2019-08-14T10:03:23+00:00\",\"breadcrumb\":{\"@id\":\"https:\/\/temporada-alta.com\/es\/noticia\/toda-la-programacion-se-hara-publica-el-2-de-septiembre\/#breadcrumb\"},\"inLanguage\":\"es\",\"potentialAction\":[{\"@type\":\"ReadAction\",\"target\":[\"https:\/\/temporada-alta.com\/es\/noticia\/toda-la-programacion-se-hara-publica-el-2-de-septiembre\/\"]}]},{\"@type\":\"ImageObject\",\"inLanguage\":\"es\",\"@id\":\"https:\/\/temporada-alta.com\/es\/noticia\/toda-la-programacion-se-hara-publica-el-2-de-septiembre\/#primaryimage\",\"url\":\"https:\/\/temporada-alta.com\/wp-content\/uploads\/dates-clau-ta19.jpg\",\"contentUrl\":\"https:\/\/temporada-alta.com\/wp-content\/uploads\/dates-clau-ta19.jpg\",\"width\":1200,\"height\":600},{\"@type\":\"BreadcrumbList\",\"@id\":\"https:\/\/temporada-alta.com\/es\/noticia\/toda-la-programacion-se-hara-publica-el-2-de-septiembre\/#breadcrumb\",\"itemListElement\":[{\"@type\":\"ListItem\",\"position\":1,\"name\":\"Inici\",\"item\":\"https:\/\/temporada-alta.com\/es\/\"},{\"@type\":\"ListItem\",\"position\":2,\"name\":\"Toda la programaci\u00f3n se har\u00e1 p\u00fablica el 2 de septiembre\"}]},{\"@type\":\"WebSite\",\"@id\":\"https:\/\/temporada-alta.com\/es\/#website\",\"url\":\"https:\/\/temporada-alta.com\/es\/\",\"name\":\"Temporada Alta\",\"description\":\"Festival d&#039;Arts Esc\u00e8niques\",\"publisher\":{\"@id\":\"https:\/\/temporada-alta.com\/es\/#organization\"},\"potentialAction\":[{\"@type\":\"SearchAction\",\"target\":{\"@type\":\"EntryPoint\",\"urlTemplate\":\"https:\/\/temporada-alta.com\/es\/?s={search_term_string}\"},\"query-input\":{\"@type\":\"PropertyValueSpecification\",\"valueRequired\":true,\"valueName\":\"search_term_string\"}}],\"inLanguage\":\"es\"},{\"@type\":\"Organization\",\"@id\":\"https:\/\/temporada-alta.com\/es\/#organization\",\"name\":\"Temporada Alta\",\"url\":\"https:\/\/temporada-alta.com\/es\/\",\"logo\":{\"@type\":\"ImageObject\",\"inLanguage\":\"es\",\"@id\":\"https:\/\/temporada-alta.com\/es\/#\/schema\/logo\/image\/\",\"url\":\"https:\/\/temporada-alta.com\/wp-content\/uploads\/TA21-Logotip-pos.png\",\"contentUrl\":\"https:\/\/temporada-alta.com\/wp-content\/uploads\/TA21-Logotip-pos.png\",\"width\":800,\"height\":267,\"caption\":\"Temporada Alta\"},\"image\":{\"@id\":\"https:\/\/temporada-alta.com\/es\/#\/schema\/logo\/image\/\"}}]}<\/script>\n<!-- \/ Yoast SEO plugin. -->","yoast_head_json":{"title":"Toda la programaci\u00f3n se har\u00e1 p\u00fablica el 2 de septiembre - Temporada Alta","robots":{"index":"index","follow":"follow","max-snippet":"max-snippet:-1","max-image-preview":"max-image-preview:large","max-video-preview":"max-video-preview:-1"},"canonical":"https:\/\/temporada-alta.com\/es\/noticia\/toda-la-programacion-se-hara-publica-el-2-de-septiembre\/","og_locale":"es_ES","og_type":"article","og_title":"Toda la programaci\u00f3n se har\u00e1 p\u00fablica el 2 de septiembre - Temporada Alta","og_description":"Ya hay fechas confirmadas de las pr\u00f3ximas citas con Temporada Alta. El Festival anunciar\u00e1 la programaci\u00f3n completa el...","og_url":"https:\/\/temporada-alta.com\/es\/noticia\/toda-la-programacion-se-hara-publica-el-2-de-septiembre\/","og_site_name":"Temporada Alta","article_modified_time":"2019-08-14T10:03:23+00:00","og_image":[{"width":1200,"height":600,"url":"https:\/\/temporada-alta.com\/wp-content\/uploads\/dates-clau-ta19.jpg","type":"image\/jpeg"}],"twitter_card":"summary_large_image","schema":{"@context":"https:\/\/schema.org","@graph":[{"@type":"WebPage","@id":"https:\/\/temporada-alta.com\/es\/noticia\/toda-la-programacion-se-hara-publica-el-2-de-septiembre\/","url":"https:\/\/temporada-alta.com\/es\/noticia\/toda-la-programacion-se-hara-publica-el-2-de-septiembre\/","name":"Toda la programaci\u00f3n se har\u00e1 p\u00fablica el 2 de septiembre - Temporada Alta","isPartOf":{"@id":"https:\/\/temporada-alta.com\/es\/#website"},"primaryImageOfPage":{"@id":"https:\/\/temporada-alta.com\/es\/noticia\/toda-la-programacion-se-hara-publica-el-2-de-septiembre\/#primaryimage"},"image":{"@id":"https:\/\/temporada-alta.com\/es\/noticia\/toda-la-programacion-se-hara-publica-el-2-de-septiembre\/#primaryimage"},"thumbnailUrl":"https:\/\/temporada-alta.com\/wp-content\/uploads\/dates-clau-ta19.jpg","datePublished":"2019-08-14T09:40:58+00:00","dateModified":"2019-08-14T10:03:23+00:00","breadcrumb":{"@id":"https:\/\/temporada-alta.com\/es\/noticia\/toda-la-programacion-se-hara-publica-el-2-de-septiembre\/#breadcrumb"},"inLanguage":"es","potentialAction":[{"@type":"ReadAction","target":["https:\/\/temporada-alta.com\/es\/noticia\/toda-la-programacion-se-hara-publica-el-2-de-septiembre\/"]}]},{"@type":"ImageObject","inLanguage":"es","@id":"https:\/\/temporada-alta.com\/es\/noticia\/toda-la-programacion-se-hara-publica-el-2-de-septiembre\/#primaryimage","url":"https:\/\/temporada-alta.com\/wp-content\/uploads\/dates-clau-ta19.jpg","contentUrl":"https:\/\/temporada-alta.com\/wp-content\/uploads\/dates-clau-ta19.jpg","width":1200,"height":600},{"@type":"BreadcrumbList","@id":"https:\/\/temporada-alta.com\/es\/noticia\/toda-la-programacion-se-hara-publica-el-2-de-septiembre\/#breadcrumb","itemListElement":[{"@type":"ListItem","position":1,"name":"Inici","item":"https:\/\/temporada-alta.com\/es\/"},{"@type":"ListItem","position":2,"name":"Toda la programaci\u00f3n se har\u00e1 p\u00fablica el 2 de septiembre"}]},{"@type":"WebSite","@id":"https:\/\/temporada-alta.com\/es\/#website","url":"https:\/\/temporada-alta.com\/es\/","name":"Temporada Alta","description":"Festival d&#039;Arts Esc\u00e8niques","publisher":{"@id":"https:\/\/temporada-alta.com\/es\/#organization"},"potentialAction":[{"@type":"SearchAction","target":{"@type":"EntryPoint","urlTemplate":"https:\/\/temporada-alta.com\/es\/?s={search_term_string}"},"query-input":{"@type":"PropertyValueSpecification","valueRequired":true,"valueName":"search_term_string"}}],"inLanguage":"es"},{"@type":"Organization","@id":"https:\/\/temporada-alta.com\/es\/#organization","name":"Temporada Alta","url":"https:\/\/temporada-alta.com\/es\/","logo":{"@type":"ImageObject","inLanguage":"es","@id":"https:\/\/temporada-alta.com\/es\/#\/schema\/logo\/image\/","url":"https:\/\/temporada-alta.com\/wp-content\/uploads\/TA21-Logotip-pos.png","contentUrl":"https:\/\/temporada-alta.com\/wp-content\/uploads\/TA21-Logotip-pos.png","width":800,"height":267,"caption":"Temporada Alta"},"image":{"@id":"https:\/\/temporada-alta.com\/es\/#\/schema\/logo\/image\/"}}]}},"_links":{"self":[{"href":"https:\/\/temporada-alta.com\/es\/wp-json\/wp\/v2\/noticia\/39021","targetHints":{"allow":["GET"]}}],"collection":[{"href":"https:\/\/temporada-alta.com\/es\/wp-json\/wp\/v2\/noticia"}],"about":[{"href":"https:\/\/temporada-alta.com\/es\/wp-json\/wp\/v2\/types\/noticia"}],"wp:featuredmedia":[{"embeddable":true,"href":"https:\/\/temporada-alta.com\/es\/wp-json\/wp\/v2\/media\/39025"}],"wp:attachment":[{"href":"https:\/\/temporada-alta.com\/es\/wp-json\/wp\/v2\/media?parent=39021"}],"curies":[{"name":"wp","href":"https:\/\/api.w.org\/{rel}","templated":true}]}}