{"id":35661,"date":"2019-05-21T10:13:09","date_gmt":"2019-05-21T08:13:09","guid":{"rendered":"https:\/\/www.temporada-alta.com\/noticia\/la-tendresa-que-veurem-a-ta19-guanyadora-del-premi-max-al-millor-espectacle-de-teatre\/"},"modified":"2019-05-21T11:31:13","modified_gmt":"2019-05-21T09:31:13","slug":"la-ternura-con-version-catalana-en-ta19-ganadora-del-premio-max-al-mejor-espectaculo-de-teatro","status":"publish","type":"noticia","link":"https:\/\/temporada-alta.com\/es\/noticia\/la-ternura-con-version-catalana-en-ta19-ganadora-del-premio-max-al-mejor-espectaculo-de-teatro\/","title":{"rendered":"La ternura, con versi\u00f3n catalana en TA19, ganadora del Premio Max al mejor espect\u00e1culo de teatro"},"content":{"rendered":"<div id=\"modal-ready\"><p>Este lunes 20 de mayo, la ciudad de Valladolid ha acogido los XXII Premios Max de las Artes Esc\u00e9nicas, que se conceden desde 1998 a profesionales del teatro y la danza de Espa\u00f1a. <strong><em>La ternura<\/em>,<\/strong> la comedia de <strong>Alfredo Sanzol<\/strong> que <a href=\"https:\/\/www.temporada-alta.com\/espectacle\/la-tendresa\/\">podremos ver en versi\u00f3n catalana en Temporada Alta 2019<\/a>, se ha llevado el galard\u00f3n al mejor espect\u00e1culo de teatro: Sanzol propone un juego de equ\u00edvocos basado en las comedias shakespearianas.<\/p>\n<p>Doble galard\u00f3n, tambi\u00e9n, para <strong><em>Grito<\/em><\/strong><em> <strong>pelao<\/strong><\/em> de la <strong>Compa\u00f1\u00eda<\/strong> <strong>Roc\u00edo<\/strong> <strong>Molina<\/strong>: la compa\u00f1\u00eda ha llevado el premio al mejor espect\u00e1culo de danza y a <strong>S\u00edlvia P\u00e9rez Cruz<\/strong> por la mejor composici\u00f3n musical para espect\u00e1culo esc\u00e9nico. En Temporada Alta 2017 se pudo ver parte de la creaci\u00f3n, unas <a href=\"https:\/\/www.youtube.com\/watch?v=I2N7ffgSZOw\" target=\"_blank\" rel=\"noopener noreferrer\">improvisaciones delante del p\u00fablico<\/a> que se titulaban <em>Impulso<\/em> y que tambi\u00e9n se hicieron en N\u00eemes, Par\u00eds, Nueva York o Madrid.<\/p>\n<p>Ha sido, de hecho, una gran noche para el teatro catal\u00e1n. <strong>Jordi Prat i Coll<\/strong> se ha llevado el galard\u00f3n a la mejor adaptaci\u00f3n de obra teatral por <strong><em>Els jocs florals de Canprosa<\/em>,<\/strong> y el espect\u00e1culo <strong><em>Temps salvatge<\/em><\/strong> ha ganado dos premios<strong>: Josep M\u00aa Mir\u00f3 i Coromina<\/strong> se ha llevado el premio a la mejor autor\u00eda teatral y <strong>Xavier Albert\u00ed<\/strong> el premio a la mejor direcci\u00f3n de escena.<\/p>\n<p>Doble galard\u00f3n, tambi\u00e9n, para <em>A. K. A.,<\/em> el premiado mon\u00f3logo de <strong>Daniel J. Meyer<\/strong> que dirige <strong>Montse Rodr\u00edguez<\/strong> y protagoniza <strong>Alberto Salazar<\/strong>. Meyer ha ganado el premio a mejor autor revelaci\u00f3n y Salazar se ha llevado el galard\u00f3n a mejor actor protagonista. Esperamos, qui\u00e9n sabe, que el espect\u00e1culo vuelva pronto a las salas de Girona.<\/p>\n<\/div>","protected":false},"excerpt":{"rendered":"<p>Este lunes 20 de mayo, la ciudad de Valladolid ha acogido los XXII Premios Max de las Artes&#8230;<\/p>\n","protected":false},"featured_media":35660,"template":"","class_list":["post-35661","noticia","type-noticia","status-publish","has-post-thumbnail","hentry"],"acf":[],"yoast_head":"<!-- This site is optimized with the Yoast SEO plugin v27.0 - https:\/\/yoast.com\/product\/yoast-seo-wordpress\/ -->\n<title>La ternura, con versi\u00f3n catalana en TA19, ganadora del Premio Max al mejor espect\u00e1culo de teatro - Temporada Alta<\/title>\n<meta name=\"robots\" content=\"index, follow, max-snippet:-1, max-image-preview:large, max-video-preview:-1\" \/>\n<link rel=\"canonical\" href=\"https:\/\/temporada-alta.com\/es\/noticia\/la-ternura-con-version-catalana-en-ta19-ganadora-del-premio-max-al-mejor-espectaculo-de-teatro\/\" \/>\n<meta property=\"og:locale\" content=\"es_ES\" \/>\n<meta property=\"og:type\" content=\"article\" \/>\n<meta property=\"og:title\" content=\"La ternura, con versi\u00f3n catalana en TA19, ganadora del Premio Max al mejor espect\u00e1culo de teatro - Temporada Alta\" \/>\n<meta property=\"og:description\" content=\"Este lunes 20 de mayo, la ciudad de Valladolid ha acogido los XXII Premios Max de las Artes...\" \/>\n<meta property=\"og:url\" content=\"https:\/\/temporada-alta.com\/es\/noticia\/la-ternura-con-version-catalana-en-ta19-ganadora-del-premio-max-al-mejor-espectaculo-de-teatro\/\" \/>\n<meta property=\"og:site_name\" content=\"Temporada Alta\" \/>\n<meta property=\"article:modified_time\" content=\"2019-05-21T09:31:13+00:00\" \/>\n<meta property=\"og:image\" content=\"https:\/\/temporada-alta.com\/wp-content\/uploads\/not\u00edciaweb.jpg\" \/>\n\t<meta property=\"og:image:width\" content=\"1000\" \/>\n\t<meta property=\"og:image:height\" content=\"500\" \/>\n\t<meta property=\"og:image:type\" content=\"image\/jpeg\" \/>\n<meta name=\"twitter:card\" content=\"summary_large_image\" \/>\n<script type=\"application\/ld+json\" class=\"yoast-schema-graph\">{\"@context\":\"https:\/\/schema.org\",\"@graph\":[{\"@type\":\"WebPage\",\"@id\":\"https:\/\/temporada-alta.com\/es\/noticia\/la-ternura-con-version-catalana-en-ta19-ganadora-del-premio-max-al-mejor-espectaculo-de-teatro\/\",\"url\":\"https:\/\/temporada-alta.com\/es\/noticia\/la-ternura-con-version-catalana-en-ta19-ganadora-del-premio-max-al-mejor-espectaculo-de-teatro\/\",\"name\":\"La ternura, con versi\u00f3n catalana en TA19, ganadora del Premio Max al mejor espect\u00e1culo de teatro - Temporada Alta\",\"isPartOf\":{\"@id\":\"https:\/\/temporada-alta.com\/es\/#website\"},\"primaryImageOfPage\":{\"@id\":\"https:\/\/temporada-alta.com\/es\/noticia\/la-ternura-con-version-catalana-en-ta19-ganadora-del-premio-max-al-mejor-espectaculo-de-teatro\/#primaryimage\"},\"image\":{\"@id\":\"https:\/\/temporada-alta.com\/es\/noticia\/la-ternura-con-version-catalana-en-ta19-ganadora-del-premio-max-al-mejor-espectaculo-de-teatro\/#primaryimage\"},\"thumbnailUrl\":\"https:\/\/temporada-alta.com\/wp-content\/uploads\/not\u00edciaweb.jpg\",\"datePublished\":\"2019-05-21T08:13:09+00:00\",\"dateModified\":\"2019-05-21T09:31:13+00:00\",\"breadcrumb\":{\"@id\":\"https:\/\/temporada-alta.com\/es\/noticia\/la-ternura-con-version-catalana-en-ta19-ganadora-del-premio-max-al-mejor-espectaculo-de-teatro\/#breadcrumb\"},\"inLanguage\":\"es\",\"potentialAction\":[{\"@type\":\"ReadAction\",\"target\":[\"https:\/\/temporada-alta.com\/es\/noticia\/la-ternura-con-version-catalana-en-ta19-ganadora-del-premio-max-al-mejor-espectaculo-de-teatro\/\"]}]},{\"@type\":\"ImageObject\",\"inLanguage\":\"es\",\"@id\":\"https:\/\/temporada-alta.com\/es\/noticia\/la-ternura-con-version-catalana-en-ta19-ganadora-del-premio-max-al-mejor-espectaculo-de-teatro\/#primaryimage\",\"url\":\"https:\/\/temporada-alta.com\/wp-content\/uploads\/not\u00edciaweb.jpg\",\"contentUrl\":\"https:\/\/temporada-alta.com\/wp-content\/uploads\/not\u00edciaweb.jpg\",\"width\":1000,\"height\":500},{\"@type\":\"BreadcrumbList\",\"@id\":\"https:\/\/temporada-alta.com\/es\/noticia\/la-ternura-con-version-catalana-en-ta19-ganadora-del-premio-max-al-mejor-espectaculo-de-teatro\/#breadcrumb\",\"itemListElement\":[{\"@type\":\"ListItem\",\"position\":1,\"name\":\"Inici\",\"item\":\"https:\/\/temporada-alta.com\/es\/\"},{\"@type\":\"ListItem\",\"position\":2,\"name\":\"La ternura, con versi\u00f3n catalana en TA19, ganadora del Premio Max al mejor espect\u00e1culo de teatro\"}]},{\"@type\":\"WebSite\",\"@id\":\"https:\/\/temporada-alta.com\/es\/#website\",\"url\":\"https:\/\/temporada-alta.com\/es\/\",\"name\":\"Temporada Alta\",\"description\":\"Festival d&#039;Arts Esc\u00e8niques\",\"publisher\":{\"@id\":\"https:\/\/temporada-alta.com\/es\/#organization\"},\"potentialAction\":[{\"@type\":\"SearchAction\",\"target\":{\"@type\":\"EntryPoint\",\"urlTemplate\":\"https:\/\/temporada-alta.com\/es\/?s={search_term_string}\"},\"query-input\":{\"@type\":\"PropertyValueSpecification\",\"valueRequired\":true,\"valueName\":\"search_term_string\"}}],\"inLanguage\":\"es\"},{\"@type\":\"Organization\",\"@id\":\"https:\/\/temporada-alta.com\/es\/#organization\",\"name\":\"Temporada Alta\",\"url\":\"https:\/\/temporada-alta.com\/es\/\",\"logo\":{\"@type\":\"ImageObject\",\"inLanguage\":\"es\",\"@id\":\"https:\/\/temporada-alta.com\/es\/#\/schema\/logo\/image\/\",\"url\":\"https:\/\/temporada-alta.com\/wp-content\/uploads\/TA21-Logotip-pos.png\",\"contentUrl\":\"https:\/\/temporada-alta.com\/wp-content\/uploads\/TA21-Logotip-pos.png\",\"width\":800,\"height\":267,\"caption\":\"Temporada Alta\"},\"image\":{\"@id\":\"https:\/\/temporada-alta.com\/es\/#\/schema\/logo\/image\/\"}}]}<\/script>\n<!-- \/ Yoast SEO plugin. -->","yoast_head_json":{"title":"La ternura, con versi\u00f3n catalana en TA19, ganadora del Premio Max al mejor espect\u00e1culo de teatro - Temporada Alta","robots":{"index":"index","follow":"follow","max-snippet":"max-snippet:-1","max-image-preview":"max-image-preview:large","max-video-preview":"max-video-preview:-1"},"canonical":"https:\/\/temporada-alta.com\/es\/noticia\/la-ternura-con-version-catalana-en-ta19-ganadora-del-premio-max-al-mejor-espectaculo-de-teatro\/","og_locale":"es_ES","og_type":"article","og_title":"La ternura, con versi\u00f3n catalana en TA19, ganadora del Premio Max al mejor espect\u00e1culo de teatro - Temporada Alta","og_description":"Este lunes 20 de mayo, la ciudad de Valladolid ha acogido los XXII Premios Max de las Artes...","og_url":"https:\/\/temporada-alta.com\/es\/noticia\/la-ternura-con-version-catalana-en-ta19-ganadora-del-premio-max-al-mejor-espectaculo-de-teatro\/","og_site_name":"Temporada Alta","article_modified_time":"2019-05-21T09:31:13+00:00","og_image":[{"width":1000,"height":500,"url":"https:\/\/temporada-alta.com\/wp-content\/uploads\/not\u00edciaweb.jpg","type":"image\/jpeg"}],"twitter_card":"summary_large_image","schema":{"@context":"https:\/\/schema.org","@graph":[{"@type":"WebPage","@id":"https:\/\/temporada-alta.com\/es\/noticia\/la-ternura-con-version-catalana-en-ta19-ganadora-del-premio-max-al-mejor-espectaculo-de-teatro\/","url":"https:\/\/temporada-alta.com\/es\/noticia\/la-ternura-con-version-catalana-en-ta19-ganadora-del-premio-max-al-mejor-espectaculo-de-teatro\/","name":"La ternura, con versi\u00f3n catalana en TA19, ganadora del Premio Max al mejor espect\u00e1culo de teatro - Temporada Alta","isPartOf":{"@id":"https:\/\/temporada-alta.com\/es\/#website"},"primaryImageOfPage":{"@id":"https:\/\/temporada-alta.com\/es\/noticia\/la-ternura-con-version-catalana-en-ta19-ganadora-del-premio-max-al-mejor-espectaculo-de-teatro\/#primaryimage"},"image":{"@id":"https:\/\/temporada-alta.com\/es\/noticia\/la-ternura-con-version-catalana-en-ta19-ganadora-del-premio-max-al-mejor-espectaculo-de-teatro\/#primaryimage"},"thumbnailUrl":"https:\/\/temporada-alta.com\/wp-content\/uploads\/not\u00edciaweb.jpg","datePublished":"2019-05-21T08:13:09+00:00","dateModified":"2019-05-21T09:31:13+00:00","breadcrumb":{"@id":"https:\/\/temporada-alta.com\/es\/noticia\/la-ternura-con-version-catalana-en-ta19-ganadora-del-premio-max-al-mejor-espectaculo-de-teatro\/#breadcrumb"},"inLanguage":"es","potentialAction":[{"@type":"ReadAction","target":["https:\/\/temporada-alta.com\/es\/noticia\/la-ternura-con-version-catalana-en-ta19-ganadora-del-premio-max-al-mejor-espectaculo-de-teatro\/"]}]},{"@type":"ImageObject","inLanguage":"es","@id":"https:\/\/temporada-alta.com\/es\/noticia\/la-ternura-con-version-catalana-en-ta19-ganadora-del-premio-max-al-mejor-espectaculo-de-teatro\/#primaryimage","url":"https:\/\/temporada-alta.com\/wp-content\/uploads\/not\u00edciaweb.jpg","contentUrl":"https:\/\/temporada-alta.com\/wp-content\/uploads\/not\u00edciaweb.jpg","width":1000,"height":500},{"@type":"BreadcrumbList","@id":"https:\/\/temporada-alta.com\/es\/noticia\/la-ternura-con-version-catalana-en-ta19-ganadora-del-premio-max-al-mejor-espectaculo-de-teatro\/#breadcrumb","itemListElement":[{"@type":"ListItem","position":1,"name":"Inici","item":"https:\/\/temporada-alta.com\/es\/"},{"@type":"ListItem","position":2,"name":"La ternura, con versi\u00f3n catalana en TA19, ganadora del Premio Max al mejor espect\u00e1culo de teatro"}]},{"@type":"WebSite","@id":"https:\/\/temporada-alta.com\/es\/#website","url":"https:\/\/temporada-alta.com\/es\/","name":"Temporada Alta","description":"Festival d&#039;Arts Esc\u00e8niques","publisher":{"@id":"https:\/\/temporada-alta.com\/es\/#organization"},"potentialAction":[{"@type":"SearchAction","target":{"@type":"EntryPoint","urlTemplate":"https:\/\/temporada-alta.com\/es\/?s={search_term_string}"},"query-input":{"@type":"PropertyValueSpecification","valueRequired":true,"valueName":"search_term_string"}}],"inLanguage":"es"},{"@type":"Organization","@id":"https:\/\/temporada-alta.com\/es\/#organization","name":"Temporada Alta","url":"https:\/\/temporada-alta.com\/es\/","logo":{"@type":"ImageObject","inLanguage":"es","@id":"https:\/\/temporada-alta.com\/es\/#\/schema\/logo\/image\/","url":"https:\/\/temporada-alta.com\/wp-content\/uploads\/TA21-Logotip-pos.png","contentUrl":"https:\/\/temporada-alta.com\/wp-content\/uploads\/TA21-Logotip-pos.png","width":800,"height":267,"caption":"Temporada Alta"},"image":{"@id":"https:\/\/temporada-alta.com\/es\/#\/schema\/logo\/image\/"}}]}},"_links":{"self":[{"href":"https:\/\/temporada-alta.com\/es\/wp-json\/wp\/v2\/noticia\/35661","targetHints":{"allow":["GET"]}}],"collection":[{"href":"https:\/\/temporada-alta.com\/es\/wp-json\/wp\/v2\/noticia"}],"about":[{"href":"https:\/\/temporada-alta.com\/es\/wp-json\/wp\/v2\/types\/noticia"}],"wp:featuredmedia":[{"embeddable":true,"href":"https:\/\/temporada-alta.com\/es\/wp-json\/wp\/v2\/media\/35660"}],"wp:attachment":[{"href":"https:\/\/temporada-alta.com\/es\/wp-json\/wp\/v2\/media?parent=35661"}],"curies":[{"name":"wp","href":"https:\/\/api.w.org\/{rel}","templated":true}]}}