{"id":29407,"date":"2019-02-20T12:57:20","date_gmt":"2019-02-20T11:57:20","guid":{"rendered":"https:\/\/www.temporada-alta.com\/?post_type=noticia&#038;p=29407"},"modified":"2019-02-20T16:20:28","modified_gmt":"2019-02-20T15:20:28","slug":"a-tempo-presenta-nuevas-actividades-proyecciones-para-estudiantes-de-migranland-y-de-el-vent-es-aixo","status":"publish","type":"noticia","link":"https:\/\/temporada-alta.com\/es\/noticia\/a-tempo-presenta-nuevas-actividades-proyecciones-para-estudiantes-de-migranland-y-de-el-vent-es-aixo\/","title":{"rendered":"A Tempo presenta nuevas actividades: proyecciones para estudiantes de &#8216;Migranland&#8217; y de &#8216;El vent \u00e9s aix\u00f2&#8217;"},"content":{"rendered":"<div id=\"modal-ready\"><p>Este segundo trimestre del curso 2018-19, A Tempo organiza una serie de actividades gratuitas dirigidas a los cursos de\u00a0<strong>ESO, bachillerato y ciclos formativos<\/strong>\u00a0de los institutos p\u00fablicos y concertados de la provincia de Girona. En el marco del Cine Truffaut, se podr\u00e1n ver las proyecciones de dos proyectos audiovisuales vinculados a <a href=\"http:\/\/www.temporada-alta.com\/\">Temporada Alta<\/a>\u00a0y al proyecto de Artes y Formaci\u00f3n:<\/p>\n<p>El pr\u00f3ximo<strong>\u00a05 de marzo a las 10.30h el cine Truffaut<\/strong>\u00a0acoger\u00e1 la proyecci\u00f3n de\u00a0<a href=\"https:\/\/www.temporada-alta.com\/espectacle\/migranland-la-pellcula\/\"><em><strong>Migranland<\/strong><\/em><\/a>, un documental realizado a partir del montaje hom\u00f3nimo dirigido por \u00c0lex Rigola donde, el director, se acercaba a la realidad social de Salt. El montaje se present\u00f3 en Temporada Alta 2013 y era un proyecto de teatro comunitario incluido en el programa de Art per a la Millora Social de l\u2019Obra Social \u201cla Caixa\u201d\u00a0 con el objetivo de promover el arte y la cultura como herramientas de transformaci\u00f3n social. Ahora, los centros interesados \u200b\u200btienen la oportunidad de conocer de primera mano esta experiencia a trav\u00e9s del documental dirigido por Salvador Sunyer Vidal y presentado en el marco de Temporada Alta 2015. Antes de la proyecci\u00f3n, algunas de las personas que participaron en la creaci\u00f3n del espect\u00e1culo explicar\u00e1n su experiencia en primera persona.<\/p>\n<p>La otra pel\u00edcula que se proyectar\u00e1 es\u00a0<a href=\"https:\/\/www.temporada-alta.com\/noticia\/a-tempo-promou-una-pellcula-dirigida-per-pere-vil-i-els-alumnes-del-ins-santiago-sobrequs\/\"><em><strong>El vent \u00e9s aix\u00f2<\/strong><\/em><\/a>, que se podr\u00e1 ver el\u00a0<strong>28 de marzo a las 10.30h, tambi\u00e9n en el cine Truffaut<\/strong>. Un largometraje realizado por j\u00f3venes de segundo de bachillerato del INS Santiago Sobreques de Girona con el asesoramiento del cineasta Pere Vil\u00e0 Barcel\u00f3 y con la participaci\u00f3n de int\u00e9rpretes profesionales como\u00a0<strong>Laia Manzanares, Katrin Vankova, Alex Brendem\u00fclh<\/strong>\u00a0y\u00a0<strong>Anna Alarcon<\/strong>. Para realizar el largometraje que se ha presentado en Temporada Alta 2017, el INS Santiago Sobrequ\u00e9s ha incluido, durante el curso escolar, asignaturas te\u00f3ricas sobre cine en su curr\u00edculo educativo, as\u00ed como diversos talleres pr\u00e1cticos de t\u00e9cnicas cinematogr\u00e1ficas que han concluido con la materializaci\u00f3n de la pel\u00edcula. Los objetivos del proyecto fueron educar la mirada cinematogr\u00e1fica, incentivar la capacidad cr\u00edtica de los alumnos y alimentar la creatividad al tiempo que se quer\u00eda sensibilizar en temas de salud y la relaci\u00f3n con la sociedad que les ha tocado vivir. Ahora, se ofrece una nueva oportunidad para ver la propuesta. Antes de la proyecci\u00f3n en el cine Truffaut, en Mario y la Marina, dos de los estudiantes que participaron en el proceso de creaci\u00f3n, explicar\u00e1n a los asistentes cu\u00e1l fue su experiencia.<\/p>\n<p>En ambos casos, la inscripci\u00f3n es obligatoria y el aforo es limitado. M\u00e1s informaci\u00f3n e inscripciones\u00a0<a href=\"https:\/\/www.ciutatinvisible.org\/a-tempo-2018\/\">aqu\u00ed<\/a>.<\/p>\n<\/div>","protected":false},"excerpt":{"rendered":"<p>Este segundo trimestre del curso 2018-19, A Tempo organiza una serie de actividades gratuitas dirigidas a los cursos&#8230;<\/p>\n","protected":false},"featured_media":29403,"template":"","class_list":["post-29407","noticia","type-noticia","status-publish","has-post-thumbnail","hentry"],"acf":[],"yoast_head":"<!-- This site is optimized with the Yoast SEO plugin v27.0 - https:\/\/yoast.com\/product\/yoast-seo-wordpress\/ -->\n<title>A Tempo presenta nuevas actividades: proyecciones para estudiantes de &#039;Migranland&#039; y de &#039;El vent \u00e9s aix\u00f2&#039; - Temporada Alta<\/title>\n<meta name=\"robots\" content=\"index, follow, max-snippet:-1, max-image-preview:large, max-video-preview:-1\" \/>\n<link rel=\"canonical\" href=\"https:\/\/temporada-alta.com\/es\/noticia\/a-tempo-presenta-nuevas-actividades-proyecciones-para-estudiantes-de-migranland-y-de-el-vent-es-aixo\/\" \/>\n<meta property=\"og:locale\" content=\"es_ES\" \/>\n<meta property=\"og:type\" content=\"article\" \/>\n<meta property=\"og:title\" content=\"A Tempo presenta nuevas actividades: proyecciones para estudiantes de &#039;Migranland&#039; y de &#039;El vent \u00e9s aix\u00f2&#039; - Temporada Alta\" \/>\n<meta property=\"og:description\" content=\"Este segundo trimestre del curso 2018-19, A Tempo organiza una serie de actividades gratuitas dirigidas a los cursos...\" \/>\n<meta property=\"og:url\" content=\"https:\/\/temporada-alta.com\/es\/noticia\/a-tempo-presenta-nuevas-actividades-proyecciones-para-estudiantes-de-migranland-y-de-el-vent-es-aixo\/\" \/>\n<meta property=\"og:site_name\" content=\"Temporada Alta\" \/>\n<meta property=\"article:modified_time\" content=\"2019-02-20T15:20:28+00:00\" \/>\n<meta property=\"og:image\" content=\"https:\/\/temporada-alta.com\/wp-content\/uploads\/brandemuls.jpg\" \/>\n\t<meta property=\"og:image:width\" content=\"1000\" \/>\n\t<meta property=\"og:image:height\" content=\"500\" \/>\n\t<meta property=\"og:image:type\" content=\"image\/jpeg\" \/>\n<meta name=\"twitter:card\" content=\"summary_large_image\" \/>\n<script type=\"application\/ld+json\" class=\"yoast-schema-graph\">{\"@context\":\"https:\/\/schema.org\",\"@graph\":[{\"@type\":\"WebPage\",\"@id\":\"https:\/\/temporada-alta.com\/es\/noticia\/a-tempo-presenta-nuevas-actividades-proyecciones-para-estudiantes-de-migranland-y-de-el-vent-es-aixo\/\",\"url\":\"https:\/\/temporada-alta.com\/es\/noticia\/a-tempo-presenta-nuevas-actividades-proyecciones-para-estudiantes-de-migranland-y-de-el-vent-es-aixo\/\",\"name\":\"A Tempo presenta nuevas actividades: proyecciones para estudiantes de 'Migranland' y de 'El vent \u00e9s aix\u00f2' - Temporada Alta\",\"isPartOf\":{\"@id\":\"https:\/\/temporada-alta.com\/es\/#website\"},\"primaryImageOfPage\":{\"@id\":\"https:\/\/temporada-alta.com\/es\/noticia\/a-tempo-presenta-nuevas-actividades-proyecciones-para-estudiantes-de-migranland-y-de-el-vent-es-aixo\/#primaryimage\"},\"image\":{\"@id\":\"https:\/\/temporada-alta.com\/es\/noticia\/a-tempo-presenta-nuevas-actividades-proyecciones-para-estudiantes-de-migranland-y-de-el-vent-es-aixo\/#primaryimage\"},\"thumbnailUrl\":\"https:\/\/temporada-alta.com\/wp-content\/uploads\/brandemuls.jpg\",\"datePublished\":\"2019-02-20T11:57:20+00:00\",\"dateModified\":\"2019-02-20T15:20:28+00:00\",\"breadcrumb\":{\"@id\":\"https:\/\/temporada-alta.com\/es\/noticia\/a-tempo-presenta-nuevas-actividades-proyecciones-para-estudiantes-de-migranland-y-de-el-vent-es-aixo\/#breadcrumb\"},\"inLanguage\":\"es\",\"potentialAction\":[{\"@type\":\"ReadAction\",\"target\":[\"https:\/\/temporada-alta.com\/es\/noticia\/a-tempo-presenta-nuevas-actividades-proyecciones-para-estudiantes-de-migranland-y-de-el-vent-es-aixo\/\"]}]},{\"@type\":\"ImageObject\",\"inLanguage\":\"es\",\"@id\":\"https:\/\/temporada-alta.com\/es\/noticia\/a-tempo-presenta-nuevas-actividades-proyecciones-para-estudiantes-de-migranland-y-de-el-vent-es-aixo\/#primaryimage\",\"url\":\"https:\/\/temporada-alta.com\/wp-content\/uploads\/brandemuls.jpg\",\"contentUrl\":\"https:\/\/temporada-alta.com\/wp-content\/uploads\/brandemuls.jpg\",\"width\":1000,\"height\":500},{\"@type\":\"BreadcrumbList\",\"@id\":\"https:\/\/temporada-alta.com\/es\/noticia\/a-tempo-presenta-nuevas-actividades-proyecciones-para-estudiantes-de-migranland-y-de-el-vent-es-aixo\/#breadcrumb\",\"itemListElement\":[{\"@type\":\"ListItem\",\"position\":1,\"name\":\"Inici\",\"item\":\"https:\/\/temporada-alta.com\/es\/\"},{\"@type\":\"ListItem\",\"position\":2,\"name\":\"A Tempo presenta nuevas actividades: proyecciones para estudiantes de &#8216;Migranland&#8217; y de &#8216;El vent \u00e9s aix\u00f2&#8217;\"}]},{\"@type\":\"WebSite\",\"@id\":\"https:\/\/temporada-alta.com\/es\/#website\",\"url\":\"https:\/\/temporada-alta.com\/es\/\",\"name\":\"Temporada Alta\",\"description\":\"Festival d&#039;Arts Esc\u00e8niques\",\"publisher\":{\"@id\":\"https:\/\/temporada-alta.com\/es\/#organization\"},\"potentialAction\":[{\"@type\":\"SearchAction\",\"target\":{\"@type\":\"EntryPoint\",\"urlTemplate\":\"https:\/\/temporada-alta.com\/es\/?s={search_term_string}\"},\"query-input\":{\"@type\":\"PropertyValueSpecification\",\"valueRequired\":true,\"valueName\":\"search_term_string\"}}],\"inLanguage\":\"es\"},{\"@type\":\"Organization\",\"@id\":\"https:\/\/temporada-alta.com\/es\/#organization\",\"name\":\"Temporada Alta\",\"url\":\"https:\/\/temporada-alta.com\/es\/\",\"logo\":{\"@type\":\"ImageObject\",\"inLanguage\":\"es\",\"@id\":\"https:\/\/temporada-alta.com\/es\/#\/schema\/logo\/image\/\",\"url\":\"https:\/\/temporada-alta.com\/wp-content\/uploads\/TA21-Logotip-pos.png\",\"contentUrl\":\"https:\/\/temporada-alta.com\/wp-content\/uploads\/TA21-Logotip-pos.png\",\"width\":800,\"height\":267,\"caption\":\"Temporada Alta\"},\"image\":{\"@id\":\"https:\/\/temporada-alta.com\/es\/#\/schema\/logo\/image\/\"}}]}<\/script>\n<!-- \/ Yoast SEO plugin. -->","yoast_head_json":{"title":"A Tempo presenta nuevas actividades: proyecciones para estudiantes de 'Migranland' y de 'El vent \u00e9s aix\u00f2' - Temporada Alta","robots":{"index":"index","follow":"follow","max-snippet":"max-snippet:-1","max-image-preview":"max-image-preview:large","max-video-preview":"max-video-preview:-1"},"canonical":"https:\/\/temporada-alta.com\/es\/noticia\/a-tempo-presenta-nuevas-actividades-proyecciones-para-estudiantes-de-migranland-y-de-el-vent-es-aixo\/","og_locale":"es_ES","og_type":"article","og_title":"A Tempo presenta nuevas actividades: proyecciones para estudiantes de 'Migranland' y de 'El vent \u00e9s aix\u00f2' - Temporada Alta","og_description":"Este segundo trimestre del curso 2018-19, A Tempo organiza una serie de actividades gratuitas dirigidas a los cursos...","og_url":"https:\/\/temporada-alta.com\/es\/noticia\/a-tempo-presenta-nuevas-actividades-proyecciones-para-estudiantes-de-migranland-y-de-el-vent-es-aixo\/","og_site_name":"Temporada Alta","article_modified_time":"2019-02-20T15:20:28+00:00","og_image":[{"width":1000,"height":500,"url":"https:\/\/temporada-alta.com\/wp-content\/uploads\/brandemuls.jpg","type":"image\/jpeg"}],"twitter_card":"summary_large_image","schema":{"@context":"https:\/\/schema.org","@graph":[{"@type":"WebPage","@id":"https:\/\/temporada-alta.com\/es\/noticia\/a-tempo-presenta-nuevas-actividades-proyecciones-para-estudiantes-de-migranland-y-de-el-vent-es-aixo\/","url":"https:\/\/temporada-alta.com\/es\/noticia\/a-tempo-presenta-nuevas-actividades-proyecciones-para-estudiantes-de-migranland-y-de-el-vent-es-aixo\/","name":"A Tempo presenta nuevas actividades: proyecciones para estudiantes de 'Migranland' y de 'El vent \u00e9s aix\u00f2' - Temporada Alta","isPartOf":{"@id":"https:\/\/temporada-alta.com\/es\/#website"},"primaryImageOfPage":{"@id":"https:\/\/temporada-alta.com\/es\/noticia\/a-tempo-presenta-nuevas-actividades-proyecciones-para-estudiantes-de-migranland-y-de-el-vent-es-aixo\/#primaryimage"},"image":{"@id":"https:\/\/temporada-alta.com\/es\/noticia\/a-tempo-presenta-nuevas-actividades-proyecciones-para-estudiantes-de-migranland-y-de-el-vent-es-aixo\/#primaryimage"},"thumbnailUrl":"https:\/\/temporada-alta.com\/wp-content\/uploads\/brandemuls.jpg","datePublished":"2019-02-20T11:57:20+00:00","dateModified":"2019-02-20T15:20:28+00:00","breadcrumb":{"@id":"https:\/\/temporada-alta.com\/es\/noticia\/a-tempo-presenta-nuevas-actividades-proyecciones-para-estudiantes-de-migranland-y-de-el-vent-es-aixo\/#breadcrumb"},"inLanguage":"es","potentialAction":[{"@type":"ReadAction","target":["https:\/\/temporada-alta.com\/es\/noticia\/a-tempo-presenta-nuevas-actividades-proyecciones-para-estudiantes-de-migranland-y-de-el-vent-es-aixo\/"]}]},{"@type":"ImageObject","inLanguage":"es","@id":"https:\/\/temporada-alta.com\/es\/noticia\/a-tempo-presenta-nuevas-actividades-proyecciones-para-estudiantes-de-migranland-y-de-el-vent-es-aixo\/#primaryimage","url":"https:\/\/temporada-alta.com\/wp-content\/uploads\/brandemuls.jpg","contentUrl":"https:\/\/temporada-alta.com\/wp-content\/uploads\/brandemuls.jpg","width":1000,"height":500},{"@type":"BreadcrumbList","@id":"https:\/\/temporada-alta.com\/es\/noticia\/a-tempo-presenta-nuevas-actividades-proyecciones-para-estudiantes-de-migranland-y-de-el-vent-es-aixo\/#breadcrumb","itemListElement":[{"@type":"ListItem","position":1,"name":"Inici","item":"https:\/\/temporada-alta.com\/es\/"},{"@type":"ListItem","position":2,"name":"A Tempo presenta nuevas actividades: proyecciones para estudiantes de &#8216;Migranland&#8217; y de &#8216;El vent \u00e9s aix\u00f2&#8217;"}]},{"@type":"WebSite","@id":"https:\/\/temporada-alta.com\/es\/#website","url":"https:\/\/temporada-alta.com\/es\/","name":"Temporada Alta","description":"Festival d&#039;Arts Esc\u00e8niques","publisher":{"@id":"https:\/\/temporada-alta.com\/es\/#organization"},"potentialAction":[{"@type":"SearchAction","target":{"@type":"EntryPoint","urlTemplate":"https:\/\/temporada-alta.com\/es\/?s={search_term_string}"},"query-input":{"@type":"PropertyValueSpecification","valueRequired":true,"valueName":"search_term_string"}}],"inLanguage":"es"},{"@type":"Organization","@id":"https:\/\/temporada-alta.com\/es\/#organization","name":"Temporada Alta","url":"https:\/\/temporada-alta.com\/es\/","logo":{"@type":"ImageObject","inLanguage":"es","@id":"https:\/\/temporada-alta.com\/es\/#\/schema\/logo\/image\/","url":"https:\/\/temporada-alta.com\/wp-content\/uploads\/TA21-Logotip-pos.png","contentUrl":"https:\/\/temporada-alta.com\/wp-content\/uploads\/TA21-Logotip-pos.png","width":800,"height":267,"caption":"Temporada Alta"},"image":{"@id":"https:\/\/temporada-alta.com\/es\/#\/schema\/logo\/image\/"}}]}},"_links":{"self":[{"href":"https:\/\/temporada-alta.com\/es\/wp-json\/wp\/v2\/noticia\/29407","targetHints":{"allow":["GET"]}}],"collection":[{"href":"https:\/\/temporada-alta.com\/es\/wp-json\/wp\/v2\/noticia"}],"about":[{"href":"https:\/\/temporada-alta.com\/es\/wp-json\/wp\/v2\/types\/noticia"}],"wp:featuredmedia":[{"embeddable":true,"href":"https:\/\/temporada-alta.com\/es\/wp-json\/wp\/v2\/media\/29403"}],"wp:attachment":[{"href":"https:\/\/temporada-alta.com\/es\/wp-json\/wp\/v2\/media?parent=29407"}],"curies":[{"name":"wp","href":"https:\/\/api.w.org\/{rel}","templated":true}]}}