{"id":22604,"date":"2015-12-07T00:00:00","date_gmt":"2015-12-06T23:00:00","guid":{"rendered":"https:\/\/www.temporada-alta.com\/noticia\/colecciona-los-programas-de-mano-de-temporada-alta-2015\/"},"modified":"2019-12-02T18:54:20","modified_gmt":"2019-12-02T17:54:20","slug":"colecciona-los-programas-de-mano-de-temporada-alta-2015","status":"publish","type":"noticia","link":"https:\/\/temporada-alta.com\/es\/noticia\/colecciona-los-programas-de-mano-de-temporada-alta-2015\/","title":{"rendered":"Colecciona los programas de mano de Temporada Alta 2015"},"content":{"rendered":"<div id=\"modal-ready\"><div>Un a\u00f1o m\u00e1s, Temporada Alta propone a los espectadores una forma de guardar los programas de mano de los espect\u00e1culos del festival. Cada uno de los ejemplares se ha dise\u00f1ado con una numeraci\u00f3n, un espacio para tomar notas, informaci\u00f3n sobre la obra, y contenido extra para conocer a fondo las propuestas esc\u00e9nicas que se pueden ver.<\/div>\n<\/div>","protected":false},"excerpt":{"rendered":"<p>Un a\u00f1o m\u00e1s, Temporada Alta propone a los espectadores una forma de guardar los programas de mano de&#8230;<\/p>\n","protected":false},"featured_media":22605,"template":"","class_list":["post-22604","noticia","type-noticia","status-publish","has-post-thumbnail","hentry"],"acf":[],"yoast_head":"<!-- This site is optimized with the Yoast SEO plugin v27.0 - https:\/\/yoast.com\/product\/yoast-seo-wordpress\/ -->\n<title>Colecciona los programas de mano de Temporada Alta 2015 - Temporada Alta<\/title>\n<meta name=\"robots\" content=\"index, follow, max-snippet:-1, max-image-preview:large, max-video-preview:-1\" \/>\n<link rel=\"canonical\" href=\"https:\/\/temporada-alta.com\/es\/noticia\/colecciona-los-programas-de-mano-de-temporada-alta-2015\/\" \/>\n<meta property=\"og:locale\" content=\"es_ES\" \/>\n<meta property=\"og:type\" content=\"article\" \/>\n<meta property=\"og:title\" content=\"Colecciona los programas de mano de Temporada Alta 2015 - Temporada Alta\" \/>\n<meta property=\"og:description\" content=\"Un a\u00f1o m\u00e1s, Temporada Alta propone a los espectadores una forma de guardar los programas de mano de...\" \/>\n<meta property=\"og:url\" content=\"https:\/\/temporada-alta.com\/es\/noticia\/colecciona-los-programas-de-mano-de-temporada-alta-2015\/\" \/>\n<meta property=\"og:site_name\" content=\"Temporada Alta\" \/>\n<meta property=\"article:modified_time\" content=\"2019-12-02T17:54:20+00:00\" \/>\n<meta property=\"og:image\" content=\"https:\/\/temporada-alta.com\/wp-content\/uploads\/ta15_programa_instrucciones_enviar.jpg\" \/>\n\t<meta property=\"og:image:width\" content=\"1472\" \/>\n\t<meta property=\"og:image:height\" content=\"2048\" \/>\n\t<meta property=\"og:image:type\" content=\"image\/jpeg\" \/>\n<meta name=\"twitter:card\" content=\"summary_large_image\" \/>\n<script type=\"application\/ld+json\" class=\"yoast-schema-graph\">{\"@context\":\"https:\/\/schema.org\",\"@graph\":[{\"@type\":\"WebPage\",\"@id\":\"https:\/\/temporada-alta.com\/es\/noticia\/colecciona-los-programas-de-mano-de-temporada-alta-2015\/\",\"url\":\"https:\/\/temporada-alta.com\/es\/noticia\/colecciona-los-programas-de-mano-de-temporada-alta-2015\/\",\"name\":\"Colecciona los programas de mano de Temporada Alta 2015 - Temporada Alta\",\"isPartOf\":{\"@id\":\"https:\/\/temporada-alta.com\/es\/#website\"},\"primaryImageOfPage\":{\"@id\":\"https:\/\/temporada-alta.com\/es\/noticia\/colecciona-los-programas-de-mano-de-temporada-alta-2015\/#primaryimage\"},\"image\":{\"@id\":\"https:\/\/temporada-alta.com\/es\/noticia\/colecciona-los-programas-de-mano-de-temporada-alta-2015\/#primaryimage\"},\"thumbnailUrl\":\"https:\/\/temporada-alta.com\/wp-content\/uploads\/ta15_programa_instrucciones_enviar.jpg\",\"datePublished\":\"2015-12-06T23:00:00+00:00\",\"dateModified\":\"2019-12-02T17:54:20+00:00\",\"breadcrumb\":{\"@id\":\"https:\/\/temporada-alta.com\/es\/noticia\/colecciona-los-programas-de-mano-de-temporada-alta-2015\/#breadcrumb\"},\"inLanguage\":\"es\",\"potentialAction\":[{\"@type\":\"ReadAction\",\"target\":[\"https:\/\/temporada-alta.com\/es\/noticia\/colecciona-los-programas-de-mano-de-temporada-alta-2015\/\"]}]},{\"@type\":\"ImageObject\",\"inLanguage\":\"es\",\"@id\":\"https:\/\/temporada-alta.com\/es\/noticia\/colecciona-los-programas-de-mano-de-temporada-alta-2015\/#primaryimage\",\"url\":\"https:\/\/temporada-alta.com\/wp-content\/uploads\/ta15_programa_instrucciones_enviar.jpg\",\"contentUrl\":\"https:\/\/temporada-alta.com\/wp-content\/uploads\/ta15_programa_instrucciones_enviar.jpg\",\"width\":1472,\"height\":2048},{\"@type\":\"BreadcrumbList\",\"@id\":\"https:\/\/temporada-alta.com\/es\/noticia\/colecciona-los-programas-de-mano-de-temporada-alta-2015\/#breadcrumb\",\"itemListElement\":[{\"@type\":\"ListItem\",\"position\":1,\"name\":\"Inici\",\"item\":\"https:\/\/temporada-alta.com\/es\/\"},{\"@type\":\"ListItem\",\"position\":2,\"name\":\"Colecciona los programas de mano de Temporada Alta 2015\"}]},{\"@type\":\"WebSite\",\"@id\":\"https:\/\/temporada-alta.com\/es\/#website\",\"url\":\"https:\/\/temporada-alta.com\/es\/\",\"name\":\"Temporada Alta\",\"description\":\"Festival d&#039;Arts Esc\u00e8niques\",\"publisher\":{\"@id\":\"https:\/\/temporada-alta.com\/es\/#organization\"},\"potentialAction\":[{\"@type\":\"SearchAction\",\"target\":{\"@type\":\"EntryPoint\",\"urlTemplate\":\"https:\/\/temporada-alta.com\/es\/?s={search_term_string}\"},\"query-input\":{\"@type\":\"PropertyValueSpecification\",\"valueRequired\":true,\"valueName\":\"search_term_string\"}}],\"inLanguage\":\"es\"},{\"@type\":\"Organization\",\"@id\":\"https:\/\/temporada-alta.com\/es\/#organization\",\"name\":\"Temporada Alta\",\"url\":\"https:\/\/temporada-alta.com\/es\/\",\"logo\":{\"@type\":\"ImageObject\",\"inLanguage\":\"es\",\"@id\":\"https:\/\/temporada-alta.com\/es\/#\/schema\/logo\/image\/\",\"url\":\"https:\/\/temporada-alta.com\/wp-content\/uploads\/TA21-Logotip-pos.png\",\"contentUrl\":\"https:\/\/temporada-alta.com\/wp-content\/uploads\/TA21-Logotip-pos.png\",\"width\":800,\"height\":267,\"caption\":\"Temporada Alta\"},\"image\":{\"@id\":\"https:\/\/temporada-alta.com\/es\/#\/schema\/logo\/image\/\"}}]}<\/script>\n<!-- \/ Yoast SEO plugin. -->","yoast_head_json":{"title":"Colecciona los programas de mano de Temporada Alta 2015 - Temporada Alta","robots":{"index":"index","follow":"follow","max-snippet":"max-snippet:-1","max-image-preview":"max-image-preview:large","max-video-preview":"max-video-preview:-1"},"canonical":"https:\/\/temporada-alta.com\/es\/noticia\/colecciona-los-programas-de-mano-de-temporada-alta-2015\/","og_locale":"es_ES","og_type":"article","og_title":"Colecciona los programas de mano de Temporada Alta 2015 - Temporada Alta","og_description":"Un a\u00f1o m\u00e1s, Temporada Alta propone a los espectadores una forma de guardar los programas de mano de...","og_url":"https:\/\/temporada-alta.com\/es\/noticia\/colecciona-los-programas-de-mano-de-temporada-alta-2015\/","og_site_name":"Temporada Alta","article_modified_time":"2019-12-02T17:54:20+00:00","og_image":[{"width":1472,"height":2048,"url":"https:\/\/temporada-alta.com\/wp-content\/uploads\/ta15_programa_instrucciones_enviar.jpg","type":"image\/jpeg"}],"twitter_card":"summary_large_image","schema":{"@context":"https:\/\/schema.org","@graph":[{"@type":"WebPage","@id":"https:\/\/temporada-alta.com\/es\/noticia\/colecciona-los-programas-de-mano-de-temporada-alta-2015\/","url":"https:\/\/temporada-alta.com\/es\/noticia\/colecciona-los-programas-de-mano-de-temporada-alta-2015\/","name":"Colecciona los programas de mano de Temporada Alta 2015 - Temporada Alta","isPartOf":{"@id":"https:\/\/temporada-alta.com\/es\/#website"},"primaryImageOfPage":{"@id":"https:\/\/temporada-alta.com\/es\/noticia\/colecciona-los-programas-de-mano-de-temporada-alta-2015\/#primaryimage"},"image":{"@id":"https:\/\/temporada-alta.com\/es\/noticia\/colecciona-los-programas-de-mano-de-temporada-alta-2015\/#primaryimage"},"thumbnailUrl":"https:\/\/temporada-alta.com\/wp-content\/uploads\/ta15_programa_instrucciones_enviar.jpg","datePublished":"2015-12-06T23:00:00+00:00","dateModified":"2019-12-02T17:54:20+00:00","breadcrumb":{"@id":"https:\/\/temporada-alta.com\/es\/noticia\/colecciona-los-programas-de-mano-de-temporada-alta-2015\/#breadcrumb"},"inLanguage":"es","potentialAction":[{"@type":"ReadAction","target":["https:\/\/temporada-alta.com\/es\/noticia\/colecciona-los-programas-de-mano-de-temporada-alta-2015\/"]}]},{"@type":"ImageObject","inLanguage":"es","@id":"https:\/\/temporada-alta.com\/es\/noticia\/colecciona-los-programas-de-mano-de-temporada-alta-2015\/#primaryimage","url":"https:\/\/temporada-alta.com\/wp-content\/uploads\/ta15_programa_instrucciones_enviar.jpg","contentUrl":"https:\/\/temporada-alta.com\/wp-content\/uploads\/ta15_programa_instrucciones_enviar.jpg","width":1472,"height":2048},{"@type":"BreadcrumbList","@id":"https:\/\/temporada-alta.com\/es\/noticia\/colecciona-los-programas-de-mano-de-temporada-alta-2015\/#breadcrumb","itemListElement":[{"@type":"ListItem","position":1,"name":"Inici","item":"https:\/\/temporada-alta.com\/es\/"},{"@type":"ListItem","position":2,"name":"Colecciona los programas de mano de Temporada Alta 2015"}]},{"@type":"WebSite","@id":"https:\/\/temporada-alta.com\/es\/#website","url":"https:\/\/temporada-alta.com\/es\/","name":"Temporada Alta","description":"Festival d&#039;Arts Esc\u00e8niques","publisher":{"@id":"https:\/\/temporada-alta.com\/es\/#organization"},"potentialAction":[{"@type":"SearchAction","target":{"@type":"EntryPoint","urlTemplate":"https:\/\/temporada-alta.com\/es\/?s={search_term_string}"},"query-input":{"@type":"PropertyValueSpecification","valueRequired":true,"valueName":"search_term_string"}}],"inLanguage":"es"},{"@type":"Organization","@id":"https:\/\/temporada-alta.com\/es\/#organization","name":"Temporada Alta","url":"https:\/\/temporada-alta.com\/es\/","logo":{"@type":"ImageObject","inLanguage":"es","@id":"https:\/\/temporada-alta.com\/es\/#\/schema\/logo\/image\/","url":"https:\/\/temporada-alta.com\/wp-content\/uploads\/TA21-Logotip-pos.png","contentUrl":"https:\/\/temporada-alta.com\/wp-content\/uploads\/TA21-Logotip-pos.png","width":800,"height":267,"caption":"Temporada Alta"},"image":{"@id":"https:\/\/temporada-alta.com\/es\/#\/schema\/logo\/image\/"}}]}},"_links":{"self":[{"href":"https:\/\/temporada-alta.com\/es\/wp-json\/wp\/v2\/noticia\/22604","targetHints":{"allow":["GET"]}}],"collection":[{"href":"https:\/\/temporada-alta.com\/es\/wp-json\/wp\/v2\/noticia"}],"about":[{"href":"https:\/\/temporada-alta.com\/es\/wp-json\/wp\/v2\/types\/noticia"}],"wp:featuredmedia":[{"embeddable":true,"href":"https:\/\/temporada-alta.com\/es\/wp-json\/wp\/v2\/media\/22605"}],"wp:attachment":[{"href":"https:\/\/temporada-alta.com\/es\/wp-json\/wp\/v2\/media?parent=22604"}],"curies":[{"name":"wp","href":"https:\/\/api.w.org\/{rel}","templated":true}]}}