{"id":22304,"date":"2014-10-23T00:00:00","date_gmt":"2014-10-22T22:00:00","guid":{"rendered":"https:\/\/www.temporada-alta.com\/noticia\/suspendido-el-espectculo\/"},"modified":"2019-12-04T17:20:17","modified_gmt":"2019-12-04T16:20:17","slug":"suspendido-el-espectculo","status":"publish","type":"noticia","link":"https:\/\/temporada-alta.com\/es\/noticia\/suspendido-el-espectculo\/","title":{"rendered":"Suspendido el espect\u00e1culo"},"content":{"rendered":"<div id=\"modal-ready\"><p>Por motivos ajenos al Temporada Alta, el espect\u00e1culo <em><strong>Prendre Partit<\/strong><\/em>, dirigido por Josep Maria \u00a0Pou y protagonizado por \u00e9l mismo y Joel Joan queda suspendido. El espect\u00e1culo se estrenaba el pr\u00f3ximo 14 de noviembre. El importe \u00edntegro de las entradas se devolver\u00e1 de forma autom\u00e1tica por las adquiridas a trav\u00e9s del web y mediante transferencia bancaria en caso de las compradas a taquilla<\/p>\n<\/div>","protected":false},"excerpt":{"rendered":"<p>Por motivos ajenos al Temporada Alta, el espect\u00e1culo Prendre Partit, dirigido por Josep Maria \u00a0Pou y protagonizado por&#8230;<\/p>\n","protected":false},"featured_media":22305,"template":"","class_list":["post-22304","noticia","type-noticia","status-publish","has-post-thumbnail","hentry"],"acf":[],"yoast_head":"<!-- This site is optimized with the Yoast SEO plugin v27.0 - https:\/\/yoast.com\/product\/yoast-seo-wordpress\/ -->\n<title>Suspendido el espect\u00e1culo - Temporada Alta<\/title>\n<meta name=\"robots\" content=\"index, follow, max-snippet:-1, max-image-preview:large, max-video-preview:-1\" \/>\n<link rel=\"canonical\" href=\"https:\/\/temporada-alta.com\/es\/noticia\/suspendido-el-espectculo\/\" \/>\n<meta property=\"og:locale\" content=\"es_ES\" \/>\n<meta property=\"og:type\" content=\"article\" \/>\n<meta property=\"og:title\" content=\"Suspendido el espect\u00e1culo - Temporada Alta\" \/>\n<meta property=\"og:description\" content=\"Por motivos ajenos al Temporada Alta, el espect\u00e1culo Prendre Partit, dirigido por Josep Maria \u00a0Pou y protagonizado por...\" \/>\n<meta property=\"og:url\" content=\"https:\/\/temporada-alta.com\/es\/noticia\/suspendido-el-espectculo\/\" \/>\n<meta property=\"og:site_name\" content=\"Temporada Alta\" \/>\n<meta property=\"article:modified_time\" content=\"2019-12-04T16:20:17+00:00\" \/>\n<meta property=\"og:image\" content=\"https:\/\/temporada-alta.com\/wp-content\/uploads\/foto_pendrepartit_bx21.jpg\" \/>\n\t<meta property=\"og:image:width\" content=\"1500\" \/>\n\t<meta property=\"og:image:height\" content=\"1228\" \/>\n\t<meta property=\"og:image:type\" content=\"image\/jpeg\" \/>\n<meta name=\"twitter:card\" content=\"summary_large_image\" \/>\n<script type=\"application\/ld+json\" class=\"yoast-schema-graph\">{\"@context\":\"https:\/\/schema.org\",\"@graph\":[{\"@type\":\"WebPage\",\"@id\":\"https:\/\/temporada-alta.com\/es\/noticia\/suspendido-el-espectculo\/\",\"url\":\"https:\/\/temporada-alta.com\/es\/noticia\/suspendido-el-espectculo\/\",\"name\":\"Suspendido el espect\u00e1culo - Temporada Alta\",\"isPartOf\":{\"@id\":\"https:\/\/temporada-alta.com\/es\/#website\"},\"primaryImageOfPage\":{\"@id\":\"https:\/\/temporada-alta.com\/es\/noticia\/suspendido-el-espectculo\/#primaryimage\"},\"image\":{\"@id\":\"https:\/\/temporada-alta.com\/es\/noticia\/suspendido-el-espectculo\/#primaryimage\"},\"thumbnailUrl\":\"https:\/\/temporada-alta.com\/wp-content\/uploads\/foto_pendrepartit_bx21.jpg\",\"datePublished\":\"2014-10-22T22:00:00+00:00\",\"dateModified\":\"2019-12-04T16:20:17+00:00\",\"breadcrumb\":{\"@id\":\"https:\/\/temporada-alta.com\/es\/noticia\/suspendido-el-espectculo\/#breadcrumb\"},\"inLanguage\":\"es\",\"potentialAction\":[{\"@type\":\"ReadAction\",\"target\":[\"https:\/\/temporada-alta.com\/es\/noticia\/suspendido-el-espectculo\/\"]}]},{\"@type\":\"ImageObject\",\"inLanguage\":\"es\",\"@id\":\"https:\/\/temporada-alta.com\/es\/noticia\/suspendido-el-espectculo\/#primaryimage\",\"url\":\"https:\/\/temporada-alta.com\/wp-content\/uploads\/foto_pendrepartit_bx21.jpg\",\"contentUrl\":\"https:\/\/temporada-alta.com\/wp-content\/uploads\/foto_pendrepartit_bx21.jpg\",\"width\":1500,\"height\":1228},{\"@type\":\"BreadcrumbList\",\"@id\":\"https:\/\/temporada-alta.com\/es\/noticia\/suspendido-el-espectculo\/#breadcrumb\",\"itemListElement\":[{\"@type\":\"ListItem\",\"position\":1,\"name\":\"Inici\",\"item\":\"https:\/\/temporada-alta.com\/es\/\"},{\"@type\":\"ListItem\",\"position\":2,\"name\":\"Suspendido el espect\u00e1culo\"}]},{\"@type\":\"WebSite\",\"@id\":\"https:\/\/temporada-alta.com\/es\/#website\",\"url\":\"https:\/\/temporada-alta.com\/es\/\",\"name\":\"Temporada Alta\",\"description\":\"Festival d&#039;Arts Esc\u00e8niques\",\"publisher\":{\"@id\":\"https:\/\/temporada-alta.com\/es\/#organization\"},\"potentialAction\":[{\"@type\":\"SearchAction\",\"target\":{\"@type\":\"EntryPoint\",\"urlTemplate\":\"https:\/\/temporada-alta.com\/es\/?s={search_term_string}\"},\"query-input\":{\"@type\":\"PropertyValueSpecification\",\"valueRequired\":true,\"valueName\":\"search_term_string\"}}],\"inLanguage\":\"es\"},{\"@type\":\"Organization\",\"@id\":\"https:\/\/temporada-alta.com\/es\/#organization\",\"name\":\"Temporada Alta\",\"url\":\"https:\/\/temporada-alta.com\/es\/\",\"logo\":{\"@type\":\"ImageObject\",\"inLanguage\":\"es\",\"@id\":\"https:\/\/temporada-alta.com\/es\/#\/schema\/logo\/image\/\",\"url\":\"https:\/\/temporada-alta.com\/wp-content\/uploads\/TA21-Logotip-pos.png\",\"contentUrl\":\"https:\/\/temporada-alta.com\/wp-content\/uploads\/TA21-Logotip-pos.png\",\"width\":800,\"height\":267,\"caption\":\"Temporada Alta\"},\"image\":{\"@id\":\"https:\/\/temporada-alta.com\/es\/#\/schema\/logo\/image\/\"}}]}<\/script>\n<!-- \/ Yoast SEO plugin. -->","yoast_head_json":{"title":"Suspendido el espect\u00e1culo - Temporada Alta","robots":{"index":"index","follow":"follow","max-snippet":"max-snippet:-1","max-image-preview":"max-image-preview:large","max-video-preview":"max-video-preview:-1"},"canonical":"https:\/\/temporada-alta.com\/es\/noticia\/suspendido-el-espectculo\/","og_locale":"es_ES","og_type":"article","og_title":"Suspendido el espect\u00e1culo - Temporada Alta","og_description":"Por motivos ajenos al Temporada Alta, el espect\u00e1culo Prendre Partit, dirigido por Josep Maria \u00a0Pou y protagonizado por...","og_url":"https:\/\/temporada-alta.com\/es\/noticia\/suspendido-el-espectculo\/","og_site_name":"Temporada Alta","article_modified_time":"2019-12-04T16:20:17+00:00","og_image":[{"width":1500,"height":1228,"url":"https:\/\/temporada-alta.com\/wp-content\/uploads\/foto_pendrepartit_bx21.jpg","type":"image\/jpeg"}],"twitter_card":"summary_large_image","schema":{"@context":"https:\/\/schema.org","@graph":[{"@type":"WebPage","@id":"https:\/\/temporada-alta.com\/es\/noticia\/suspendido-el-espectculo\/","url":"https:\/\/temporada-alta.com\/es\/noticia\/suspendido-el-espectculo\/","name":"Suspendido el espect\u00e1culo - Temporada Alta","isPartOf":{"@id":"https:\/\/temporada-alta.com\/es\/#website"},"primaryImageOfPage":{"@id":"https:\/\/temporada-alta.com\/es\/noticia\/suspendido-el-espectculo\/#primaryimage"},"image":{"@id":"https:\/\/temporada-alta.com\/es\/noticia\/suspendido-el-espectculo\/#primaryimage"},"thumbnailUrl":"https:\/\/temporada-alta.com\/wp-content\/uploads\/foto_pendrepartit_bx21.jpg","datePublished":"2014-10-22T22:00:00+00:00","dateModified":"2019-12-04T16:20:17+00:00","breadcrumb":{"@id":"https:\/\/temporada-alta.com\/es\/noticia\/suspendido-el-espectculo\/#breadcrumb"},"inLanguage":"es","potentialAction":[{"@type":"ReadAction","target":["https:\/\/temporada-alta.com\/es\/noticia\/suspendido-el-espectculo\/"]}]},{"@type":"ImageObject","inLanguage":"es","@id":"https:\/\/temporada-alta.com\/es\/noticia\/suspendido-el-espectculo\/#primaryimage","url":"https:\/\/temporada-alta.com\/wp-content\/uploads\/foto_pendrepartit_bx21.jpg","contentUrl":"https:\/\/temporada-alta.com\/wp-content\/uploads\/foto_pendrepartit_bx21.jpg","width":1500,"height":1228},{"@type":"BreadcrumbList","@id":"https:\/\/temporada-alta.com\/es\/noticia\/suspendido-el-espectculo\/#breadcrumb","itemListElement":[{"@type":"ListItem","position":1,"name":"Inici","item":"https:\/\/temporada-alta.com\/es\/"},{"@type":"ListItem","position":2,"name":"Suspendido el espect\u00e1culo"}]},{"@type":"WebSite","@id":"https:\/\/temporada-alta.com\/es\/#website","url":"https:\/\/temporada-alta.com\/es\/","name":"Temporada Alta","description":"Festival d&#039;Arts Esc\u00e8niques","publisher":{"@id":"https:\/\/temporada-alta.com\/es\/#organization"},"potentialAction":[{"@type":"SearchAction","target":{"@type":"EntryPoint","urlTemplate":"https:\/\/temporada-alta.com\/es\/?s={search_term_string}"},"query-input":{"@type":"PropertyValueSpecification","valueRequired":true,"valueName":"search_term_string"}}],"inLanguage":"es"},{"@type":"Organization","@id":"https:\/\/temporada-alta.com\/es\/#organization","name":"Temporada Alta","url":"https:\/\/temporada-alta.com\/es\/","logo":{"@type":"ImageObject","inLanguage":"es","@id":"https:\/\/temporada-alta.com\/es\/#\/schema\/logo\/image\/","url":"https:\/\/temporada-alta.com\/wp-content\/uploads\/TA21-Logotip-pos.png","contentUrl":"https:\/\/temporada-alta.com\/wp-content\/uploads\/TA21-Logotip-pos.png","width":800,"height":267,"caption":"Temporada Alta"},"image":{"@id":"https:\/\/temporada-alta.com\/es\/#\/schema\/logo\/image\/"}}]}},"_links":{"self":[{"href":"https:\/\/temporada-alta.com\/es\/wp-json\/wp\/v2\/noticia\/22304","targetHints":{"allow":["GET"]}}],"collection":[{"href":"https:\/\/temporada-alta.com\/es\/wp-json\/wp\/v2\/noticia"}],"about":[{"href":"https:\/\/temporada-alta.com\/es\/wp-json\/wp\/v2\/types\/noticia"}],"wp:featuredmedia":[{"embeddable":true,"href":"https:\/\/temporada-alta.com\/es\/wp-json\/wp\/v2\/media\/22305"}],"wp:attachment":[{"href":"https:\/\/temporada-alta.com\/es\/wp-json\/wp\/v2\/media?parent=22304"}],"curies":[{"name":"wp","href":"https:\/\/api.w.org\/{rel}","templated":true}]}}