{"id":20107,"date":"2018-12-13T12:20:04","date_gmt":"2018-12-13T11:20:04","guid":{"rendered":"https:\/\/www.temporada-alta.com\/noticia\/temporada-alta-durant-tot-lany\/"},"modified":"2019-01-09T09:51:38","modified_gmt":"2019-01-09T08:51:38","slug":"temporada-alta-durant-tot-lany","status":"publish","type":"noticia","link":"https:\/\/temporada-alta.com\/es\/noticia\/temporada-alta-durant-tot-lany\/","title":{"rendered":"\u00a1Temporada Alta durante todo el a\u00f1o!"},"content":{"rendered":"<div id=\"modal-ready\"><p>Aunque la programaci\u00f3n del Festival se alarga de octubre a diciembre a lo largo de todo el a\u00f1o el proyecto se mantiene vivo. Uno de los principales objetivos de Temporada Alta es la internacionalizaci\u00f3n y la producci\u00f3n de espect\u00e1culos. Es en estas l\u00edneas que se desarrollan las principales actividades de enero a septiembre:<\/p>\n<ul>\n<li><strong><a href=\"https:\/\/www.temporada-alta.com\/es\/iberoamerica\/\">Temporada Alta Iberoam\u00e8rica<\/a>: <\/strong>Es un festival que se celebra al otro lado del Atl\u00e1ntico en las ciudad de Buenos Aires, Lima y Montevideo con los principales objetivos de abrir nuevos canales de exhibici\u00f3n a compa\u00f1\u00edas catalanas y dar a conocer las artes esc\u00e9nicas del pa\u00eds. Debido a este inter\u00e9s de internacionalizaci\u00f3n de la escena catalana, hemos exportado el Festival a los escenarios de Argentina, Per\u00fa y Uruguay. Durante 6 ediciones y durante tres semanas de febrero hemos realizado un centenar largo de funciones y han podido presentar sus creaciones artistas como Sergi L\u00f3perz, Iv\u00e1n Morales, Xavier Bob\u00e9s, Lali Ayguad\u00e9, Pere Faura, Bar\u00f3 d&#8217;Evel y un largo etc\u00e9tera. La pr\u00f3xima edici\u00f3n se presentar\u00e1 el pr\u00f3ximo mes de enero.<\/li>\n<li><strong><a href=\"https:\/\/www.temporada-alta.com\/es\/en-gira\/\">Temporada Alta en gira<\/a>:\u00a0<\/strong>En la l\u00ednea tambi\u00e9n de impulsar la producci\u00f3n catalana y la exhibici\u00f3n de espect\u00e1culos Temporada Alta co-produce m\u00e1s de 20 espect\u00e1culos por edici\u00f3n y garantiza su gira y vida posterior. Esta edici\u00f3n 2018 alguna de las producciones m\u00e1s destacadas han sido <em>Macho Man<\/em> de \u00c0lex Rigola, <em>Uncanny Valley<\/em> de Rimini Protokoll, <em>La neta del senyor Linh<\/em> dirigida por Guy Cassiers e interpretada por Llu\u00eds Homar, <em>Kassandra<\/em> con Elisabet Casanovas, <em>La omissi\u00f3 de la Fam\u00edlia Coleman<\/em> de Claudio Tolcachir con actores catalanes y <em>Here<\/em> de Lali Ayguad\u00e9 y Guilhem Chatir.<\/li>\n<li><a href=\"https:\/\/www.pyrenart.eu\/\"><strong>Pyrenart:<\/strong><\/a> Participamos en programas de cooperaci\u00f3n europea, durante cuatro a\u00f1os formamos parte de <em>Pyrenart<\/em> un proyecto POCTEFA de la Uni\u00f3n Europea que trabaja para potenciar las relaciones art\u00edsticas en ambos lados de los Pirineos. En este caso, desde Temporada Alta cooperamos con 8 socios del Estado espa\u00f1ol y franc\u00e9s para crear alianzas y potenciar el intercambio art\u00edstico. En los pr\u00f3ximos meses se ir\u00e1n haciendo p\u00fablicos proyectos y espect\u00e1culos vinculados a este programa internacional.<\/li>\n<li><a href=\"https:\/\/www.ciutatinvisible.org\/a-tempo\/\"><strong>A Tempo &#8211; arts i formaci\u00f3<\/strong><\/a>: La Fundaci\u00f3 La Ciutat Invisible, en el marco de Temporada Alta organiza diferentes actividades art\u00edsticas con el objetivo de acercar las artes esc\u00e9nicas a los alumnos de primaria y secundaria de las ciudades de Girona y Salt. A Tempo es un ambicioso proyecto educativo que tiene como objetivo impulsar una educaci\u00f3n basada en las Artes. Que continur\u00e1 con sus actividades en los pr\u00f3ximos meses.<\/li>\n<\/ul>\n<\/div>","protected":false},"excerpt":{"rendered":"<p>Aunque la programaci\u00f3n del Festival se alarga de octubre a diciembre a lo largo de todo el a\u00f1o&#8230;<\/p>\n","protected":false},"featured_media":20026,"template":"","class_list":["post-20107","noticia","type-noticia","status-publish","has-post-thumbnail","hentry"],"acf":[],"yoast_head":"<!-- This site is optimized with the Yoast SEO plugin v27.0 - https:\/\/yoast.com\/product\/yoast-seo-wordpress\/ -->\n<title>\u00a1Temporada Alta durante todo el a\u00f1o! - Temporada Alta<\/title>\n<meta name=\"robots\" content=\"index, follow, max-snippet:-1, max-image-preview:large, max-video-preview:-1\" \/>\n<link rel=\"canonical\" href=\"https:\/\/temporada-alta.com\/es\/noticia\/temporada-alta-durant-tot-lany\/\" \/>\n<meta property=\"og:locale\" content=\"es_ES\" \/>\n<meta property=\"og:type\" content=\"article\" \/>\n<meta property=\"og:title\" content=\"\u00a1Temporada Alta durante todo el a\u00f1o! - Temporada Alta\" \/>\n<meta property=\"og:description\" content=\"Aunque la programaci\u00f3n del Festival se alarga de octubre a diciembre a lo largo de todo el a\u00f1o...\" \/>\n<meta property=\"og:url\" content=\"https:\/\/temporada-alta.com\/es\/noticia\/temporada-alta-durant-tot-lany\/\" \/>\n<meta property=\"og:site_name\" content=\"Temporada Alta\" \/>\n<meta property=\"article:modified_time\" content=\"2019-01-09T08:51:38+00:00\" \/>\n<meta property=\"og:image\" content=\"https:\/\/temporada-alta.com\/wp-content\/uploads\/TAdurantTotAny.jpg\" \/>\n\t<meta property=\"og:image:width\" content=\"1000\" \/>\n\t<meta property=\"og:image:height\" content=\"500\" \/>\n\t<meta property=\"og:image:type\" content=\"image\/jpeg\" \/>\n<meta name=\"twitter:card\" content=\"summary_large_image\" \/>\n<script type=\"application\/ld+json\" class=\"yoast-schema-graph\">{\"@context\":\"https:\/\/schema.org\",\"@graph\":[{\"@type\":\"WebPage\",\"@id\":\"https:\/\/temporada-alta.com\/es\/noticia\/temporada-alta-durant-tot-lany\/\",\"url\":\"https:\/\/temporada-alta.com\/es\/noticia\/temporada-alta-durant-tot-lany\/\",\"name\":\"\u00a1Temporada Alta durante todo el a\u00f1o! - Temporada Alta\",\"isPartOf\":{\"@id\":\"https:\/\/temporada-alta.com\/es\/#website\"},\"primaryImageOfPage\":{\"@id\":\"https:\/\/temporada-alta.com\/es\/noticia\/temporada-alta-durant-tot-lany\/#primaryimage\"},\"image\":{\"@id\":\"https:\/\/temporada-alta.com\/es\/noticia\/temporada-alta-durant-tot-lany\/#primaryimage\"},\"thumbnailUrl\":\"https:\/\/temporada-alta.com\/wp-content\/uploads\/TAdurantTotAny.jpg\",\"datePublished\":\"2018-12-13T11:20:04+00:00\",\"dateModified\":\"2019-01-09T08:51:38+00:00\",\"breadcrumb\":{\"@id\":\"https:\/\/temporada-alta.com\/es\/noticia\/temporada-alta-durant-tot-lany\/#breadcrumb\"},\"inLanguage\":\"es\",\"potentialAction\":[{\"@type\":\"ReadAction\",\"target\":[\"https:\/\/temporada-alta.com\/es\/noticia\/temporada-alta-durant-tot-lany\/\"]}]},{\"@type\":\"ImageObject\",\"inLanguage\":\"es\",\"@id\":\"https:\/\/temporada-alta.com\/es\/noticia\/temporada-alta-durant-tot-lany\/#primaryimage\",\"url\":\"https:\/\/temporada-alta.com\/wp-content\/uploads\/TAdurantTotAny.jpg\",\"contentUrl\":\"https:\/\/temporada-alta.com\/wp-content\/uploads\/TAdurantTotAny.jpg\",\"width\":1000,\"height\":500,\"caption\":\"Lali Ayguad\u00e9 - Here \u00a9Trist\u00e1n P\u00e9rez-Mart\u00edn\"},{\"@type\":\"BreadcrumbList\",\"@id\":\"https:\/\/temporada-alta.com\/es\/noticia\/temporada-alta-durant-tot-lany\/#breadcrumb\",\"itemListElement\":[{\"@type\":\"ListItem\",\"position\":1,\"name\":\"Inici\",\"item\":\"https:\/\/temporada-alta.com\/es\/\"},{\"@type\":\"ListItem\",\"position\":2,\"name\":\"\u00a1Temporada Alta durante todo el a\u00f1o!\"}]},{\"@type\":\"WebSite\",\"@id\":\"https:\/\/temporada-alta.com\/es\/#website\",\"url\":\"https:\/\/temporada-alta.com\/es\/\",\"name\":\"Temporada Alta\",\"description\":\"Festival d&#039;Arts Esc\u00e8niques\",\"publisher\":{\"@id\":\"https:\/\/temporada-alta.com\/es\/#organization\"},\"potentialAction\":[{\"@type\":\"SearchAction\",\"target\":{\"@type\":\"EntryPoint\",\"urlTemplate\":\"https:\/\/temporada-alta.com\/es\/?s={search_term_string}\"},\"query-input\":{\"@type\":\"PropertyValueSpecification\",\"valueRequired\":true,\"valueName\":\"search_term_string\"}}],\"inLanguage\":\"es\"},{\"@type\":\"Organization\",\"@id\":\"https:\/\/temporada-alta.com\/es\/#organization\",\"name\":\"Temporada Alta\",\"url\":\"https:\/\/temporada-alta.com\/es\/\",\"logo\":{\"@type\":\"ImageObject\",\"inLanguage\":\"es\",\"@id\":\"https:\/\/temporada-alta.com\/es\/#\/schema\/logo\/image\/\",\"url\":\"https:\/\/temporada-alta.com\/wp-content\/uploads\/TA21-Logotip-pos.png\",\"contentUrl\":\"https:\/\/temporada-alta.com\/wp-content\/uploads\/TA21-Logotip-pos.png\",\"width\":800,\"height\":267,\"caption\":\"Temporada Alta\"},\"image\":{\"@id\":\"https:\/\/temporada-alta.com\/es\/#\/schema\/logo\/image\/\"}}]}<\/script>\n<!-- \/ Yoast SEO plugin. -->","yoast_head_json":{"title":"\u00a1Temporada Alta durante todo el a\u00f1o! - Temporada Alta","robots":{"index":"index","follow":"follow","max-snippet":"max-snippet:-1","max-image-preview":"max-image-preview:large","max-video-preview":"max-video-preview:-1"},"canonical":"https:\/\/temporada-alta.com\/es\/noticia\/temporada-alta-durant-tot-lany\/","og_locale":"es_ES","og_type":"article","og_title":"\u00a1Temporada Alta durante todo el a\u00f1o! - Temporada Alta","og_description":"Aunque la programaci\u00f3n del Festival se alarga de octubre a diciembre a lo largo de todo el a\u00f1o...","og_url":"https:\/\/temporada-alta.com\/es\/noticia\/temporada-alta-durant-tot-lany\/","og_site_name":"Temporada Alta","article_modified_time":"2019-01-09T08:51:38+00:00","og_image":[{"width":1000,"height":500,"url":"https:\/\/temporada-alta.com\/wp-content\/uploads\/TAdurantTotAny.jpg","type":"image\/jpeg"}],"twitter_card":"summary_large_image","schema":{"@context":"https:\/\/schema.org","@graph":[{"@type":"WebPage","@id":"https:\/\/temporada-alta.com\/es\/noticia\/temporada-alta-durant-tot-lany\/","url":"https:\/\/temporada-alta.com\/es\/noticia\/temporada-alta-durant-tot-lany\/","name":"\u00a1Temporada Alta durante todo el a\u00f1o! - Temporada Alta","isPartOf":{"@id":"https:\/\/temporada-alta.com\/es\/#website"},"primaryImageOfPage":{"@id":"https:\/\/temporada-alta.com\/es\/noticia\/temporada-alta-durant-tot-lany\/#primaryimage"},"image":{"@id":"https:\/\/temporada-alta.com\/es\/noticia\/temporada-alta-durant-tot-lany\/#primaryimage"},"thumbnailUrl":"https:\/\/temporada-alta.com\/wp-content\/uploads\/TAdurantTotAny.jpg","datePublished":"2018-12-13T11:20:04+00:00","dateModified":"2019-01-09T08:51:38+00:00","breadcrumb":{"@id":"https:\/\/temporada-alta.com\/es\/noticia\/temporada-alta-durant-tot-lany\/#breadcrumb"},"inLanguage":"es","potentialAction":[{"@type":"ReadAction","target":["https:\/\/temporada-alta.com\/es\/noticia\/temporada-alta-durant-tot-lany\/"]}]},{"@type":"ImageObject","inLanguage":"es","@id":"https:\/\/temporada-alta.com\/es\/noticia\/temporada-alta-durant-tot-lany\/#primaryimage","url":"https:\/\/temporada-alta.com\/wp-content\/uploads\/TAdurantTotAny.jpg","contentUrl":"https:\/\/temporada-alta.com\/wp-content\/uploads\/TAdurantTotAny.jpg","width":1000,"height":500,"caption":"Lali Ayguad\u00e9 - Here \u00a9Trist\u00e1n P\u00e9rez-Mart\u00edn"},{"@type":"BreadcrumbList","@id":"https:\/\/temporada-alta.com\/es\/noticia\/temporada-alta-durant-tot-lany\/#breadcrumb","itemListElement":[{"@type":"ListItem","position":1,"name":"Inici","item":"https:\/\/temporada-alta.com\/es\/"},{"@type":"ListItem","position":2,"name":"\u00a1Temporada Alta durante todo el a\u00f1o!"}]},{"@type":"WebSite","@id":"https:\/\/temporada-alta.com\/es\/#website","url":"https:\/\/temporada-alta.com\/es\/","name":"Temporada Alta","description":"Festival d&#039;Arts Esc\u00e8niques","publisher":{"@id":"https:\/\/temporada-alta.com\/es\/#organization"},"potentialAction":[{"@type":"SearchAction","target":{"@type":"EntryPoint","urlTemplate":"https:\/\/temporada-alta.com\/es\/?s={search_term_string}"},"query-input":{"@type":"PropertyValueSpecification","valueRequired":true,"valueName":"search_term_string"}}],"inLanguage":"es"},{"@type":"Organization","@id":"https:\/\/temporada-alta.com\/es\/#organization","name":"Temporada Alta","url":"https:\/\/temporada-alta.com\/es\/","logo":{"@type":"ImageObject","inLanguage":"es","@id":"https:\/\/temporada-alta.com\/es\/#\/schema\/logo\/image\/","url":"https:\/\/temporada-alta.com\/wp-content\/uploads\/TA21-Logotip-pos.png","contentUrl":"https:\/\/temporada-alta.com\/wp-content\/uploads\/TA21-Logotip-pos.png","width":800,"height":267,"caption":"Temporada Alta"},"image":{"@id":"https:\/\/temporada-alta.com\/es\/#\/schema\/logo\/image\/"}}]}},"_links":{"self":[{"href":"https:\/\/temporada-alta.com\/es\/wp-json\/wp\/v2\/noticia\/20107","targetHints":{"allow":["GET"]}}],"collection":[{"href":"https:\/\/temporada-alta.com\/es\/wp-json\/wp\/v2\/noticia"}],"about":[{"href":"https:\/\/temporada-alta.com\/es\/wp-json\/wp\/v2\/types\/noticia"}],"wp:featuredmedia":[{"embeddable":true,"href":"https:\/\/temporada-alta.com\/es\/wp-json\/wp\/v2\/media\/20026"}],"wp:attachment":[{"href":"https:\/\/temporada-alta.com\/es\/wp-json\/wp\/v2\/media?parent=20107"}],"curies":[{"name":"wp","href":"https:\/\/api.w.org\/{rel}","templated":true}]}}