{"id":18627,"date":"2018-11-22T15:29:39","date_gmt":"2018-11-22T14:29:39","guid":{"rendered":"https:\/\/www.temporada-alta.com\/?post_type=noticia&#038;p=18627"},"modified":"2018-11-23T11:16:11","modified_gmt":"2018-11-23T10:16:11","slug":"ojo-critico-emite-en-directo-desde-temporada-alta","status":"publish","type":"noticia","link":"https:\/\/temporada-alta.com\/es\/noticia\/ojo-critico-emite-en-directo-desde-temporada-alta\/","title":{"rendered":"&#8220;El ojo cr\u00edtico&#8221; emite en directo desde Temporada Alta"},"content":{"rendered":"<div id=\"modal-ready\"><p>En el marco de la Semana de Programadores y <a href=\"https:\/\/www.temporada-alta.com\/es\/noticia\/sacsejat-epicentro-europeo-de-la-creacion-contemporanea\/\"><em>Sacseja&#8217;t<\/em> <\/a>este viernes<strong> 23 de noviembre<\/strong> el programa de radio\u00a0<a href=\"http:\/\/www.rtve.es\/alacarta\/audios\/el-ojo-critico\/\">El Ojo\u00a0Cr\u00edtico<\/a>\u00a0de Radio Nacional de Espa\u00f1a, har\u00e1 una retransmisi\u00f3n en directo desde el Teatro Municipal de Girona para hablar de Temporada Alta y la programaci\u00f3n del Festival. El programa se podr\u00e1 escuchar en directo de 18 h a 19 h o bien, por RTVE a la carta<\/p>\n<p>En te transcurso del programa podr\u00e1s escuchar las voces de: Salvador Sunyer director del Festival,\u00a0\u00a0Camille\u00a0Decourtye\u00a0y\u00a0Bla\u00ef\u00a0Mateu Trias integrantes de la compa\u00f1\u00eda Bar\u00f3 d&#8217;Evel\u00a0y \u00c0lex\u00a0Rigola\u00a0director de obras como Un\u00a0enemigodel\u00a0Pueblo\u00a0y\u00a0MACHO\u00a0MAN, entre otros artistas<\/p>\n<p><strong>Sobre el programa<\/strong><br \/>\n<a href=\"http:\/\/www.rtve.es\/alacarta\/audios\/el-ojo-critico\/\">El Ojo\u00a0Cr\u00edtico<\/a> es el informativo cultural por\u00a0excelencia presentado por Alberto Mart\u00ednez Arias de RTVE. Este espacio este a\u00f1o celebra\u00a0la 35ena temporada de emisi\u00f3n\u00a0ininterrumpida\u00a0a la\u00a0Radio\u00a0Nacional de Espa\u00f1a. El programa tiene por objetivo acercar la cultura al mayor n\u00famero\u00a0de oyentes posible.<\/p>\n<\/div>","protected":false},"excerpt":{"rendered":"<p>En el marco de la Semana de Programadores y Sacseja&#8217;t este viernes 23 de noviembre el programa de radio\u00a0Ojo\u00a0Cr\u00edtico\u00a0de Radio Nacional de Espa\u00f1a, har\u00e1 una retransmisi\u00f3n en directo desde el Teatro Municipal de Girona para hablar de Temporada Alta y la programaci\u00f3n del Festival. El programa se podr\u00e1 escuchar en directo de 18 h a 19 h o bien, por RTVE a la carta<\/p>\n","protected":false},"featured_media":18607,"template":"","class_list":["post-18627","noticia","type-noticia","status-publish","has-post-thumbnail","hentry"],"acf":[],"yoast_head":"<!-- This site is optimized with the Yoast SEO plugin v27.0 - https:\/\/yoast.com\/product\/yoast-seo-wordpress\/ -->\n<title>&quot;El ojo cr\u00edtico&quot; emite en directo desde Temporada Alta - Temporada Alta<\/title>\n<meta name=\"robots\" content=\"index, follow, max-snippet:-1, max-image-preview:large, max-video-preview:-1\" \/>\n<link rel=\"canonical\" href=\"https:\/\/temporada-alta.com\/es\/noticia\/ojo-critico-emite-en-directo-desde-temporada-alta\/\" \/>\n<meta property=\"og:locale\" content=\"es_ES\" \/>\n<meta property=\"og:type\" content=\"article\" \/>\n<meta property=\"og:title\" content=\"&quot;El ojo cr\u00edtico&quot; emite en directo desde Temporada Alta - Temporada Alta\" \/>\n<meta property=\"og:description\" content=\"En el marco de la Semana de Programadores y Sacseja&#039;t este viernes 23 de noviembre el programa de radio\u00a0Ojo\u00a0Cr\u00edtico\u00a0de Radio Nacional de Espa\u00f1a, har\u00e1 una retransmisi\u00f3n en directo desde el Teatro Municipal de Girona para hablar de Temporada Alta y la programaci\u00f3n del Festival. El programa se podr\u00e1 escuchar en directo de 18 h a 19 h o bien, por RTVE a la carta\" \/>\n<meta property=\"og:url\" content=\"https:\/\/temporada-alta.com\/es\/noticia\/ojo-critico-emite-en-directo-desde-temporada-alta\/\" \/>\n<meta property=\"og:site_name\" content=\"Temporada Alta\" \/>\n<meta property=\"article:modified_time\" content=\"2018-11-23T10:16:11+00:00\" \/>\n<meta property=\"og:image\" content=\"https:\/\/temporada-alta.com\/wp-content\/uploads\/GENESIS_2_LUCA-DEL-PIA.jpg\" \/>\n\t<meta property=\"og:image:width\" content=\"1000\" \/>\n\t<meta property=\"og:image:height\" content=\"493\" \/>\n\t<meta property=\"og:image:type\" content=\"image\/jpeg\" \/>\n<meta name=\"twitter:card\" content=\"summary_large_image\" \/>\n<script type=\"application\/ld+json\" class=\"yoast-schema-graph\">{\"@context\":\"https:\/\/schema.org\",\"@graph\":[{\"@type\":\"WebPage\",\"@id\":\"https:\/\/temporada-alta.com\/es\/noticia\/ojo-critico-emite-en-directo-desde-temporada-alta\/\",\"url\":\"https:\/\/temporada-alta.com\/es\/noticia\/ojo-critico-emite-en-directo-desde-temporada-alta\/\",\"name\":\"\\\"El ojo cr\u00edtico\\\" emite en directo desde Temporada Alta - Temporada Alta\",\"isPartOf\":{\"@id\":\"https:\/\/temporada-alta.com\/es\/#website\"},\"primaryImageOfPage\":{\"@id\":\"https:\/\/temporada-alta.com\/es\/noticia\/ojo-critico-emite-en-directo-desde-temporada-alta\/#primaryimage\"},\"image\":{\"@id\":\"https:\/\/temporada-alta.com\/es\/noticia\/ojo-critico-emite-en-directo-desde-temporada-alta\/#primaryimage\"},\"thumbnailUrl\":\"https:\/\/temporada-alta.com\/wp-content\/uploads\/GENESIS_2_LUCA-DEL-PIA.jpg\",\"datePublished\":\"2018-11-22T14:29:39+00:00\",\"dateModified\":\"2018-11-23T10:16:11+00:00\",\"breadcrumb\":{\"@id\":\"https:\/\/temporada-alta.com\/es\/noticia\/ojo-critico-emite-en-directo-desde-temporada-alta\/#breadcrumb\"},\"inLanguage\":\"es\",\"potentialAction\":[{\"@type\":\"ReadAction\",\"target\":[\"https:\/\/temporada-alta.com\/es\/noticia\/ojo-critico-emite-en-directo-desde-temporada-alta\/\"]}]},{\"@type\":\"ImageObject\",\"inLanguage\":\"es\",\"@id\":\"https:\/\/temporada-alta.com\/es\/noticia\/ojo-critico-emite-en-directo-desde-temporada-alta\/#primaryimage\",\"url\":\"https:\/\/temporada-alta.com\/wp-content\/uploads\/GENESIS_2_LUCA-DEL-PIA.jpg\",\"contentUrl\":\"https:\/\/temporada-alta.com\/wp-content\/uploads\/GENESIS_2_LUCA-DEL-PIA.jpg\",\"width\":1000,\"height\":493},{\"@type\":\"BreadcrumbList\",\"@id\":\"https:\/\/temporada-alta.com\/es\/noticia\/ojo-critico-emite-en-directo-desde-temporada-alta\/#breadcrumb\",\"itemListElement\":[{\"@type\":\"ListItem\",\"position\":1,\"name\":\"Inici\",\"item\":\"https:\/\/temporada-alta.com\/es\/\"},{\"@type\":\"ListItem\",\"position\":2,\"name\":\"&#8220;El ojo cr\u00edtico&#8221; emite en directo desde Temporada Alta\"}]},{\"@type\":\"WebSite\",\"@id\":\"https:\/\/temporada-alta.com\/es\/#website\",\"url\":\"https:\/\/temporada-alta.com\/es\/\",\"name\":\"Temporada Alta\",\"description\":\"Festival d&#039;Arts Esc\u00e8niques\",\"publisher\":{\"@id\":\"https:\/\/temporada-alta.com\/es\/#organization\"},\"potentialAction\":[{\"@type\":\"SearchAction\",\"target\":{\"@type\":\"EntryPoint\",\"urlTemplate\":\"https:\/\/temporada-alta.com\/es\/?s={search_term_string}\"},\"query-input\":{\"@type\":\"PropertyValueSpecification\",\"valueRequired\":true,\"valueName\":\"search_term_string\"}}],\"inLanguage\":\"es\"},{\"@type\":\"Organization\",\"@id\":\"https:\/\/temporada-alta.com\/es\/#organization\",\"name\":\"Temporada Alta\",\"url\":\"https:\/\/temporada-alta.com\/es\/\",\"logo\":{\"@type\":\"ImageObject\",\"inLanguage\":\"es\",\"@id\":\"https:\/\/temporada-alta.com\/es\/#\/schema\/logo\/image\/\",\"url\":\"https:\/\/temporada-alta.com\/wp-content\/uploads\/TA21-Logotip-pos.png\",\"contentUrl\":\"https:\/\/temporada-alta.com\/wp-content\/uploads\/TA21-Logotip-pos.png\",\"width\":800,\"height\":267,\"caption\":\"Temporada Alta\"},\"image\":{\"@id\":\"https:\/\/temporada-alta.com\/es\/#\/schema\/logo\/image\/\"}}]}<\/script>\n<!-- \/ Yoast SEO plugin. -->","yoast_head_json":{"title":"\"El ojo cr\u00edtico\" emite en directo desde Temporada Alta - Temporada Alta","robots":{"index":"index","follow":"follow","max-snippet":"max-snippet:-1","max-image-preview":"max-image-preview:large","max-video-preview":"max-video-preview:-1"},"canonical":"https:\/\/temporada-alta.com\/es\/noticia\/ojo-critico-emite-en-directo-desde-temporada-alta\/","og_locale":"es_ES","og_type":"article","og_title":"\"El ojo cr\u00edtico\" emite en directo desde Temporada Alta - Temporada Alta","og_description":"En el marco de la Semana de Programadores y Sacseja't este viernes 23 de noviembre el programa de radio\u00a0Ojo\u00a0Cr\u00edtico\u00a0de Radio Nacional de Espa\u00f1a, har\u00e1 una retransmisi\u00f3n en directo desde el Teatro Municipal de Girona para hablar de Temporada Alta y la programaci\u00f3n del Festival. El programa se podr\u00e1 escuchar en directo de 18 h a 19 h o bien, por RTVE a la carta","og_url":"https:\/\/temporada-alta.com\/es\/noticia\/ojo-critico-emite-en-directo-desde-temporada-alta\/","og_site_name":"Temporada Alta","article_modified_time":"2018-11-23T10:16:11+00:00","og_image":[{"width":1000,"height":493,"url":"https:\/\/temporada-alta.com\/wp-content\/uploads\/GENESIS_2_LUCA-DEL-PIA.jpg","type":"image\/jpeg"}],"twitter_card":"summary_large_image","schema":{"@context":"https:\/\/schema.org","@graph":[{"@type":"WebPage","@id":"https:\/\/temporada-alta.com\/es\/noticia\/ojo-critico-emite-en-directo-desde-temporada-alta\/","url":"https:\/\/temporada-alta.com\/es\/noticia\/ojo-critico-emite-en-directo-desde-temporada-alta\/","name":"\"El ojo cr\u00edtico\" emite en directo desde Temporada Alta - Temporada Alta","isPartOf":{"@id":"https:\/\/temporada-alta.com\/es\/#website"},"primaryImageOfPage":{"@id":"https:\/\/temporada-alta.com\/es\/noticia\/ojo-critico-emite-en-directo-desde-temporada-alta\/#primaryimage"},"image":{"@id":"https:\/\/temporada-alta.com\/es\/noticia\/ojo-critico-emite-en-directo-desde-temporada-alta\/#primaryimage"},"thumbnailUrl":"https:\/\/temporada-alta.com\/wp-content\/uploads\/GENESIS_2_LUCA-DEL-PIA.jpg","datePublished":"2018-11-22T14:29:39+00:00","dateModified":"2018-11-23T10:16:11+00:00","breadcrumb":{"@id":"https:\/\/temporada-alta.com\/es\/noticia\/ojo-critico-emite-en-directo-desde-temporada-alta\/#breadcrumb"},"inLanguage":"es","potentialAction":[{"@type":"ReadAction","target":["https:\/\/temporada-alta.com\/es\/noticia\/ojo-critico-emite-en-directo-desde-temporada-alta\/"]}]},{"@type":"ImageObject","inLanguage":"es","@id":"https:\/\/temporada-alta.com\/es\/noticia\/ojo-critico-emite-en-directo-desde-temporada-alta\/#primaryimage","url":"https:\/\/temporada-alta.com\/wp-content\/uploads\/GENESIS_2_LUCA-DEL-PIA.jpg","contentUrl":"https:\/\/temporada-alta.com\/wp-content\/uploads\/GENESIS_2_LUCA-DEL-PIA.jpg","width":1000,"height":493},{"@type":"BreadcrumbList","@id":"https:\/\/temporada-alta.com\/es\/noticia\/ojo-critico-emite-en-directo-desde-temporada-alta\/#breadcrumb","itemListElement":[{"@type":"ListItem","position":1,"name":"Inici","item":"https:\/\/temporada-alta.com\/es\/"},{"@type":"ListItem","position":2,"name":"&#8220;El ojo cr\u00edtico&#8221; emite en directo desde Temporada Alta"}]},{"@type":"WebSite","@id":"https:\/\/temporada-alta.com\/es\/#website","url":"https:\/\/temporada-alta.com\/es\/","name":"Temporada Alta","description":"Festival d&#039;Arts Esc\u00e8niques","publisher":{"@id":"https:\/\/temporada-alta.com\/es\/#organization"},"potentialAction":[{"@type":"SearchAction","target":{"@type":"EntryPoint","urlTemplate":"https:\/\/temporada-alta.com\/es\/?s={search_term_string}"},"query-input":{"@type":"PropertyValueSpecification","valueRequired":true,"valueName":"search_term_string"}}],"inLanguage":"es"},{"@type":"Organization","@id":"https:\/\/temporada-alta.com\/es\/#organization","name":"Temporada Alta","url":"https:\/\/temporada-alta.com\/es\/","logo":{"@type":"ImageObject","inLanguage":"es","@id":"https:\/\/temporada-alta.com\/es\/#\/schema\/logo\/image\/","url":"https:\/\/temporada-alta.com\/wp-content\/uploads\/TA21-Logotip-pos.png","contentUrl":"https:\/\/temporada-alta.com\/wp-content\/uploads\/TA21-Logotip-pos.png","width":800,"height":267,"caption":"Temporada Alta"},"image":{"@id":"https:\/\/temporada-alta.com\/es\/#\/schema\/logo\/image\/"}}]}},"_links":{"self":[{"href":"https:\/\/temporada-alta.com\/es\/wp-json\/wp\/v2\/noticia\/18627","targetHints":{"allow":["GET"]}}],"collection":[{"href":"https:\/\/temporada-alta.com\/es\/wp-json\/wp\/v2\/noticia"}],"about":[{"href":"https:\/\/temporada-alta.com\/es\/wp-json\/wp\/v2\/types\/noticia"}],"wp:featuredmedia":[{"embeddable":true,"href":"https:\/\/temporada-alta.com\/es\/wp-json\/wp\/v2\/media\/18607"}],"wp:attachment":[{"href":"https:\/\/temporada-alta.com\/es\/wp-json\/wp\/v2\/media?parent=18627"}],"curies":[{"name":"wp","href":"https:\/\/api.w.org\/{rel}","templated":true}]}}