{"id":18493,"date":"2018-11-20T10:00:34","date_gmt":"2018-11-20T09:00:34","guid":{"rendered":"https:\/\/www.temporada-alta.com\/noticia\/marta-aran-a-la-gran-final-del-torneig-de-dramaturgia\/"},"modified":"2018-11-20T12:08:07","modified_gmt":"2018-11-20T11:08:07","slug":"marta-aran-a-la-gran-final-del-torneig-de-dramaturgia","status":"publish","type":"noticia","link":"https:\/\/temporada-alta.com\/es\/noticia\/marta-aran-a-la-gran-final-del-torneig-de-dramaturgia\/","title":{"rendered":"Marta Aran, a la gran final del Torneig de Dramat\u00fargia"},"content":{"rendered":"<div id=\"modal-ready\"><p>Marta Aran con su texto <em>Puzles<\/em> se impuso a Jordi Oriol y su texto <em>El t\u00edtol \u00e9s la polla<\/em>. Aran gan\u00f3 la segunda semifinal del <em>VIII Torneig de Dramat\u00fargia Catalana<\/em> y pasa a la gran final donde se enfrentar\u00e1 a Cristina Clemente y su texto <em>M&#8217;he posat les ulleres de mirar carregadors.\u00a0<\/em><\/p>\n<p><em>Puzles<\/em> es una pieza muy ir\u00f3nica que narraba la historia de una anciana que decide organizarse su propio entierro en vida. Para ello soborna una oradora de un crematorio de su barrio para que lleve a cabo este extra\u00f1o deseo. Anoche interpretado por Cesca Pi\u00f1\u00f3n y Alba Pujol<\/p>\n<p>Puzles se impuso al texto de Jordi Oriol <em>El t\u00edtol es la polla<\/em> (ayer interpretado por Cesc Casanovas y Marc Mart\u00ednez) que hablaba con iron\u00eda de la situaci\u00f3n social y pol\u00edtica actual a trav\u00e9s de diferentes ejemplos y juegos de palabras.<\/p>\n<p>Un combate muy amigable conducido por Yessi, la presentadora emblem\u00e1tica que interpreta Estel Sol\u00e9.<\/p>\n<p><strong>GRAN FINAL<br \/>\n<\/strong>10.12.18 &#8211; <strong>Cristina Clemente <\/strong>vs <strong>Marta Aran<\/strong><\/p>\n<\/div>","protected":false},"excerpt":{"rendered":"<p>Marta Aran con su texto Puzles se impuso a Jordi Oriol y su texto El t\u00edtol \u00e9s la&#8230;<\/p>\n","protected":false},"featured_media":18489,"template":"","class_list":["post-18493","noticia","type-noticia","status-publish","has-post-thumbnail","hentry"],"acf":[],"yoast_head":"<!-- This site is optimized with the Yoast SEO plugin v27.0 - https:\/\/yoast.com\/product\/yoast-seo-wordpress\/ -->\n<title>Marta Aran, a la gran final del Torneig de Dramat\u00fargia - Temporada Alta<\/title>\n<meta name=\"robots\" content=\"index, follow, max-snippet:-1, max-image-preview:large, max-video-preview:-1\" \/>\n<link rel=\"canonical\" href=\"https:\/\/temporada-alta.com\/es\/noticia\/marta-aran-a-la-gran-final-del-torneig-de-dramaturgia\/\" \/>\n<meta property=\"og:locale\" content=\"es_ES\" \/>\n<meta property=\"og:type\" content=\"article\" \/>\n<meta property=\"og:title\" content=\"Marta Aran, a la gran final del Torneig de Dramat\u00fargia - Temporada Alta\" \/>\n<meta property=\"og:description\" content=\"Marta Aran con su texto Puzles se impuso a Jordi Oriol y su texto El t\u00edtol \u00e9s la...\" \/>\n<meta property=\"og:url\" content=\"https:\/\/temporada-alta.com\/es\/noticia\/marta-aran-a-la-gran-final-del-torneig-de-dramaturgia\/\" \/>\n<meta property=\"og:site_name\" content=\"Temporada Alta\" \/>\n<meta property=\"article:modified_time\" content=\"2018-11-20T11:08:07+00:00\" \/>\n<meta property=\"og:image\" content=\"https:\/\/temporada-alta.com\/wp-content\/uploads\/torneig_2semifinal.jpg\" \/>\n\t<meta property=\"og:image:width\" content=\"1000\" \/>\n\t<meta property=\"og:image:height\" content=\"500\" \/>\n\t<meta property=\"og:image:type\" content=\"image\/jpeg\" \/>\n<meta name=\"twitter:card\" content=\"summary_large_image\" \/>\n<script type=\"application\/ld+json\" class=\"yoast-schema-graph\">{\"@context\":\"https:\/\/schema.org\",\"@graph\":[{\"@type\":\"WebPage\",\"@id\":\"https:\/\/temporada-alta.com\/es\/noticia\/marta-aran-a-la-gran-final-del-torneig-de-dramaturgia\/\",\"url\":\"https:\/\/temporada-alta.com\/es\/noticia\/marta-aran-a-la-gran-final-del-torneig-de-dramaturgia\/\",\"name\":\"Marta Aran, a la gran final del Torneig de Dramat\u00fargia - Temporada Alta\",\"isPartOf\":{\"@id\":\"https:\/\/temporada-alta.com\/es\/#website\"},\"primaryImageOfPage\":{\"@id\":\"https:\/\/temporada-alta.com\/es\/noticia\/marta-aran-a-la-gran-final-del-torneig-de-dramaturgia\/#primaryimage\"},\"image\":{\"@id\":\"https:\/\/temporada-alta.com\/es\/noticia\/marta-aran-a-la-gran-final-del-torneig-de-dramaturgia\/#primaryimage\"},\"thumbnailUrl\":\"https:\/\/temporada-alta.com\/wp-content\/uploads\/torneig_2semifinal.jpg\",\"datePublished\":\"2018-11-20T09:00:34+00:00\",\"dateModified\":\"2018-11-20T11:08:07+00:00\",\"breadcrumb\":{\"@id\":\"https:\/\/temporada-alta.com\/es\/noticia\/marta-aran-a-la-gran-final-del-torneig-de-dramaturgia\/#breadcrumb\"},\"inLanguage\":\"es\",\"potentialAction\":[{\"@type\":\"ReadAction\",\"target\":[\"https:\/\/temporada-alta.com\/es\/noticia\/marta-aran-a-la-gran-final-del-torneig-de-dramaturgia\/\"]}]},{\"@type\":\"ImageObject\",\"inLanguage\":\"es\",\"@id\":\"https:\/\/temporada-alta.com\/es\/noticia\/marta-aran-a-la-gran-final-del-torneig-de-dramaturgia\/#primaryimage\",\"url\":\"https:\/\/temporada-alta.com\/wp-content\/uploads\/torneig_2semifinal.jpg\",\"contentUrl\":\"https:\/\/temporada-alta.com\/wp-content\/uploads\/torneig_2semifinal.jpg\",\"width\":1000,\"height\":500},{\"@type\":\"BreadcrumbList\",\"@id\":\"https:\/\/temporada-alta.com\/es\/noticia\/marta-aran-a-la-gran-final-del-torneig-de-dramaturgia\/#breadcrumb\",\"itemListElement\":[{\"@type\":\"ListItem\",\"position\":1,\"name\":\"Inici\",\"item\":\"https:\/\/temporada-alta.com\/es\/\"},{\"@type\":\"ListItem\",\"position\":2,\"name\":\"Marta Aran, a la gran final del Torneig de Dramat\u00fargia\"}]},{\"@type\":\"WebSite\",\"@id\":\"https:\/\/temporada-alta.com\/es\/#website\",\"url\":\"https:\/\/temporada-alta.com\/es\/\",\"name\":\"Temporada Alta\",\"description\":\"Festival d&#039;Arts Esc\u00e8niques\",\"publisher\":{\"@id\":\"https:\/\/temporada-alta.com\/es\/#organization\"},\"potentialAction\":[{\"@type\":\"SearchAction\",\"target\":{\"@type\":\"EntryPoint\",\"urlTemplate\":\"https:\/\/temporada-alta.com\/es\/?s={search_term_string}\"},\"query-input\":{\"@type\":\"PropertyValueSpecification\",\"valueRequired\":true,\"valueName\":\"search_term_string\"}}],\"inLanguage\":\"es\"},{\"@type\":\"Organization\",\"@id\":\"https:\/\/temporada-alta.com\/es\/#organization\",\"name\":\"Temporada Alta\",\"url\":\"https:\/\/temporada-alta.com\/es\/\",\"logo\":{\"@type\":\"ImageObject\",\"inLanguage\":\"es\",\"@id\":\"https:\/\/temporada-alta.com\/es\/#\/schema\/logo\/image\/\",\"url\":\"https:\/\/temporada-alta.com\/wp-content\/uploads\/TA21-Logotip-pos.png\",\"contentUrl\":\"https:\/\/temporada-alta.com\/wp-content\/uploads\/TA21-Logotip-pos.png\",\"width\":800,\"height\":267,\"caption\":\"Temporada Alta\"},\"image\":{\"@id\":\"https:\/\/temporada-alta.com\/es\/#\/schema\/logo\/image\/\"}}]}<\/script>\n<!-- \/ Yoast SEO plugin. -->","yoast_head_json":{"title":"Marta Aran, a la gran final del Torneig de Dramat\u00fargia - Temporada Alta","robots":{"index":"index","follow":"follow","max-snippet":"max-snippet:-1","max-image-preview":"max-image-preview:large","max-video-preview":"max-video-preview:-1"},"canonical":"https:\/\/temporada-alta.com\/es\/noticia\/marta-aran-a-la-gran-final-del-torneig-de-dramaturgia\/","og_locale":"es_ES","og_type":"article","og_title":"Marta Aran, a la gran final del Torneig de Dramat\u00fargia - Temporada Alta","og_description":"Marta Aran con su texto Puzles se impuso a Jordi Oriol y su texto El t\u00edtol \u00e9s la...","og_url":"https:\/\/temporada-alta.com\/es\/noticia\/marta-aran-a-la-gran-final-del-torneig-de-dramaturgia\/","og_site_name":"Temporada Alta","article_modified_time":"2018-11-20T11:08:07+00:00","og_image":[{"width":1000,"height":500,"url":"https:\/\/temporada-alta.com\/wp-content\/uploads\/torneig_2semifinal.jpg","type":"image\/jpeg"}],"twitter_card":"summary_large_image","schema":{"@context":"https:\/\/schema.org","@graph":[{"@type":"WebPage","@id":"https:\/\/temporada-alta.com\/es\/noticia\/marta-aran-a-la-gran-final-del-torneig-de-dramaturgia\/","url":"https:\/\/temporada-alta.com\/es\/noticia\/marta-aran-a-la-gran-final-del-torneig-de-dramaturgia\/","name":"Marta Aran, a la gran final del Torneig de Dramat\u00fargia - Temporada Alta","isPartOf":{"@id":"https:\/\/temporada-alta.com\/es\/#website"},"primaryImageOfPage":{"@id":"https:\/\/temporada-alta.com\/es\/noticia\/marta-aran-a-la-gran-final-del-torneig-de-dramaturgia\/#primaryimage"},"image":{"@id":"https:\/\/temporada-alta.com\/es\/noticia\/marta-aran-a-la-gran-final-del-torneig-de-dramaturgia\/#primaryimage"},"thumbnailUrl":"https:\/\/temporada-alta.com\/wp-content\/uploads\/torneig_2semifinal.jpg","datePublished":"2018-11-20T09:00:34+00:00","dateModified":"2018-11-20T11:08:07+00:00","breadcrumb":{"@id":"https:\/\/temporada-alta.com\/es\/noticia\/marta-aran-a-la-gran-final-del-torneig-de-dramaturgia\/#breadcrumb"},"inLanguage":"es","potentialAction":[{"@type":"ReadAction","target":["https:\/\/temporada-alta.com\/es\/noticia\/marta-aran-a-la-gran-final-del-torneig-de-dramaturgia\/"]}]},{"@type":"ImageObject","inLanguage":"es","@id":"https:\/\/temporada-alta.com\/es\/noticia\/marta-aran-a-la-gran-final-del-torneig-de-dramaturgia\/#primaryimage","url":"https:\/\/temporada-alta.com\/wp-content\/uploads\/torneig_2semifinal.jpg","contentUrl":"https:\/\/temporada-alta.com\/wp-content\/uploads\/torneig_2semifinal.jpg","width":1000,"height":500},{"@type":"BreadcrumbList","@id":"https:\/\/temporada-alta.com\/es\/noticia\/marta-aran-a-la-gran-final-del-torneig-de-dramaturgia\/#breadcrumb","itemListElement":[{"@type":"ListItem","position":1,"name":"Inici","item":"https:\/\/temporada-alta.com\/es\/"},{"@type":"ListItem","position":2,"name":"Marta Aran, a la gran final del Torneig de Dramat\u00fargia"}]},{"@type":"WebSite","@id":"https:\/\/temporada-alta.com\/es\/#website","url":"https:\/\/temporada-alta.com\/es\/","name":"Temporada Alta","description":"Festival d&#039;Arts Esc\u00e8niques","publisher":{"@id":"https:\/\/temporada-alta.com\/es\/#organization"},"potentialAction":[{"@type":"SearchAction","target":{"@type":"EntryPoint","urlTemplate":"https:\/\/temporada-alta.com\/es\/?s={search_term_string}"},"query-input":{"@type":"PropertyValueSpecification","valueRequired":true,"valueName":"search_term_string"}}],"inLanguage":"es"},{"@type":"Organization","@id":"https:\/\/temporada-alta.com\/es\/#organization","name":"Temporada Alta","url":"https:\/\/temporada-alta.com\/es\/","logo":{"@type":"ImageObject","inLanguage":"es","@id":"https:\/\/temporada-alta.com\/es\/#\/schema\/logo\/image\/","url":"https:\/\/temporada-alta.com\/wp-content\/uploads\/TA21-Logotip-pos.png","contentUrl":"https:\/\/temporada-alta.com\/wp-content\/uploads\/TA21-Logotip-pos.png","width":800,"height":267,"caption":"Temporada Alta"},"image":{"@id":"https:\/\/temporada-alta.com\/es\/#\/schema\/logo\/image\/"}}]}},"_links":{"self":[{"href":"https:\/\/temporada-alta.com\/es\/wp-json\/wp\/v2\/noticia\/18493","targetHints":{"allow":["GET"]}}],"collection":[{"href":"https:\/\/temporada-alta.com\/es\/wp-json\/wp\/v2\/noticia"}],"about":[{"href":"https:\/\/temporada-alta.com\/es\/wp-json\/wp\/v2\/types\/noticia"}],"wp:featuredmedia":[{"embeddable":true,"href":"https:\/\/temporada-alta.com\/es\/wp-json\/wp\/v2\/media\/18489"}],"wp:attachment":[{"href":"https:\/\/temporada-alta.com\/es\/wp-json\/wp\/v2\/media?parent=18493"}],"curies":[{"name":"wp","href":"https:\/\/api.w.org\/{rel}","templated":true}]}}