{"id":17900,"date":"2018-11-07T18:02:46","date_gmt":"2018-11-07T17:02:46","guid":{"rendered":"https:\/\/www.temporada-alta.com\/noticia\/5-raons-per-veure-the-animals-and-children-took-to-the-streets\/"},"modified":"2018-11-09T11:44:32","modified_gmt":"2018-11-09T10:44:32","slug":"5-raons-per-veure-the-animals-and-children-took-to-the-streets","status":"publish","type":"noticia","link":"https:\/\/temporada-alta.com\/es\/noticia\/5-raons-per-veure-the-animals-and-children-took-to-the-streets\/","title":{"rendered":"5 razones para ver &#8220;The Animals and Children took to the Streets&#8221;"},"content":{"rendered":"<div id=\"modal-ready\"><ol>\n<li>Si tienes ganas de ver algo diferente pero divertido. Una puesta en escena innovadora, original y muy personal: m\u00fasica en vivo y sincronizada con la interpretaci\u00f3n, relatos explicados con pel\u00edculas y animaciones sorprendentes.<\/li>\n<li>Porque tienes pocas oportunidades de ver una compa\u00f1\u00eda inglesa. Ven al teatro y al mismo tiempo perfecciona tu ingl\u00e9s. La pieza es en ingl\u00e9s con subt\u00edtulos en catal\u00e1n.<\/li>\n<li>Eres <em>fan<\/em> de la est\u00e9tica Fritz Lang, Tim Burton, el cine mudo o la novela gr\u00e1fica m\u00e1s oscura del siglo XXI? Entonces no te puedes perder este espect\u00e1culo.<\/li>\n<li>Porque te impresion\u00f3 Golem (TA17) y La Flauta M\u00e1gina (Teatro del Liceo-16) de la misma compa\u00f1\u00eda, la brit\u00e1nica 1927. Una oportunidad \u00fanica de ver uno de sus espect\u00e1culos m\u00e1s aplaudidos.<\/li>\n<li>Porqu\u00e9 la cr\u00edtica es un\u00e1nime: <em>Cualquier persona interesada en el teatro deber\u00eda ver esta compa\u00f1\u00eda ya<\/em> &#8211; The Observer; <em>Un espect\u00e1culo perfecto<\/em> &#8211; Financial Times; <em>Una alucinante y preciosa obra<\/em> &#8211; Time Out.<\/li>\n<\/ol>\n<\/div>","protected":false},"excerpt":{"rendered":"<p>Si tienes ganas de ver algo diferente pero divertido. Una puesta en escena innovadora, original y muy personal:&#8230;<\/p>\n","protected":false},"featured_media":17586,"template":"","class_list":["post-17900","noticia","type-noticia","status-publish","has-post-thumbnail","hentry"],"acf":[],"yoast_head":"<!-- This site is optimized with the Yoast SEO plugin v27.0 - https:\/\/yoast.com\/product\/yoast-seo-wordpress\/ -->\n<title>5 razones para ver &quot;The Animals and Children took to the Streets&quot; - Temporada Alta<\/title>\n<meta name=\"robots\" content=\"index, follow, max-snippet:-1, max-image-preview:large, max-video-preview:-1\" \/>\n<link rel=\"canonical\" href=\"https:\/\/temporada-alta.com\/es\/noticia\/5-raons-per-veure-the-animals-and-children-took-to-the-streets\/\" \/>\n<meta property=\"og:locale\" content=\"es_ES\" \/>\n<meta property=\"og:type\" content=\"article\" \/>\n<meta property=\"og:title\" content=\"5 razones para ver &quot;The Animals and Children took to the Streets&quot; - Temporada Alta\" \/>\n<meta property=\"og:description\" content=\"Si tienes ganas de ver algo diferente pero divertido. Una puesta en escena innovadora, original y muy personal:...\" \/>\n<meta property=\"og:url\" content=\"https:\/\/temporada-alta.com\/es\/noticia\/5-raons-per-veure-the-animals-and-children-took-to-the-streets\/\" \/>\n<meta property=\"og:site_name\" content=\"Temporada Alta\" \/>\n<meta property=\"article:modified_time\" content=\"2018-11-09T10:44:32+00:00\" \/>\n<meta property=\"og:image\" content=\"https:\/\/temporada-alta.com\/wp-content\/uploads\/TheAnimals_c_1927-6.jpg\" \/>\n\t<meta property=\"og:image:width\" content=\"1000\" \/>\n\t<meta property=\"og:image:height\" content=\"500\" \/>\n\t<meta property=\"og:image:type\" content=\"image\/jpeg\" \/>\n<meta name=\"twitter:card\" content=\"summary_large_image\" \/>\n<script type=\"application\/ld+json\" class=\"yoast-schema-graph\">{\"@context\":\"https:\/\/schema.org\",\"@graph\":[{\"@type\":\"WebPage\",\"@id\":\"https:\/\/temporada-alta.com\/es\/noticia\/5-raons-per-veure-the-animals-and-children-took-to-the-streets\/\",\"url\":\"https:\/\/temporada-alta.com\/es\/noticia\/5-raons-per-veure-the-animals-and-children-took-to-the-streets\/\",\"name\":\"5 razones para ver \\\"The Animals and Children took to the Streets\\\" - Temporada Alta\",\"isPartOf\":{\"@id\":\"https:\/\/temporada-alta.com\/es\/#website\"},\"primaryImageOfPage\":{\"@id\":\"https:\/\/temporada-alta.com\/es\/noticia\/5-raons-per-veure-the-animals-and-children-took-to-the-streets\/#primaryimage\"},\"image\":{\"@id\":\"https:\/\/temporada-alta.com\/es\/noticia\/5-raons-per-veure-the-animals-and-children-took-to-the-streets\/#primaryimage\"},\"thumbnailUrl\":\"https:\/\/temporada-alta.com\/wp-content\/uploads\/TheAnimals_c_1927-6.jpg\",\"datePublished\":\"2018-11-07T17:02:46+00:00\",\"dateModified\":\"2018-11-09T10:44:32+00:00\",\"breadcrumb\":{\"@id\":\"https:\/\/temporada-alta.com\/es\/noticia\/5-raons-per-veure-the-animals-and-children-took-to-the-streets\/#breadcrumb\"},\"inLanguage\":\"es\",\"potentialAction\":[{\"@type\":\"ReadAction\",\"target\":[\"https:\/\/temporada-alta.com\/es\/noticia\/5-raons-per-veure-the-animals-and-children-took-to-the-streets\/\"]}]},{\"@type\":\"ImageObject\",\"inLanguage\":\"es\",\"@id\":\"https:\/\/temporada-alta.com\/es\/noticia\/5-raons-per-veure-the-animals-and-children-took-to-the-streets\/#primaryimage\",\"url\":\"https:\/\/temporada-alta.com\/wp-content\/uploads\/TheAnimals_c_1927-6.jpg\",\"contentUrl\":\"https:\/\/temporada-alta.com\/wp-content\/uploads\/TheAnimals_c_1927-6.jpg\",\"width\":1000,\"height\":500},{\"@type\":\"BreadcrumbList\",\"@id\":\"https:\/\/temporada-alta.com\/es\/noticia\/5-raons-per-veure-the-animals-and-children-took-to-the-streets\/#breadcrumb\",\"itemListElement\":[{\"@type\":\"ListItem\",\"position\":1,\"name\":\"Inici\",\"item\":\"https:\/\/temporada-alta.com\/es\/\"},{\"@type\":\"ListItem\",\"position\":2,\"name\":\"5 razones para ver &#8220;The Animals and Children took to the Streets&#8221;\"}]},{\"@type\":\"WebSite\",\"@id\":\"https:\/\/temporada-alta.com\/es\/#website\",\"url\":\"https:\/\/temporada-alta.com\/es\/\",\"name\":\"Temporada Alta\",\"description\":\"Festival d&#039;Arts Esc\u00e8niques\",\"publisher\":{\"@id\":\"https:\/\/temporada-alta.com\/es\/#organization\"},\"potentialAction\":[{\"@type\":\"SearchAction\",\"target\":{\"@type\":\"EntryPoint\",\"urlTemplate\":\"https:\/\/temporada-alta.com\/es\/?s={search_term_string}\"},\"query-input\":{\"@type\":\"PropertyValueSpecification\",\"valueRequired\":true,\"valueName\":\"search_term_string\"}}],\"inLanguage\":\"es\"},{\"@type\":\"Organization\",\"@id\":\"https:\/\/temporada-alta.com\/es\/#organization\",\"name\":\"Temporada Alta\",\"url\":\"https:\/\/temporada-alta.com\/es\/\",\"logo\":{\"@type\":\"ImageObject\",\"inLanguage\":\"es\",\"@id\":\"https:\/\/temporada-alta.com\/es\/#\/schema\/logo\/image\/\",\"url\":\"https:\/\/temporada-alta.com\/wp-content\/uploads\/TA21-Logotip-pos.png\",\"contentUrl\":\"https:\/\/temporada-alta.com\/wp-content\/uploads\/TA21-Logotip-pos.png\",\"width\":800,\"height\":267,\"caption\":\"Temporada Alta\"},\"image\":{\"@id\":\"https:\/\/temporada-alta.com\/es\/#\/schema\/logo\/image\/\"}}]}<\/script>\n<!-- \/ Yoast SEO plugin. -->","yoast_head_json":{"title":"5 razones para ver \"The Animals and Children took to the Streets\" - Temporada Alta","robots":{"index":"index","follow":"follow","max-snippet":"max-snippet:-1","max-image-preview":"max-image-preview:large","max-video-preview":"max-video-preview:-1"},"canonical":"https:\/\/temporada-alta.com\/es\/noticia\/5-raons-per-veure-the-animals-and-children-took-to-the-streets\/","og_locale":"es_ES","og_type":"article","og_title":"5 razones para ver \"The Animals and Children took to the Streets\" - Temporada Alta","og_description":"Si tienes ganas de ver algo diferente pero divertido. Una puesta en escena innovadora, original y muy personal:...","og_url":"https:\/\/temporada-alta.com\/es\/noticia\/5-raons-per-veure-the-animals-and-children-took-to-the-streets\/","og_site_name":"Temporada Alta","article_modified_time":"2018-11-09T10:44:32+00:00","og_image":[{"width":1000,"height":500,"url":"https:\/\/temporada-alta.com\/wp-content\/uploads\/TheAnimals_c_1927-6.jpg","type":"image\/jpeg"}],"twitter_card":"summary_large_image","schema":{"@context":"https:\/\/schema.org","@graph":[{"@type":"WebPage","@id":"https:\/\/temporada-alta.com\/es\/noticia\/5-raons-per-veure-the-animals-and-children-took-to-the-streets\/","url":"https:\/\/temporada-alta.com\/es\/noticia\/5-raons-per-veure-the-animals-and-children-took-to-the-streets\/","name":"5 razones para ver \"The Animals and Children took to the Streets\" - Temporada Alta","isPartOf":{"@id":"https:\/\/temporada-alta.com\/es\/#website"},"primaryImageOfPage":{"@id":"https:\/\/temporada-alta.com\/es\/noticia\/5-raons-per-veure-the-animals-and-children-took-to-the-streets\/#primaryimage"},"image":{"@id":"https:\/\/temporada-alta.com\/es\/noticia\/5-raons-per-veure-the-animals-and-children-took-to-the-streets\/#primaryimage"},"thumbnailUrl":"https:\/\/temporada-alta.com\/wp-content\/uploads\/TheAnimals_c_1927-6.jpg","datePublished":"2018-11-07T17:02:46+00:00","dateModified":"2018-11-09T10:44:32+00:00","breadcrumb":{"@id":"https:\/\/temporada-alta.com\/es\/noticia\/5-raons-per-veure-the-animals-and-children-took-to-the-streets\/#breadcrumb"},"inLanguage":"es","potentialAction":[{"@type":"ReadAction","target":["https:\/\/temporada-alta.com\/es\/noticia\/5-raons-per-veure-the-animals-and-children-took-to-the-streets\/"]}]},{"@type":"ImageObject","inLanguage":"es","@id":"https:\/\/temporada-alta.com\/es\/noticia\/5-raons-per-veure-the-animals-and-children-took-to-the-streets\/#primaryimage","url":"https:\/\/temporada-alta.com\/wp-content\/uploads\/TheAnimals_c_1927-6.jpg","contentUrl":"https:\/\/temporada-alta.com\/wp-content\/uploads\/TheAnimals_c_1927-6.jpg","width":1000,"height":500},{"@type":"BreadcrumbList","@id":"https:\/\/temporada-alta.com\/es\/noticia\/5-raons-per-veure-the-animals-and-children-took-to-the-streets\/#breadcrumb","itemListElement":[{"@type":"ListItem","position":1,"name":"Inici","item":"https:\/\/temporada-alta.com\/es\/"},{"@type":"ListItem","position":2,"name":"5 razones para ver &#8220;The Animals and Children took to the Streets&#8221;"}]},{"@type":"WebSite","@id":"https:\/\/temporada-alta.com\/es\/#website","url":"https:\/\/temporada-alta.com\/es\/","name":"Temporada Alta","description":"Festival d&#039;Arts Esc\u00e8niques","publisher":{"@id":"https:\/\/temporada-alta.com\/es\/#organization"},"potentialAction":[{"@type":"SearchAction","target":{"@type":"EntryPoint","urlTemplate":"https:\/\/temporada-alta.com\/es\/?s={search_term_string}"},"query-input":{"@type":"PropertyValueSpecification","valueRequired":true,"valueName":"search_term_string"}}],"inLanguage":"es"},{"@type":"Organization","@id":"https:\/\/temporada-alta.com\/es\/#organization","name":"Temporada Alta","url":"https:\/\/temporada-alta.com\/es\/","logo":{"@type":"ImageObject","inLanguage":"es","@id":"https:\/\/temporada-alta.com\/es\/#\/schema\/logo\/image\/","url":"https:\/\/temporada-alta.com\/wp-content\/uploads\/TA21-Logotip-pos.png","contentUrl":"https:\/\/temporada-alta.com\/wp-content\/uploads\/TA21-Logotip-pos.png","width":800,"height":267,"caption":"Temporada Alta"},"image":{"@id":"https:\/\/temporada-alta.com\/es\/#\/schema\/logo\/image\/"}}]}},"_links":{"self":[{"href":"https:\/\/temporada-alta.com\/es\/wp-json\/wp\/v2\/noticia\/17900","targetHints":{"allow":["GET"]}}],"collection":[{"href":"https:\/\/temporada-alta.com\/es\/wp-json\/wp\/v2\/noticia"}],"about":[{"href":"https:\/\/temporada-alta.com\/es\/wp-json\/wp\/v2\/types\/noticia"}],"wp:featuredmedia":[{"embeddable":true,"href":"https:\/\/temporada-alta.com\/es\/wp-json\/wp\/v2\/media\/17586"}],"wp:attachment":[{"href":"https:\/\/temporada-alta.com\/es\/wp-json\/wp\/v2\/media?parent=17900"}],"curies":[{"name":"wp","href":"https:\/\/api.w.org\/{rel}","templated":true}]}}