{"id":12279,"date":"2018-09-17T13:18:44","date_gmt":"2018-09-17T11:18:44","guid":{"rendered":"https:\/\/www.temporada-alta.com\/?post_type=noticia&#038;p=12279"},"modified":"2018-09-17T16:00:54","modified_gmt":"2018-09-17T14:00:54","slug":"a-tempo-arts-inscripciones","status":"publish","type":"noticia","link":"https:\/\/temporada-alta.com\/es\/noticia\/a-tempo-arts-inscripciones\/","title":{"rendered":"A Tempo, Arts i Formaci\u00f3 ya ha abierto las inscripciones para todas las actividades gratuitas"},"content":{"rendered":"<div id=\"modal-ready\"><p><strong>Las inscripciones estar\u00e1n abiertas hasta el d\u00eda 10 de octubre<\/strong><\/p>\n<p>Los centros educativos ya pueden optar a los recursos de <a href=\"https:\/\/www.temporada-alta.com\/es\/a-tempo-2018\/\">A\u00a0Tempo<\/a>, el proyecto educativo de la Fundaci\u00f3n La Ciutat Invisible en el marco de Temporada Alta con el apoyo de la Fundaci\u00f3n Banco de Sabadell y la colaboraci\u00f3n de\u00a0ConArte Internacional.<br \/>\nPor segundo a\u00f1o consecutivo, las escuelas e institutos de Girona y Salt pueden participar a una serie de actividades gratuitas que pretenden generar un di\u00e1logo entre las artes y la educaci\u00f3n. El seguido de recursos que ofrece A\u00a0Tempo\u00a0se dividen en dos grandes grupos: Temporada Alta en el aula (una serie de programaci\u00f3n teatral para todas las edades en las aulas) y Artistas en el aula (talleres y charlas con artistas de la edici\u00f3n actual del Festival).<br \/>\nToda la oferta educativa del proyecto va relacionada a tem\u00e1ticas de la\u00a0actualidad y la mayor\u00eda de las actividades tienen vinculado un dossier pedag\u00f3gico para trabajar en las aulas. Este a\u00f1o se trabajan temas como la\u00a0transf\u00f2bia, las emociones, la inmigraci\u00f3n, la violencia de g\u00e9nero, la expresi\u00f3n corporal, el entorno espacial, las profesiones art\u00edsticas, &#8230;.<br \/>\nLos equipos docentes o centros educativos que quieran optar a alguna de las ofertas del proyecto de Artes y Formaci\u00f3n ya se pueden inscribir en un formulario que se encuentra en <a href=\"https:\/\/www.temporada-alta.com\/es\/a-tempo-2018\/\">nuestra web<\/a> y tienen tiempo hasta el 10 de octubre, cuando se acabar\u00e1n de asignar los diferentes recursos a los estudiantes de Girona y Salt.<\/p>\n<\/div>","protected":false},"excerpt":{"rendered":"<p>Las inscripciones estar\u00e1n abiertas hasta el d\u00eda 10 de octubre Los centros educativos ya pueden optar a los&#8230;<\/p>\n","protected":false},"featured_media":12282,"template":"","class_list":["post-12279","noticia","type-noticia","status-publish","has-post-thumbnail","hentry"],"acf":[],"yoast_head":"<!-- This site is optimized with the Yoast SEO plugin v27.0 - https:\/\/yoast.com\/product\/yoast-seo-wordpress\/ -->\n<title>A Tempo, Arts i Formaci\u00f3 ya ha abierto las inscripciones para todas las actividades gratuitas - Temporada Alta<\/title>\n<meta name=\"robots\" content=\"index, follow, max-snippet:-1, max-image-preview:large, max-video-preview:-1\" \/>\n<link rel=\"canonical\" href=\"https:\/\/temporada-alta.com\/es\/noticia\/a-tempo-arts-inscripciones\/\" \/>\n<meta property=\"og:locale\" content=\"es_ES\" \/>\n<meta property=\"og:type\" content=\"article\" \/>\n<meta property=\"og:title\" content=\"A Tempo, Arts i Formaci\u00f3 ya ha abierto las inscripciones para todas las actividades gratuitas - Temporada Alta\" \/>\n<meta property=\"og:description\" content=\"Las inscripciones estar\u00e1n abiertas hasta el d\u00eda 10 de octubre Los centros educativos ya pueden optar a los...\" \/>\n<meta property=\"og:url\" content=\"https:\/\/temporada-alta.com\/es\/noticia\/a-tempo-arts-inscripciones\/\" \/>\n<meta property=\"og:site_name\" content=\"Temporada Alta\" \/>\n<meta property=\"article:modified_time\" content=\"2018-09-17T14:00:54+00:00\" \/>\n<meta property=\"og:image\" content=\"https:\/\/temporada-alta.com\/wp-content\/uploads\/A-Tempo_noti.jpg\" \/>\n\t<meta property=\"og:image:width\" content=\"1000\" \/>\n\t<meta property=\"og:image:height\" content=\"500\" \/>\n\t<meta property=\"og:image:type\" content=\"image\/jpeg\" \/>\n<meta name=\"twitter:card\" content=\"summary_large_image\" \/>\n<script type=\"application\/ld+json\" class=\"yoast-schema-graph\">{\"@context\":\"https:\/\/schema.org\",\"@graph\":[{\"@type\":\"WebPage\",\"@id\":\"https:\/\/temporada-alta.com\/es\/noticia\/a-tempo-arts-inscripciones\/\",\"url\":\"https:\/\/temporada-alta.com\/es\/noticia\/a-tempo-arts-inscripciones\/\",\"name\":\"A Tempo, Arts i Formaci\u00f3 ya ha abierto las inscripciones para todas las actividades gratuitas - Temporada Alta\",\"isPartOf\":{\"@id\":\"https:\/\/temporada-alta.com\/es\/#website\"},\"primaryImageOfPage\":{\"@id\":\"https:\/\/temporada-alta.com\/es\/noticia\/a-tempo-arts-inscripciones\/#primaryimage\"},\"image\":{\"@id\":\"https:\/\/temporada-alta.com\/es\/noticia\/a-tempo-arts-inscripciones\/#primaryimage\"},\"thumbnailUrl\":\"https:\/\/temporada-alta.com\/wp-content\/uploads\/A-Tempo_noti.jpg\",\"datePublished\":\"2018-09-17T11:18:44+00:00\",\"dateModified\":\"2018-09-17T14:00:54+00:00\",\"breadcrumb\":{\"@id\":\"https:\/\/temporada-alta.com\/es\/noticia\/a-tempo-arts-inscripciones\/#breadcrumb\"},\"inLanguage\":\"es\",\"potentialAction\":[{\"@type\":\"ReadAction\",\"target\":[\"https:\/\/temporada-alta.com\/es\/noticia\/a-tempo-arts-inscripciones\/\"]}]},{\"@type\":\"ImageObject\",\"inLanguage\":\"es\",\"@id\":\"https:\/\/temporada-alta.com\/es\/noticia\/a-tempo-arts-inscripciones\/#primaryimage\",\"url\":\"https:\/\/temporada-alta.com\/wp-content\/uploads\/A-Tempo_noti.jpg\",\"contentUrl\":\"https:\/\/temporada-alta.com\/wp-content\/uploads\/A-Tempo_noti.jpg\",\"width\":1000,\"height\":500},{\"@type\":\"BreadcrumbList\",\"@id\":\"https:\/\/temporada-alta.com\/es\/noticia\/a-tempo-arts-inscripciones\/#breadcrumb\",\"itemListElement\":[{\"@type\":\"ListItem\",\"position\":1,\"name\":\"Inici\",\"item\":\"https:\/\/temporada-alta.com\/es\/\"},{\"@type\":\"ListItem\",\"position\":2,\"name\":\"A Tempo, Arts i Formaci\u00f3 ya ha abierto las inscripciones para todas las actividades gratuitas\"}]},{\"@type\":\"WebSite\",\"@id\":\"https:\/\/temporada-alta.com\/es\/#website\",\"url\":\"https:\/\/temporada-alta.com\/es\/\",\"name\":\"Temporada Alta\",\"description\":\"Festival d&#039;Arts Esc\u00e8niques\",\"publisher\":{\"@id\":\"https:\/\/temporada-alta.com\/es\/#organization\"},\"potentialAction\":[{\"@type\":\"SearchAction\",\"target\":{\"@type\":\"EntryPoint\",\"urlTemplate\":\"https:\/\/temporada-alta.com\/es\/?s={search_term_string}\"},\"query-input\":{\"@type\":\"PropertyValueSpecification\",\"valueRequired\":true,\"valueName\":\"search_term_string\"}}],\"inLanguage\":\"es\"},{\"@type\":\"Organization\",\"@id\":\"https:\/\/temporada-alta.com\/es\/#organization\",\"name\":\"Temporada Alta\",\"url\":\"https:\/\/temporada-alta.com\/es\/\",\"logo\":{\"@type\":\"ImageObject\",\"inLanguage\":\"es\",\"@id\":\"https:\/\/temporada-alta.com\/es\/#\/schema\/logo\/image\/\",\"url\":\"https:\/\/temporada-alta.com\/wp-content\/uploads\/TA21-Logotip-pos.png\",\"contentUrl\":\"https:\/\/temporada-alta.com\/wp-content\/uploads\/TA21-Logotip-pos.png\",\"width\":800,\"height\":267,\"caption\":\"Temporada Alta\"},\"image\":{\"@id\":\"https:\/\/temporada-alta.com\/es\/#\/schema\/logo\/image\/\"}}]}<\/script>\n<!-- \/ Yoast SEO plugin. -->","yoast_head_json":{"title":"A Tempo, Arts i Formaci\u00f3 ya ha abierto las inscripciones para todas las actividades gratuitas - Temporada Alta","robots":{"index":"index","follow":"follow","max-snippet":"max-snippet:-1","max-image-preview":"max-image-preview:large","max-video-preview":"max-video-preview:-1"},"canonical":"https:\/\/temporada-alta.com\/es\/noticia\/a-tempo-arts-inscripciones\/","og_locale":"es_ES","og_type":"article","og_title":"A Tempo, Arts i Formaci\u00f3 ya ha abierto las inscripciones para todas las actividades gratuitas - Temporada Alta","og_description":"Las inscripciones estar\u00e1n abiertas hasta el d\u00eda 10 de octubre Los centros educativos ya pueden optar a los...","og_url":"https:\/\/temporada-alta.com\/es\/noticia\/a-tempo-arts-inscripciones\/","og_site_name":"Temporada Alta","article_modified_time":"2018-09-17T14:00:54+00:00","og_image":[{"width":1000,"height":500,"url":"https:\/\/temporada-alta.com\/wp-content\/uploads\/A-Tempo_noti.jpg","type":"image\/jpeg"}],"twitter_card":"summary_large_image","schema":{"@context":"https:\/\/schema.org","@graph":[{"@type":"WebPage","@id":"https:\/\/temporada-alta.com\/es\/noticia\/a-tempo-arts-inscripciones\/","url":"https:\/\/temporada-alta.com\/es\/noticia\/a-tempo-arts-inscripciones\/","name":"A Tempo, Arts i Formaci\u00f3 ya ha abierto las inscripciones para todas las actividades gratuitas - Temporada Alta","isPartOf":{"@id":"https:\/\/temporada-alta.com\/es\/#website"},"primaryImageOfPage":{"@id":"https:\/\/temporada-alta.com\/es\/noticia\/a-tempo-arts-inscripciones\/#primaryimage"},"image":{"@id":"https:\/\/temporada-alta.com\/es\/noticia\/a-tempo-arts-inscripciones\/#primaryimage"},"thumbnailUrl":"https:\/\/temporada-alta.com\/wp-content\/uploads\/A-Tempo_noti.jpg","datePublished":"2018-09-17T11:18:44+00:00","dateModified":"2018-09-17T14:00:54+00:00","breadcrumb":{"@id":"https:\/\/temporada-alta.com\/es\/noticia\/a-tempo-arts-inscripciones\/#breadcrumb"},"inLanguage":"es","potentialAction":[{"@type":"ReadAction","target":["https:\/\/temporada-alta.com\/es\/noticia\/a-tempo-arts-inscripciones\/"]}]},{"@type":"ImageObject","inLanguage":"es","@id":"https:\/\/temporada-alta.com\/es\/noticia\/a-tempo-arts-inscripciones\/#primaryimage","url":"https:\/\/temporada-alta.com\/wp-content\/uploads\/A-Tempo_noti.jpg","contentUrl":"https:\/\/temporada-alta.com\/wp-content\/uploads\/A-Tempo_noti.jpg","width":1000,"height":500},{"@type":"BreadcrumbList","@id":"https:\/\/temporada-alta.com\/es\/noticia\/a-tempo-arts-inscripciones\/#breadcrumb","itemListElement":[{"@type":"ListItem","position":1,"name":"Inici","item":"https:\/\/temporada-alta.com\/es\/"},{"@type":"ListItem","position":2,"name":"A Tempo, Arts i Formaci\u00f3 ya ha abierto las inscripciones para todas las actividades gratuitas"}]},{"@type":"WebSite","@id":"https:\/\/temporada-alta.com\/es\/#website","url":"https:\/\/temporada-alta.com\/es\/","name":"Temporada Alta","description":"Festival d&#039;Arts Esc\u00e8niques","publisher":{"@id":"https:\/\/temporada-alta.com\/es\/#organization"},"potentialAction":[{"@type":"SearchAction","target":{"@type":"EntryPoint","urlTemplate":"https:\/\/temporada-alta.com\/es\/?s={search_term_string}"},"query-input":{"@type":"PropertyValueSpecification","valueRequired":true,"valueName":"search_term_string"}}],"inLanguage":"es"},{"@type":"Organization","@id":"https:\/\/temporada-alta.com\/es\/#organization","name":"Temporada Alta","url":"https:\/\/temporada-alta.com\/es\/","logo":{"@type":"ImageObject","inLanguage":"es","@id":"https:\/\/temporada-alta.com\/es\/#\/schema\/logo\/image\/","url":"https:\/\/temporada-alta.com\/wp-content\/uploads\/TA21-Logotip-pos.png","contentUrl":"https:\/\/temporada-alta.com\/wp-content\/uploads\/TA21-Logotip-pos.png","width":800,"height":267,"caption":"Temporada Alta"},"image":{"@id":"https:\/\/temporada-alta.com\/es\/#\/schema\/logo\/image\/"}}]}},"_links":{"self":[{"href":"https:\/\/temporada-alta.com\/es\/wp-json\/wp\/v2\/noticia\/12279","targetHints":{"allow":["GET"]}}],"collection":[{"href":"https:\/\/temporada-alta.com\/es\/wp-json\/wp\/v2\/noticia"}],"about":[{"href":"https:\/\/temporada-alta.com\/es\/wp-json\/wp\/v2\/types\/noticia"}],"wp:featuredmedia":[{"embeddable":true,"href":"https:\/\/temporada-alta.com\/es\/wp-json\/wp\/v2\/media\/12282"}],"wp:attachment":[{"href":"https:\/\/temporada-alta.com\/es\/wp-json\/wp\/v2\/media?parent=12279"}],"curies":[{"name":"wp","href":"https:\/\/api.w.org\/{rel}","templated":true}]}}