{"id":105713,"date":"2025-10-06T10:08:37","date_gmt":"2025-10-06T08:08:37","guid":{"rendered":"https:\/\/temporada-alta.com\/noticia\/llatzer-garcia-gana-el-xix-premi-quim-maso-con-grans-bardisses\/"},"modified":"2025-10-06T16:09:51","modified_gmt":"2025-10-06T14:09:51","slug":"llatzer-garcia-gana-el-xix-premi-quim-maso-con-grans-bardisses","status":"publish","type":"noticia","link":"https:\/\/temporada-alta.com\/es\/noticia\/llatzer-garcia-gana-el-xix-premi-quim-maso-con-grans-bardisses\/","title":{"rendered":"Ll\u00e0tzer Garcia gana el XIX Premi Quim Mas\u00f3 con &#8216;Grans bardisses&#8217;"},"content":{"rendered":"<div id=\"modal-ready\">\n<p><em><strong>Grans bardisses<\/strong><\/em> ha ganado el XIX Premio Quim Mas\u00f3, que convoca y organiza cada a\u00f1o la <strong>Fundaci\u00f3 La Ciutat Invisible<\/strong> y la <strong>Comisi\u00f3n Organizadora del Premio Quim Mas\u00f3<\/strong>. La entrega se ha hecho en el Teatre de Salt, despu\u00e9s de la representaci\u00f3n de <em>El Monstre<\/em>, el espect\u00e1culo que se llev\u00f3 el galard\u00f3n del Premio Quim Mas\u00f3 el a\u00f1o pasado.<\/p>\n\n<p>Con texto y direcci\u00f3n de <strong>Ll\u00e0tzer Garcia<\/strong>, el proyecto contar\u00e1 con un reparto formado por <strong>Anna Alarc\u00f3n<\/strong>, <strong>Mima Riera<\/strong> y <strong>Daniela Brown<\/strong>. <em data-start=\"174\" data-end=\"191\">Grans bardisses<\/em> narra el encuentro de tres hermanas \u2014Rut, Mar y Bet\u2014 que, fieles a la tradici\u00f3n, se re\u00fanen cada Sant Jordi. El reencuentro de este a\u00f1o tiene lugar en <em data-start=\"342\" data-end=\"359\">Grans bardisses<\/em>, un espacio cargado de memoria familiar: el terreno donde su padre quiso levantar una casa, un sue\u00f1o que qued\u00f3 inacabado como tantos otros. Para Mar, volver all\u00ed es una manera de reconciliarse con aquel para\u00edso perdido y, quiz\u00e1, de darle una nueva oportunidad. En cambio, Rut lo vive como una obsesi\u00f3n in\u00fatil por el pasado, mientras que Bet est\u00e1 inmersa en los nervios de una noche clave para su carrera musical.<\/p>\n\n<p>Este escenario de recuerdos, tensiones y expectativas se convierte en el tel\u00f3n de fondo de un giro inesperado. Despu\u00e9s del concierto de Bet, cuando las tres hermanas vuelven a estar juntas, se desencadena un acontecimiento impensable que trastoca por completo sus vidas. La obra explora la fragilidad de los v\u00ednculos familiares, el peso de la herencia emocional y la manera en que un solo instante puede cambiar para siempre el rumbo de una historia compartida.<\/p>\n\n<p>El proyecto se estrenar\u00e1 en el <strong>Grec Festival de Barcelona 2026<\/strong> y tambi\u00e9n podr\u00e1 verse en el<strong> Festival Temporada Alta 2026<\/strong>, con la voluntad del premio de impulsar la producci\u00f3n y la exhibici\u00f3n de nuevos montajes en catal\u00e1n.<\/p>\n\n<p>Adem\u00e1s del proyecto ganador, han quedado finalistas <em>El canvi<\/em>, de\u00a0<strong>Carla Rovira<\/strong> (presentado per Jordi Casanovas Produccions), y <em>Cavalls salvatges<\/em>, de\u00a0<strong>Jordi Cuss\u00e0<\/strong>, adaptado per <strong>Erik Forsberg<\/strong>\u00a0(Magrana Ars and Media).<\/p>\n<\/div>","protected":false},"excerpt":{"rendered":"<p>Grans bardisses ha ganado el XIX Premio Quim Mas\u00f3, que convoca y organiza cada a\u00f1o la Fundaci\u00f3 La&#8230;<\/p>\n","protected":false},"featured_media":105712,"template":"","class_list":["post-105713","noticia","type-noticia","status-publish","has-post-thumbnail","hentry"],"acf":[],"yoast_head":"<!-- This site is optimized with the Yoast SEO plugin v27.0 - https:\/\/yoast.com\/product\/yoast-seo-wordpress\/ -->\n<title>Ll\u00e0tzer Garcia gana el XIX Premi Quim Mas\u00f3 con &#039;Grans bardisses&#039; - Temporada Alta<\/title>\n<meta name=\"robots\" content=\"index, follow, max-snippet:-1, max-image-preview:large, max-video-preview:-1\" \/>\n<link rel=\"canonical\" href=\"https:\/\/temporada-alta.com\/es\/noticia\/llatzer-garcia-gana-el-xix-premi-quim-maso-con-grans-bardisses\/\" \/>\n<meta property=\"og:locale\" content=\"es_ES\" \/>\n<meta property=\"og:type\" content=\"article\" \/>\n<meta property=\"og:title\" content=\"Ll\u00e0tzer Garcia gana el XIX Premi Quim Mas\u00f3 con &#039;Grans bardisses&#039; - Temporada Alta\" \/>\n<meta property=\"og:description\" content=\"Grans bardisses ha ganado el XIX Premio Quim Mas\u00f3, que convoca y organiza cada a\u00f1o la Fundaci\u00f3 La...\" \/>\n<meta property=\"og:url\" content=\"https:\/\/temporada-alta.com\/es\/noticia\/llatzer-garcia-gana-el-xix-premi-quim-maso-con-grans-bardisses\/\" \/>\n<meta property=\"og:site_name\" content=\"Temporada Alta\" \/>\n<meta property=\"article:modified_time\" content=\"2025-10-06T14:09:51+00:00\" \/>\n<meta property=\"og:image\" content=\"https:\/\/temporada-alta.com\/wp-content\/uploads\/premi-quim-maso-2025.png\" \/>\n\t<meta property=\"og:image:width\" content=\"1000\" \/>\n\t<meta property=\"og:image:height\" content=\"500\" \/>\n\t<meta property=\"og:image:type\" content=\"image\/png\" \/>\n<meta name=\"twitter:card\" content=\"summary_large_image\" \/>\n<script type=\"application\/ld+json\" class=\"yoast-schema-graph\">{\"@context\":\"https:\/\/schema.org\",\"@graph\":[{\"@type\":\"WebPage\",\"@id\":\"https:\/\/temporada-alta.com\/es\/noticia\/llatzer-garcia-gana-el-xix-premi-quim-maso-con-grans-bardisses\/\",\"url\":\"https:\/\/temporada-alta.com\/es\/noticia\/llatzer-garcia-gana-el-xix-premi-quim-maso-con-grans-bardisses\/\",\"name\":\"Ll\u00e0tzer Garcia gana el XIX Premi Quim Mas\u00f3 con 'Grans bardisses' - Temporada Alta\",\"isPartOf\":{\"@id\":\"https:\/\/temporada-alta.com\/es\/#website\"},\"primaryImageOfPage\":{\"@id\":\"https:\/\/temporada-alta.com\/es\/noticia\/llatzer-garcia-gana-el-xix-premi-quim-maso-con-grans-bardisses\/#primaryimage\"},\"image\":{\"@id\":\"https:\/\/temporada-alta.com\/es\/noticia\/llatzer-garcia-gana-el-xix-premi-quim-maso-con-grans-bardisses\/#primaryimage\"},\"thumbnailUrl\":\"https:\/\/temporada-alta.com\/wp-content\/uploads\/premi-quim-maso-2025.png\",\"datePublished\":\"2025-10-06T08:08:37+00:00\",\"dateModified\":\"2025-10-06T14:09:51+00:00\",\"breadcrumb\":{\"@id\":\"https:\/\/temporada-alta.com\/es\/noticia\/llatzer-garcia-gana-el-xix-premi-quim-maso-con-grans-bardisses\/#breadcrumb\"},\"inLanguage\":\"es\",\"potentialAction\":[{\"@type\":\"ReadAction\",\"target\":[\"https:\/\/temporada-alta.com\/es\/noticia\/llatzer-garcia-gana-el-xix-premi-quim-maso-con-grans-bardisses\/\"]}]},{\"@type\":\"ImageObject\",\"inLanguage\":\"es\",\"@id\":\"https:\/\/temporada-alta.com\/es\/noticia\/llatzer-garcia-gana-el-xix-premi-quim-maso-con-grans-bardisses\/#primaryimage\",\"url\":\"https:\/\/temporada-alta.com\/wp-content\/uploads\/premi-quim-maso-2025.png\",\"contentUrl\":\"https:\/\/temporada-alta.com\/wp-content\/uploads\/premi-quim-maso-2025.png\",\"width\":1000,\"height\":500},{\"@type\":\"BreadcrumbList\",\"@id\":\"https:\/\/temporada-alta.com\/es\/noticia\/llatzer-garcia-gana-el-xix-premi-quim-maso-con-grans-bardisses\/#breadcrumb\",\"itemListElement\":[{\"@type\":\"ListItem\",\"position\":1,\"name\":\"Inici\",\"item\":\"https:\/\/temporada-alta.com\/es\/\"},{\"@type\":\"ListItem\",\"position\":2,\"name\":\"Ll\u00e0tzer Garcia gana el XIX Premi Quim Mas\u00f3 con &#8216;Grans bardisses&#8217;\"}]},{\"@type\":\"WebSite\",\"@id\":\"https:\/\/temporada-alta.com\/es\/#website\",\"url\":\"https:\/\/temporada-alta.com\/es\/\",\"name\":\"Temporada Alta\",\"description\":\"Festival d&#039;Arts Esc\u00e8niques\",\"publisher\":{\"@id\":\"https:\/\/temporada-alta.com\/es\/#organization\"},\"potentialAction\":[{\"@type\":\"SearchAction\",\"target\":{\"@type\":\"EntryPoint\",\"urlTemplate\":\"https:\/\/temporada-alta.com\/es\/?s={search_term_string}\"},\"query-input\":{\"@type\":\"PropertyValueSpecification\",\"valueRequired\":true,\"valueName\":\"search_term_string\"}}],\"inLanguage\":\"es\"},{\"@type\":\"Organization\",\"@id\":\"https:\/\/temporada-alta.com\/es\/#organization\",\"name\":\"Temporada Alta\",\"url\":\"https:\/\/temporada-alta.com\/es\/\",\"logo\":{\"@type\":\"ImageObject\",\"inLanguage\":\"es\",\"@id\":\"https:\/\/temporada-alta.com\/es\/#\/schema\/logo\/image\/\",\"url\":\"https:\/\/temporada-alta.com\/wp-content\/uploads\/TA21-Logotip-pos.png\",\"contentUrl\":\"https:\/\/temporada-alta.com\/wp-content\/uploads\/TA21-Logotip-pos.png\",\"width\":800,\"height\":267,\"caption\":\"Temporada Alta\"},\"image\":{\"@id\":\"https:\/\/temporada-alta.com\/es\/#\/schema\/logo\/image\/\"}}]}<\/script>\n<!-- \/ Yoast SEO plugin. -->","yoast_head_json":{"title":"Ll\u00e0tzer Garcia gana el XIX Premi Quim Mas\u00f3 con 'Grans bardisses' - Temporada Alta","robots":{"index":"index","follow":"follow","max-snippet":"max-snippet:-1","max-image-preview":"max-image-preview:large","max-video-preview":"max-video-preview:-1"},"canonical":"https:\/\/temporada-alta.com\/es\/noticia\/llatzer-garcia-gana-el-xix-premi-quim-maso-con-grans-bardisses\/","og_locale":"es_ES","og_type":"article","og_title":"Ll\u00e0tzer Garcia gana el XIX Premi Quim Mas\u00f3 con 'Grans bardisses' - Temporada Alta","og_description":"Grans bardisses ha ganado el XIX Premio Quim Mas\u00f3, que convoca y organiza cada a\u00f1o la Fundaci\u00f3 La...","og_url":"https:\/\/temporada-alta.com\/es\/noticia\/llatzer-garcia-gana-el-xix-premi-quim-maso-con-grans-bardisses\/","og_site_name":"Temporada Alta","article_modified_time":"2025-10-06T14:09:51+00:00","og_image":[{"width":1000,"height":500,"url":"https:\/\/temporada-alta.com\/wp-content\/uploads\/premi-quim-maso-2025.png","type":"image\/png"}],"twitter_card":"summary_large_image","schema":{"@context":"https:\/\/schema.org","@graph":[{"@type":"WebPage","@id":"https:\/\/temporada-alta.com\/es\/noticia\/llatzer-garcia-gana-el-xix-premi-quim-maso-con-grans-bardisses\/","url":"https:\/\/temporada-alta.com\/es\/noticia\/llatzer-garcia-gana-el-xix-premi-quim-maso-con-grans-bardisses\/","name":"Ll\u00e0tzer Garcia gana el XIX Premi Quim Mas\u00f3 con 'Grans bardisses' - Temporada Alta","isPartOf":{"@id":"https:\/\/temporada-alta.com\/es\/#website"},"primaryImageOfPage":{"@id":"https:\/\/temporada-alta.com\/es\/noticia\/llatzer-garcia-gana-el-xix-premi-quim-maso-con-grans-bardisses\/#primaryimage"},"image":{"@id":"https:\/\/temporada-alta.com\/es\/noticia\/llatzer-garcia-gana-el-xix-premi-quim-maso-con-grans-bardisses\/#primaryimage"},"thumbnailUrl":"https:\/\/temporada-alta.com\/wp-content\/uploads\/premi-quim-maso-2025.png","datePublished":"2025-10-06T08:08:37+00:00","dateModified":"2025-10-06T14:09:51+00:00","breadcrumb":{"@id":"https:\/\/temporada-alta.com\/es\/noticia\/llatzer-garcia-gana-el-xix-premi-quim-maso-con-grans-bardisses\/#breadcrumb"},"inLanguage":"es","potentialAction":[{"@type":"ReadAction","target":["https:\/\/temporada-alta.com\/es\/noticia\/llatzer-garcia-gana-el-xix-premi-quim-maso-con-grans-bardisses\/"]}]},{"@type":"ImageObject","inLanguage":"es","@id":"https:\/\/temporada-alta.com\/es\/noticia\/llatzer-garcia-gana-el-xix-premi-quim-maso-con-grans-bardisses\/#primaryimage","url":"https:\/\/temporada-alta.com\/wp-content\/uploads\/premi-quim-maso-2025.png","contentUrl":"https:\/\/temporada-alta.com\/wp-content\/uploads\/premi-quim-maso-2025.png","width":1000,"height":500},{"@type":"BreadcrumbList","@id":"https:\/\/temporada-alta.com\/es\/noticia\/llatzer-garcia-gana-el-xix-premi-quim-maso-con-grans-bardisses\/#breadcrumb","itemListElement":[{"@type":"ListItem","position":1,"name":"Inici","item":"https:\/\/temporada-alta.com\/es\/"},{"@type":"ListItem","position":2,"name":"Ll\u00e0tzer Garcia gana el XIX Premi Quim Mas\u00f3 con &#8216;Grans bardisses&#8217;"}]},{"@type":"WebSite","@id":"https:\/\/temporada-alta.com\/es\/#website","url":"https:\/\/temporada-alta.com\/es\/","name":"Temporada Alta","description":"Festival d&#039;Arts Esc\u00e8niques","publisher":{"@id":"https:\/\/temporada-alta.com\/es\/#organization"},"potentialAction":[{"@type":"SearchAction","target":{"@type":"EntryPoint","urlTemplate":"https:\/\/temporada-alta.com\/es\/?s={search_term_string}"},"query-input":{"@type":"PropertyValueSpecification","valueRequired":true,"valueName":"search_term_string"}}],"inLanguage":"es"},{"@type":"Organization","@id":"https:\/\/temporada-alta.com\/es\/#organization","name":"Temporada Alta","url":"https:\/\/temporada-alta.com\/es\/","logo":{"@type":"ImageObject","inLanguage":"es","@id":"https:\/\/temporada-alta.com\/es\/#\/schema\/logo\/image\/","url":"https:\/\/temporada-alta.com\/wp-content\/uploads\/TA21-Logotip-pos.png","contentUrl":"https:\/\/temporada-alta.com\/wp-content\/uploads\/TA21-Logotip-pos.png","width":800,"height":267,"caption":"Temporada Alta"},"image":{"@id":"https:\/\/temporada-alta.com\/es\/#\/schema\/logo\/image\/"}}]}},"_links":{"self":[{"href":"https:\/\/temporada-alta.com\/es\/wp-json\/wp\/v2\/noticia\/105713","targetHints":{"allow":["GET"]}}],"collection":[{"href":"https:\/\/temporada-alta.com\/es\/wp-json\/wp\/v2\/noticia"}],"about":[{"href":"https:\/\/temporada-alta.com\/es\/wp-json\/wp\/v2\/types\/noticia"}],"wp:featuredmedia":[{"embeddable":true,"href":"https:\/\/temporada-alta.com\/es\/wp-json\/wp\/v2\/media\/105712"}],"wp:attachment":[{"href":"https:\/\/temporada-alta.com\/es\/wp-json\/wp\/v2\/media?parent=105713"}],"curies":[{"name":"wp","href":"https:\/\/api.w.org\/{rel}","templated":true}]}}