{"id":105704,"date":"2025-10-06T13:39:05","date_gmt":"2025-10-06T11:39:05","guid":{"rendered":"https:\/\/temporada-alta.com\/noticia\/los-6-espectaculos-imprescindibles-de-teatro-familiar-en-temporada-alta-2025\/"},"modified":"2025-10-06T13:58:23","modified_gmt":"2025-10-06T11:58:23","slug":"los-6-espectaculos-imprescindibles-de-teatro-familiar-en-temporada-alta-2025","status":"publish","type":"noticia","link":"https:\/\/temporada-alta.com\/es\/noticia\/los-6-espectaculos-imprescindibles-de-teatro-familiar-en-temporada-alta-2025\/","title":{"rendered":"Los 6 espect\u00e1culos imprescindibles de teatro familiar en Temporada Alta 2025"},"content":{"rendered":"<div id=\"modal-ready\">\n<p>En Temporada Alta dedicamos una parte de la programaci\u00f3n al <strong>p\u00fablico familiar<\/strong>. Todos los p\u00fablicos son importantes para nosotros y, evidentemente, tambi\u00e9n los m\u00e1s j\u00f3venes. Es importante que las familias puedan llevar al teatro a los <strong>m\u00e1s peque\u00f1os de la casa<\/strong> para disfrutar de las artes esc\u00e9nicas igual que lo hacen los mayores. Aqu\u00ed os recomendamos los <strong>6 espect\u00e1culos de teatro familiar<\/strong> que creemos que no deber\u00edais perderos de <strong>Temporada Alta 2025<\/strong>.<\/p>\n\n\n\n<p><strong><em><a href=\"https:\/\/temporada-alta.com\/es\/shows\/matres\/\">Matres<\/a><\/em><\/strong><br><br>Tres a\u00f1os despu\u00e9s de emocionar al p\u00fablico con la aventura de superaci\u00f3n&nbsp;<em data-start=\"72\" data-end=\"89\">Cam\u00ed a l\u2019escola<\/em>, la compa\u00f1\u00eda leridana presenta una nueva historia basada en hechos reales. Y muy personales, ya que relata la infancia de uno de los fundadores, Jordi Pedr\u00f3s, que creci\u00f3 rodeado de la madre, la abuela y la t\u00eda. Hablando con naturalidad de la enfermedad y la muerte,&nbsp;<em data-start=\"356\" data-end=\"364\">Matres<\/em>&nbsp;rompe tab\u00faes y expone otras maneras de amar y cuidar. Lo hace a trav\u00e9s del texto, el teatro f\u00edsico, la m\u00e1scara y los t\u00edteres, y con varias capas de lectura, humor y sensibilidad. Galardonado en los Premios de la Cr\u00edtica y en las ferias Mostra Igualada y FETEN<\/p>\n\n\n\n<p><strong><em><a href=\"https:\/\/temporada-alta.com\/es\/shows\/post-classic\/\">Post Cl\u00e0ssic<\/a><\/em><\/strong><br><br>El m\u00edtico payaso Tortell Poltrona, pionero europeo del clown contempor\u00e1neo, presenta una recopilaci\u00f3n de sus mejores sketches en un espect\u00e1culo cargado de energ\u00eda, humanidad y poes\u00eda.&nbsp;<em>Post Cl\u00e0ssic<\/em>&nbsp;destila la esencia del payaso tradicional y la fusiona con la vitalidad de un artista que ha marcado generaciones con su humor tierno, absurdo y comprometido. Un viaje esc\u00e9nico entre pasado y presente, con la complicidad del p\u00fablico y una mirada l\u00facida tras la nariz roja.<\/p>\n\n\n\n<p><strong><em><a href=\"https:\/\/temporada-alta.com\/es\/shows\/lumiero\/\">Lumiero<\/a><\/em><\/strong><br><br>Despu\u00e9s de presentar&nbsp;<em data-start=\"21\" data-end=\"37\">Madame Lumi\u00e8re<\/em>&nbsp;(TA23) y envolverla con las voces del&nbsp;<em>Cor Geriona<\/em>&nbsp;(TA24), La Menuda estrena un nuevo espect\u00e1culo en el festival con la luz como protagonista. De la mano del colecionista de luz Lumiero (el payaso Pere Hosta) y su hija Lumina (la bailarina y actriz Jana Noguera), el p\u00fablico descubrir\u00e1 la magia del penumbra y el fascinante universo de historias que se esconden en ella. En&nbsp;<em data-start=\"424\" data-end=\"433\">Lumiero<\/em>, la compa\u00f1\u00eda incorpora el teatro gestual a la poes\u00eda visual, la danza y la m\u00fasica en directo que configuran su esencia, cercana y sensible para abrazar la primera infancia con delicadeza.<br><br><strong><em><a href=\"https:\/\/temporada-alta.com\/es\/shows\/pinocchio\/\">Pinocchio<\/a><\/em><\/strong><br><br>El&nbsp;<em data-start=\"3\" data-end=\"14\">Pinocchio<\/em>&nbsp;que hace quince a\u00f1os revolucion\u00f3 la escena familiar gracias al innovador dise\u00f1o visual de Franc Aleu, con proyecciones en doble pantalla, regresa renovado para cautivar al p\u00fablico actual. Con motivo de los 40 a\u00f1os de la compa\u00f1\u00eda, Roseland Musical reestrena el emblem\u00e1tico espect\u00e1culo con una nueva coreograf\u00eda y dise\u00f1o de luces que potencian la fusi\u00f3n \u00fanica de danza, m\u00fasica, imagen y tecnolog\u00eda. Una producci\u00f3n que se distingue como una aut\u00e9ntica experiencia inmersiva y que, sin alterar los valores y emociones del cl\u00e1sico, transforma al famoso mu\u00f1eco de madera de Geppetto en un joven construido con materiales reciclados.<br><br><strong><em><a href=\"https:\/\/temporada-alta.com\/es\/shows\/mac-mec-mic\/\">MAC MEC MIC<\/a><\/em><\/strong><br><br>El querido personaje de SX3 salta al teatro llev\u00e1ndose a sus amigos Mosca, Cargol y Cincsegons para vivir nuevas aventuras. En esta ocasi\u00f3n, el grupo de Mic recibir\u00e1 una carta muy especial y escribir\u00e1 otra, llen\u00e1ndola de dibujos y cosas bonitas para hacerla viajar. Les acompa\u00f1ar\u00e1 Lula, una ni\u00f1a que canta y toca el ukelele animando a todos a participar. El espect\u00e1culo combina t\u00edteres con juegos de dedos, cuentos y canciones, preservando la calidad art\u00edstica y pedag\u00f3gica del programa basado en el entretenimiento, el humor y la transmisi\u00f3n de valores.<\/p>\n<\/div>","protected":false},"excerpt":{"rendered":"<p>En Temporada Alta dedicamos una parte de la programaci\u00f3n al p\u00fablico familiar. Todos los p\u00fablicos son importantes para&#8230;<\/p>\n","protected":false},"featured_media":105702,"template":"","class_list":["post-105704","noticia","type-noticia","status-publish","has-post-thumbnail","hentry"],"acf":[],"yoast_head":"<!-- This site is optimized with the Yoast SEO plugin v27.0 - https:\/\/yoast.com\/product\/yoast-seo-wordpress\/ -->\n<title>Los 6 espect\u00e1culos imprescindibles de teatro familiar en Temporada Alta 2025 - Temporada Alta<\/title>\n<meta name=\"robots\" content=\"index, follow, max-snippet:-1, max-image-preview:large, max-video-preview:-1\" \/>\n<link rel=\"canonical\" href=\"https:\/\/temporada-alta.com\/es\/noticia\/los-6-espectaculos-imprescindibles-de-teatro-familiar-en-temporada-alta-2025\/\" \/>\n<meta property=\"og:locale\" content=\"es_ES\" \/>\n<meta property=\"og:type\" content=\"article\" \/>\n<meta property=\"og:title\" content=\"Los 6 espect\u00e1culos imprescindibles de teatro familiar en Temporada Alta 2025 - Temporada Alta\" \/>\n<meta property=\"og:description\" content=\"En Temporada Alta dedicamos una parte de la programaci\u00f3n al p\u00fablico familiar. Todos los p\u00fablicos son importantes para...\" \/>\n<meta property=\"og:url\" content=\"https:\/\/temporada-alta.com\/es\/noticia\/los-6-espectaculos-imprescindibles-de-teatro-familiar-en-temporada-alta-2025\/\" \/>\n<meta property=\"og:site_name\" content=\"Temporada Alta\" \/>\n<meta property=\"article:modified_time\" content=\"2025-10-06T11:58:23+00:00\" \/>\n<meta property=\"og:image\" content=\"https:\/\/temporada-alta.com\/wp-content\/uploads\/temporada-alta-espectacles-familiars-2025-girona.png\" \/>\n\t<meta property=\"og:image:width\" content=\"1000\" \/>\n\t<meta property=\"og:image:height\" content=\"600\" \/>\n\t<meta property=\"og:image:type\" content=\"image\/png\" \/>\n<meta name=\"twitter:card\" content=\"summary_large_image\" \/>\n<script type=\"application\/ld+json\" class=\"yoast-schema-graph\">{\"@context\":\"https:\/\/schema.org\",\"@graph\":[{\"@type\":\"WebPage\",\"@id\":\"https:\/\/temporada-alta.com\/es\/noticia\/los-6-espectaculos-imprescindibles-de-teatro-familiar-en-temporada-alta-2025\/\",\"url\":\"https:\/\/temporada-alta.com\/es\/noticia\/los-6-espectaculos-imprescindibles-de-teatro-familiar-en-temporada-alta-2025\/\",\"name\":\"Los 6 espect\u00e1culos imprescindibles de teatro familiar en Temporada Alta 2025 - Temporada Alta\",\"isPartOf\":{\"@id\":\"https:\/\/temporada-alta.com\/es\/#website\"},\"primaryImageOfPage\":{\"@id\":\"https:\/\/temporada-alta.com\/es\/noticia\/los-6-espectaculos-imprescindibles-de-teatro-familiar-en-temporada-alta-2025\/#primaryimage\"},\"image\":{\"@id\":\"https:\/\/temporada-alta.com\/es\/noticia\/los-6-espectaculos-imprescindibles-de-teatro-familiar-en-temporada-alta-2025\/#primaryimage\"},\"thumbnailUrl\":\"https:\/\/temporada-alta.com\/wp-content\/uploads\/temporada-alta-espectacles-familiars-2025-girona.png\",\"datePublished\":\"2025-10-06T11:39:05+00:00\",\"dateModified\":\"2025-10-06T11:58:23+00:00\",\"breadcrumb\":{\"@id\":\"https:\/\/temporada-alta.com\/es\/noticia\/los-6-espectaculos-imprescindibles-de-teatro-familiar-en-temporada-alta-2025\/#breadcrumb\"},\"inLanguage\":\"es\",\"potentialAction\":[{\"@type\":\"ReadAction\",\"target\":[\"https:\/\/temporada-alta.com\/es\/noticia\/los-6-espectaculos-imprescindibles-de-teatro-familiar-en-temporada-alta-2025\/\"]}]},{\"@type\":\"ImageObject\",\"inLanguage\":\"es\",\"@id\":\"https:\/\/temporada-alta.com\/es\/noticia\/los-6-espectaculos-imprescindibles-de-teatro-familiar-en-temporada-alta-2025\/#primaryimage\",\"url\":\"https:\/\/temporada-alta.com\/wp-content\/uploads\/temporada-alta-espectacles-familiars-2025-girona.png\",\"contentUrl\":\"https:\/\/temporada-alta.com\/wp-content\/uploads\/temporada-alta-espectacles-familiars-2025-girona.png\",\"width\":1000,\"height\":600},{\"@type\":\"BreadcrumbList\",\"@id\":\"https:\/\/temporada-alta.com\/es\/noticia\/los-6-espectaculos-imprescindibles-de-teatro-familiar-en-temporada-alta-2025\/#breadcrumb\",\"itemListElement\":[{\"@type\":\"ListItem\",\"position\":1,\"name\":\"Inici\",\"item\":\"https:\/\/temporada-alta.com\/es\/\"},{\"@type\":\"ListItem\",\"position\":2,\"name\":\"Los 6 espect\u00e1culos imprescindibles de teatro familiar en Temporada Alta 2025\"}]},{\"@type\":\"WebSite\",\"@id\":\"https:\/\/temporada-alta.com\/es\/#website\",\"url\":\"https:\/\/temporada-alta.com\/es\/\",\"name\":\"Temporada Alta\",\"description\":\"Festival d&#039;Arts Esc\u00e8niques\",\"publisher\":{\"@id\":\"https:\/\/temporada-alta.com\/es\/#organization\"},\"potentialAction\":[{\"@type\":\"SearchAction\",\"target\":{\"@type\":\"EntryPoint\",\"urlTemplate\":\"https:\/\/temporada-alta.com\/es\/?s={search_term_string}\"},\"query-input\":{\"@type\":\"PropertyValueSpecification\",\"valueRequired\":true,\"valueName\":\"search_term_string\"}}],\"inLanguage\":\"es\"},{\"@type\":\"Organization\",\"@id\":\"https:\/\/temporada-alta.com\/es\/#organization\",\"name\":\"Temporada Alta\",\"url\":\"https:\/\/temporada-alta.com\/es\/\",\"logo\":{\"@type\":\"ImageObject\",\"inLanguage\":\"es\",\"@id\":\"https:\/\/temporada-alta.com\/es\/#\/schema\/logo\/image\/\",\"url\":\"https:\/\/temporada-alta.com\/wp-content\/uploads\/TA21-Logotip-pos.png\",\"contentUrl\":\"https:\/\/temporada-alta.com\/wp-content\/uploads\/TA21-Logotip-pos.png\",\"width\":800,\"height\":267,\"caption\":\"Temporada Alta\"},\"image\":{\"@id\":\"https:\/\/temporada-alta.com\/es\/#\/schema\/logo\/image\/\"}}]}<\/script>\n<!-- \/ Yoast SEO plugin. -->","yoast_head_json":{"title":"Los 6 espect\u00e1culos imprescindibles de teatro familiar en Temporada Alta 2025 - Temporada Alta","robots":{"index":"index","follow":"follow","max-snippet":"max-snippet:-1","max-image-preview":"max-image-preview:large","max-video-preview":"max-video-preview:-1"},"canonical":"https:\/\/temporada-alta.com\/es\/noticia\/los-6-espectaculos-imprescindibles-de-teatro-familiar-en-temporada-alta-2025\/","og_locale":"es_ES","og_type":"article","og_title":"Los 6 espect\u00e1culos imprescindibles de teatro familiar en Temporada Alta 2025 - Temporada Alta","og_description":"En Temporada Alta dedicamos una parte de la programaci\u00f3n al p\u00fablico familiar. Todos los p\u00fablicos son importantes para...","og_url":"https:\/\/temporada-alta.com\/es\/noticia\/los-6-espectaculos-imprescindibles-de-teatro-familiar-en-temporada-alta-2025\/","og_site_name":"Temporada Alta","article_modified_time":"2025-10-06T11:58:23+00:00","og_image":[{"width":1000,"height":600,"url":"https:\/\/temporada-alta.com\/wp-content\/uploads\/temporada-alta-espectacles-familiars-2025-girona.png","type":"image\/png"}],"twitter_card":"summary_large_image","schema":{"@context":"https:\/\/schema.org","@graph":[{"@type":"WebPage","@id":"https:\/\/temporada-alta.com\/es\/noticia\/los-6-espectaculos-imprescindibles-de-teatro-familiar-en-temporada-alta-2025\/","url":"https:\/\/temporada-alta.com\/es\/noticia\/los-6-espectaculos-imprescindibles-de-teatro-familiar-en-temporada-alta-2025\/","name":"Los 6 espect\u00e1culos imprescindibles de teatro familiar en Temporada Alta 2025 - Temporada Alta","isPartOf":{"@id":"https:\/\/temporada-alta.com\/es\/#website"},"primaryImageOfPage":{"@id":"https:\/\/temporada-alta.com\/es\/noticia\/los-6-espectaculos-imprescindibles-de-teatro-familiar-en-temporada-alta-2025\/#primaryimage"},"image":{"@id":"https:\/\/temporada-alta.com\/es\/noticia\/los-6-espectaculos-imprescindibles-de-teatro-familiar-en-temporada-alta-2025\/#primaryimage"},"thumbnailUrl":"https:\/\/temporada-alta.com\/wp-content\/uploads\/temporada-alta-espectacles-familiars-2025-girona.png","datePublished":"2025-10-06T11:39:05+00:00","dateModified":"2025-10-06T11:58:23+00:00","breadcrumb":{"@id":"https:\/\/temporada-alta.com\/es\/noticia\/los-6-espectaculos-imprescindibles-de-teatro-familiar-en-temporada-alta-2025\/#breadcrumb"},"inLanguage":"es","potentialAction":[{"@type":"ReadAction","target":["https:\/\/temporada-alta.com\/es\/noticia\/los-6-espectaculos-imprescindibles-de-teatro-familiar-en-temporada-alta-2025\/"]}]},{"@type":"ImageObject","inLanguage":"es","@id":"https:\/\/temporada-alta.com\/es\/noticia\/los-6-espectaculos-imprescindibles-de-teatro-familiar-en-temporada-alta-2025\/#primaryimage","url":"https:\/\/temporada-alta.com\/wp-content\/uploads\/temporada-alta-espectacles-familiars-2025-girona.png","contentUrl":"https:\/\/temporada-alta.com\/wp-content\/uploads\/temporada-alta-espectacles-familiars-2025-girona.png","width":1000,"height":600},{"@type":"BreadcrumbList","@id":"https:\/\/temporada-alta.com\/es\/noticia\/los-6-espectaculos-imprescindibles-de-teatro-familiar-en-temporada-alta-2025\/#breadcrumb","itemListElement":[{"@type":"ListItem","position":1,"name":"Inici","item":"https:\/\/temporada-alta.com\/es\/"},{"@type":"ListItem","position":2,"name":"Los 6 espect\u00e1culos imprescindibles de teatro familiar en Temporada Alta 2025"}]},{"@type":"WebSite","@id":"https:\/\/temporada-alta.com\/es\/#website","url":"https:\/\/temporada-alta.com\/es\/","name":"Temporada Alta","description":"Festival d&#039;Arts Esc\u00e8niques","publisher":{"@id":"https:\/\/temporada-alta.com\/es\/#organization"},"potentialAction":[{"@type":"SearchAction","target":{"@type":"EntryPoint","urlTemplate":"https:\/\/temporada-alta.com\/es\/?s={search_term_string}"},"query-input":{"@type":"PropertyValueSpecification","valueRequired":true,"valueName":"search_term_string"}}],"inLanguage":"es"},{"@type":"Organization","@id":"https:\/\/temporada-alta.com\/es\/#organization","name":"Temporada Alta","url":"https:\/\/temporada-alta.com\/es\/","logo":{"@type":"ImageObject","inLanguage":"es","@id":"https:\/\/temporada-alta.com\/es\/#\/schema\/logo\/image\/","url":"https:\/\/temporada-alta.com\/wp-content\/uploads\/TA21-Logotip-pos.png","contentUrl":"https:\/\/temporada-alta.com\/wp-content\/uploads\/TA21-Logotip-pos.png","width":800,"height":267,"caption":"Temporada Alta"},"image":{"@id":"https:\/\/temporada-alta.com\/es\/#\/schema\/logo\/image\/"}}]}},"_links":{"self":[{"href":"https:\/\/temporada-alta.com\/es\/wp-json\/wp\/v2\/noticia\/105704","targetHints":{"allow":["GET"]}}],"collection":[{"href":"https:\/\/temporada-alta.com\/es\/wp-json\/wp\/v2\/noticia"}],"about":[{"href":"https:\/\/temporada-alta.com\/es\/wp-json\/wp\/v2\/types\/noticia"}],"wp:featuredmedia":[{"embeddable":true,"href":"https:\/\/temporada-alta.com\/es\/wp-json\/wp\/v2\/media\/105702"}],"wp:attachment":[{"href":"https:\/\/temporada-alta.com\/es\/wp-json\/wp\/v2\/media?parent=105704"}],"curies":[{"name":"wp","href":"https:\/\/api.w.org\/{rel}","templated":true}]}}