{"id":105579,"date":"2025-09-24T13:23:16","date_gmt":"2025-09-24T11:23:16","guid":{"rendered":"https:\/\/temporada-alta.com\/noticia\/9-conciertos-que-no-te-puedes-perder-en-girona-durante-temporada-alta-2025\/"},"modified":"2025-09-24T13:54:28","modified_gmt":"2025-09-24T11:54:28","slug":"9-conciertos-que-no-te-puedes-perder-en-girona-durante-temporada-alta-2025","status":"publish","type":"noticia","link":"https:\/\/temporada-alta.com\/es\/noticia\/9-conciertos-que-no-te-puedes-perder-en-girona-durante-temporada-alta-2025\/","title":{"rendered":"9 conciertos que no te puedes perder en Girona durante Temporada Alta 2025"},"content":{"rendered":"<div id=\"modal-ready\">\n<p><strong>Temporada Alta tambi\u00e9n es m\u00fasica.<\/strong> M\u00e1s all\u00e1 del concierto de <strong>Patti Smith<\/strong> que presentamos como apertura de la edici\u00f3n 2025, queremos recomendarte algunos conciertos que creemos que, durante este festival, no deber\u00edas perderte.<\/p>\n\n\n\n<h3 class=\"wp-block-heading\">1. <strong><a href=\"https:\/\/temporada-alta.com\/es\/shows\/mushka-y-31-fam\/\">Mushka y 31FAM<\/a><\/strong><\/h3>\n\n\n\n<p><strong>Mushka<\/strong> y <strong>31FAM<\/strong> comparten escenario en un doble concierto que promete marcar a una generaci\u00f3n de m\u00fasica urbana. Ella, gran voz femenina del pop en expansi\u00f3n sonora, traer\u00e1 las nuevas canciones de su disco <em>Nova Bossa<\/em>, adem\u00e1s de temas anteriores que la hicieron popular. Ellos, con su inconfundible estilo trap y reguet\u00f3n, convertir\u00e1n la Fira de Girona en una fiesta de energ\u00eda desbordante. Una velada entre dos grandes nombres del momento para dos eventos en uno que conectar\u00e1n con una generaci\u00f3n que hace suyo el presente a trav\u00e9s de la m\u00fasica.<\/p>\n\n\n\n<h3 class=\"wp-block-heading\">2. <a href=\"https:\/\/temporada-alta.com\/es\/shows\/estrella-morente\/\"><strong>Estrella Morente<\/strong><\/a><\/h3>\n\n\n\n<p>Referente del flamenco actual, reconocida por su arte, conocimiento profundo y capacidad de innovaci\u00f3n, <strong>Estrella Morente<\/strong> combina ra\u00edz y modernidad con una personalidad art\u00edstica \u00fanica. Hija del cantaor <strong>Enrique Morente<\/strong> y de la bailaora <strong>Aurora Carbonell<\/strong>, ha actuado en los principales escenarios del mundo y colaborado con figuras como <strong>Paco de Luc\u00eda<\/strong>, <strong>Michael Nyman<\/strong> o <strong>Pat Metheny<\/strong>. Ahora trae un directo intenso y lleno de matices acompa\u00f1ada del guitarrista <strong>Rafael Riqueni<\/strong> en su paso por Temporada Alta.<\/p>\n\n\n\n<h3 class=\"wp-block-heading\">3. <strong><a href=\"https:\/\/temporada-alta.com\/es\/shows\/rigoberta-bandini\/\">Rigoberta Bandini<\/a><\/strong><\/h3>\n\n\n\n<p>Tras cuatro a\u00f1os, <strong>Rigoberta Bandini<\/strong> vuelve al festival con <em>Jesucrista Superstar<\/em>, un concierto en formato teatralizado donde presenta las canciones de su segundo disco, un \u00e1lbum doble que reflexiona sobre la identidad, la religi\u00f3n y la vida cotidiana con humor y sensibilidad. No faltar\u00e1n tampoco algunos de sus grandes himnos como <em>Ay mam\u00e1<\/em>, <em>In Spain We Call It Soledad<\/em> o <em>Perra<\/em>. Un regreso esperado que llega en plena forma.<\/p>\n\n\n\n<h3 class=\"wp-block-heading\">4. <strong><a href=\"https:\/\/temporada-alta.com\/es\/shows\/crystal-fighters\/\">Crystal Fighters<\/a><\/strong><\/h3>\n\n\n\n<p>Con su estilo inconfundible, <strong>Crystal Fighters<\/strong> se han convertido en un icono de los festivales de este siglo. Con su nuevo disco <em>LIGHT +<\/em>, regresan con la misma energ\u00eda festiva y fusi\u00f3n sonora que los ha convertido en un fen\u00f3meno de masas, entre el pop brit\u00e1nico, la electr\u00f3nica expansiva y las ra\u00edces folcl\u00f3ricas. Con una carrera estrechamente vinculada a la escena musical espa\u00f1ola, el grupo brit\u00e1nico llega a Temporada Alta con nueva gira y un directo vibrante y cat\u00e1rtico, que mira al futuro sin perder su esp\u00edritu festivo y comunitario.<\/p>\n\n\n\n<h3 class=\"wp-block-heading\">5. <strong><a href=\"https:\/\/temporada-alta.com\/es\/shows\/maria-hein\/\">Maria Hein<\/a><\/strong><\/h3>\n\n\n\n<p>La cantautora mallorquina <strong>Maria Hein<\/strong> llega a La Mirona para presentar <em>KATANA<\/em>, un trabajo conceptual inspirado en la cultura japonesa y en pel\u00edculas como <em>Kill Bill<\/em>, que narra una \u201cdulce venganza\u201d personal. Nuevas canciones que exploran el amor, el desamor y la liberaci\u00f3n del pasado. Tras un debut aclamad\u00edsimo \u2014<em>Continent i contingut<\/em> (2021)\u2014 y haber evolucionado hacia sonoridades m\u00e1s experimentales con <em>Tot all\u00f2 que no sap ning\u00fa<\/em> (2023), Hein se consolida como una de las voces m\u00e1s prometedoras del panorama musical catal\u00e1n.<\/p>\n\n\n\n<h3 class=\"wp-block-heading\">6. <strong><a href=\"https:\/\/temporada-alta.com\/es\/shows\/zahara\/\">Zahara<\/a><\/strong><\/h3>\n\n\n\n<p>Tras una intensa gira de festivales, <strong>Zahara<\/strong> regresa a las salas con un concierto renovado y salvaje. Presentar\u00e1 los nuevos temas de <em>Lento ternura<\/em> y revisitar\u00e1 los grandes \u00e9xitos de su trayectoria, salpicados de pop, rock y electr\u00f3nica. Una fiesta sonora y emocional en la que la artista, plenamente liberada, celebra la libertad sobre el escenario e invita al p\u00fablico a vivirla con ella.<\/p>\n\n\n\n<h3 class=\"wp-block-heading\">7. <strong><a href=\"https:\/\/temporada-alta.com\/es\/shows\/joan-miquel-oliver-i-meritxell-neddermann\/\">Joan Miquel Oliver y Judit Nedderman<\/a><\/strong><\/h3>\n\n\n\n<p><strong>Joan Miquel Oliver<\/strong>, alma del grupo <strong>Ant\u00f2nia Font<\/strong>, y <strong>Meritxell Neddermann<\/strong> unen sus universos musicales en un recital conjunto que solo podr\u00e1 verse en cinco ocasiones en Catalu\u00f1a. Una propuesta pop de 75 minutos que combina canciones compartidas con espacios de improvisaci\u00f3n, en los que guitarra y teclado dialogan con libertad. El entendimiento entre la fuerza compositiva de Oliver y la expresividad pian\u00edstica de Neddermann har\u00e1 de este concierto un encuentro muy especial.<\/p>\n\n\n\n<h3 class=\"wp-block-heading\">8. <strong><a href=\"https:\/\/temporada-alta.com\/es\/shows\/gio-symphonia-hallscape\/\">GIO Symphonia<\/a><\/strong><\/h3>\n\n\n\n<p><em>Hallscape<\/em> es una propuesta inmersiva de la <strong>GIO Symphonia<\/strong> que transformar\u00e1 el vest\u00edbulo del Auditori de Girona en un paisaje sonoro vivo, en el marco de su 20.\u00ba aniversario. Con una puesta en escena que apuesta por la emotividad y la b\u00fasqueda de nuevos puntos de vista, el concierto propone un di\u00e1logo entre pasado y presente a trav\u00e9s de un recorrido musical que combina obras del barroco con piezas contempor\u00e1neas y minimalistas. Una experiencia para redescubrir la m\u00fasica desde otra perspectiva y con todos los sentidos.<\/p>\n\n\n\n<h3 class=\"wp-block-heading\">9. <strong><a href=\"https:\/\/temporada-alta.com\/es\/shows\/pau-vallve-i-angeladorrrm\/\">Pau Vallv\u00e9 y Angeladorrrrm<\/a><\/strong><\/h3>\n\n\n\n<p>La fiesta de clausura del quinto aniversario de <strong>El Foment<\/strong> llega a la Sala La Mirona, coorganizada con Temporada Alta. Con una combinaci\u00f3n explosiva de m\u00fasica en directo y ambiente festivo, la noche se abre con <strong>Angeladorrrrm<\/strong>, que desplegar\u00e1 su <em>noise pop<\/em> introspectivo e inquieto. A continuaci\u00f3n, <strong>Pau Vallv\u00e9<\/strong> presentar\u00e1 <em>Agoraf\u00edlia<\/em>, un disco que equilibra la electr\u00f3nica, el rock y el piano con letras personales y una gran fuerza sonora. La celebraci\u00f3n se cerrar\u00e1 con una sesi\u00f3n doble de <strong>DJ Maadraassoo<\/strong> y <strong>DJ Daada<\/strong> para hacer vibrar la pista de baile hasta que el cuerpo diga basta.<\/p>\n<\/div>","protected":false},"excerpt":{"rendered":"<p>Temporada Alta tambi\u00e9n es m\u00fasica. M\u00e1s all\u00e1 del concierto de Patti Smith que presentamos como apertura de la&#8230;<\/p>\n","protected":false},"featured_media":105578,"template":"","class_list":["post-105579","noticia","type-noticia","status-publish","has-post-thumbnail","hentry"],"acf":[],"yoast_head":"<!-- This site is optimized with the Yoast SEO plugin v27.0 - https:\/\/yoast.com\/product\/yoast-seo-wordpress\/ -->\n<title>9 conciertos que no te puedes perder en Girona durante Temporada Alta 2025 - Temporada Alta<\/title>\n<meta name=\"robots\" content=\"index, follow, max-snippet:-1, max-image-preview:large, max-video-preview:-1\" \/>\n<link rel=\"canonical\" href=\"https:\/\/temporada-alta.com\/es\/noticia\/9-conciertos-que-no-te-puedes-perder-en-girona-durante-temporada-alta-2025\/\" \/>\n<meta property=\"og:locale\" content=\"es_ES\" \/>\n<meta property=\"og:type\" content=\"article\" \/>\n<meta property=\"og:title\" content=\"9 conciertos que no te puedes perder en Girona durante Temporada Alta 2025 - Temporada Alta\" \/>\n<meta property=\"og:description\" content=\"Temporada Alta tambi\u00e9n es m\u00fasica. M\u00e1s all\u00e1 del concierto de Patti Smith que presentamos como apertura de la...\" \/>\n<meta property=\"og:url\" content=\"https:\/\/temporada-alta.com\/es\/noticia\/9-conciertos-que-no-te-puedes-perder-en-girona-durante-temporada-alta-2025\/\" \/>\n<meta property=\"og:site_name\" content=\"Temporada Alta\" \/>\n<meta property=\"article:modified_time\" content=\"2025-09-24T11:54:28+00:00\" \/>\n<meta property=\"og:image\" content=\"https:\/\/temporada-alta.com\/wp-content\/uploads\/musica-temporada-alta-2025.jpg\" \/>\n\t<meta property=\"og:image:width\" content=\"1000\" \/>\n\t<meta property=\"og:image:height\" content=\"600\" \/>\n\t<meta property=\"og:image:type\" content=\"image\/jpeg\" \/>\n<meta name=\"twitter:card\" content=\"summary_large_image\" \/>\n<script type=\"application\/ld+json\" class=\"yoast-schema-graph\">{\"@context\":\"https:\/\/schema.org\",\"@graph\":[{\"@type\":\"WebPage\",\"@id\":\"https:\/\/temporada-alta.com\/es\/noticia\/9-conciertos-que-no-te-puedes-perder-en-girona-durante-temporada-alta-2025\/\",\"url\":\"https:\/\/temporada-alta.com\/es\/noticia\/9-conciertos-que-no-te-puedes-perder-en-girona-durante-temporada-alta-2025\/\",\"name\":\"9 conciertos que no te puedes perder en Girona durante Temporada Alta 2025 - Temporada Alta\",\"isPartOf\":{\"@id\":\"https:\/\/temporada-alta.com\/es\/#website\"},\"primaryImageOfPage\":{\"@id\":\"https:\/\/temporada-alta.com\/es\/noticia\/9-conciertos-que-no-te-puedes-perder-en-girona-durante-temporada-alta-2025\/#primaryimage\"},\"image\":{\"@id\":\"https:\/\/temporada-alta.com\/es\/noticia\/9-conciertos-que-no-te-puedes-perder-en-girona-durante-temporada-alta-2025\/#primaryimage\"},\"thumbnailUrl\":\"https:\/\/temporada-alta.com\/wp-content\/uploads\/musica-temporada-alta-2025.jpg\",\"datePublished\":\"2025-09-24T11:23:16+00:00\",\"dateModified\":\"2025-09-24T11:54:28+00:00\",\"breadcrumb\":{\"@id\":\"https:\/\/temporada-alta.com\/es\/noticia\/9-conciertos-que-no-te-puedes-perder-en-girona-durante-temporada-alta-2025\/#breadcrumb\"},\"inLanguage\":\"es\",\"potentialAction\":[{\"@type\":\"ReadAction\",\"target\":[\"https:\/\/temporada-alta.com\/es\/noticia\/9-conciertos-que-no-te-puedes-perder-en-girona-durante-temporada-alta-2025\/\"]}]},{\"@type\":\"ImageObject\",\"inLanguage\":\"es\",\"@id\":\"https:\/\/temporada-alta.com\/es\/noticia\/9-conciertos-que-no-te-puedes-perder-en-girona-durante-temporada-alta-2025\/#primaryimage\",\"url\":\"https:\/\/temporada-alta.com\/wp-content\/uploads\/musica-temporada-alta-2025.jpg\",\"contentUrl\":\"https:\/\/temporada-alta.com\/wp-content\/uploads\/musica-temporada-alta-2025.jpg\",\"width\":1000,\"height\":600},{\"@type\":\"BreadcrumbList\",\"@id\":\"https:\/\/temporada-alta.com\/es\/noticia\/9-conciertos-que-no-te-puedes-perder-en-girona-durante-temporada-alta-2025\/#breadcrumb\",\"itemListElement\":[{\"@type\":\"ListItem\",\"position\":1,\"name\":\"Inici\",\"item\":\"https:\/\/temporada-alta.com\/es\/\"},{\"@type\":\"ListItem\",\"position\":2,\"name\":\"9 conciertos que no te puedes perder en Girona durante Temporada Alta 2025\"}]},{\"@type\":\"WebSite\",\"@id\":\"https:\/\/temporada-alta.com\/es\/#website\",\"url\":\"https:\/\/temporada-alta.com\/es\/\",\"name\":\"Temporada Alta\",\"description\":\"Festival d&#039;Arts Esc\u00e8niques\",\"publisher\":{\"@id\":\"https:\/\/temporada-alta.com\/es\/#organization\"},\"potentialAction\":[{\"@type\":\"SearchAction\",\"target\":{\"@type\":\"EntryPoint\",\"urlTemplate\":\"https:\/\/temporada-alta.com\/es\/?s={search_term_string}\"},\"query-input\":{\"@type\":\"PropertyValueSpecification\",\"valueRequired\":true,\"valueName\":\"search_term_string\"}}],\"inLanguage\":\"es\"},{\"@type\":\"Organization\",\"@id\":\"https:\/\/temporada-alta.com\/es\/#organization\",\"name\":\"Temporada Alta\",\"url\":\"https:\/\/temporada-alta.com\/es\/\",\"logo\":{\"@type\":\"ImageObject\",\"inLanguage\":\"es\",\"@id\":\"https:\/\/temporada-alta.com\/es\/#\/schema\/logo\/image\/\",\"url\":\"https:\/\/temporada-alta.com\/wp-content\/uploads\/TA21-Logotip-pos.png\",\"contentUrl\":\"https:\/\/temporada-alta.com\/wp-content\/uploads\/TA21-Logotip-pos.png\",\"width\":800,\"height\":267,\"caption\":\"Temporada Alta\"},\"image\":{\"@id\":\"https:\/\/temporada-alta.com\/es\/#\/schema\/logo\/image\/\"}}]}<\/script>\n<!-- \/ Yoast SEO plugin. -->","yoast_head_json":{"title":"9 conciertos que no te puedes perder en Girona durante Temporada Alta 2025 - Temporada Alta","robots":{"index":"index","follow":"follow","max-snippet":"max-snippet:-1","max-image-preview":"max-image-preview:large","max-video-preview":"max-video-preview:-1"},"canonical":"https:\/\/temporada-alta.com\/es\/noticia\/9-conciertos-que-no-te-puedes-perder-en-girona-durante-temporada-alta-2025\/","og_locale":"es_ES","og_type":"article","og_title":"9 conciertos que no te puedes perder en Girona durante Temporada Alta 2025 - Temporada Alta","og_description":"Temporada Alta tambi\u00e9n es m\u00fasica. M\u00e1s all\u00e1 del concierto de Patti Smith que presentamos como apertura de la...","og_url":"https:\/\/temporada-alta.com\/es\/noticia\/9-conciertos-que-no-te-puedes-perder-en-girona-durante-temporada-alta-2025\/","og_site_name":"Temporada Alta","article_modified_time":"2025-09-24T11:54:28+00:00","og_image":[{"width":1000,"height":600,"url":"https:\/\/temporada-alta.com\/wp-content\/uploads\/musica-temporada-alta-2025.jpg","type":"image\/jpeg"}],"twitter_card":"summary_large_image","schema":{"@context":"https:\/\/schema.org","@graph":[{"@type":"WebPage","@id":"https:\/\/temporada-alta.com\/es\/noticia\/9-conciertos-que-no-te-puedes-perder-en-girona-durante-temporada-alta-2025\/","url":"https:\/\/temporada-alta.com\/es\/noticia\/9-conciertos-que-no-te-puedes-perder-en-girona-durante-temporada-alta-2025\/","name":"9 conciertos que no te puedes perder en Girona durante Temporada Alta 2025 - Temporada Alta","isPartOf":{"@id":"https:\/\/temporada-alta.com\/es\/#website"},"primaryImageOfPage":{"@id":"https:\/\/temporada-alta.com\/es\/noticia\/9-conciertos-que-no-te-puedes-perder-en-girona-durante-temporada-alta-2025\/#primaryimage"},"image":{"@id":"https:\/\/temporada-alta.com\/es\/noticia\/9-conciertos-que-no-te-puedes-perder-en-girona-durante-temporada-alta-2025\/#primaryimage"},"thumbnailUrl":"https:\/\/temporada-alta.com\/wp-content\/uploads\/musica-temporada-alta-2025.jpg","datePublished":"2025-09-24T11:23:16+00:00","dateModified":"2025-09-24T11:54:28+00:00","breadcrumb":{"@id":"https:\/\/temporada-alta.com\/es\/noticia\/9-conciertos-que-no-te-puedes-perder-en-girona-durante-temporada-alta-2025\/#breadcrumb"},"inLanguage":"es","potentialAction":[{"@type":"ReadAction","target":["https:\/\/temporada-alta.com\/es\/noticia\/9-conciertos-que-no-te-puedes-perder-en-girona-durante-temporada-alta-2025\/"]}]},{"@type":"ImageObject","inLanguage":"es","@id":"https:\/\/temporada-alta.com\/es\/noticia\/9-conciertos-que-no-te-puedes-perder-en-girona-durante-temporada-alta-2025\/#primaryimage","url":"https:\/\/temporada-alta.com\/wp-content\/uploads\/musica-temporada-alta-2025.jpg","contentUrl":"https:\/\/temporada-alta.com\/wp-content\/uploads\/musica-temporada-alta-2025.jpg","width":1000,"height":600},{"@type":"BreadcrumbList","@id":"https:\/\/temporada-alta.com\/es\/noticia\/9-conciertos-que-no-te-puedes-perder-en-girona-durante-temporada-alta-2025\/#breadcrumb","itemListElement":[{"@type":"ListItem","position":1,"name":"Inici","item":"https:\/\/temporada-alta.com\/es\/"},{"@type":"ListItem","position":2,"name":"9 conciertos que no te puedes perder en Girona durante Temporada Alta 2025"}]},{"@type":"WebSite","@id":"https:\/\/temporada-alta.com\/es\/#website","url":"https:\/\/temporada-alta.com\/es\/","name":"Temporada Alta","description":"Festival d&#039;Arts Esc\u00e8niques","publisher":{"@id":"https:\/\/temporada-alta.com\/es\/#organization"},"potentialAction":[{"@type":"SearchAction","target":{"@type":"EntryPoint","urlTemplate":"https:\/\/temporada-alta.com\/es\/?s={search_term_string}"},"query-input":{"@type":"PropertyValueSpecification","valueRequired":true,"valueName":"search_term_string"}}],"inLanguage":"es"},{"@type":"Organization","@id":"https:\/\/temporada-alta.com\/es\/#organization","name":"Temporada Alta","url":"https:\/\/temporada-alta.com\/es\/","logo":{"@type":"ImageObject","inLanguage":"es","@id":"https:\/\/temporada-alta.com\/es\/#\/schema\/logo\/image\/","url":"https:\/\/temporada-alta.com\/wp-content\/uploads\/TA21-Logotip-pos.png","contentUrl":"https:\/\/temporada-alta.com\/wp-content\/uploads\/TA21-Logotip-pos.png","width":800,"height":267,"caption":"Temporada Alta"},"image":{"@id":"https:\/\/temporada-alta.com\/es\/#\/schema\/logo\/image\/"}}]}},"_links":{"self":[{"href":"https:\/\/temporada-alta.com\/es\/wp-json\/wp\/v2\/noticia\/105579","targetHints":{"allow":["GET"]}}],"collection":[{"href":"https:\/\/temporada-alta.com\/es\/wp-json\/wp\/v2\/noticia"}],"about":[{"href":"https:\/\/temporada-alta.com\/es\/wp-json\/wp\/v2\/types\/noticia"}],"wp:featuredmedia":[{"embeddable":true,"href":"https:\/\/temporada-alta.com\/es\/wp-json\/wp\/v2\/media\/105578"}],"wp:attachment":[{"href":"https:\/\/temporada-alta.com\/es\/wp-json\/wp\/v2\/media?parent=105579"}],"curies":[{"name":"wp","href":"https:\/\/api.w.org\/{rel}","templated":true}]}}